{"id":5544,"date":"2016-07-01T19:00:43","date_gmt":"2016-07-01T17:00:43","guid":{"rendered":"http:\/\/dypall.com\/?p=432"},"modified":"2016-07-01T19:00:43","modified_gmt":"2016-07-01T17:00:43","slug":"study-session-preparatory-meeting-meet-the-team","status":"publish","type":"post","link":"https:\/\/dypall.com\/ro\/activity\/study-session-preparatory-meeting-meet-the-team\/","title":{"rendered":"\u0218edin\u021b\u0103 preg\u0103titoare a sesiunii de studiu \u2013 Face\u021bi cuno\u0219tin\u021b\u0103 cu echipa"},"content":{"rendered":"<div class=\"row gridblock\">\n<div class=\"col-md-6 col-xs-12 col-sm-12\">\n<p class=\"mod-img\"><img loading=\"lazy\" decoding=\"async\" class=\"alignnone wp-image-433 size-large\" src=\"http:\/\/dypall.com\/wp-content\/uploads\/2016\/07\/0_0_458_267.553752535_13549225_10154457404879835_701315865_o-1-1024x576.jpg\" width=\"458\" height=\"267\" \/><\/p>\n<div class=\"mod-blockquote\">\n<p><strong>Sesiunea de studiu \u201eTransferarea practicilor pozitive ale modelelor democratice de participare a tinerilor de la nivel european la nivel local\u201d va avea loc la Strasbourg (Fran\u021ba), la\u00a0<\/strong><strong>9-15 octombrie 2016<\/strong><\/p>\n<\/div>\n<\/div>\n<div class=\"col-md-6 col-xs-12 col-sm-12\">\n<h4>Echipa pedagogic\u0103 se reune\u0219te la Strasbourg<\/h4>\n<p class=\"heading-alt\" style=\"text-align: center;\">E\u0219ti preg\u0103tit pentru sesiunea de studiu?<\/p>\n<p style=\"text-align: justify;\">Echipa pedagogic\u0103 desemnat\u0103 pentru sesiunea de studiu a DYPALL se reune\u0219te pentru a \u00eencepe preg\u0103tirea evenimentului \u201e<strong>Transferul practicilor pozitive ale modelelor democratice de participare a tinerilor de la nivel european la nivel local\u201d,<\/strong>\u00a0finan\u021bat\u0103 de Funda\u021bia European\u0103 pentru Tineret (EYF) a Consiliului Europei.<\/p>\n<p style=\"text-align: justify;\">Sesiunea de studiu va fi un spa\u021biu \u00een care tinerii lucr\u0103tori din cadrul autorit\u0103\u021bilor locale \u0219i al societ\u0103\u021bii civile, tinerii \u0219i liderii de tineret s\u0103 adune \u0219i s\u0103 cerceteze practicile pozitive de participare semnificativ\u0103 puse \u00een aplicare la nivel european. Scopul principal este de a aprofunda discutarea acestor procese, de a face schimb de experien\u021b\u0103, de a analiza dificult\u0103\u021bile \u0219i obstacolele, precum \u0219i metodele \u0219i sistemele eficiente de modele democratice de participare a tinerilor la nivel european \u0219i local.<\/p>\n<div class=\"training-description running-text mrgn-btm-33\"><\/div>\n<p style=\"text-align: justify;\">\u00cen acest weekend, echipa de preg\u0103tire se \u00eent\u00e2lne\u0219te cu Jackie Lubelli (EYF) \u0219i Mara Georgescu, Consilier Educa\u021bional al Departamentului Tineret al Consiliului, care vor sprijini echipa prin preg\u0103tirea \u0219i desf\u0103\u0219urarea evenimentului.\u00a0\u00cempreun\u0103, ace\u0219tia vor revizui \u0219i finaliza programul, precum \u0219i preg\u0103tirea cererii de propuneri pentru participan\u021bi, care va fi lansat\u0103 la \u00eenceputul s\u0103pt\u0103m\u00e2nii viitoare.<\/p>\n<h5>\u00ceNT\u00c2LNI\u021aI ECHIPA<\/h5>\n<div class=\"row\">\n<div class=\"col-md-12 col-xs-12 col-sm-12\">\n<ul>\n<li>Dragana Jovanovska, Centrul pentru dialog intercultural (Macedonia)<\/li>\n<li>Ana Morgado, ECOS, CRL (Portugalia)<\/li>\n<li>Bertrand Manegabe, ADYNE \u021a\u0103rile de Jos (\u021a\u0103rile de Jos)<\/li>\n<li>Leila Rasima, municipalitatea districtului Rezekne (Letonia)<\/li>\n<li>Lenka Karafiatova, Fabrica de tineret AGU (Turcia)<\/li>\n<\/ul>\n<\/div>\n<\/div>\n<div class=\"row\">\n<div class=\"col-md-12 col-xs-12 col-sm-12\">\n<hr \/>\n<\/div>\n<\/div>\n<\/div>\n<\/div>","protected":false},"excerpt":{"rendered":"<p>Sesiunea de studiu \u201eTransferarea practicilor pozitive ale modelelor democratice de participare a tinerilor de la nivel european la nivel local\u201d va avea loc la Strasbourg (Fran\u021ba), \u00een perioada 9-15 octombrie 2016. Echipa pedagogic\u0103 se reune\u0219te la Strasbourg. Sunte\u021bi gata pentru sesiunea de studiu? Echipa pedagogic\u0103 numit\u0103 la sesiunea de studiu a DYPALL se \u00eent\u00e2lne\u0219te pentru a \u00eencepe... <a class=\"more-link\" href=\"https:\/\/dypall.com\/ro\/activity\/study-session-preparatory-meeting-meet-the-team\/\">Continu\u0103 lectura <span class=\"screen-reader-text\">\u0218edin\u021b\u0103 preg\u0103titoare a sesiunii de studiu \u2013 Face\u021bi cuno\u0219tin\u021b\u0103 cu echipa<\/span><\/a><\/p>","protected":false},"author":2,"featured_media":433,"comment_status":"closed","ping_status":"open","sticky":false,"template":"","format":"standard","meta":{"_acf_changed":false,"_jetpack_memberships_contains_paid_content":false,"footnotes":""},"categories":[111,132],"tags":[131,133],"class_list":["post-5544","post","type-post","status-publish","format-standard","has-post-thumbnail","hentry","category-activity","category-study-session","tag-preparatory-meeting","tag-study-session","entry"],"acf":[],"yoast_head":"<!-- This site is optimized with the Yoast SEO plugin v22.8 - https:\/\/yoast.com\/wordpress\/plugins\/seo\/ -->\n<title>Study Session Preparatory Meeting - Meet the team - DYPALL Network<\/title>\n<meta name=\"robots\" content=\"index, follow, max-snippet:-1, max-image-preview:large, max-video-preview:-1\" \/>\n<link rel=\"canonical\" href=\"https:\/\/dypall.com\/ro\/activity\/study-session-preparatory-meeting-meet-the-team\/\" \/>\n<meta property=\"og:locale\" content=\"ro_RO\" \/>\n<meta property=\"og:type\" content=\"article\" \/>\n<meta property=\"og:title\" content=\"Study Session Preparatory Meeting - Meet the team - DYPALL Network\" \/>\n<meta property=\"og:description\" content=\"The Study Session &#8220;Transferring positive practices of Democratic Youth Participation Models from European to Local Level&#8221; will take place in Strasbourg (France), from\u00a09 to\u00a015 October 2016 The pedagogical team is meeting in Strasbourg Are you ready for the Study Session? The Pedagogical Team appointed to the Study Session of DYPALL is meeting to start the&hellip; Continu\u0103 lectura Study Session Preparatory Meeting &#8211; Meet the team\" \/>\n<meta property=\"og:url\" content=\"https:\/\/dypall.com\/ro\/activity\/study-session-preparatory-meeting-meet-the-team\/\" \/>\n<meta property=\"og:site_name\" content=\"DYPALL Network\" \/>\n<meta property=\"article:published_time\" content=\"2016-07-01T17:00:43+00:00\" \/>\n<meta property=\"og:image\" content=\"https:\/\/dypall.com\/wp-content\/uploads\/2024\/05\/Captura-de-ecra-2024-05-27-as-12.34.26.png\" \/>\n\t<meta property=\"og:image:width\" content=\"600\" \/>\n\t<meta property=\"og:image:height\" content=\"849\" \/>\n\t<meta property=\"og:image:type\" content=\"image\/png\" \/>\n<meta name=\"author\" content=\"dypall\" \/>\n<meta name=\"twitter:card\" content=\"summary_large_image\" \/>\n<meta name=\"twitter:label1\" content=\"Written by\" \/>\n\t<meta name=\"twitter:data1\" content=\"dypall\" \/>\n\t<meta name=\"twitter:label2\" content=\"Est. reading time\" \/>\n\t<meta name=\"twitter:data2\" content=\"1 minut\" \/>\n<script type=\"application\/ld+json\" class=\"yoast-schema-graph\">{\"@context\":\"https:\/\/schema.org\",\"@graph\":[{\"@type\":\"WebPage\",\"@id\":\"https:\/\/dypall.com\/activity\/study-session-preparatory-meeting-meet-the-team\/\",\"url\":\"https:\/\/dypall.com\/activity\/study-session-preparatory-meeting-meet-the-team\/\",\"name\":\"Study Session Preparatory Meeting - Meet the team - DYPALL Network\",\"isPartOf\":{\"@id\":\"https:\/\/dypall.com\/#website\"},\"primaryImageOfPage\":{\"@id\":\"https:\/\/dypall.com\/activity\/study-session-preparatory-meeting-meet-the-team\/#primaryimage\"},\"image\":{\"@id\":\"https:\/\/dypall.com\/activity\/study-session-preparatory-meeting-meet-the-team\/#primaryimage\"},\"thumbnailUrl\":\"https:\/\/dypall.com\/wp-content\/uploads\/2024\/05\/Captura-de-ecra-2024-05-27-as-12.34.26.png\",\"datePublished\":\"2016-07-01T17:00:43+00:00\",\"dateModified\":\"2016-07-01T17:00:43+00:00\",\"author\":{\"@id\":\"https:\/\/dypall.com\/#\/schema\/person\/206350efe851997fcdedef75d118766b\"},\"breadcrumb\":{\"@id\":\"https:\/\/dypall.com\/activity\/study-session-preparatory-meeting-meet-the-team\/#breadcrumb\"},\"inLanguage\":\"ro-RO\",\"potentialAction\":[{\"@type\":\"ReadAction\",\"target\":[\"https:\/\/dypall.com\/activity\/study-session-preparatory-meeting-meet-the-team\/\"]}]},{\"@type\":\"ImageObject\",\"inLanguage\":\"ro-RO\",\"@id\":\"https:\/\/dypall.com\/activity\/study-session-preparatory-meeting-meet-the-team\/#primaryimage\",\"url\":\"https:\/\/dypall.com\/wp-content\/uploads\/2024\/05\/Captura-de-ecra-2024-05-27-as-12.34.26.png\",\"contentUrl\":\"https:\/\/dypall.com\/wp-content\/uploads\/2024\/05\/Captura-de-ecra-2024-05-27-as-12.34.26.png\",\"width\":600,\"height\":849},{\"@type\":\"BreadcrumbList\",\"@id\":\"https:\/\/dypall.com\/activity\/study-session-preparatory-meeting-meet-the-team\/#breadcrumb\",\"itemListElement\":[{\"@type\":\"ListItem\",\"position\":1,\"name\":\"Home\",\"item\":\"https:\/\/dypall.com\/\"},{\"@type\":\"ListItem\",\"position\":2,\"name\":\"Study Session Preparatory Meeting &#8211; Meet the team\"}]},{\"@type\":\"WebSite\",\"@id\":\"https:\/\/dypall.com\/#website\",\"url\":\"https:\/\/dypall.com\/\",\"name\":\"DYPALL Network\",\"description\":\"We are a European network of civil society organisations, municipalities and research institutions dedicated to improving democracy through youth participation.\",\"potentialAction\":[{\"@type\":\"SearchAction\",\"target\":{\"@type\":\"EntryPoint\",\"urlTemplate\":\"https:\/\/dypall.com\/?s={search_term_string}\"},\"query-input\":\"required name=search_term_string\"}],\"inLanguage\":\"ro-RO\"},{\"@type\":\"Person\",\"@id\":\"https:\/\/dypall.com\/#\/schema\/person\/206350efe851997fcdedef75d118766b\",\"name\":\"dypall\",\"image\":{\"@type\":\"ImageObject\",\"inLanguage\":\"ro-RO\",\"@id\":\"https:\/\/dypall.com\/#\/schema\/person\/image\/\",\"url\":\"https:\/\/secure.gravatar.com\/avatar\/14e8d3d8841cd0bdf69915120bcf9fcfac1567f1dc7035664907322ac47efe29?s=96&d=mm&r=g\",\"contentUrl\":\"https:\/\/secure.gravatar.com\/avatar\/14e8d3d8841cd0bdf69915120bcf9fcfac1567f1dc7035664907322ac47efe29?s=96&d=mm&r=g\",\"caption\":\"dypall\"},\"url\":\"https:\/\/dypall.com\/ro\/author\/dypall_info\/\"}]}<\/script>\n<!-- \/ Yoast SEO plugin. -->","yoast_head_json":{"title":"Study Session Preparatory Meeting - Meet the team - DYPALL Network","robots":{"index":"index","follow":"follow","max-snippet":"max-snippet:-1","max-image-preview":"max-image-preview:large","max-video-preview":"max-video-preview:-1"},"canonical":"https:\/\/dypall.com\/ro\/activity\/study-session-preparatory-meeting-meet-the-team\/","og_locale":"ro_RO","og_type":"article","og_title":"Study Session Preparatory Meeting - Meet the team - DYPALL Network","og_description":"The Study Session &#8220;Transferring positive practices of Democratic Youth Participation Models from European to Local Level&#8221; will take place in Strasbourg (France), from\u00a09 to\u00a015 October 2016 The pedagogical team is meeting in Strasbourg Are you ready for the Study Session? The Pedagogical Team appointed to the Study Session of DYPALL is meeting to start the&hellip; Continu\u0103 lectura Study Session Preparatory Meeting &#8211; Meet the team","og_url":"https:\/\/dypall.com\/ro\/activity\/study-session-preparatory-meeting-meet-the-team\/","og_site_name":"DYPALL Network","article_published_time":"2016-07-01T17:00:43+00:00","og_image":[{"width":600,"height":849,"url":"https:\/\/dypall.com\/wp-content\/uploads\/2024\/05\/Captura-de-ecra-2024-05-27-as-12.34.26.png","type":"image\/png"}],"author":"dypall","twitter_card":"summary_large_image","twitter_misc":{"Written by":"dypall","Est. reading time":"1 minut"},"schema":{"@context":"https:\/\/schema.org","@graph":[{"@type":"WebPage","@id":"https:\/\/dypall.com\/activity\/study-session-preparatory-meeting-meet-the-team\/","url":"https:\/\/dypall.com\/activity\/study-session-preparatory-meeting-meet-the-team\/","name":"Study Session Preparatory Meeting - Meet the team - DYPALL Network","isPartOf":{"@id":"https:\/\/dypall.com\/#website"},"primaryImageOfPage":{"@id":"https:\/\/dypall.com\/activity\/study-session-preparatory-meeting-meet-the-team\/#primaryimage"},"image":{"@id":"https:\/\/dypall.com\/activity\/study-session-preparatory-meeting-meet-the-team\/#primaryimage"},"thumbnailUrl":"https:\/\/dypall.com\/wp-content\/uploads\/2024\/05\/Captura-de-ecra-2024-05-27-as-12.34.26.png","datePublished":"2016-07-01T17:00:43+00:00","dateModified":"2016-07-01T17:00:43+00:00","author":{"@id":"https:\/\/dypall.com\/#\/schema\/person\/206350efe851997fcdedef75d118766b"},"breadcrumb":{"@id":"https:\/\/dypall.com\/activity\/study-session-preparatory-meeting-meet-the-team\/#breadcrumb"},"inLanguage":"ro-RO","potentialAction":[{"@type":"ReadAction","target":["https:\/\/dypall.com\/activity\/study-session-preparatory-meeting-meet-the-team\/"]}]},{"@type":"ImageObject","inLanguage":"ro-RO","@id":"https:\/\/dypall.com\/activity\/study-session-preparatory-meeting-meet-the-team\/#primaryimage","url":"https:\/\/dypall.com\/wp-content\/uploads\/2024\/05\/Captura-de-ecra-2024-05-27-as-12.34.26.png","contentUrl":"https:\/\/dypall.com\/wp-content\/uploads\/2024\/05\/Captura-de-ecra-2024-05-27-as-12.34.26.png","width":600,"height":849},{"@type":"BreadcrumbList","@id":"https:\/\/dypall.com\/activity\/study-session-preparatory-meeting-meet-the-team\/#breadcrumb","itemListElement":[{"@type":"ListItem","position":1,"name":"Home","item":"https:\/\/dypall.com\/"},{"@type":"ListItem","position":2,"name":"Study Session Preparatory Meeting &#8211; Meet the team"}]},{"@type":"WebSite","@id":"https:\/\/dypall.com\/#website","url":"https:\/\/dypall.com\/","name":"DYPALL Network","description":"We are a European network of civil society organisations, municipalities and research institutions dedicated to improving democracy through youth participation.","potentialAction":[{"@type":"SearchAction","target":{"@type":"EntryPoint","urlTemplate":"https:\/\/dypall.com\/?s={search_term_string}"},"query-input":"required name=search_term_string"}],"inLanguage":"ro-RO"},{"@type":"Person","@id":"https:\/\/dypall.com\/#\/schema\/person\/206350efe851997fcdedef75d118766b","name":"dypall","image":{"@type":"ImageObject","inLanguage":"ro-RO","@id":"https:\/\/dypall.com\/#\/schema\/person\/image\/","url":"https:\/\/secure.gravatar.com\/avatar\/14e8d3d8841cd0bdf69915120bcf9fcfac1567f1dc7035664907322ac47efe29?s=96&d=mm&r=g","contentUrl":"https:\/\/secure.gravatar.com\/avatar\/14e8d3d8841cd0bdf69915120bcf9fcfac1567f1dc7035664907322ac47efe29?s=96&d=mm&r=g","caption":"dypall"},"url":"https:\/\/dypall.com\/ro\/author\/dypall_info\/"}]}},"jetpack_featured_media_url":"https:\/\/dypall.com\/wp-content\/uploads\/2024\/05\/Captura-de-ecra-2024-05-27-as-12.34.26.png","jetpack_sharing_enabled":true,"_links":{"self":[{"href":"https:\/\/dypall.com\/ro\/wp-json\/wp\/v2\/posts\/5544","targetHints":{"allow":["GET"]}}],"collection":[{"href":"https:\/\/dypall.com\/ro\/wp-json\/wp\/v2\/posts"}],"about":[{"href":"https:\/\/dypall.com\/ro\/wp-json\/wp\/v2\/types\/post"}],"author":[{"embeddable":true,"href":"https:\/\/dypall.com\/ro\/wp-json\/wp\/v2\/users\/2"}],"replies":[{"embeddable":true,"href":"https:\/\/dypall.com\/ro\/wp-json\/wp\/v2\/comments?post=5544"}],"version-history":[{"count":0,"href":"https:\/\/dypall.com\/ro\/wp-json\/wp\/v2\/posts\/5544\/revisions"}],"wp:featuredmedia":[{"embeddable":true,"href":"https:\/\/dypall.com\/ro\/wp-json\/wp\/v2\/media\/433"}],"wp:attachment":[{"href":"https:\/\/dypall.com\/ro\/wp-json\/wp\/v2\/media?parent=5544"}],"wp:term":[{"taxonomy":"category","embeddable":true,"href":"https:\/\/dypall.com\/ro\/wp-json\/wp\/v2\/categories?post=5544"},{"taxonomy":"post_tag","embeddable":true,"href":"https:\/\/dypall.com\/ro\/wp-json\/wp\/v2\/tags?post=5544"}],"curies":[{"name":"wp","href":"https:\/\/api.w.org\/{rel}","templated":true}]}}