{"id":5428,"date":"2022-04-08T14:27:21","date_gmt":"2022-04-08T13:27:21","guid":{"rendered":"https:\/\/dypall.com\/?p=5428"},"modified":"2022-04-08T14:27:21","modified_gmt":"2022-04-08T13:27:21","slug":"international-conference-building-resilient-communities-youth-work-at-municipality-level-during-covid-19-times","status":"publish","type":"post","link":"https:\/\/dypall.com\/ro\/conference\/international-conference-building-resilient-communities-youth-work-at-municipality-level-during-covid-19-times\/","title":{"rendered":"CONFERIN\u021aA INTERNA\u021aIONAL\u0102 \u201eCREAREA DE COMUNIT\u0102\u021aI RESILIENTE \u2013 TINERETUL LUCR\u0102 LA NIVEL DE MUNICIPALITATE \u00ceN TIMPURILE COVID-19\u201d"},"content":{"rendered":"<p><span style=\"font-weight: 400;\">Conferin\u021ba interna\u021bional\u0103 \u201eConstruirea unor comunit\u0103\u021bi reziliente \u2013 Activit\u0103\u021bile pentru tineret la nivel municipal \u00een perioada pandemiei de COVID-19\u201d a fost organizat\u0103 de re\u021beaua DYPALL \u00een perioada 21-26 martie 2022 la Braga, Portugalia.<\/span><\/p>\n<p><span style=\"font-weight: 400;\">Conferin\u021ba a fost un spa\u021biu \u00een care peste 70 de lucr\u0103tori de tineret \u0219i func\u021bionari publici din cadrul autorit\u0103\u021bilor locale \u0219i regionale s-au reunit \u0219i s-au axat pe diferite domenii legate de tineret, cum ar fi participarea, ocuparea for\u021bei de munc\u0103, educa\u021bia, s\u0103n\u0103tatea, locuin\u021bele, printre altele, acord\u00e2nd o aten\u021bie deosebit\u0103 m\u0103surilor specifice, practicilor \u0219i instrumentelor durabile care promoveaz\u0103 comunit\u0103\u021bi reziliente, preg\u0103tite s\u0103 fac\u0103 fa\u021b\u0103 unor circumstan\u021be extraordinare, cum ar fi pandemia de COVID-19. Programul conferin\u021bei a inclus o varietate de vorbitori principali, schimburi de bune practici, mese rotunde tematice \u0219i grupuri de lucru.\u00a0<\/span><\/p>\n<p><span style=\"font-weight: 400;\">La deschiderea conferin\u021bei, am avut contribu\u021bia lui Ricardo Rio, <\/span><a href=\"https:\/\/www.cm-braga.pt\/en\/0101\/municipio\/camara-municipal\/presidente\"><span style=\"font-weight: 400;\">Mayer din Braga<\/span><\/a><span style=\"font-weight: 400;\">, Bruno Ant\u00f3nio, <\/span><a href=\"https:\/\/dypall.com\/ro\/\"><span style=\"font-weight: 400;\">Re\u021beaua DYPALL<\/span><\/a><span style=\"font-weight: 400;\"> coordonatoare, Carla Mouro, pre\u0219edinta executiv\u0103 a <\/span><a href=\"https:\/\/www.fjuventude.pt\/\"><span style=\"font-weight: 400;\">Funda\u021bia pentru tineret<\/span><\/a><span style=\"font-weight: 400;\"> Rui Oliveira, pre\u0219edintele <\/span><a href=\"https:\/\/www.cnj.pt\/\"><span style=\"font-weight: 400;\">Consiliul Na\u021bional al Tineretului din Portugalia.<\/span><\/a><\/p>\n<p><span style=\"font-weight: 400;\">Discursurile de deschidere au fost urmate de punctul de vedere al unui analist politic din <\/span><a href=\"https:\/\/www.oecd.org\/\"><span style=\"font-weight: 400;\">OCDE<\/span><\/a><span style=\"font-weight: 400;\">, precum \u0219i masa rotund\u0103 cu un cercet\u0103tor \u0219i analist \u00een domeniul politicii pentru tineret din <\/span><a href=\"https:\/\/pjp-eu.coe.int\/en\/web\/youth-partnership\"><span style=\"font-weight: 400;\">Parteneriatul pentru tineret UE-CoE<\/span><\/a><span style=\"font-weight: 400;\"> \u0219i un membru al Consiliului de administra\u021bie din partea <\/span><a href=\"https:\/\/ipdj.gov.pt\/\"><span style=\"font-weight: 400;\">Institutul Portughez de Tineret \u0219i Sport<\/span><\/a><span style=\"font-weight: 400;\">.<\/span><\/p>\n<p><span style=\"font-weight: 400;\">\u00cen timpul conferin\u021bei, participan\u021bii au participat la mai multe grupuri de lucru tematice privind atenuarea impactului pandemiei de COVID-19, mese rotunde \u0219i ateliere despre activit\u0103\u021bile pentru tineret \u00een construirea unor comunit\u0103\u021bi reziliente, conduse de reprezentan\u021bi ai <\/span><a href=\"https:\/\/www.facebook.com\/democracyreloading\/\"><span style=\"font-weight: 400;\">Re\u00eenc\u0103rcarea democra\u021biei<\/span><\/a><span style=\"font-weight: 400;\">, <\/span><a href=\"https:\/\/ipdj.gov.pt\/\"><span style=\"font-weight: 400;\">Institutul Portughez de Tineret \u0219i Sport<\/span><\/a><span style=\"font-weight: 400;\"> \u0219i <\/span><a href=\"https:\/\/www.europegoeslocal.eu\/\"><span style=\"font-weight: 400;\">Europa ac\u021bioneaz\u0103 la nivel local<\/span><\/a><span style=\"font-weight: 400;\">. Am avut ocazia s\u0103-i ascult\u0103m pe vorbitorii principali din <\/span><a href=\"https:\/\/www.salto-youth.net\/\"><span style=\"font-weight: 400;\">SALTO<\/span><\/a><span style=\"font-weight: 400;\"> \u0219i <\/span><a href=\"https:\/\/www.verke.org\/en\/\"><span style=\"font-weight: 400;\">Verke<\/span><\/a><span style=\"font-weight: 400;\"> despre participarea electronic\u0103 \u0219i transformarea digital\u0103 \u0219i s\u0103 ne extindem cuno\u0219tin\u021bele prin grupuri de explorare a instrumentelor \u0219i resurselor pentru noile tendin\u021be \u00een activit\u0103\u021bile pentru tineret \u0219i transformarea digital\u0103 conduse de reprezentan\u021bi ai <\/span><a href=\"https:\/\/www.salto-youth.net\/rc\/participation\/\"><span style=\"font-weight: 400;\">SALTO-YOUTH Participation &amp; Informa\u021bii<\/span><\/a><span style=\"font-weight: 400;\"> \u0219i <\/span><a href=\"https:\/\/www.europiamo.org\/\"><span style=\"font-weight: 400;\">Europiamo<\/span><\/a><span style=\"font-weight: 400;\">. O diversitate de metode care includ discu\u021bii de grup, brainstorming \u0219i exerci\u021bii de \u00eenv\u0103\u021bare experien\u021bial\u0103 au fost utilizate \u00een sesiuni.<\/span><\/p>\n<p><span style=\"font-weight: 400;\">Participan\u021bii au explorat, de asemenea, realit\u0103\u021bile locale ale activit\u0103\u021bilor pentru tineret de la Vila Nova de Gaia \u0219i Vila Nova de Famalic\u00e3o \u0219i au avut o vizit\u0103 cultural\u0103 \u00een centrul ora\u0219ului Braga.<\/span><\/p>\n<p><span style=\"font-weight: 400;\">\u00cen ultima zi a conferin\u021bei, am abordat sustenabilitatea \u00een activit\u0103\u021bile pentru tineret. <\/span><a href=\"https:\/\/www.humanpowerhub.org\/\"><span style=\"font-weight: 400;\">Hub de putere uman\u0103<\/span><\/a><span style=\"font-weight: 400;\"> a sus\u021binut o prezentare cu privire la inovarea social\u0103, care a fost urmat\u0103 de masa rotund\u0103 privind crearea durabilit\u0103\u021bii prin \u00eenv\u0103\u021barea din practicile capitalelor europene ale tineretului. Am discutat, de asemenea, despre impactul activit\u0103\u021bilor pentru tineret \u0219i despre leg\u0103tura acestora cu schimb\u0103rile climatice.<\/span><\/p>\n<p><span style=\"font-weight: 400;\">Pe tot parcursul evenimentului, participan\u021bii au avut ocazia de a construi o re\u021bea puternic\u0103 prin schimbul de bune practici \u00een ceea ce prive\u0219te cooperarea dintre autorit\u0103\u021bile locale \u0219i societatea civil\u0103, cu un accent deosebit pe strategiile de reducere a impactului pandemiei asupra vie\u021bii tinerilor.<\/span><\/p>\n<p><span style=\"font-weight: 400;\">Conferin\u021ba a fost organizat\u0103 cu sprijinul programului Erasmus+ prin intermediul Agen\u021biei Na\u021bionale Portugheze \u0219i al municipalit\u0103\u021bii Braga.<\/span><\/p>\n<p><span style=\"font-weight: 400;\"><a href=\"https:\/\/dypall.com\/ro\/2022\/04\/08\/international-conference-building-resilient-communities-youth-work-at-municipality-level-during-covid-19-times\/building-2\/#main\" rel=\"attachment wp-att-5456\"><img loading=\"lazy\" decoding=\"async\" class=\"alignleft size-large wp-image-5456\" src=\"https:\/\/dypall.com\/wp-content\/uploads\/2022\/04\/building-1-1024x769.jpg\" alt=\"\" width=\"1024\" height=\"769\" \/><\/a><a href=\"https:\/\/dypall.com\/ro\/2022\/04\/08\/international-conference-building-resilient-communities-youth-work-at-municipality-level-during-covid-19-times\/konf\/#main\" rel=\"attachment wp-att-5439\"><img loading=\"lazy\" decoding=\"async\" class=\"alignleft size-large wp-image-5439\" src=\"https:\/\/dypall.com\/wp-content\/uploads\/2022\/04\/konf-1024x711.jpg\" alt=\"\" width=\"1024\" height=\"711\" \/><\/a><a href=\"https:\/\/dypall.com\/ro\/2022\/04\/08\/international-conference-building-resilient-communities-youth-work-at-municipality-level-during-covid-19-times\/konf1\/#main\" rel=\"attachment wp-att-5438\"><img loading=\"lazy\" decoding=\"async\" class=\"alignleft size-large wp-image-5438\" src=\"https:\/\/dypall.com\/wp-content\/uploads\/2022\/04\/konf1-1024x671.jpg\" alt=\"\" width=\"1024\" height=\"671\" \/><\/a><a href=\"https:\/\/dypall.com\/ro\/2022\/04\/08\/international-conference-building-resilient-communities-youth-work-at-municipality-level-during-covid-19-times\/konffff\/#main\" rel=\"attachment wp-att-5450\"><img loading=\"lazy\" decoding=\"async\" class=\"alignleft size-large wp-image-5450\" src=\"https:\/\/dypall.com\/wp-content\/uploads\/2022\/04\/konffff-1024x683.jpg\" alt=\"\" width=\"1024\" height=\"683\" \/><\/a><a href=\"https:\/\/dypall.com\/ro\/2022\/04\/08\/international-conference-building-resilient-communities-youth-work-at-municipality-level-during-covid-19-times\/konf11\/#main\" rel=\"attachment wp-att-5460\"><img loading=\"lazy\" decoding=\"async\" class=\"alignleft size-large wp-image-5460\" src=\"https:\/\/dypall.com\/wp-content\/uploads\/2022\/04\/KONF11-1024x683.jpg\" alt=\"\" width=\"1024\" height=\"683\" \/><\/a><a href=\"https:\/\/dypall.com\/ro\/2022\/04\/08\/international-conference-building-resilient-communities-youth-work-at-municipality-level-during-covid-19-times\/democracy-reloading-1\/#main\" rel=\"attachment wp-att-5441\"><img loading=\"lazy\" decoding=\"async\" class=\"alignleft size-large wp-image-5441\" src=\"https:\/\/dypall.com\/wp-content\/uploads\/2022\/04\/democracy-reloading-1-1024x683.jpg\" alt=\"\" width=\"1024\" height=\"683\" \/><\/a><a href=\"https:\/\/dypall.com\/ro\/2022\/04\/08\/international-conference-building-resilient-communities-youth-work-at-municipality-level-during-covid-19-times\/konfff1111\/#main\" rel=\"attachment wp-att-5457\"><img loading=\"lazy\" decoding=\"async\" class=\"alignleft size-large wp-image-5457\" src=\"https:\/\/dypall.com\/wp-content\/uploads\/2022\/04\/konfff1111-1024x724.jpeg\" alt=\"\" width=\"1024\" height=\"724\" \/><\/a><a href=\"https:\/\/dypall.com\/ro\/2022\/04\/08\/international-conference-building-resilient-communities-youth-work-at-municipality-level-during-covid-19-times\/salto\/#main\" rel=\"attachment wp-att-5448\"><img loading=\"lazy\" decoding=\"async\" class=\"alignleft size-large wp-image-5448\" src=\"https:\/\/dypall.com\/wp-content\/uploads\/2022\/04\/Salto-1024x683.jpg\" alt=\"\" width=\"1024\" height=\"683\" \/><\/a><a href=\"https:\/\/dypall.com\/ro\/2022\/04\/08\/international-conference-building-resilient-communities-youth-work-at-municipality-level-during-covid-19-times\/conference\/#main\" rel=\"attachment wp-att-5447\"><img loading=\"lazy\" decoding=\"async\" class=\"alignleft size-large wp-image-5447\" src=\"https:\/\/dypall.com\/wp-content\/uploads\/2022\/04\/Conference-1024x683.jpg\" alt=\"\" width=\"1024\" height=\"683\" \/><\/a><a href=\"https:\/\/dypall.com\/ro\/2022\/04\/08\/international-conference-building-resilient-communities-youth-work-at-municipality-level-during-covid-19-times\/covid-19\/#main\" rel=\"attachment wp-att-5446\"><img loading=\"lazy\" decoding=\"async\" class=\"alignleft size-large wp-image-5446\" src=\"https:\/\/dypall.com\/wp-content\/uploads\/2022\/04\/COVID-19-1024x683.jpg\" alt=\"\" width=\"1024\" height=\"683\" \/><\/a><a href=\"https:\/\/dypall.com\/ro\/2022\/04\/08\/international-conference-building-resilient-communities-youth-work-at-municipality-level-during-covid-19-times\/groupsss-3\/#main\" rel=\"attachment wp-att-5497\"><img loading=\"lazy\" decoding=\"async\" class=\"alignleft size-large wp-image-5497\" src=\"https:\/\/dypall.com\/wp-content\/uploads\/2022\/04\/groupsss-1-1024x887.jpeg\" alt=\"\" width=\"1024\" height=\"887\" \/><\/a><a href=\"https:\/\/dypall.com\/ro\/2022\/04\/08\/international-conference-building-resilient-communities-youth-work-at-municipality-level-during-covid-19-times\/erasmuss-2\/#main\" rel=\"attachment wp-att-5499\"><img loading=\"lazy\" decoding=\"async\" class=\"alignleft size-large wp-image-5499\" src=\"https:\/\/dypall.com\/wp-content\/uploads\/2022\/04\/erasmuss-1-1024x769.jpg\" alt=\"\" width=\"1024\" height=\"769\" \/><\/a><a href=\"https:\/\/dypall.com\/ro\/2022\/04\/08\/international-conference-building-resilient-communities-youth-work-at-municipality-level-during-covid-19-times\/sucesso\/#main\" rel=\"attachment wp-att-5445\"><img loading=\"lazy\" decoding=\"async\" class=\"alignleft size-large wp-image-5445\" src=\"https:\/\/dypall.com\/wp-content\/uploads\/2022\/04\/SUCESSO-1024x683.jpg\" alt=\"\" width=\"1024\" height=\"683\" \/><\/a><a href=\"https:\/\/dypall.com\/ro\/2022\/04\/08\/international-conference-building-resilient-communities-youth-work-at-municipality-level-during-covid-19-times\/konf-svi-zajedno\/#main\" rel=\"attachment wp-att-5452\"><img loading=\"lazy\" decoding=\"async\" class=\"alignleft size-large wp-image-5452\" src=\"https:\/\/dypall.com\/wp-content\/uploads\/2022\/04\/konf-svi-zajedno-1024x683.jpg\" alt=\"\" width=\"1024\" height=\"683\" \/><\/a><\/span><\/p>\n<p>&nbsp;<\/p>\n<p>&nbsp;<\/p>\n<p>&nbsp;<\/p>\n<p>&nbsp;<\/p>\n<p>&nbsp;<\/p>","protected":false},"excerpt":{"rendered":"<p>Conferin\u021ba interna\u021bional\u0103 \u201eConstruirea unor comunit\u0103\u021bi reziliente \u2013 Activit\u0103\u021bile pentru tineret la nivel municipal \u00een perioada pandemiei de COVID-19\u201d a fost organizat\u0103 de re\u021beaua DYPALL \u00een perioada 21-26 martie 2022 la Braga, Portugalia. Conferin\u021ba a fost un spa\u021biu \u00een care peste 70 de lucr\u0103tori de tineret \u0219i func\u021bionari publici din cadrul autorit\u0103\u021bilor locale \u0219i regionale s-au reunit \u0219i s-au concentrat pe diferite teme. <a class=\"more-link\" href=\"https:\/\/dypall.com\/ro\/conference\/international-conference-building-resilient-communities-youth-work-at-municipality-level-during-covid-19-times\/\">Continu\u0103 lectura <span class=\"screen-reader-text\">CONFERIN\u021aA INTERNA\u021aIONAL\u0102 \u201eCREAREA DE COMUNIT\u0102\u021aI RESILIENTE \u2013 TINERETUL LUCR\u0102 LA NIVEL DE MUNICIPALITATE \u00ceN TIMPURILE COVID-19\u201d<\/span><\/a><\/p>","protected":false},"author":3,"featured_media":5432,"comment_status":"closed","ping_status":"open","sticky":false,"template":"","format":"standard","meta":{"_acf_changed":false,"_jetpack_memberships_contains_paid_content":false,"footnotes":""},"categories":[112],"tags":[],"class_list":["post-5428","post","type-post","status-publish","format-standard","has-post-thumbnail","hentry","category-conference","entry"],"acf":[],"yoast_head":"<!-- This site is optimized with the Yoast SEO plugin v22.8 - https:\/\/yoast.com\/wordpress\/plugins\/seo\/ -->\n<title>INTERNATIONAL CONFERENCE \u201cBUILDING RESILIENT COMMUNITIES \u2013 YOUTH WORK AT MUNICIPALITY LEVEL DURING COVID-19 TIMES&quot; - DYPALL Network<\/title>\n<meta name=\"robots\" content=\"index, follow, max-snippet:-1, max-image-preview:large, max-video-preview:-1\" \/>\n<link rel=\"canonical\" href=\"https:\/\/dypall.com\/ro\/conference\/international-conference-building-resilient-communities-youth-work-at-municipality-level-during-covid-19-times\/\" \/>\n<meta property=\"og:locale\" content=\"ro_RO\" \/>\n<meta property=\"og:type\" content=\"article\" \/>\n<meta property=\"og:title\" content=\"INTERNATIONAL CONFERENCE \u201cBUILDING RESILIENT COMMUNITIES \u2013 YOUTH WORK AT MUNICIPALITY LEVEL DURING COVID-19 TIMES&quot; - DYPALL Network\" \/>\n<meta property=\"og:description\" content=\"International Conference \u201cBuilding Resilient Communities \u2013 Youth Work at Municipality Level during COVID-19 times\u201d was organised by DYPALL Network from 21st March \u2013 26th March 2022 in Braga, Portugal. The Conference was a space for more than 70 youth workers and public officers from local and regional authorities to come together and focus on different&hellip; Continu\u0103 lectura INTERNATIONAL CONFERENCE \u201cBUILDING RESILIENT COMMUNITIES \u2013 YOUTH WORK AT MUNICIPALITY LEVEL DURING COVID-19 TIMES&#8221;\" \/>\n<meta property=\"og:url\" content=\"https:\/\/dypall.com\/ro\/conference\/international-conference-building-resilient-communities-youth-work-at-municipality-level-during-covid-19-times\/\" \/>\n<meta property=\"og:site_name\" content=\"DYPALL Network\" \/>\n<meta property=\"article:published_time\" content=\"2022-04-08T13:27:21+00:00\" \/>\n<meta name=\"author\" content=\"Admin\" \/>\n<meta name=\"twitter:card\" content=\"summary_large_image\" \/>\n<meta name=\"twitter:label1\" content=\"Written by\" \/>\n\t<meta name=\"twitter:data1\" content=\"Admin\" \/>\n\t<meta name=\"twitter:label2\" content=\"Est. reading time\" \/>\n\t<meta name=\"twitter:data2\" content=\"2 minute\" \/>\n<script type=\"application\/ld+json\" class=\"yoast-schema-graph\">{\"@context\":\"https:\/\/schema.org\",\"@graph\":[{\"@type\":\"WebPage\",\"@id\":\"https:\/\/dypall.com\/conference\/international-conference-building-resilient-communities-youth-work-at-municipality-level-during-covid-19-times\/\",\"url\":\"https:\/\/dypall.com\/conference\/international-conference-building-resilient-communities-youth-work-at-municipality-level-during-covid-19-times\/\",\"name\":\"INTERNATIONAL CONFERENCE \u201cBUILDING RESILIENT COMMUNITIES \u2013 YOUTH WORK AT MUNICIPALITY LEVEL DURING COVID-19 TIMES\\\" - DYPALL Network\",\"isPartOf\":{\"@id\":\"https:\/\/dypall.com\/#website\"},\"primaryImageOfPage\":{\"@id\":\"https:\/\/dypall.com\/conference\/international-conference-building-resilient-communities-youth-work-at-municipality-level-during-covid-19-times\/#primaryimage\"},\"image\":{\"@id\":\"https:\/\/dypall.com\/conference\/international-conference-building-resilient-communities-youth-work-at-municipality-level-during-covid-19-times\/#primaryimage\"},\"thumbnailUrl\":\"\",\"datePublished\":\"2022-04-08T13:27:21+00:00\",\"dateModified\":\"2022-04-08T13:27:21+00:00\",\"author\":{\"@id\":\"https:\/\/dypall.com\/#\/schema\/person\/15b093a5f6054aadaa6a2f9da7b7f73a\"},\"breadcrumb\":{\"@id\":\"https:\/\/dypall.com\/conference\/international-conference-building-resilient-communities-youth-work-at-municipality-level-during-covid-19-times\/#breadcrumb\"},\"inLanguage\":\"ro-RO\",\"potentialAction\":[{\"@type\":\"ReadAction\",\"target\":[\"https:\/\/dypall.com\/conference\/international-conference-building-resilient-communities-youth-work-at-municipality-level-during-covid-19-times\/\"]}]},{\"@type\":\"ImageObject\",\"inLanguage\":\"ro-RO\",\"@id\":\"https:\/\/dypall.com\/conference\/international-conference-building-resilient-communities-youth-work-at-municipality-level-during-covid-19-times\/#primaryimage\",\"url\":\"\",\"contentUrl\":\"\"},{\"@type\":\"BreadcrumbList\",\"@id\":\"https:\/\/dypall.com\/conference\/international-conference-building-resilient-communities-youth-work-at-municipality-level-during-covid-19-times\/#breadcrumb\",\"itemListElement\":[{\"@type\":\"ListItem\",\"position\":1,\"name\":\"Home\",\"item\":\"https:\/\/dypall.com\/\"},{\"@type\":\"ListItem\",\"position\":2,\"name\":\"INTERNATIONAL CONFERENCE \u201cBUILDING RESILIENT COMMUNITIES \u2013 YOUTH WORK AT MUNICIPALITY LEVEL DURING COVID-19 TIMES&#8221;\"}]},{\"@type\":\"WebSite\",\"@id\":\"https:\/\/dypall.com\/#website\",\"url\":\"https:\/\/dypall.com\/\",\"name\":\"DYPALL Network\",\"description\":\"We are a European network of civil society organisations, municipalities and research institutions dedicated to improving democracy through youth participation.\",\"potentialAction\":[{\"@type\":\"SearchAction\",\"target\":{\"@type\":\"EntryPoint\",\"urlTemplate\":\"https:\/\/dypall.com\/?s={search_term_string}\"},\"query-input\":\"required name=search_term_string\"}],\"inLanguage\":\"ro-RO\"},{\"@type\":\"Person\",\"@id\":\"https:\/\/dypall.com\/#\/schema\/person\/15b093a5f6054aadaa6a2f9da7b7f73a\",\"name\":\"Admin\",\"image\":{\"@type\":\"ImageObject\",\"inLanguage\":\"ro-RO\",\"@id\":\"https:\/\/dypall.com\/#\/schema\/person\/image\/\",\"url\":\"https:\/\/secure.gravatar.com\/avatar\/d61590bc1c655fab87f188c8b9d55a8d8f3680a64ab062456660c4c4bf4019e5?s=96&d=mm&r=g\",\"contentUrl\":\"https:\/\/secure.gravatar.com\/avatar\/d61590bc1c655fab87f188c8b9d55a8d8f3680a64ab062456660c4c4bf4019e5?s=96&d=mm&r=g\",\"caption\":\"Admin\"},\"url\":\"https:\/\/dypall.com\/ro\/author\/dypall5_wp\/\"}]}<\/script>\n<!-- \/ Yoast SEO plugin. -->","yoast_head_json":{"title":"INTERNATIONAL CONFERENCE \u201cBUILDING RESILIENT COMMUNITIES \u2013 YOUTH WORK AT MUNICIPALITY LEVEL DURING COVID-19 TIMES\" - DYPALL Network","robots":{"index":"index","follow":"follow","max-snippet":"max-snippet:-1","max-image-preview":"max-image-preview:large","max-video-preview":"max-video-preview:-1"},"canonical":"https:\/\/dypall.com\/ro\/conference\/international-conference-building-resilient-communities-youth-work-at-municipality-level-during-covid-19-times\/","og_locale":"ro_RO","og_type":"article","og_title":"INTERNATIONAL CONFERENCE \u201cBUILDING RESILIENT COMMUNITIES \u2013 YOUTH WORK AT MUNICIPALITY LEVEL DURING COVID-19 TIMES\" - DYPALL Network","og_description":"International Conference \u201cBuilding Resilient Communities \u2013 Youth Work at Municipality Level during COVID-19 times\u201d was organised by DYPALL Network from 21st March \u2013 26th March 2022 in Braga, Portugal. The Conference was a space for more than 70 youth workers and public officers from local and regional authorities to come together and focus on different&hellip; Continu\u0103 lectura INTERNATIONAL CONFERENCE \u201cBUILDING RESILIENT COMMUNITIES \u2013 YOUTH WORK AT MUNICIPALITY LEVEL DURING COVID-19 TIMES&#8221;","og_url":"https:\/\/dypall.com\/ro\/conference\/international-conference-building-resilient-communities-youth-work-at-municipality-level-during-covid-19-times\/","og_site_name":"DYPALL Network","article_published_time":"2022-04-08T13:27:21+00:00","author":"Admin","twitter_card":"summary_large_image","twitter_misc":{"Written by":"Admin","Est. reading time":"2 minute"},"schema":{"@context":"https:\/\/schema.org","@graph":[{"@type":"WebPage","@id":"https:\/\/dypall.com\/conference\/international-conference-building-resilient-communities-youth-work-at-municipality-level-during-covid-19-times\/","url":"https:\/\/dypall.com\/conference\/international-conference-building-resilient-communities-youth-work-at-municipality-level-during-covid-19-times\/","name":"INTERNATIONAL CONFERENCE \u201cBUILDING RESILIENT COMMUNITIES \u2013 YOUTH WORK AT MUNICIPALITY LEVEL DURING COVID-19 TIMES\" - DYPALL Network","isPartOf":{"@id":"https:\/\/dypall.com\/#website"},"primaryImageOfPage":{"@id":"https:\/\/dypall.com\/conference\/international-conference-building-resilient-communities-youth-work-at-municipality-level-during-covid-19-times\/#primaryimage"},"image":{"@id":"https:\/\/dypall.com\/conference\/international-conference-building-resilient-communities-youth-work-at-municipality-level-during-covid-19-times\/#primaryimage"},"thumbnailUrl":"","datePublished":"2022-04-08T13:27:21+00:00","dateModified":"2022-04-08T13:27:21+00:00","author":{"@id":"https:\/\/dypall.com\/#\/schema\/person\/15b093a5f6054aadaa6a2f9da7b7f73a"},"breadcrumb":{"@id":"https:\/\/dypall.com\/conference\/international-conference-building-resilient-communities-youth-work-at-municipality-level-during-covid-19-times\/#breadcrumb"},"inLanguage":"ro-RO","potentialAction":[{"@type":"ReadAction","target":["https:\/\/dypall.com\/conference\/international-conference-building-resilient-communities-youth-work-at-municipality-level-during-covid-19-times\/"]}]},{"@type":"ImageObject","inLanguage":"ro-RO","@id":"https:\/\/dypall.com\/conference\/international-conference-building-resilient-communities-youth-work-at-municipality-level-during-covid-19-times\/#primaryimage","url":"","contentUrl":""},{"@type":"BreadcrumbList","@id":"https:\/\/dypall.com\/conference\/international-conference-building-resilient-communities-youth-work-at-municipality-level-during-covid-19-times\/#breadcrumb","itemListElement":[{"@type":"ListItem","position":1,"name":"Home","item":"https:\/\/dypall.com\/"},{"@type":"ListItem","position":2,"name":"INTERNATIONAL CONFERENCE \u201cBUILDING RESILIENT COMMUNITIES \u2013 YOUTH WORK AT MUNICIPALITY LEVEL DURING COVID-19 TIMES&#8221;"}]},{"@type":"WebSite","@id":"https:\/\/dypall.com\/#website","url":"https:\/\/dypall.com\/","name":"DYPALL Network","description":"We are a European network of civil society organisations, municipalities and research institutions dedicated to improving democracy through youth participation.","potentialAction":[{"@type":"SearchAction","target":{"@type":"EntryPoint","urlTemplate":"https:\/\/dypall.com\/?s={search_term_string}"},"query-input":"required name=search_term_string"}],"inLanguage":"ro-RO"},{"@type":"Person","@id":"https:\/\/dypall.com\/#\/schema\/person\/15b093a5f6054aadaa6a2f9da7b7f73a","name":"Admin","image":{"@type":"ImageObject","inLanguage":"ro-RO","@id":"https:\/\/dypall.com\/#\/schema\/person\/image\/","url":"https:\/\/secure.gravatar.com\/avatar\/d61590bc1c655fab87f188c8b9d55a8d8f3680a64ab062456660c4c4bf4019e5?s=96&d=mm&r=g","contentUrl":"https:\/\/secure.gravatar.com\/avatar\/d61590bc1c655fab87f188c8b9d55a8d8f3680a64ab062456660c4c4bf4019e5?s=96&d=mm&r=g","caption":"Admin"},"url":"https:\/\/dypall.com\/ro\/author\/dypall5_wp\/"}]}},"jetpack_featured_media_url":"","jetpack_sharing_enabled":true,"_links":{"self":[{"href":"https:\/\/dypall.com\/ro\/wp-json\/wp\/v2\/posts\/5428","targetHints":{"allow":["GET"]}}],"collection":[{"href":"https:\/\/dypall.com\/ro\/wp-json\/wp\/v2\/posts"}],"about":[{"href":"https:\/\/dypall.com\/ro\/wp-json\/wp\/v2\/types\/post"}],"author":[{"embeddable":true,"href":"https:\/\/dypall.com\/ro\/wp-json\/wp\/v2\/users\/3"}],"replies":[{"embeddable":true,"href":"https:\/\/dypall.com\/ro\/wp-json\/wp\/v2\/comments?post=5428"}],"version-history":[{"count":0,"href":"https:\/\/dypall.com\/ro\/wp-json\/wp\/v2\/posts\/5428\/revisions"}],"wp:featuredmedia":[{"embeddable":true,"href":"https:\/\/dypall.com\/ro\/wp-json\/"}],"wp:attachment":[{"href":"https:\/\/dypall.com\/ro\/wp-json\/wp\/v2\/media?parent=5428"}],"wp:term":[{"taxonomy":"category","embeddable":true,"href":"https:\/\/dypall.com\/ro\/wp-json\/wp\/v2\/categories?post=5428"},{"taxonomy":"post_tag","embeddable":true,"href":"https:\/\/dypall.com\/ro\/wp-json\/wp\/v2\/tags?post=5428"}],"curies":[{"name":"wp","href":"https:\/\/api.w.org\/{rel}","templated":true}]}}