{"id":5413,"date":"2022-03-17T15:25:07","date_gmt":"2022-03-17T15:25:07","guid":{"rendered":"https:\/\/dypall.com\/?p=5413"},"modified":"2022-03-17T15:25:07","modified_gmt":"2022-03-17T15:25:07","slug":"level-up-life-after-mobilities-final-conference-and-partners-meeting-in-brussels-belgium","status":"publish","type":"post","link":"https:\/\/dypall.com\/ro\/activity\/level-up-life-after-mobilities-final-conference-and-partners-meeting-in-brussels-belgium\/","title":{"rendered":"Nivel \u00een sus! Via\u021ba dup\u0103 mobilit\u0103\u021bi \u2013 CONFERIN\u021aA FINAL\u0102 \u0218I \u0218EDIN\u021aA PARTENERILOR \u00ceN BRUXELLES, BELGIA"},"content":{"rendered":"<p>Reuniunea final\u0103 a proiectului \u201eLevel up! Via\u021ba dup\u0103 mobilit\u0103\u021bi\u201d a avut loc \u00een perioada 16-19 martie la Bruxelles, Belgia. Partenerii consor\u021biului s-au \u00eent\u00e2lnit pentru a prezenta rezultatele proiectului, pentru a evalua procesul de dezvoltare a proiectului \u0219i pentru a discuta \u0219i planifica idei ulterioare.<\/p>\n<p>Prima zi a reuniunii a fost dedicat\u0103 conferin\u021bei interna\u021bionale \u201eLevel up! Life after mobilities\u201d (Via\u021ba dup\u0103 mobilit\u0103\u021bi), organizat\u0103 de Tineret pentru schimb \u0219i \u00een\u021belegere, \u00een cursul c\u0103reia partenerii proiectului au \u00eemp\u0103rt\u0103\u0219it principalele sale rezultate:<\/p>\n<ul>\n<li><a href=\"https:\/\/www.levelup-project.com\/\">Instrumentul digital \u201eLEVEL UP!\u201d pentru monitorizarea ac\u021biunilor ulterioare mobilit\u0103\u021bilor<\/a> (IO1), care ofer\u0103 spa\u021biu pentru partajarea \u0219i organizarea de evenimente ulterioare de diseminare a mobilit\u0103\u021bilor de \u00eenv\u0103\u021bare. Scopul acestui site este de a oferi participan\u021bilor la proiectele Erasmus+ instrumentele \u0219i oportunit\u0103\u021bile de a-\u0219i canaliza implicarea \u0219i motiva\u021bia \u00een realit\u0103\u021bile locale, oferind spa\u021biu \u0219i timp pentru evenimente ulterioare eficace care s\u0103 dea \u00eenapoi comunit\u0103\u021bilor.<\/li>\n<li><a href=\"https:\/\/www.levelup-project.com\/_files\/ugd\/615d28_4979522a6ebe42b09d8e018259f9bd88.pdf\">Publica\u021bia \u201eLEVEL UP!\u201d! (IO2)<\/a>, care este un ghid pas cu pas privind modul de creare a unei strategii de monitorizare a calit\u0103\u021bii.<\/li>\n<\/ul>\n<p>Proiectul \u201eLevel Up! Life After Mobility\u201d (\u201eVia\u021ba dup\u0103 mobilitate\u201d) a urm\u0103rit s\u0103 elimine decalajul dintre mobilit\u0103\u021bile interna\u021bionale \u0219i via\u021ba \u00een comunit\u0103\u021bile locale dup\u0103 aceste experien\u021be. Astfel, scopul principal al proiectului a fost de a sprijini urm\u0103rirea mobilit\u0103\u021bilor interna\u021bionale la nivel local, \u00eencerc\u00e2nd s\u0103 implice tinerii care particip\u0103 activ la experien\u021be similare pentru a deveni mai activi \u00een cadrul propriilor comunit\u0103\u021bi \u0219i pentru a avea \u0219ansa de a-\u0219i transmite cuno\u0219tin\u021bele \u0219i expertiza \/ competen\u021bele nou dob\u00e2ndite pentru a-\u0219i \u00eembun\u0103t\u0103\u021bi propriile realit\u0103\u021bi.<\/p>\n<p>Proiectul a urm\u0103rit s\u0103 ofere tinerilor instrumentele \u0219i mecanismele care permit acest angajament cu comunit\u0103\u021bile lor locale, precum \u0219i activit\u0103\u021bile de monitorizare men\u021bionate mai sus. Mai precis, acest proiect a urm\u0103rit s\u0103 sprijine consolidarea capacit\u0103\u021bilor lucr\u0103torilor de tineret \u0219i ale organiza\u021biilor de tineret pentru a pune \u00een aplicare strategii eficace de monitorizare \u0219i pentru a asigura impactul local al mobilit\u0103\u021bilor interna\u021bionale. \u00cen plus, acesta a inten\u021bionat s\u0103 \u00eencurajeze implicarea, voluntariatul \u0219i participarea tinerilor care au fost implica\u021bi \u00een mobilit\u0103\u021bi interna\u021bionale, \u00een<br \/>\npropriile comunit\u0103\u021bi.<\/p>\n<p>Pentru a spori implicarea tinerilor la nivel local ca urmare a mobilit\u0103\u021bilor interna\u021bionale, proiectul a urm\u0103rit s\u0103 permit\u0103 tinerilor implica\u021bi \u00een mobilit\u0103\u021bi interna\u021bionale s\u0103 se conecteze \u00eentre ei, cu factorii de decizie politic\u0103, administra\u021bia public\u0103, organiza\u021biile de tineret \u0219i<br \/>\naltele \u0219i, astfel, s\u0103 le permit\u0103 acestora, care au f\u0103cut parte din mobilit\u0103\u021bi \u00een str\u0103in\u0103tate, s\u0103 \u201edea \u00eenapoi\u201d comunit\u0103\u021bilor lor locale.<\/p>\n<p>Acest proiect de 24 de luni a fost dezvoltat sub coordonarea Societ\u0103\u021bii Bulgare Active \u00een parteneriat cu Re\u021beaua DYPALL, Tineretul pentru Schimb \u0219i \u00cen\u021belegere \u0219i Societatea Unit\u0103 a Balcanilor, \u00een cadrul programului Erasmus+ KA2<\/p>\n<p><a href=\"https:\/\/dypall.com\/ro\/2022\/03\/19\/level-up-life-after-mobilities-final-conference-and-partners-meeting-in-cracow-poland\/2-21\/#main\" rel=\"attachment wp-att-5414\"><img loading=\"lazy\" decoding=\"async\" class=\"alignleft size-large wp-image-5414\" src=\"https:\/\/dypall.com\/wp-content\/uploads\/2022\/03\/2-1-1024x1024.jpeg\" alt=\"\" width=\"1024\" height=\"1024\" \/><\/a><\/p>\n<p><a href=\"https:\/\/dypall.com\/ro\/2022\/03\/19\/level-up-life-after-mobilities-final-conference-and-partners-meeting-in-cracow-poland\/5-2-3\/#main\" rel=\"attachment wp-att-5416\"><img loading=\"lazy\" decoding=\"async\" class=\"alignleft size-large wp-image-5416\" src=\"https:\/\/dypall.com\/wp-content\/uploads\/2022\/03\/5-2-1024x768.jpeg\" alt=\"\" width=\"1024\" height=\"768\" \/><\/a><a href=\"https:\/\/dypall.com\/ro\/2022\/03\/19\/level-up-life-after-mobilities-final-conference-and-partners-meeting-in-cracow-poland\/1-20\/#main\" rel=\"attachment wp-att-5415\"><img loading=\"lazy\" decoding=\"async\" class=\"alignleft size-large wp-image-5415\" src=\"https:\/\/dypall.com\/wp-content\/uploads\/2022\/03\/1-1024x1024.jpeg\" alt=\"\" width=\"1024\" height=\"1024\" \/><\/a><\/p>","protected":false},"excerpt":{"rendered":"<p>Reuniunea final\u0103 a proiectului \u201eLevel up! Via\u021ba dup\u0103 mobilit\u0103\u021bi\u201d a avut loc \u00een perioada 16-19 martie la Bruxelles, Belgia. Partenerii consor\u021biului s-au \u00eent\u00e2lnit pentru a prezenta rezultatele proiectului, pentru a evalua procesul de dezvoltare a proiectului \u0219i pentru a discuta \u0219i planifica idei ulterioare. Prima zi a reuniunii a fost dedicat\u0103 conferin\u021bei interna\u021bionale \u201eLevel up! Via\u021ba dup\u0103... <a class=\"more-link\" href=\"https:\/\/dypall.com\/ro\/activity\/level-up-life-after-mobilities-final-conference-and-partners-meeting-in-brussels-belgium\/\">Continu\u0103 lectura <span class=\"screen-reader-text\">Nivel \u00een sus! Via\u021ba dup\u0103 mobilit\u0103\u021bi \u2013 CONFERIN\u021aA FINAL\u0102 \u0218I \u0218EDIN\u021aA PARTENERILOR \u00ceN BRUXELLES, BELGIA<\/span><\/a><\/p>","protected":false},"author":3,"featured_media":5414,"comment_status":"closed","ping_status":"open","sticky":false,"template":"","format":"standard","meta":{"_acf_changed":false,"_jetpack_memberships_contains_paid_content":false,"footnotes":""},"categories":[111,183],"tags":[],"class_list":["post-5413","post","type-post","status-publish","format-standard","has-post-thumbnail","hentry","category-activity","category-research","entry"],"acf":[],"yoast_head":"<!-- This site is optimized with the Yoast SEO plugin v22.8 - https:\/\/yoast.com\/wordpress\/plugins\/seo\/ -->\n<title>Level up! Life after mobilities \u2013 FINAL CONFERENCE AND PARTNERS MEETING IN BRUSSELS, BELGIUM - DYPALL Network<\/title>\n<meta name=\"robots\" content=\"index, follow, max-snippet:-1, max-image-preview:large, max-video-preview:-1\" \/>\n<link rel=\"canonical\" href=\"https:\/\/dypall.com\/ro\/activity\/level-up-life-after-mobilities-final-conference-and-partners-meeting-in-brussels-belgium\/\" \/>\n<meta property=\"og:locale\" content=\"ro_RO\" \/>\n<meta property=\"og:type\" content=\"article\" \/>\n<meta property=\"og:title\" content=\"Level up! Life after mobilities \u2013 FINAL CONFERENCE AND PARTNERS MEETING IN BRUSSELS, BELGIUM - DYPALL Network\" \/>\n<meta property=\"og:description\" content=\"The final meeting of the project \u201cLevel up! Life after mobilities\u201d took place 16-19 March in Brussels, Belgium. The consortium partners met to present the project results, evaluate the project development process and discuss and plan future follow-up ideas. The first day of the meeting was dedicated to the international conference \u201cLevel up! Life after&hellip; Continu\u0103 lectura Level up! Life after mobilities \u2013 FINAL CONFERENCE AND PARTNERS MEETING IN BRUSSELS, BELGIUM\" \/>\n<meta property=\"og:url\" content=\"https:\/\/dypall.com\/ro\/activity\/level-up-life-after-mobilities-final-conference-and-partners-meeting-in-brussels-belgium\/\" \/>\n<meta property=\"og:site_name\" content=\"DYPALL Network\" \/>\n<meta property=\"article:published_time\" content=\"2022-03-17T15:25:07+00:00\" \/>\n<meta name=\"author\" content=\"Admin\" \/>\n<meta name=\"twitter:card\" content=\"summary_large_image\" \/>\n<meta name=\"twitter:label1\" content=\"Written by\" \/>\n\t<meta name=\"twitter:data1\" content=\"Admin\" \/>\n\t<meta name=\"twitter:label2\" content=\"Est. reading time\" \/>\n\t<meta name=\"twitter:data2\" content=\"2 minute\" \/>\n<script type=\"application\/ld+json\" class=\"yoast-schema-graph\">{\"@context\":\"https:\/\/schema.org\",\"@graph\":[{\"@type\":\"WebPage\",\"@id\":\"https:\/\/dypall.com\/activity\/level-up-life-after-mobilities-final-conference-and-partners-meeting-in-brussels-belgium\/\",\"url\":\"https:\/\/dypall.com\/activity\/level-up-life-after-mobilities-final-conference-and-partners-meeting-in-brussels-belgium\/\",\"name\":\"Level up! Life after mobilities \u2013 FINAL CONFERENCE AND PARTNERS MEETING IN BRUSSELS, BELGIUM - DYPALL Network\",\"isPartOf\":{\"@id\":\"https:\/\/dypall.com\/#website\"},\"primaryImageOfPage\":{\"@id\":\"https:\/\/dypall.com\/activity\/level-up-life-after-mobilities-final-conference-and-partners-meeting-in-brussels-belgium\/#primaryimage\"},\"image\":{\"@id\":\"https:\/\/dypall.com\/activity\/level-up-life-after-mobilities-final-conference-and-partners-meeting-in-brussels-belgium\/#primaryimage\"},\"thumbnailUrl\":\"\",\"datePublished\":\"2022-03-17T15:25:07+00:00\",\"dateModified\":\"2022-03-17T15:25:07+00:00\",\"author\":{\"@id\":\"https:\/\/dypall.com\/#\/schema\/person\/15b093a5f6054aadaa6a2f9da7b7f73a\"},\"breadcrumb\":{\"@id\":\"https:\/\/dypall.com\/activity\/level-up-life-after-mobilities-final-conference-and-partners-meeting-in-brussels-belgium\/#breadcrumb\"},\"inLanguage\":\"ro-RO\",\"potentialAction\":[{\"@type\":\"ReadAction\",\"target\":[\"https:\/\/dypall.com\/activity\/level-up-life-after-mobilities-final-conference-and-partners-meeting-in-brussels-belgium\/\"]}]},{\"@type\":\"ImageObject\",\"inLanguage\":\"ro-RO\",\"@id\":\"https:\/\/dypall.com\/activity\/level-up-life-after-mobilities-final-conference-and-partners-meeting-in-brussels-belgium\/#primaryimage\",\"url\":\"\",\"contentUrl\":\"\"},{\"@type\":\"BreadcrumbList\",\"@id\":\"https:\/\/dypall.com\/activity\/level-up-life-after-mobilities-final-conference-and-partners-meeting-in-brussels-belgium\/#breadcrumb\",\"itemListElement\":[{\"@type\":\"ListItem\",\"position\":1,\"name\":\"Home\",\"item\":\"https:\/\/dypall.com\/\"},{\"@type\":\"ListItem\",\"position\":2,\"name\":\"Level up! Life after mobilities \u2013 FINAL CONFERENCE AND PARTNERS MEETING IN BRUSSELS, BELGIUM\"}]},{\"@type\":\"WebSite\",\"@id\":\"https:\/\/dypall.com\/#website\",\"url\":\"https:\/\/dypall.com\/\",\"name\":\"DYPALL Network\",\"description\":\"We are a European network of civil society organisations, municipalities and research institutions dedicated to improving democracy through youth participation.\",\"potentialAction\":[{\"@type\":\"SearchAction\",\"target\":{\"@type\":\"EntryPoint\",\"urlTemplate\":\"https:\/\/dypall.com\/?s={search_term_string}\"},\"query-input\":\"required name=search_term_string\"}],\"inLanguage\":\"ro-RO\"},{\"@type\":\"Person\",\"@id\":\"https:\/\/dypall.com\/#\/schema\/person\/15b093a5f6054aadaa6a2f9da7b7f73a\",\"name\":\"Admin\",\"image\":{\"@type\":\"ImageObject\",\"inLanguage\":\"ro-RO\",\"@id\":\"https:\/\/dypall.com\/#\/schema\/person\/image\/\",\"url\":\"https:\/\/secure.gravatar.com\/avatar\/d61590bc1c655fab87f188c8b9d55a8d8f3680a64ab062456660c4c4bf4019e5?s=96&d=mm&r=g\",\"contentUrl\":\"https:\/\/secure.gravatar.com\/avatar\/d61590bc1c655fab87f188c8b9d55a8d8f3680a64ab062456660c4c4bf4019e5?s=96&d=mm&r=g\",\"caption\":\"Admin\"},\"url\":\"https:\/\/dypall.com\/ro\/author\/dypall5_wp\/\"}]}<\/script>\n<!-- \/ Yoast SEO plugin. -->","yoast_head_json":{"title":"Level up! Life after mobilities \u2013 FINAL CONFERENCE AND PARTNERS MEETING IN BRUSSELS, BELGIUM - DYPALL Network","robots":{"index":"index","follow":"follow","max-snippet":"max-snippet:-1","max-image-preview":"max-image-preview:large","max-video-preview":"max-video-preview:-1"},"canonical":"https:\/\/dypall.com\/ro\/activity\/level-up-life-after-mobilities-final-conference-and-partners-meeting-in-brussels-belgium\/","og_locale":"ro_RO","og_type":"article","og_title":"Level up! Life after mobilities \u2013 FINAL CONFERENCE AND PARTNERS MEETING IN BRUSSELS, BELGIUM - DYPALL Network","og_description":"The final meeting of the project \u201cLevel up! Life after mobilities\u201d took place 16-19 March in Brussels, Belgium. The consortium partners met to present the project results, evaluate the project development process and discuss and plan future follow-up ideas. The first day of the meeting was dedicated to the international conference \u201cLevel up! Life after&hellip; Continu\u0103 lectura Level up! Life after mobilities \u2013 FINAL CONFERENCE AND PARTNERS MEETING IN BRUSSELS, BELGIUM","og_url":"https:\/\/dypall.com\/ro\/activity\/level-up-life-after-mobilities-final-conference-and-partners-meeting-in-brussels-belgium\/","og_site_name":"DYPALL Network","article_published_time":"2022-03-17T15:25:07+00:00","author":"Admin","twitter_card":"summary_large_image","twitter_misc":{"Written by":"Admin","Est. reading time":"2 minute"},"schema":{"@context":"https:\/\/schema.org","@graph":[{"@type":"WebPage","@id":"https:\/\/dypall.com\/activity\/level-up-life-after-mobilities-final-conference-and-partners-meeting-in-brussels-belgium\/","url":"https:\/\/dypall.com\/activity\/level-up-life-after-mobilities-final-conference-and-partners-meeting-in-brussels-belgium\/","name":"Level up! Life after mobilities \u2013 FINAL CONFERENCE AND PARTNERS MEETING IN BRUSSELS, BELGIUM - DYPALL Network","isPartOf":{"@id":"https:\/\/dypall.com\/#website"},"primaryImageOfPage":{"@id":"https:\/\/dypall.com\/activity\/level-up-life-after-mobilities-final-conference-and-partners-meeting-in-brussels-belgium\/#primaryimage"},"image":{"@id":"https:\/\/dypall.com\/activity\/level-up-life-after-mobilities-final-conference-and-partners-meeting-in-brussels-belgium\/#primaryimage"},"thumbnailUrl":"","datePublished":"2022-03-17T15:25:07+00:00","dateModified":"2022-03-17T15:25:07+00:00","author":{"@id":"https:\/\/dypall.com\/#\/schema\/person\/15b093a5f6054aadaa6a2f9da7b7f73a"},"breadcrumb":{"@id":"https:\/\/dypall.com\/activity\/level-up-life-after-mobilities-final-conference-and-partners-meeting-in-brussels-belgium\/#breadcrumb"},"inLanguage":"ro-RO","potentialAction":[{"@type":"ReadAction","target":["https:\/\/dypall.com\/activity\/level-up-life-after-mobilities-final-conference-and-partners-meeting-in-brussels-belgium\/"]}]},{"@type":"ImageObject","inLanguage":"ro-RO","@id":"https:\/\/dypall.com\/activity\/level-up-life-after-mobilities-final-conference-and-partners-meeting-in-brussels-belgium\/#primaryimage","url":"","contentUrl":""},{"@type":"BreadcrumbList","@id":"https:\/\/dypall.com\/activity\/level-up-life-after-mobilities-final-conference-and-partners-meeting-in-brussels-belgium\/#breadcrumb","itemListElement":[{"@type":"ListItem","position":1,"name":"Home","item":"https:\/\/dypall.com\/"},{"@type":"ListItem","position":2,"name":"Level up! Life after mobilities \u2013 FINAL CONFERENCE AND PARTNERS MEETING IN BRUSSELS, BELGIUM"}]},{"@type":"WebSite","@id":"https:\/\/dypall.com\/#website","url":"https:\/\/dypall.com\/","name":"DYPALL Network","description":"We are a European network of civil society organisations, municipalities and research institutions dedicated to improving democracy through youth participation.","potentialAction":[{"@type":"SearchAction","target":{"@type":"EntryPoint","urlTemplate":"https:\/\/dypall.com\/?s={search_term_string}"},"query-input":"required name=search_term_string"}],"inLanguage":"ro-RO"},{"@type":"Person","@id":"https:\/\/dypall.com\/#\/schema\/person\/15b093a5f6054aadaa6a2f9da7b7f73a","name":"Admin","image":{"@type":"ImageObject","inLanguage":"ro-RO","@id":"https:\/\/dypall.com\/#\/schema\/person\/image\/","url":"https:\/\/secure.gravatar.com\/avatar\/d61590bc1c655fab87f188c8b9d55a8d8f3680a64ab062456660c4c4bf4019e5?s=96&d=mm&r=g","contentUrl":"https:\/\/secure.gravatar.com\/avatar\/d61590bc1c655fab87f188c8b9d55a8d8f3680a64ab062456660c4c4bf4019e5?s=96&d=mm&r=g","caption":"Admin"},"url":"https:\/\/dypall.com\/ro\/author\/dypall5_wp\/"}]}},"jetpack_featured_media_url":"","jetpack_sharing_enabled":true,"_links":{"self":[{"href":"https:\/\/dypall.com\/ro\/wp-json\/wp\/v2\/posts\/5413","targetHints":{"allow":["GET"]}}],"collection":[{"href":"https:\/\/dypall.com\/ro\/wp-json\/wp\/v2\/posts"}],"about":[{"href":"https:\/\/dypall.com\/ro\/wp-json\/wp\/v2\/types\/post"}],"author":[{"embeddable":true,"href":"https:\/\/dypall.com\/ro\/wp-json\/wp\/v2\/users\/3"}],"replies":[{"embeddable":true,"href":"https:\/\/dypall.com\/ro\/wp-json\/wp\/v2\/comments?post=5413"}],"version-history":[{"count":0,"href":"https:\/\/dypall.com\/ro\/wp-json\/wp\/v2\/posts\/5413\/revisions"}],"wp:featuredmedia":[{"embeddable":true,"href":"https:\/\/dypall.com\/ro\/wp-json\/"}],"wp:attachment":[{"href":"https:\/\/dypall.com\/ro\/wp-json\/wp\/v2\/media?parent=5413"}],"wp:term":[{"taxonomy":"category","embeddable":true,"href":"https:\/\/dypall.com\/ro\/wp-json\/wp\/v2\/categories?post=5413"},{"taxonomy":"post_tag","embeddable":true,"href":"https:\/\/dypall.com\/ro\/wp-json\/wp\/v2\/tags?post=5413"}],"curies":[{"name":"wp","href":"https:\/\/api.w.org\/{rel}","templated":true}]}}