{"id":4820,"date":"2021-03-11T10:46:00","date_gmt":"2021-03-11T10:46:00","guid":{"rendered":"https:\/\/dypall.com\/?p=4820"},"modified":"2021-03-11T10:46:00","modified_gmt":"2021-03-11T10:46:00","slug":"gamifyeu-ideathon-what-if-you-were-in-charge-of-the-eu-for-48-hours","status":"publish","type":"post","link":"https:\/\/dypall.com\/ro\/activity\/gamifyeu-ideathon-what-if-you-were-in-charge-of-the-eu-for-48-hours\/","title":{"rendered":"Ideathon-ul GamifyEU: Ce s-ar \u00eent\u00e2mpla dac\u0103 a\u021bi fi responsabil de UE timp de 48 de ore?"},"content":{"rendered":"<p><b>C\u00e2nd? <\/b><span style=\"font-weight: 400;\">De vineri, 26 martie, ora 18:27 CET p\u00e2n\u0103 duminic\u0103, 28 martie, ora 18:27 CET<br \/>\n<\/span><b>\u00cen cazul \u00een care? <\/b><span style=\"font-weight: 400;\">Online, pe Zoom &amp; Gathertown<br \/>\n<\/span><b>Cine poate participa? <\/b><span style=\"font-weight: 400;\">Tineri cu v\u00e2rste cuprinse \u00eentre 16 \u0219i 30 de ani de oriunde din Europa<\/span><span style=\"font-weight: 400;\"><br \/>\n<\/span><b>Unde s\u0103 aplici?<\/b><a href=\"https:\/\/l.facebook.com\/l.php?u=https%3A%2F%2Fforms.gle%2FmwQp8cCJgMrZYCaZA%3Ffbclid%3DIwAR1Ck3qin3mMXPP0b5z6lb4vIqcc1uIN1Q9zfszBxGnbcqbArRA9YYqRQsY&amp;h=AT3q261ELk-d0iHcOIXqsCDW2QvUeMRDxqUa_54QSiXvWrCjmNE8SjWZuuk97D79evrLXhwH5Yjz0H8NlhUaWiat-hl5-xWzD3JxO7mgYVL3OH7s4ijNcZty90IGKm4i7KoRSl4&amp;__tn__=-UK-R&amp;c[0]=AT01lStYSmj8nvm-z4p7puSpKIofFSjmKPO9oi5EqMRCyCMoQR9gijVCT1mLVpNSNovF8OQ2pWRgXCA2L6uNAcKOKyfNonQQxOuD8Rdhqwl8xHeTvV578g0-WnRd6OoSfIrH_wX-JXwRxx1awhRZS3XNEV670Zxi2QNOhoFYksM659v6sZlz4hr-J1LRL6L-j7np3Xcx\"> <span style=\"font-weight: 400;\">https:\/\/forms.gle\/mwQp8cCJgMrZYCaZA<\/span><\/a> <span style=\"font-weight: 400;\"><br \/>\n<\/span><b>Termen limit\u0103 de depunere a candidaturilor: <\/b><span style=\"font-weight: 400;\">19 martie, 23:59 CET<\/span><\/p>\n<p><span style=\"font-weight: 400;\">Vino al\u0103turi de noi \u00eentr-o aventur\u0103 de 48 de ore \u00een care tinerii preiau conducerea! Intr\u0103 \u00eentr-o provocare de colaborare cu colegii t\u0103i din \u00eentreaga Europ\u0103 \u0219i arat\u0103-ne cum ar ar\u0103ta Uniunea European\u0103 a visurilor tale.\u00a0<\/span><\/p>\n<p><span style=\"font-weight: 400;\">Cu sprijinul facilitatorilor, ve\u021bi intra \u00eentr-o c\u0103l\u0103torie de \u00eenv\u0103\u021bare experien\u021bial\u0103, \u00een care ve\u021bi construi solu\u021bii pentru diferitele provoc\u0103ri cu care se confrunt\u0103 UE. La fel ca un hackathon, \u00een acest Ideathon v\u0103 ve\u021bi angaja \u00eentr-un proces de g\u00e2ndire creativ\u0103, de g\u0103sire a solu\u021biilor, \u00een timpul c\u0103ruia ve\u021bi \u00eenv\u0103\u021ba lucruri noi, ve\u021bi dezvolta o idee, ve\u021bi preg\u0103ti un pitch \u0219i ve\u021bi concura cu ceilal\u021bi participan\u021bi, \u00een tot acest timp lucr\u00e2nd ca o echip\u0103.<\/span><\/p>\n<p><span style=\"font-weight: 400;\">Vom folosi diferite platforme \u0219i instrumente online, vor fi gamification, ateliere interactive, vorbitori inspira\u021bi \u0219i o mul\u021bime de distrac\u021bie.\u00a0<\/span><\/p>\n<p>Consulta\u021bi programul <a href=\"https:\/\/u.pcloud.link\/publink\/show?code=XZc8Q2XZtaWuCBs8arjBPPuicBfCr8YovhrV\">aici<\/a>.<\/p>\n<p><b>Pot aplica ca persoan\u0103 fizic\u0103 sau ca echip\u0103?<\/b><span style=\"font-weight: 400;\"> Ambele op\u021biuni sunt posibile. Dac\u0103 ave\u021bi deja o echip\u0103, pute\u021bi aplica \u00eempreun\u0103. Dac\u0103 nu, pute\u021bi aplica individual \u0219i vom face echipe la \u00eenceputul evenimentului.<\/span><\/p>\n<p><b>Trebuie s\u0103 vin cu o idee? <\/b><span style=\"font-weight: 400;\">Nu, la \u00eenceputul evenimentului vom forma echipe pe teme de interes pentru dvs. \u0219i apoi ve\u021bi \u00eencepe s\u0103 v\u0103 dezvolta\u021bi ideea cu sprijinul facilitatorilor.<\/span><\/p>\n<p><b>M\u0103 a\u0219tept s\u0103 fiu online timp de 48 de ore? <\/b><span style=\"font-weight: 400;\">Po\u021bi, dac\u0103 tu \u0219i echipa ta dori\u021bi, dar nu este obligatoriu. Vom avea momente diferite \u00een timpul celor 48 de ore \u00een care vom fi to\u021bi \u00eempreun\u0103 online, precum \u0219i momente pentru ca tu s\u0103 lucrezi \u00een echipele tale \u0219i s\u0103 te odihne\u0219ti.\u00a0<\/span><\/p>\n<p><b>Trebuie s\u0103 am abilit\u0103\u021bi speciale? <\/b><span style=\"font-weight: 400;\">Nu, doar o minte deschis\u0103 \u0219i spirit de echip\u0103.<\/span><\/p>\n<p>&nbsp;<\/p>\n<p><span style=\"font-weight: 400;\">Ideathon este organizat de YEU International \u0219i DYPALL Network<\/span><span style=\"font-weight: 400;\"> \u00een cadrul proiectului GamifyEU. Verifica\u021bi mai multe la <\/span><\/p>\n<p>&nbsp;<\/p>\n<p><a href=\"https:\/\/dypall.com\/ro\/2021\/03\/11\/gamifyeu-ideathon-what-if-you-were-in-charge-of-the-eu-for-48-hours\/ideathon-poster\/#main\" rel=\"attachment wp-att-4821\"><img loading=\"lazy\" decoding=\"async\" class=\"aligncenter size-large wp-image-4821\" src=\"https:\/\/dypall.com\/wp-content\/uploads\/2021\/03\/Ideathon-Poster-819x1024.png\" alt=\"\" width=\"819\" height=\"1024\" \/><\/a><\/p>\n<div id=\"gtx-trans\" style=\"position: absolute; left: 204px; top: 328.667px;\">\n<div class=\"gtx-trans-icon\"><\/div>\n<\/div>","protected":false},"excerpt":{"rendered":"<p>C\u00e2nd? De vineri, 26 martie, ora 18:27 CET p\u00e2n\u0103 duminic\u0103, 28 martie, ora 18:27 CET Unde? Online, pe Zoom &amp; Gathertown Cine poate participa? Tineri cu v\u00e2rste cuprinse \u00eentre 16 \u0219i 30 de ani de oriunde din Europa Unde se pot depune candidaturile? https:\/\/forms.gle\/mwQp8cCJgMrZYCaZA Termen limit\u0103 de depunere a candidaturilor: 19 martie, 23:59 CET Al\u0103tura\u021bi-v\u0103 nou\u0103 pentru o aventur\u0103 de 48 de ore \u00een care tinerii preiau conducerea!... <a class=\"more-link\" href=\"https:\/\/dypall.com\/ro\/activity\/gamifyeu-ideathon-what-if-you-were-in-charge-of-the-eu-for-48-hours\/\">Continu\u0103 lectura <span class=\"screen-reader-text\">Ideathon-ul GamifyEU: Ce s-ar \u00eent\u00e2mpla dac\u0103 a\u021bi fi responsabil de UE timp de 48 de ore?<\/span><\/a><\/p>","protected":false},"author":1,"featured_media":4822,"comment_status":"closed","ping_status":"open","sticky":false,"template":"","format":"standard","meta":{"_acf_changed":false,"_jetpack_memberships_contains_paid_content":false,"footnotes":""},"categories":[111,141],"tags":[],"class_list":["post-4820","post","type-post","status-publish","format-standard","has-post-thumbnail","hentry","category-activity","category-training-course","entry"],"acf":[],"yoast_head":"<!-- This site is optimized with the Yoast SEO plugin v22.8 - https:\/\/yoast.com\/wordpress\/plugins\/seo\/ -->\n<title>GamifyEU Ideathon: What if you were in charge of the EU for 48 hours? - DYPALL Network<\/title>\n<meta name=\"robots\" content=\"index, follow, max-snippet:-1, max-image-preview:large, max-video-preview:-1\" \/>\n<link rel=\"canonical\" href=\"https:\/\/dypall.com\/ro\/activity\/gamifyeu-ideathon-what-if-you-were-in-charge-of-the-eu-for-48-hours\/\" \/>\n<meta property=\"og:locale\" content=\"ro_RO\" \/>\n<meta property=\"og:type\" content=\"article\" \/>\n<meta property=\"og:title\" content=\"GamifyEU Ideathon: What if you were in charge of the EU for 48 hours? - DYPALL Network\" \/>\n<meta property=\"og:description\" content=\"When? From Friday 26th March at 18:27 CET to Sunday 28th March at 18.27 CET Where? Online, on Zoom &amp; Gathertown Who can participate? Young people aged 16-30 from anywhere in Europe Where to apply? https:\/\/forms.gle\/mwQp8cCJgMrZYCaZA Deadline to apply: 19th March, 23:59 CET Join us for a 48h adventure in which young people take charge!&hellip; Continu\u0103 lectura GamifyEU Ideathon: What if you were in charge of the EU for 48 hours?\" \/>\n<meta property=\"og:url\" content=\"https:\/\/dypall.com\/ro\/activity\/gamifyeu-ideathon-what-if-you-were-in-charge-of-the-eu-for-48-hours\/\" \/>\n<meta property=\"og:site_name\" content=\"DYPALL Network\" \/>\n<meta property=\"article:published_time\" content=\"2021-03-11T10:46:00+00:00\" \/>\n<meta name=\"author\" content=\"DYPALL Network\" \/>\n<meta name=\"twitter:card\" content=\"summary_large_image\" \/>\n<meta name=\"twitter:label1\" content=\"Written by\" \/>\n\t<meta name=\"twitter:data1\" content=\"DYPALL Network\" \/>\n\t<meta name=\"twitter:label2\" content=\"Est. reading time\" \/>\n\t<meta name=\"twitter:data2\" content=\"2 minute\" \/>\n<script type=\"application\/ld+json\" class=\"yoast-schema-graph\">{\"@context\":\"https:\/\/schema.org\",\"@graph\":[{\"@type\":\"WebPage\",\"@id\":\"https:\/\/dypall.com\/activity\/gamifyeu-ideathon-what-if-you-were-in-charge-of-the-eu-for-48-hours\/\",\"url\":\"https:\/\/dypall.com\/activity\/gamifyeu-ideathon-what-if-you-were-in-charge-of-the-eu-for-48-hours\/\",\"name\":\"GamifyEU Ideathon: What if you were in charge of the EU for 48 hours? - DYPALL Network\",\"isPartOf\":{\"@id\":\"https:\/\/dypall.com\/#website\"},\"primaryImageOfPage\":{\"@id\":\"https:\/\/dypall.com\/activity\/gamifyeu-ideathon-what-if-you-were-in-charge-of-the-eu-for-48-hours\/#primaryimage\"},\"image\":{\"@id\":\"https:\/\/dypall.com\/activity\/gamifyeu-ideathon-what-if-you-were-in-charge-of-the-eu-for-48-hours\/#primaryimage\"},\"thumbnailUrl\":\"\",\"datePublished\":\"2021-03-11T10:46:00+00:00\",\"dateModified\":\"2021-03-11T10:46:00+00:00\",\"author\":{\"@id\":\"https:\/\/dypall.com\/#\/schema\/person\/f92e08aa15c8ba711a9d153129f03377\"},\"breadcrumb\":{\"@id\":\"https:\/\/dypall.com\/activity\/gamifyeu-ideathon-what-if-you-were-in-charge-of-the-eu-for-48-hours\/#breadcrumb\"},\"inLanguage\":\"ro-RO\",\"potentialAction\":[{\"@type\":\"ReadAction\",\"target\":[\"https:\/\/dypall.com\/activity\/gamifyeu-ideathon-what-if-you-were-in-charge-of-the-eu-for-48-hours\/\"]}]},{\"@type\":\"ImageObject\",\"inLanguage\":\"ro-RO\",\"@id\":\"https:\/\/dypall.com\/activity\/gamifyeu-ideathon-what-if-you-were-in-charge-of-the-eu-for-48-hours\/#primaryimage\",\"url\":\"\",\"contentUrl\":\"\"},{\"@type\":\"BreadcrumbList\",\"@id\":\"https:\/\/dypall.com\/activity\/gamifyeu-ideathon-what-if-you-were-in-charge-of-the-eu-for-48-hours\/#breadcrumb\",\"itemListElement\":[{\"@type\":\"ListItem\",\"position\":1,\"name\":\"Home\",\"item\":\"https:\/\/dypall.com\/\"},{\"@type\":\"ListItem\",\"position\":2,\"name\":\"GamifyEU Ideathon: What if you were in charge of the EU for 48 hours?\"}]},{\"@type\":\"WebSite\",\"@id\":\"https:\/\/dypall.com\/#website\",\"url\":\"https:\/\/dypall.com\/\",\"name\":\"DYPALL Network\",\"description\":\"We are a European network of civil society organisations, municipalities and research institutions dedicated to improving democracy through youth participation.\",\"potentialAction\":[{\"@type\":\"SearchAction\",\"target\":{\"@type\":\"EntryPoint\",\"urlTemplate\":\"https:\/\/dypall.com\/?s={search_term_string}\"},\"query-input\":\"required name=search_term_string\"}],\"inLanguage\":\"ro-RO\"},{\"@type\":\"Person\",\"@id\":\"https:\/\/dypall.com\/#\/schema\/person\/f92e08aa15c8ba711a9d153129f03377\",\"name\":\"DYPALL Network\",\"image\":{\"@type\":\"ImageObject\",\"inLanguage\":\"ro-RO\",\"@id\":\"https:\/\/dypall.com\/#\/schema\/person\/image\/\",\"url\":\"https:\/\/secure.gravatar.com\/avatar\/9c39e299279800c6d69c5e02cf613e7bab060889f373052a03d7ac399e8f0d3c?s=96&d=mm&r=g\",\"contentUrl\":\"https:\/\/secure.gravatar.com\/avatar\/9c39e299279800c6d69c5e02cf613e7bab060889f373052a03d7ac399e8f0d3c?s=96&d=mm&r=g\",\"caption\":\"DYPALL Network\"},\"sameAs\":[\"https:\/\/dypall.com\"],\"url\":\"https:\/\/dypall.com\/ro\/author\/dypall\/\"}]}<\/script>\n<!-- \/ Yoast SEO plugin. -->","yoast_head_json":{"title":"GamifyEU Ideathon: What if you were in charge of the EU for 48 hours? - DYPALL Network","robots":{"index":"index","follow":"follow","max-snippet":"max-snippet:-1","max-image-preview":"max-image-preview:large","max-video-preview":"max-video-preview:-1"},"canonical":"https:\/\/dypall.com\/ro\/activity\/gamifyeu-ideathon-what-if-you-were-in-charge-of-the-eu-for-48-hours\/","og_locale":"ro_RO","og_type":"article","og_title":"GamifyEU Ideathon: What if you were in charge of the EU for 48 hours? - DYPALL Network","og_description":"When? From Friday 26th March at 18:27 CET to Sunday 28th March at 18.27 CET Where? Online, on Zoom &amp; Gathertown Who can participate? Young people aged 16-30 from anywhere in Europe Where to apply? https:\/\/forms.gle\/mwQp8cCJgMrZYCaZA Deadline to apply: 19th March, 23:59 CET Join us for a 48h adventure in which young people take charge!&hellip; Continu\u0103 lectura GamifyEU Ideathon: What if you were in charge of the EU for 48 hours?","og_url":"https:\/\/dypall.com\/ro\/activity\/gamifyeu-ideathon-what-if-you-were-in-charge-of-the-eu-for-48-hours\/","og_site_name":"DYPALL Network","article_published_time":"2021-03-11T10:46:00+00:00","author":"DYPALL Network","twitter_card":"summary_large_image","twitter_misc":{"Written by":"DYPALL Network","Est. reading time":"2 minute"},"schema":{"@context":"https:\/\/schema.org","@graph":[{"@type":"WebPage","@id":"https:\/\/dypall.com\/activity\/gamifyeu-ideathon-what-if-you-were-in-charge-of-the-eu-for-48-hours\/","url":"https:\/\/dypall.com\/activity\/gamifyeu-ideathon-what-if-you-were-in-charge-of-the-eu-for-48-hours\/","name":"GamifyEU Ideathon: What if you were in charge of the EU for 48 hours? - DYPALL Network","isPartOf":{"@id":"https:\/\/dypall.com\/#website"},"primaryImageOfPage":{"@id":"https:\/\/dypall.com\/activity\/gamifyeu-ideathon-what-if-you-were-in-charge-of-the-eu-for-48-hours\/#primaryimage"},"image":{"@id":"https:\/\/dypall.com\/activity\/gamifyeu-ideathon-what-if-you-were-in-charge-of-the-eu-for-48-hours\/#primaryimage"},"thumbnailUrl":"","datePublished":"2021-03-11T10:46:00+00:00","dateModified":"2021-03-11T10:46:00+00:00","author":{"@id":"https:\/\/dypall.com\/#\/schema\/person\/f92e08aa15c8ba711a9d153129f03377"},"breadcrumb":{"@id":"https:\/\/dypall.com\/activity\/gamifyeu-ideathon-what-if-you-were-in-charge-of-the-eu-for-48-hours\/#breadcrumb"},"inLanguage":"ro-RO","potentialAction":[{"@type":"ReadAction","target":["https:\/\/dypall.com\/activity\/gamifyeu-ideathon-what-if-you-were-in-charge-of-the-eu-for-48-hours\/"]}]},{"@type":"ImageObject","inLanguage":"ro-RO","@id":"https:\/\/dypall.com\/activity\/gamifyeu-ideathon-what-if-you-were-in-charge-of-the-eu-for-48-hours\/#primaryimage","url":"","contentUrl":""},{"@type":"BreadcrumbList","@id":"https:\/\/dypall.com\/activity\/gamifyeu-ideathon-what-if-you-were-in-charge-of-the-eu-for-48-hours\/#breadcrumb","itemListElement":[{"@type":"ListItem","position":1,"name":"Home","item":"https:\/\/dypall.com\/"},{"@type":"ListItem","position":2,"name":"GamifyEU Ideathon: What if you were in charge of the EU for 48 hours?"}]},{"@type":"WebSite","@id":"https:\/\/dypall.com\/#website","url":"https:\/\/dypall.com\/","name":"DYPALL Network","description":"We are a European network of civil society organisations, municipalities and research institutions dedicated to improving democracy through youth participation.","potentialAction":[{"@type":"SearchAction","target":{"@type":"EntryPoint","urlTemplate":"https:\/\/dypall.com\/?s={search_term_string}"},"query-input":"required name=search_term_string"}],"inLanguage":"ro-RO"},{"@type":"Person","@id":"https:\/\/dypall.com\/#\/schema\/person\/f92e08aa15c8ba711a9d153129f03377","name":"DYPALL Network","image":{"@type":"ImageObject","inLanguage":"ro-RO","@id":"https:\/\/dypall.com\/#\/schema\/person\/image\/","url":"https:\/\/secure.gravatar.com\/avatar\/9c39e299279800c6d69c5e02cf613e7bab060889f373052a03d7ac399e8f0d3c?s=96&d=mm&r=g","contentUrl":"https:\/\/secure.gravatar.com\/avatar\/9c39e299279800c6d69c5e02cf613e7bab060889f373052a03d7ac399e8f0d3c?s=96&d=mm&r=g","caption":"DYPALL Network"},"sameAs":["https:\/\/dypall.com"],"url":"https:\/\/dypall.com\/ro\/author\/dypall\/"}]}},"jetpack_featured_media_url":"","jetpack_sharing_enabled":true,"_links":{"self":[{"href":"https:\/\/dypall.com\/ro\/wp-json\/wp\/v2\/posts\/4820","targetHints":{"allow":["GET"]}}],"collection":[{"href":"https:\/\/dypall.com\/ro\/wp-json\/wp\/v2\/posts"}],"about":[{"href":"https:\/\/dypall.com\/ro\/wp-json\/wp\/v2\/types\/post"}],"author":[{"embeddable":true,"href":"https:\/\/dypall.com\/ro\/wp-json\/wp\/v2\/users\/1"}],"replies":[{"embeddable":true,"href":"https:\/\/dypall.com\/ro\/wp-json\/wp\/v2\/comments?post=4820"}],"version-history":[{"count":0,"href":"https:\/\/dypall.com\/ro\/wp-json\/wp\/v2\/posts\/4820\/revisions"}],"wp:featuredmedia":[{"embeddable":true,"href":"https:\/\/dypall.com\/ro\/wp-json\/"}],"wp:attachment":[{"href":"https:\/\/dypall.com\/ro\/wp-json\/wp\/v2\/media?parent=4820"}],"wp:term":[{"taxonomy":"category","embeddable":true,"href":"https:\/\/dypall.com\/ro\/wp-json\/wp\/v2\/categories?post=4820"},{"taxonomy":"post_tag","embeddable":true,"href":"https:\/\/dypall.com\/ro\/wp-json\/wp\/v2\/tags?post=4820"}],"curies":[{"name":"wp","href":"https:\/\/api.w.org\/{rel}","templated":true}]}}