{"id":4804,"date":"2021-03-04T09:21:32","date_gmt":"2021-03-04T09:21:32","guid":{"rendered":"https:\/\/dypall.com\/?p=4804"},"modified":"2021-03-04T09:21:32","modified_gmt":"2021-03-04T09:21:32","slug":"international-conference-how-to-cultivate-a-culture-of-innovation-and-an-entrepreneurial-mindset-in-schools","status":"publish","type":"post","link":"https:\/\/dypall.com\/ro\/activity\/international-conference-how-to-cultivate-a-culture-of-innovation-and-an-entrepreneurial-mindset-in-schools\/","title":{"rendered":"Conferin\u021ba interna\u021bional\u0103: Cum s\u0103 cultivi o cultur\u0103 a inova\u021biei \u0219i o mentalitate antreprenorial\u0103 \u00een \u0219coli?"},"content":{"rendered":"<p><a href=\"https:\/\/dypall.com\/ro\/2021\/03\/04\/international-conference-how-to-cultivate-a-culture-of-innovation-and-an-entrepreneurial-mindset-in-schools\/medium-poster-nes-international-conference\/#main\" rel=\"attachment wp-att-4806\"><img loading=\"lazy\" decoding=\"async\" class=\"size-large wp-image-4806 aligncenter\" src=\"https:\/\/dypall.com\/wp-content\/uploads\/2021\/03\/Medium-Poster-NES-International-Conference-1024x576.jpg\" alt=\"\" width=\"1024\" height=\"576\" \/><\/a><\/p>\n<p>Al\u0103tura\u021bi-v\u0103 nou\u0103 la conferin\u021ba interna\u021bional\u0103 \u201e<strong>Cum s\u0103 cultivi o cultur\u0103 a inova\u021biei \u0219i o mentalitate antreprenorial\u0103 \u00een \u0219coli?<\/strong>&#8221;<\/p>\n<p><strong>Data:<\/strong> 11 martie 16:00 CET (90 minute)<\/p>\n<p><strong>\u00cenregistra\u021bi-v\u0103 aici<\/strong>: <a style=\"color: #0000ff;\" href=\"https:\/\/us02web.zoom.us\/meeting\/register\/tZYlc-ypqzooGtwF5cL_bTzRmU30qrmz4azs\">https:\/\/us02web.zoom.us\/meeting\/register\/tZYlc-ypqzooGtwF5cL_bTzRmU30qrmz4azs<\/a><br \/>\nFiecare participant va primi un certificat de participare.<\/p>\n<p><strong>Informa\u021bii suplimentare:<\/strong><\/p>\n<p>Antreprenoriatul joac\u0103 un rol esen\u021bial \u00een abordarea provoc\u0103rilor globale ale secolului XXI, contribuind la o dezvoltare mai durabil\u0103, la crearea de oportunit\u0103\u021bi de ocupare a for\u021bei de munc\u0103, la promovarea valorii sociale pentru societate \u0219i la stimularea dezvolt\u0103rii teritoriilor locale. Este esen\u021bial s\u0103 se elaboreze strategii educa\u021bionale pentru antreprenoriat, \u00een cadrul c\u0103rora copiii \u0219i tinerii s\u0103 poat\u0103 dezvolta competen\u021be, cuno\u0219tin\u021be \u0219i atitudini care s\u0103 le permit\u0103 s\u0103 creeze valoare social\u0103 \u0219i economic\u0103, oferindu-le competen\u021be antreprenoriale care s\u0103 le permit\u0103 s\u0103 ac\u021bioneze ca agen\u021bi ai schimb\u0103rii sociale.<\/p>\n<p>Parteneri \u00een cadrul proiectului<strong>Re\u021beaua \u0219colilor antreprenoriale<\/strong>\u201d dezvoltate<strong> mai multe instrumente \u0219i standarde inovatoare pentru m\u0103surarea \u0219i \u00eembun\u0103t\u0103\u021birea educa\u021biei \u0219colare antreprenoriale<\/strong>. Conferin\u021ba reprezint\u0103 o oportunitate de a \u00eemp\u0103rt\u0103\u0219i aceste instrumente \u0219i de a \u00eenv\u0103\u021ba din experien\u021ba \u0219colilor care le-au pus \u00een aplicare ca proiect-pilot.<\/p>\n<p>Aceasta va servi, de asemenea, la promovarea Re\u021belei \u0219colilor antreprenoriale \u2013 o re\u021bea interna\u021bional\u0103 deschis\u0103 de \u0219coli \u0219i p\u0103r\u021bi interesate, care este o platform\u0103 pentru:<\/p>\n<p><strong>Re\u021bea:<\/strong> s\u0103 fac\u0103 schimb de experien\u021b\u0103, s\u0103 dezvolte parteneriate \u0219i proiecte interna\u021bionale bazate pe principii de \u00eencredere \u0219i cooperare<br \/>\n<strong>Cuno\u0219tin\u021be: <\/strong>integrarea unei comunit\u0103\u021bi de \u00eenv\u0103\u021bare care s\u0103 permit\u0103 accesul la cuno\u0219tin\u021be, practici \u0219i programe de antreprenoriat \u0219i inovare educa\u021bional\u0103 pentru \u00eentreaga comunitate \u0219colar\u0103<br \/>\n<strong>RECUNOA\u0218TERE:\u00a0<\/strong>s\u0103 aib\u0103 posibilitatea unei mai mari recunoa\u0219teri locale \u0219i interna\u021bionale a organiza\u021biei\/\u0219colii<br \/>\n<strong>SPRIJIN:<\/strong> au posibilitatea consultan\u021bei educa\u021bionale pentru a sprijini dezvoltarea proiectelor \u0219i ini\u021biativelor antreprenoriale<\/p>\n<p>Vorbitor principal: <strong>Ciprian St\u0103nescu<br \/>\n<\/strong><img loading=\"lazy\" decoding=\"async\" class=\"alignright wp-image-4805\" src=\"https:\/\/dypall.com\/wp-content\/uploads\/2021\/03\/received_1797493403743638-1024x1024.jpeg\" alt=\"\" width=\"175\" height=\"175\" \/><em>Co-fondator al Social Innovation Solutions, o organiza\u021bie care ofer\u0103 consultan\u021b\u0103 \u0219i sprijin ONG-urilor \u0219i corpora\u021biilor \u00een ceea ce prive\u0219te impactul social, tendin\u021bele viitoare \u0219i inova\u021bia. El gestioneaz\u0103 o varietate de programe educa\u021bionale \u0219i concursuri de afaceri, cum ar fi Social Impact Award \u0219i Future Makers sau platforme de conversa\u021bie, cum ar fi Future Summit of Future Talks. Ciprian a lucrat timp de 2 ani pentru Ashoka Rom\u00e2nia \u0219i 10 ani pentru Institutul Aspen Rom\u00e2nia. Este absolvent Global Shaper al Forumului Economic Mondial \u0219i co-fondator al Global Shapers Bucharest Hub. Pred\u0103 3 clase la Academia de Antreprenoriat din Bucure\u0219ti (Futurism, CSR &amp; amp; Sustenabilitate \u0219i Leadership) \u0219i \u00een prezent \u00ee\u0219i face doctoratul \u00een Economie Interna\u021bional\u0103 la Bucure\u0219ti. Ciprian de\u021bine un MA \u00een \u0218tiin\u021be Politice de la Universitatea Central European\u0103 din Budapesta. Este vorbitor frecvent la Future Trends &amp; Foresight, Industry and Social Innovation, at\u00e2t \u00een Rom\u00e2nia, c\u00e2t \u0219i \u00een str\u0103in\u0103tate.<\/em><\/p>\n<p>Nu pute\u021bi participa la conferin\u021b\u0103? Pentru a v\u0103 al\u0103tura re\u021belei, completa\u021bi un scurt chestionar <a style=\"color: #0000ff;\" href=\"https:\/\/www.entrepreneurialschoolsnetwork.com\/join-us\">aici<\/a> sau s\u0103 \u00eenve\u021be mai multe din aceast\u0103 <a style=\"color: #0000ff;\" href=\"https:\/\/dypall.com\/wp-content\/uploads\/2021\/02\/NES-Presentation-Join-us-2.pdf\">scurt\u0103 prezentare<\/a>.<\/p>\n<p>Acest lucru \u0219i multe altele se g\u0103sesc pe <a style=\"color: #0000ff;\" href=\"https:\/\/www.entrepreneurialschoolsnetwork.com\/\">website<\/a> \u0219i <a style=\"color: #0000ff;\" href=\"https:\/\/www.facebook.com\/entrepreneurialschools\">Facebook<\/a> Re\u021beaua \u0218colilor Antreprenoriale.<\/p>\n<p>Conferin\u021ba este activitatea final\u0103 a Re\u021belei \u0218colilor Antreprenoriale (NES) \u2013 un proiect cofinan\u021bat prin programul Erasmus + al Uniunii Europene, condus de Ag\u00eancia DNA Cascais \u00een parteneriat cu Re\u021beaua DYPALL, Scoala Gimnaziala Traian Craiova, Maltas Vidusskola \u0219i directorul \u00eenv\u0103\u021b\u0103m\u00e2ntului secundar din Kartidsa. Proiectul \u00ee\u0219i propune s\u0103 contribuie la promovarea unei culturi a inov\u0103rii \u0219i a spiritului antreprenorial \u00een comunitatea \u0219colar\u0103.<\/p>","protected":false},"excerpt":{"rendered":"<p>Al\u0103tura\u021bi-v\u0103 conferin\u021bei interna\u021bionale \u201eCum s\u0103 cultiv\u0103m o cultur\u0103 a inov\u0103rii \u0219i o mentalitate antreprenorial\u0103 \u00een \u0219coli?\u201d Data: 11 martie 16:00 CET (90 minute) \u00cenregistra\u021bi-v\u0103 aici: https:\/\/us02web.zoom.us\/meeting\/register\/tZYlc-ypqzooGtwF5cL_bTzRmU30qrmz4azs Fiecare participant va primi un certificat de participare. Informa\u021bii suplimentare: Antreprenoriatul joac\u0103 un rol-cheie \u00een abordarea provoc\u0103rilor globale ale secolului XXI, contribuind la... <a class=\"more-link\" href=\"https:\/\/dypall.com\/ro\/activity\/international-conference-how-to-cultivate-a-culture-of-innovation-and-an-entrepreneurial-mindset-in-schools\/\">Continu\u0103 lectura <span class=\"screen-reader-text\">Conferin\u021ba interna\u021bional\u0103: Cum s\u0103 cultivi o cultur\u0103 a inova\u021biei \u0219i o mentalitate antreprenorial\u0103 \u00een \u0219coli?<\/span><\/a><\/p>","protected":false},"author":2,"featured_media":4810,"comment_status":"closed","ping_status":"open","sticky":false,"template":"","format":"standard","meta":{"_acf_changed":false,"_jetpack_memberships_contains_paid_content":false,"footnotes":""},"categories":[111,112],"tags":[],"class_list":["post-4804","post","type-post","status-publish","format-standard","has-post-thumbnail","hentry","category-activity","category-conference","entry"],"acf":[],"yoast_head":"<!-- This site is optimized with the Yoast SEO plugin v22.8 - https:\/\/yoast.com\/wordpress\/plugins\/seo\/ -->\n<title>International Conference: How to cultivate a culture of innovation and an entrepreneurial mindset in schools? - DYPALL Network<\/title>\n<meta name=\"robots\" content=\"index, follow, max-snippet:-1, max-image-preview:large, max-video-preview:-1\" \/>\n<link rel=\"canonical\" href=\"https:\/\/dypall.com\/ro\/activity\/international-conference-how-to-cultivate-a-culture-of-innovation-and-an-entrepreneurial-mindset-in-schools\/\" \/>\n<meta property=\"og:locale\" content=\"ro_RO\" \/>\n<meta property=\"og:type\" content=\"article\" \/>\n<meta property=\"og:title\" content=\"International Conference: How to cultivate a culture of innovation and an entrepreneurial mindset in schools? - DYPALL Network\" \/>\n<meta property=\"og:description\" content=\"Join us for the international conference &#8220;How to cultivate a culture of innovation and an entrepreneurial mindset in schools?&#8221; Date: 11th March 16:00 CET (90 minutes) Register here: https:\/\/us02web.zoom.us\/meeting\/register\/tZYlc-ypqzooGtwF5cL_bTzRmU30qrmz4azs Each participant will receive a certificate of participation. Additional information: Entrepreneurship plays a key role in addressing the global challenges of the XXI century, contributing to&hellip; Continu\u0103 lectura International Conference: How to cultivate a culture of innovation and an entrepreneurial mindset in schools?\" \/>\n<meta property=\"og:url\" content=\"https:\/\/dypall.com\/ro\/activity\/international-conference-how-to-cultivate-a-culture-of-innovation-and-an-entrepreneurial-mindset-in-schools\/\" \/>\n<meta property=\"og:site_name\" content=\"DYPALL Network\" \/>\n<meta property=\"article:published_time\" content=\"2021-03-04T09:21:32+00:00\" \/>\n<meta name=\"author\" content=\"dypall\" \/>\n<meta name=\"twitter:card\" content=\"summary_large_image\" \/>\n<meta name=\"twitter:label1\" content=\"Written by\" \/>\n\t<meta name=\"twitter:data1\" content=\"dypall\" \/>\n\t<meta name=\"twitter:label2\" content=\"Est. reading time\" \/>\n\t<meta name=\"twitter:data2\" content=\"3 minute\" \/>\n<script type=\"application\/ld+json\" class=\"yoast-schema-graph\">{\"@context\":\"https:\/\/schema.org\",\"@graph\":[{\"@type\":\"WebPage\",\"@id\":\"https:\/\/dypall.com\/activity\/international-conference-how-to-cultivate-a-culture-of-innovation-and-an-entrepreneurial-mindset-in-schools\/\",\"url\":\"https:\/\/dypall.com\/activity\/international-conference-how-to-cultivate-a-culture-of-innovation-and-an-entrepreneurial-mindset-in-schools\/\",\"name\":\"International Conference: How to cultivate a culture of innovation and an entrepreneurial mindset in schools? - DYPALL Network\",\"isPartOf\":{\"@id\":\"https:\/\/dypall.com\/#website\"},\"primaryImageOfPage\":{\"@id\":\"https:\/\/dypall.com\/activity\/international-conference-how-to-cultivate-a-culture-of-innovation-and-an-entrepreneurial-mindset-in-schools\/#primaryimage\"},\"image\":{\"@id\":\"https:\/\/dypall.com\/activity\/international-conference-how-to-cultivate-a-culture-of-innovation-and-an-entrepreneurial-mindset-in-schools\/#primaryimage\"},\"thumbnailUrl\":\"\",\"datePublished\":\"2021-03-04T09:21:32+00:00\",\"dateModified\":\"2021-03-04T09:21:32+00:00\",\"author\":{\"@id\":\"https:\/\/dypall.com\/#\/schema\/person\/206350efe851997fcdedef75d118766b\"},\"breadcrumb\":{\"@id\":\"https:\/\/dypall.com\/activity\/international-conference-how-to-cultivate-a-culture-of-innovation-and-an-entrepreneurial-mindset-in-schools\/#breadcrumb\"},\"inLanguage\":\"ro-RO\",\"potentialAction\":[{\"@type\":\"ReadAction\",\"target\":[\"https:\/\/dypall.com\/activity\/international-conference-how-to-cultivate-a-culture-of-innovation-and-an-entrepreneurial-mindset-in-schools\/\"]}]},{\"@type\":\"ImageObject\",\"inLanguage\":\"ro-RO\",\"@id\":\"https:\/\/dypall.com\/activity\/international-conference-how-to-cultivate-a-culture-of-innovation-and-an-entrepreneurial-mindset-in-schools\/#primaryimage\",\"url\":\"\",\"contentUrl\":\"\"},{\"@type\":\"BreadcrumbList\",\"@id\":\"https:\/\/dypall.com\/activity\/international-conference-how-to-cultivate-a-culture-of-innovation-and-an-entrepreneurial-mindset-in-schools\/#breadcrumb\",\"itemListElement\":[{\"@type\":\"ListItem\",\"position\":1,\"name\":\"Home\",\"item\":\"https:\/\/dypall.com\/\"},{\"@type\":\"ListItem\",\"position\":2,\"name\":\"International Conference: How to cultivate a culture of innovation and an entrepreneurial mindset in schools?\"}]},{\"@type\":\"WebSite\",\"@id\":\"https:\/\/dypall.com\/#website\",\"url\":\"https:\/\/dypall.com\/\",\"name\":\"DYPALL Network\",\"description\":\"We are a European network of civil society organisations, municipalities and research institutions dedicated to improving democracy through youth participation.\",\"potentialAction\":[{\"@type\":\"SearchAction\",\"target\":{\"@type\":\"EntryPoint\",\"urlTemplate\":\"https:\/\/dypall.com\/?s={search_term_string}\"},\"query-input\":\"required name=search_term_string\"}],\"inLanguage\":\"ro-RO\"},{\"@type\":\"Person\",\"@id\":\"https:\/\/dypall.com\/#\/schema\/person\/206350efe851997fcdedef75d118766b\",\"name\":\"dypall\",\"image\":{\"@type\":\"ImageObject\",\"inLanguage\":\"ro-RO\",\"@id\":\"https:\/\/dypall.com\/#\/schema\/person\/image\/\",\"url\":\"https:\/\/secure.gravatar.com\/avatar\/14e8d3d8841cd0bdf69915120bcf9fcfac1567f1dc7035664907322ac47efe29?s=96&d=mm&r=g\",\"contentUrl\":\"https:\/\/secure.gravatar.com\/avatar\/14e8d3d8841cd0bdf69915120bcf9fcfac1567f1dc7035664907322ac47efe29?s=96&d=mm&r=g\",\"caption\":\"dypall\"},\"url\":\"https:\/\/dypall.com\/ro\/author\/dypall_info\/\"}]}<\/script>\n<!-- \/ Yoast SEO plugin. -->","yoast_head_json":{"title":"International Conference: How to cultivate a culture of innovation and an entrepreneurial mindset in schools? - DYPALL Network","robots":{"index":"index","follow":"follow","max-snippet":"max-snippet:-1","max-image-preview":"max-image-preview:large","max-video-preview":"max-video-preview:-1"},"canonical":"https:\/\/dypall.com\/ro\/activity\/international-conference-how-to-cultivate-a-culture-of-innovation-and-an-entrepreneurial-mindset-in-schools\/","og_locale":"ro_RO","og_type":"article","og_title":"International Conference: How to cultivate a culture of innovation and an entrepreneurial mindset in schools? - DYPALL Network","og_description":"Join us for the international conference &#8220;How to cultivate a culture of innovation and an entrepreneurial mindset in schools?&#8221; Date: 11th March 16:00 CET (90 minutes) Register here: https:\/\/us02web.zoom.us\/meeting\/register\/tZYlc-ypqzooGtwF5cL_bTzRmU30qrmz4azs Each participant will receive a certificate of participation. Additional information: Entrepreneurship plays a key role in addressing the global challenges of the XXI century, contributing to&hellip; Continu\u0103 lectura International Conference: How to cultivate a culture of innovation and an entrepreneurial mindset in schools?","og_url":"https:\/\/dypall.com\/ro\/activity\/international-conference-how-to-cultivate-a-culture-of-innovation-and-an-entrepreneurial-mindset-in-schools\/","og_site_name":"DYPALL Network","article_published_time":"2021-03-04T09:21:32+00:00","author":"dypall","twitter_card":"summary_large_image","twitter_misc":{"Written by":"dypall","Est. reading time":"3 minute"},"schema":{"@context":"https:\/\/schema.org","@graph":[{"@type":"WebPage","@id":"https:\/\/dypall.com\/activity\/international-conference-how-to-cultivate-a-culture-of-innovation-and-an-entrepreneurial-mindset-in-schools\/","url":"https:\/\/dypall.com\/activity\/international-conference-how-to-cultivate-a-culture-of-innovation-and-an-entrepreneurial-mindset-in-schools\/","name":"International Conference: How to cultivate a culture of innovation and an entrepreneurial mindset in schools? - DYPALL Network","isPartOf":{"@id":"https:\/\/dypall.com\/#website"},"primaryImageOfPage":{"@id":"https:\/\/dypall.com\/activity\/international-conference-how-to-cultivate-a-culture-of-innovation-and-an-entrepreneurial-mindset-in-schools\/#primaryimage"},"image":{"@id":"https:\/\/dypall.com\/activity\/international-conference-how-to-cultivate-a-culture-of-innovation-and-an-entrepreneurial-mindset-in-schools\/#primaryimage"},"thumbnailUrl":"","datePublished":"2021-03-04T09:21:32+00:00","dateModified":"2021-03-04T09:21:32+00:00","author":{"@id":"https:\/\/dypall.com\/#\/schema\/person\/206350efe851997fcdedef75d118766b"},"breadcrumb":{"@id":"https:\/\/dypall.com\/activity\/international-conference-how-to-cultivate-a-culture-of-innovation-and-an-entrepreneurial-mindset-in-schools\/#breadcrumb"},"inLanguage":"ro-RO","potentialAction":[{"@type":"ReadAction","target":["https:\/\/dypall.com\/activity\/international-conference-how-to-cultivate-a-culture-of-innovation-and-an-entrepreneurial-mindset-in-schools\/"]}]},{"@type":"ImageObject","inLanguage":"ro-RO","@id":"https:\/\/dypall.com\/activity\/international-conference-how-to-cultivate-a-culture-of-innovation-and-an-entrepreneurial-mindset-in-schools\/#primaryimage","url":"","contentUrl":""},{"@type":"BreadcrumbList","@id":"https:\/\/dypall.com\/activity\/international-conference-how-to-cultivate-a-culture-of-innovation-and-an-entrepreneurial-mindset-in-schools\/#breadcrumb","itemListElement":[{"@type":"ListItem","position":1,"name":"Home","item":"https:\/\/dypall.com\/"},{"@type":"ListItem","position":2,"name":"International Conference: How to cultivate a culture of innovation and an entrepreneurial mindset in schools?"}]},{"@type":"WebSite","@id":"https:\/\/dypall.com\/#website","url":"https:\/\/dypall.com\/","name":"DYPALL Network","description":"We are a European network of civil society organisations, municipalities and research institutions dedicated to improving democracy through youth participation.","potentialAction":[{"@type":"SearchAction","target":{"@type":"EntryPoint","urlTemplate":"https:\/\/dypall.com\/?s={search_term_string}"},"query-input":"required name=search_term_string"}],"inLanguage":"ro-RO"},{"@type":"Person","@id":"https:\/\/dypall.com\/#\/schema\/person\/206350efe851997fcdedef75d118766b","name":"dypall","image":{"@type":"ImageObject","inLanguage":"ro-RO","@id":"https:\/\/dypall.com\/#\/schema\/person\/image\/","url":"https:\/\/secure.gravatar.com\/avatar\/14e8d3d8841cd0bdf69915120bcf9fcfac1567f1dc7035664907322ac47efe29?s=96&d=mm&r=g","contentUrl":"https:\/\/secure.gravatar.com\/avatar\/14e8d3d8841cd0bdf69915120bcf9fcfac1567f1dc7035664907322ac47efe29?s=96&d=mm&r=g","caption":"dypall"},"url":"https:\/\/dypall.com\/ro\/author\/dypall_info\/"}]}},"jetpack_featured_media_url":"","jetpack_sharing_enabled":true,"_links":{"self":[{"href":"https:\/\/dypall.com\/ro\/wp-json\/wp\/v2\/posts\/4804","targetHints":{"allow":["GET"]}}],"collection":[{"href":"https:\/\/dypall.com\/ro\/wp-json\/wp\/v2\/posts"}],"about":[{"href":"https:\/\/dypall.com\/ro\/wp-json\/wp\/v2\/types\/post"}],"author":[{"embeddable":true,"href":"https:\/\/dypall.com\/ro\/wp-json\/wp\/v2\/users\/2"}],"replies":[{"embeddable":true,"href":"https:\/\/dypall.com\/ro\/wp-json\/wp\/v2\/comments?post=4804"}],"version-history":[{"count":0,"href":"https:\/\/dypall.com\/ro\/wp-json\/wp\/v2\/posts\/4804\/revisions"}],"wp:featuredmedia":[{"embeddable":true,"href":"https:\/\/dypall.com\/ro\/wp-json\/"}],"wp:attachment":[{"href":"https:\/\/dypall.com\/ro\/wp-json\/wp\/v2\/media?parent=4804"}],"wp:term":[{"taxonomy":"category","embeddable":true,"href":"https:\/\/dypall.com\/ro\/wp-json\/wp\/v2\/categories?post=4804"},{"taxonomy":"post_tag","embeddable":true,"href":"https:\/\/dypall.com\/ro\/wp-json\/wp\/v2\/tags?post=4804"}],"curies":[{"name":"wp","href":"https:\/\/api.w.org\/{rel}","templated":true}]}}