{"id":4584,"date":"2020-11-27T17:42:35","date_gmt":"2020-11-27T17:42:35","guid":{"rendered":"https:\/\/dypall.com\/?p=4584"},"modified":"2020-11-27T17:42:35","modified_gmt":"2020-11-27T17:42:35","slug":"artificial-intelligence-how-can-youth-take-part","status":"publish","type":"post","link":"https:\/\/dypall.com\/ro\/activity\/artificial-intelligence-how-can-youth-take-part\/","title":{"rendered":"Inteligen\u021ba artificial\u0103: Cum pot participa tinerii?"},"content":{"rendered":"<div class=\"o9v6fnle cxmmr5t8 oygrvhab hcukyx3x c1et5uql ii04i59q\">\n<div dir=\"auto\">\u00cen perioada 23-27 noiembrie 2020, Consiliul Europei a organizat un seminar <em>Inteligen\u021ba artificial\u0103: Cum pot participa tinerii?<\/em><\/div>\n<div dir=\"auto\">Scopul seminarului a fost de a r\u0103spunde la urm\u0103toarele \u00eentreb\u0103ri:<\/div>\n<ul>\n<li>Ce trebuie s\u0103 \u0219tie tinerii pentru a se sim\u021bi parte a proceselor sociale, tehnologice \u0219i politice legate de IA?<\/li>\n<li>Ce ar trebui s\u0103 ia \u00een considerare actorii publici \u0219i priva\u021bi din domeniul IA pentru a permite spa\u021bii de participare pentru \u0219i de c\u0103tre tineri, nativii digitali?<\/li>\n<\/ul>\n<div dir=\"auto\">Peste 80 de factori de decizie, reprezentan\u021bi ai sectorului tineretului, exper\u021bi \u00een inteligen\u021ba artificial\u0103, cercet\u0103tori \u0219i, cel mai important, tineri, au discutat despre modalit\u0103\u021bile de deschidere a proceselor de guvernan\u021b\u0103 \u00een domeniul IA pentru tineri \u0219i de asigurare a faptului c\u0103 vocea lor este auzit\u0103. Seminarul a fost o continuare a seminarului din 2019 <a href=\"https:\/\/www.coe.int\/en\/web\/youth\/artificial-intelligence\">Inteligen\u021ba artificial\u0103 \u0219i impactul s\u0103u asupra tinerilor.<\/a><\/div>\n<div dir=\"auto\"><\/div>\n<\/div>\n<div dir=\"auto\">Seminarul a avut loc online, ceea ce a permis unui num\u0103r mai mare de participan\u021bi s\u0103 participe activ. Aceasta va fi urmat\u0103 de un raport informativ \u0219i de o declara\u021bie a tinerilor privind inteligen\u021ba artificial\u0103. \u00cen calitate de a\u0219a-numi\u021bi \u201enativi digitali\u201d, tinerii au primul contact cu inteligen\u021ba artificial\u0103 la o v\u00e2rst\u0103 foarte fraged\u0103. Cu toate acestea, cei mai mul\u021bi dintre ei nu \u00ee\u0219i dau seama cum le poate influen\u021ba via\u021ba acum \u0219i \u00een viitor. \u00centre timp, \u00eentreprinderile IT de v\u00e2rf concureaz\u0103 \u00een crearea de inova\u021bii disruptive \u00een domeniul IA, iar factorii de decizie interna\u021bionali \u00eencearc\u0103 s\u0103 recupereze decalajul, lupt\u00e2ndu-se s\u0103 se adapteze noilor evolu\u021bii \u00een cadrele juridice.<\/div>\n<div dir=\"auto\"><\/div>\n<div dir=\"auto\">Tinerii ar trebui s\u0103 fac\u0103 parte din aceste procese de elaborare a politicilor, deoarece IA are puterea de a-\u0219i forma viitorul. Pentru a se al\u0103tura, au nevoie de o educa\u021bie adecvat\u0103 \u00een acest domeniu, care ar trebui s\u0103 fac\u0103 parte din programa de educa\u021bie formal\u0103. Aceasta \u00eenseamn\u0103 c\u0103 \u0219i educatorii formali vor trebui s\u0103 dezvolte mai multe abilit\u0103\u021bi \u0219i competen\u021be \u00een acest subiect. Toate acestea ar trebui s\u0103 reprezinte o preocupare a factorilor de decizie, a institu\u021biilor \u0219i a organiza\u021biilor de tineret de la nivel na\u021bional \u0219i interna\u021bional.<\/div>\n<div dir=\"auto\"><\/div>\n<div dir=\"auto\">De\u0219i IA este un subiect subreprezentat \u00een sectorul tineretului, aceasta are cea mai mare relevan\u021b\u0103 pentru tineri, iar re\u021beaua DYPALL va continua s\u0103 lucreze \u00een acest domeniu.<\/div>\n<div dir=\"auto\"><\/div>\n<div dir=\"auto\">Seminarul a fost ilustrat de Vanda Kovacs \u0219i c\u00e2teva dintre fotografiile ei pe care le ata\u0219\u0103m mai jos. Toate acestea formeaz\u0103 un rezumat frumos, care se g\u0103se\u0219te \u00een acest <a href=\"https:\/\/www.coe.int\/en\/web\/youth\/artificial-intelligence\">linkul;<\/a> unde ve\u021bi g\u0103si, de asemenea, mai multe informa\u021bii despre sesiune.<\/div>\n<div dir=\"auto\"><\/div>\n<div dir=\"auto\"><\/div>\n<div dir=\"auto\"><a href=\"https:\/\/dypall.com\/ro\/2020\/12\/04\/artificial-intelligence-how-can-youth-take-part\/1-10\/#main\" rel=\"attachment wp-att-4604\"><img loading=\"lazy\" decoding=\"async\" class=\"aligncenter size-large wp-image-4604\" src=\"https:\/\/dypall.com\/wp-content\/uploads\/2020\/12\/1-2-1024x576.jpg\" alt=\"\" width=\"1024\" height=\"576\" \/><\/a><\/div>\n<div dir=\"auto\"><\/div>\n<div dir=\"auto\"><a href=\"https:\/\/dypall.com\/ro\/2020\/12\/04\/artificial-intelligence-how-can-youth-take-part\/my-fav-2\/#main\" rel=\"attachment wp-att-4602\"><img loading=\"lazy\" decoding=\"async\" class=\"aligncenter size-large wp-image-4602\" src=\"https:\/\/dypall.com\/wp-content\/uploads\/2020\/12\/my-fav-1-1024x576.jpg\" alt=\"\" width=\"1024\" height=\"576\" \/><\/a><\/div>\n<div dir=\"auto\"><\/div>\n<div dir=\"auto\"><a href=\"https:\/\/dypall.com\/ro\/2020\/12\/04\/artificial-intelligence-how-can-youth-take-part\/9-4\/#main\" rel=\"attachment wp-att-4601\"><img loading=\"lazy\" decoding=\"async\" class=\"aligncenter size-large wp-image-4601\" src=\"https:\/\/dypall.com\/wp-content\/uploads\/2020\/12\/9-1-1024x576.jpg\" alt=\"\" width=\"1024\" height=\"576\" \/><\/a><\/div>\n<div dir=\"auto\"><\/div>\n<div dir=\"auto\"><a href=\"https:\/\/dypall.com\/ro\/2020\/12\/04\/artificial-intelligence-how-can-youth-take-part\/7-4\/#main\" rel=\"attachment wp-att-4600\"><img loading=\"lazy\" decoding=\"async\" class=\"aligncenter size-large wp-image-4600\" src=\"https:\/\/dypall.com\/wp-content\/uploads\/2020\/12\/7-1-1024x576.jpg\" alt=\"\" width=\"1024\" height=\"576\" \/><\/a><\/div>\n<div dir=\"auto\"><\/div>\n<div dir=\"auto\"><a href=\"https:\/\/dypall.com\/ro\/2020\/12\/04\/artificial-intelligence-how-can-youth-take-part\/5-10\/#main\" rel=\"attachment wp-att-4599\"><img loading=\"lazy\" decoding=\"async\" class=\"aligncenter size-large wp-image-4599\" src=\"https:\/\/dypall.com\/wp-content\/uploads\/2020\/12\/5-1-1024x576.jpg\" alt=\"\" width=\"1024\" height=\"576\" \/><\/a><\/div>\n<div dir=\"auto\"><\/div>\n<div dir=\"auto\"><a href=\"https:\/\/dypall.com\/ro\/2020\/12\/04\/artificial-intelligence-how-can-youth-take-part\/4-6\/#main\" rel=\"attachment wp-att-4598\"><img loading=\"lazy\" decoding=\"async\" class=\"aligncenter size-large wp-image-4598\" src=\"https:\/\/dypall.com\/wp-content\/uploads\/2020\/12\/4-1-1024x576.jpg\" alt=\"\" width=\"1024\" height=\"576\" \/><\/a><\/div>\n<div dir=\"auto\"><\/div>\n<div dir=\"auto\"><a href=\"https:\/\/dypall.com\/ro\/2020\/12\/04\/artificial-intelligence-how-can-youth-take-part\/3-6\/#main\" rel=\"attachment wp-att-4597\"><img loading=\"lazy\" decoding=\"async\" class=\"aligncenter size-large wp-image-4597\" src=\"https:\/\/dypall.com\/wp-content\/uploads\/2020\/12\/3-1-1024x576.jpg\" alt=\"\" width=\"1024\" height=\"576\" \/><\/a><\/div>\n<div dir=\"auto\"><\/div>\n<div dir=\"auto\"><a href=\"https:\/\/dypall.com\/ro\/2020\/12\/04\/artificial-intelligence-how-can-youth-take-part\/2-7\/#main\" rel=\"attachment wp-att-4596\"><img loading=\"lazy\" decoding=\"async\" class=\"aligncenter size-large wp-image-4596\" src=\"https:\/\/dypall.com\/wp-content\/uploads\/2020\/12\/2-1-1024x576.jpg\" alt=\"\" width=\"1024\" height=\"576\" \/><\/a><\/div>","protected":false},"excerpt":{"rendered":"<p>\u00cen perioada 23-27 noiembrie 2020, Consiliul Europei a organizat un seminar pe tema \u201eInteligen\u021ba artificial\u0103: Cum pot participa tinerii? Scopul seminarului a fost de a r\u0103spunde la urm\u0103toarele \u00eentreb\u0103ri: Ce trebuie s\u0103 \u0219tie tinerii pentru a se sim\u021bi parte a proceselor sociale, tehnologice \u0219i politice legate de IA? Ce ar trebui s\u0103 fac\u0103 actorii publici \u0219i priva\u021bi \u00een... <a class=\"more-link\" href=\"https:\/\/dypall.com\/ro\/activity\/artificial-intelligence-how-can-youth-take-part\/\">Continu\u0103 lectura <span class=\"screen-reader-text\">Inteligen\u021ba artificial\u0103: Cum pot participa tinerii?<\/span><\/a><\/p>","protected":false},"author":2,"featured_media":4594,"comment_status":"closed","ping_status":"open","sticky":false,"template":"","format":"standard","meta":{"_acf_changed":false,"_jetpack_memberships_contains_paid_content":false,"footnotes":""},"categories":[111,112],"tags":[],"class_list":["post-4584","post","type-post","status-publish","format-standard","has-post-thumbnail","hentry","category-activity","category-conference","entry"],"acf":[],"yoast_head":"<!-- This site is optimized with the Yoast SEO plugin v22.8 - https:\/\/yoast.com\/wordpress\/plugins\/seo\/ -->\n<title>Artificial intelligence: How can youth take part? - DYPALL Network<\/title>\n<meta name=\"robots\" content=\"index, follow, max-snippet:-1, max-image-preview:large, max-video-preview:-1\" \/>\n<link rel=\"canonical\" href=\"https:\/\/dypall.com\/ro\/activity\/artificial-intelligence-how-can-youth-take-part\/\" \/>\n<meta property=\"og:locale\" content=\"ro_RO\" \/>\n<meta property=\"og:type\" content=\"article\" \/>\n<meta property=\"og:title\" content=\"Artificial intelligence: How can youth take part? - DYPALL Network\" \/>\n<meta property=\"og:description\" content=\"Between 23th-27th November 2020 Council of Europe organised a seminar Artificial intelligence: How can youth take part?. The goal of the seminar was to answer the following questions: What do young people need to know to feel part of the social, technological and political processes around AI? What should the public and private actors in&hellip; Continu\u0103 lectura Artificial intelligence: How can youth take part?\" \/>\n<meta property=\"og:url\" content=\"https:\/\/dypall.com\/ro\/activity\/artificial-intelligence-how-can-youth-take-part\/\" \/>\n<meta property=\"og:site_name\" content=\"DYPALL Network\" \/>\n<meta property=\"article:published_time\" content=\"2020-11-27T17:42:35+00:00\" \/>\n<meta name=\"author\" content=\"dypall\" \/>\n<meta name=\"twitter:card\" content=\"summary_large_image\" \/>\n<meta name=\"twitter:label1\" content=\"Written by\" \/>\n\t<meta name=\"twitter:data1\" content=\"dypall\" \/>\n\t<meta name=\"twitter:label2\" content=\"Est. reading time\" \/>\n\t<meta name=\"twitter:data2\" content=\"2 minute\" \/>\n<script type=\"application\/ld+json\" class=\"yoast-schema-graph\">{\"@context\":\"https:\/\/schema.org\",\"@graph\":[{\"@type\":\"WebPage\",\"@id\":\"https:\/\/dypall.com\/activity\/artificial-intelligence-how-can-youth-take-part\/\",\"url\":\"https:\/\/dypall.com\/activity\/artificial-intelligence-how-can-youth-take-part\/\",\"name\":\"Artificial intelligence: How can youth take part? - DYPALL Network\",\"isPartOf\":{\"@id\":\"https:\/\/dypall.com\/#website\"},\"primaryImageOfPage\":{\"@id\":\"https:\/\/dypall.com\/activity\/artificial-intelligence-how-can-youth-take-part\/#primaryimage\"},\"image\":{\"@id\":\"https:\/\/dypall.com\/activity\/artificial-intelligence-how-can-youth-take-part\/#primaryimage\"},\"thumbnailUrl\":\"\",\"datePublished\":\"2020-11-27T17:42:35+00:00\",\"dateModified\":\"2020-11-27T17:42:35+00:00\",\"author\":{\"@id\":\"https:\/\/dypall.com\/#\/schema\/person\/206350efe851997fcdedef75d118766b\"},\"breadcrumb\":{\"@id\":\"https:\/\/dypall.com\/activity\/artificial-intelligence-how-can-youth-take-part\/#breadcrumb\"},\"inLanguage\":\"ro-RO\",\"potentialAction\":[{\"@type\":\"ReadAction\",\"target\":[\"https:\/\/dypall.com\/activity\/artificial-intelligence-how-can-youth-take-part\/\"]}]},{\"@type\":\"ImageObject\",\"inLanguage\":\"ro-RO\",\"@id\":\"https:\/\/dypall.com\/activity\/artificial-intelligence-how-can-youth-take-part\/#primaryimage\",\"url\":\"\",\"contentUrl\":\"\"},{\"@type\":\"BreadcrumbList\",\"@id\":\"https:\/\/dypall.com\/activity\/artificial-intelligence-how-can-youth-take-part\/#breadcrumb\",\"itemListElement\":[{\"@type\":\"ListItem\",\"position\":1,\"name\":\"Home\",\"item\":\"https:\/\/dypall.com\/\"},{\"@type\":\"ListItem\",\"position\":2,\"name\":\"Artificial intelligence: How can youth take part?\"}]},{\"@type\":\"WebSite\",\"@id\":\"https:\/\/dypall.com\/#website\",\"url\":\"https:\/\/dypall.com\/\",\"name\":\"DYPALL Network\",\"description\":\"We are a European network of civil society organisations, municipalities and research institutions dedicated to improving democracy through youth participation.\",\"potentialAction\":[{\"@type\":\"SearchAction\",\"target\":{\"@type\":\"EntryPoint\",\"urlTemplate\":\"https:\/\/dypall.com\/?s={search_term_string}\"},\"query-input\":\"required name=search_term_string\"}],\"inLanguage\":\"ro-RO\"},{\"@type\":\"Person\",\"@id\":\"https:\/\/dypall.com\/#\/schema\/person\/206350efe851997fcdedef75d118766b\",\"name\":\"dypall\",\"image\":{\"@type\":\"ImageObject\",\"inLanguage\":\"ro-RO\",\"@id\":\"https:\/\/dypall.com\/#\/schema\/person\/image\/\",\"url\":\"https:\/\/secure.gravatar.com\/avatar\/14e8d3d8841cd0bdf69915120bcf9fcfac1567f1dc7035664907322ac47efe29?s=96&d=mm&r=g\",\"contentUrl\":\"https:\/\/secure.gravatar.com\/avatar\/14e8d3d8841cd0bdf69915120bcf9fcfac1567f1dc7035664907322ac47efe29?s=96&d=mm&r=g\",\"caption\":\"dypall\"},\"url\":\"https:\/\/dypall.com\/ro\/author\/dypall_info\/\"}]}<\/script>\n<!-- \/ Yoast SEO plugin. -->","yoast_head_json":{"title":"Artificial intelligence: How can youth take part? - DYPALL Network","robots":{"index":"index","follow":"follow","max-snippet":"max-snippet:-1","max-image-preview":"max-image-preview:large","max-video-preview":"max-video-preview:-1"},"canonical":"https:\/\/dypall.com\/ro\/activity\/artificial-intelligence-how-can-youth-take-part\/","og_locale":"ro_RO","og_type":"article","og_title":"Artificial intelligence: How can youth take part? - DYPALL Network","og_description":"Between 23th-27th November 2020 Council of Europe organised a seminar Artificial intelligence: How can youth take part?. The goal of the seminar was to answer the following questions: What do young people need to know to feel part of the social, technological and political processes around AI? What should the public and private actors in&hellip; Continu\u0103 lectura Artificial intelligence: How can youth take part?","og_url":"https:\/\/dypall.com\/ro\/activity\/artificial-intelligence-how-can-youth-take-part\/","og_site_name":"DYPALL Network","article_published_time":"2020-11-27T17:42:35+00:00","author":"dypall","twitter_card":"summary_large_image","twitter_misc":{"Written by":"dypall","Est. reading time":"2 minute"},"schema":{"@context":"https:\/\/schema.org","@graph":[{"@type":"WebPage","@id":"https:\/\/dypall.com\/activity\/artificial-intelligence-how-can-youth-take-part\/","url":"https:\/\/dypall.com\/activity\/artificial-intelligence-how-can-youth-take-part\/","name":"Artificial intelligence: How can youth take part? - DYPALL Network","isPartOf":{"@id":"https:\/\/dypall.com\/#website"},"primaryImageOfPage":{"@id":"https:\/\/dypall.com\/activity\/artificial-intelligence-how-can-youth-take-part\/#primaryimage"},"image":{"@id":"https:\/\/dypall.com\/activity\/artificial-intelligence-how-can-youth-take-part\/#primaryimage"},"thumbnailUrl":"","datePublished":"2020-11-27T17:42:35+00:00","dateModified":"2020-11-27T17:42:35+00:00","author":{"@id":"https:\/\/dypall.com\/#\/schema\/person\/206350efe851997fcdedef75d118766b"},"breadcrumb":{"@id":"https:\/\/dypall.com\/activity\/artificial-intelligence-how-can-youth-take-part\/#breadcrumb"},"inLanguage":"ro-RO","potentialAction":[{"@type":"ReadAction","target":["https:\/\/dypall.com\/activity\/artificial-intelligence-how-can-youth-take-part\/"]}]},{"@type":"ImageObject","inLanguage":"ro-RO","@id":"https:\/\/dypall.com\/activity\/artificial-intelligence-how-can-youth-take-part\/#primaryimage","url":"","contentUrl":""},{"@type":"BreadcrumbList","@id":"https:\/\/dypall.com\/activity\/artificial-intelligence-how-can-youth-take-part\/#breadcrumb","itemListElement":[{"@type":"ListItem","position":1,"name":"Home","item":"https:\/\/dypall.com\/"},{"@type":"ListItem","position":2,"name":"Artificial intelligence: How can youth take part?"}]},{"@type":"WebSite","@id":"https:\/\/dypall.com\/#website","url":"https:\/\/dypall.com\/","name":"DYPALL Network","description":"We are a European network of civil society organisations, municipalities and research institutions dedicated to improving democracy through youth participation.","potentialAction":[{"@type":"SearchAction","target":{"@type":"EntryPoint","urlTemplate":"https:\/\/dypall.com\/?s={search_term_string}"},"query-input":"required name=search_term_string"}],"inLanguage":"ro-RO"},{"@type":"Person","@id":"https:\/\/dypall.com\/#\/schema\/person\/206350efe851997fcdedef75d118766b","name":"dypall","image":{"@type":"ImageObject","inLanguage":"ro-RO","@id":"https:\/\/dypall.com\/#\/schema\/person\/image\/","url":"https:\/\/secure.gravatar.com\/avatar\/14e8d3d8841cd0bdf69915120bcf9fcfac1567f1dc7035664907322ac47efe29?s=96&d=mm&r=g","contentUrl":"https:\/\/secure.gravatar.com\/avatar\/14e8d3d8841cd0bdf69915120bcf9fcfac1567f1dc7035664907322ac47efe29?s=96&d=mm&r=g","caption":"dypall"},"url":"https:\/\/dypall.com\/ro\/author\/dypall_info\/"}]}},"jetpack_featured_media_url":"","jetpack_sharing_enabled":true,"_links":{"self":[{"href":"https:\/\/dypall.com\/ro\/wp-json\/wp\/v2\/posts\/4584","targetHints":{"allow":["GET"]}}],"collection":[{"href":"https:\/\/dypall.com\/ro\/wp-json\/wp\/v2\/posts"}],"about":[{"href":"https:\/\/dypall.com\/ro\/wp-json\/wp\/v2\/types\/post"}],"author":[{"embeddable":true,"href":"https:\/\/dypall.com\/ro\/wp-json\/wp\/v2\/users\/2"}],"replies":[{"embeddable":true,"href":"https:\/\/dypall.com\/ro\/wp-json\/wp\/v2\/comments?post=4584"}],"version-history":[{"count":0,"href":"https:\/\/dypall.com\/ro\/wp-json\/wp\/v2\/posts\/4584\/revisions"}],"wp:featuredmedia":[{"embeddable":true,"href":"https:\/\/dypall.com\/ro\/wp-json\/"}],"wp:attachment":[{"href":"https:\/\/dypall.com\/ro\/wp-json\/wp\/v2\/media?parent=4584"}],"wp:term":[{"taxonomy":"category","embeddable":true,"href":"https:\/\/dypall.com\/ro\/wp-json\/wp\/v2\/categories?post=4584"},{"taxonomy":"post_tag","embeddable":true,"href":"https:\/\/dypall.com\/ro\/wp-json\/wp\/v2\/tags?post=4584"}],"curies":[{"name":"wp","href":"https:\/\/api.w.org\/{rel}","templated":true}]}}