{"id":2730,"date":"2017-12-13T15:04:15","date_gmt":"2017-12-13T14:04:15","guid":{"rendered":"http:\/\/dypall.com\/?p=2730"},"modified":"2017-12-13T15:04:15","modified_gmt":"2017-12-13T14:04:15","slug":"training-course-young-migrant-voices","status":"publish","type":"post","link":"https:\/\/dypall.com\/ro\/activity\/training-course-young-migrant-voices\/","title":{"rendered":"Curs de formare \u201eVocile tinerilor migran\u021bi\u201d"},"content":{"rendered":"<p>\u201eVocile tinerilor migran\u021bi: un curs de formare pentru stimularea particip\u0103rii tinerilor migran\u021bi la procesele decizionale la nivel local\u201d a avut loc \u00een perioada 3-9 decembrie 2017 la Lisabona, Portugalia. Acesta a reunit 30 de lucr\u0103tori de tineret din zece \u021b\u0103ri diferite (Germania, \u021a\u0103rile de Jos, Turcia, Macedonia, Finlanda, Malta, Rom\u00e2nia, Italia, Slovacia \u0219i Portugalia) pentru a explora importan\u021ba \u0219i provoc\u0103rile particip\u0103rii tinerilor migran\u021bi \u0219i a tinerilor proveni\u021bi din familii de migran\u021bi la nivel local.<\/p>\n<p>\u00cen timpul form\u0103rii, participan\u021bii au avut \u0219ansa de a face schimb \u0219i de a promova realit\u0103\u021bi \u0219i bune practici \u00een ceea ce prive\u0219te cooperarea dintre autorit\u0103\u021bile locale \u0219i organiza\u021biile societ\u0103\u021bii civile, pentru includerea tinerilor migran\u021bi \u00een procesele decizionale; s\u0103 \u00ee\u0219i consolideze competen\u021bele cu privire la modul de motivare \u0219i implicare activ\u0103 a tinerilor migran\u021bi \u0219i a tinerilor proveni\u021bi din familii de migran\u021bi \u00een \u00eembun\u0103t\u0103\u021birea comunit\u0103\u021bilor \u00een care tr\u0103iesc; modalit\u0103\u021bi de sporire a implic\u0103rii tuturor p\u0103r\u021bilor interesate \u00een procesul de integrare a tinerilor migran\u021bi \u00een procesele decizionale \u0219i modalit\u0103\u021bi de sprijinire a integr\u0103rii tinerilor migran\u021bi \u0219i de dezvoltare, \u00een r\u00e2ndul acestora, a unui sentiment de apartenen\u021b\u0103 la comunit\u0103\u021bile-gazd\u0103.<\/p>\n<p>Ca parte a programului de formare, am vizitat\u00a0<span style=\"color: #3366ff;\"><a style=\"color: #3366ff;\" href=\"http:\/\/www.acm.gov.pt\/acm\">\u00cenaltul Comisar pentru Migra\u021bie<\/a><\/span>\u00a0precum \u0219i dou\u0103 proiecte \u00een cadrul <span style=\"color: #3366ff;\"><a style=\"color: #3366ff;\" href=\"http:\/\/www.programaescolhas.pt\/\">Programul \u201eAlegeri\u201d\u00a0<\/a><\/span>, un program guvernamental care sprijin\u0103 incluziunea social\u0103 a tinerilor vulnerabili, \u00een cartierele Apela\u00e7\u00e3o \u0219i Quinta do Mocho din zona Lisabona.<\/p>\n<p>O sesiune a form\u0103rii, integrat\u0103 \u00een \u201eS\u0103pt\u0103m\u00e2na deschis\u0103\u201d de la Centrul pentru tineret din Lisabona, unde a avut loc formarea, a fost masa rotund\u0103 \u201eCooperare pentru participarea incluziv\u0103 a tinerilor\u201d, care s-a al\u0103turat participan\u021bilor la formare \u00eempreun\u0103 cu activi\u0219tii locali pentru tineret, participan\u021bi la tab\u0103ra Boot privind voluntariatul organizat\u0103 de Youth Coop.\u00a0 Vorbitorii invita\u021bi Luisa Magnano (programul \u201eAlegeri\u201d), Cristina Silva (\u0219efa Departamentului pentru tineret al municipalit\u0103\u021bii Almada), Ana Morgado (lucr\u0103toare \u00een domeniul tineretului), Nuno Loureiro (Consiliul Na\u021bional al Tineretului din Portugalia) \u0219i Ludgero Teixeira \u0219i-au prezentat activitatea de reflec\u021bie cu privire la incluziunea tinerilor migran\u021bi \u0219i a tinerilor proveni\u021bi din familii de migran\u021bi \u0219i la importan\u021ba particip\u0103rii lor active pentru crearea unui sentiment de apartenen\u021b\u0103 la comunitate \u0219i, astfel, pentru construirea unei societ\u0103\u021bi democratice puternice \u0219i favorabile incluziunii.<\/p>\n<p>Aceasta a fost cea de-a doua edi\u021bie a cursului de formare \u201eVocile tinerilor migran\u021bi\u201d, organizat de re\u021beaua DYPALL \u00een parteneriat cu Migrafrica, cu sprijinul programului Erasmus+.<\/p>\n<p><img loading=\"lazy\" decoding=\"async\" class=\"alignnone size-full wp-image-2756\" src=\"http:\/\/dypall.com\/wp-content\/uploads\/2017\/12\/IMG_0558-1.jpg\" alt=\"\" width=\"1920\" height=\"1280\" \/><\/p>\n<p><img loading=\"lazy\" decoding=\"async\" class=\"alignnone size-full wp-image-2755\" src=\"http:\/\/dypall.com\/wp-content\/uploads\/2017\/12\/IMG_0514.jpg\" alt=\"\" width=\"1920\" height=\"1280\" \/><\/p>\n<p><img loading=\"lazy\" decoding=\"async\" class=\"alignnone size-full wp-image-2751\" src=\"http:\/\/dypall.com\/wp-content\/uploads\/2017\/12\/IMG_0554-1.jpg\" alt=\"\" width=\"1920\" height=\"1280\" \/><\/p>\n<p><img loading=\"lazy\" decoding=\"async\" class=\"alignnone size-full wp-image-2750\" src=\"http:\/\/dypall.com\/wp-content\/uploads\/2017\/12\/IMG_0513.jpg\" alt=\"\" width=\"1920\" height=\"1280\" \/><\/p>\n<p><img loading=\"lazy\" decoding=\"async\" class=\"alignnone size-full wp-image-2748\" src=\"http:\/\/dypall.com\/wp-content\/uploads\/2017\/12\/IMG_0466-1-1.jpg\" alt=\"\" width=\"1920\" height=\"1280\" \/><\/p>\n<p><img loading=\"lazy\" decoding=\"async\" class=\"alignnone size-full wp-image-2747\" src=\"http:\/\/dypall.com\/wp-content\/uploads\/2017\/12\/IMG_0447-1.jpg\" alt=\"\" width=\"1920\" height=\"1280\" \/><\/p>\n<p><img loading=\"lazy\" decoding=\"async\" class=\"alignnone size-full wp-image-2744\" src=\"http:\/\/dypall.com\/wp-content\/uploads\/2017\/12\/IMG_0508-1.jpg\" alt=\"\" width=\"1920\" height=\"1280\" \/><\/p>\n<p><img loading=\"lazy\" decoding=\"async\" class=\"alignnone size-full wp-image-2743\" src=\"http:\/\/dypall.com\/wp-content\/uploads\/2017\/12\/IMG_0491-1.jpg\" alt=\"\" width=\"1920\" height=\"1280\" \/><\/p>\n<p><img loading=\"lazy\" decoding=\"async\" class=\"alignnone size-full wp-image-2738\" src=\"http:\/\/dypall.com\/wp-content\/uploads\/2017\/12\/YMVK-2-page-001.jpg\" alt=\"\" width=\"3508\" height=\"4961\" \/><\/p>","protected":false},"excerpt":{"rendered":"<p>\u201eVocile tinerilor migran\u021bi: un curs de formare pentru stimularea particip\u0103rii tinerilor migran\u021bi la procesele decizionale la nivel local\u201d a avut loc \u00een perioada 3-9 decembrie 2017 la Lisabona, Portugalia. Acesta a reunit 30 de lucr\u0103tori de tineret din zece \u021b\u0103ri diferite (Germania, \u021a\u0103rile de Jos, Turcia, Macedonia, Finlanda, Malta, Rom\u00e2nia, Italia, Slovacia \u0219i Portugalia) pentru a explora importan\u021ba... <a class=\"more-link\" href=\"https:\/\/dypall.com\/ro\/activity\/training-course-young-migrant-voices\/\">Continu\u0103 lectura <span class=\"screen-reader-text\">Curs de formare \u201eVocile tinerilor migran\u021bi\u201d<\/span><\/a><\/p>","protected":false},"author":1,"featured_media":2747,"comment_status":"closed","ping_status":"open","sticky":false,"template":"","format":"standard","meta":{"_acf_changed":false,"_jetpack_memberships_contains_paid_content":false,"footnotes":""},"categories":[111,141],"tags":[136],"class_list":["post-2730","post","type-post","status-publish","format-standard","has-post-thumbnail","hentry","category-activity","category-training-course","tag-training-course","entry"],"acf":[],"yoast_head":"<!-- This site is optimized with the Yoast SEO plugin v22.8 - https:\/\/yoast.com\/wordpress\/plugins\/seo\/ -->\n<title>Training Course &quot;Young Migrant Voices&quot; - DYPALL Network<\/title>\n<meta name=\"robots\" content=\"index, follow, max-snippet:-1, max-image-preview:large, max-video-preview:-1\" \/>\n<link rel=\"canonical\" href=\"https:\/\/dypall.com\/ro\/activity\/training-course-young-migrant-voices\/\" \/>\n<meta property=\"og:locale\" content=\"ro_RO\" \/>\n<meta property=\"og:type\" content=\"article\" \/>\n<meta property=\"og:title\" content=\"Training Course &quot;Young Migrant Voices&quot; - DYPALL Network\" \/>\n<meta property=\"og:description\" content=\"&#8220;Young Migrant Voices: a training course for boosting participation of young migrants in decision-making processes at local level&#8221; took place from 3rd &#8211; 9th December 2017 in in Lisbon, Portugal. It brought together 30 youth workers from ten different countries (Germany, Netherlands, Turkey, Macedonia, Finland, Malta, Romania, Italy, Slovakia and Portugal) to explore the importance&hellip; Continu\u0103 lectura Training Course &#8220;Young Migrant Voices&#8221;\" \/>\n<meta property=\"og:url\" content=\"https:\/\/dypall.com\/ro\/activity\/training-course-young-migrant-voices\/\" \/>\n<meta property=\"og:site_name\" content=\"DYPALL Network\" \/>\n<meta property=\"article:published_time\" content=\"2017-12-13T14:04:15+00:00\" \/>\n<meta name=\"author\" content=\"DYPALL Network\" \/>\n<meta name=\"twitter:card\" content=\"summary_large_image\" \/>\n<meta name=\"twitter:label1\" content=\"Written by\" \/>\n\t<meta name=\"twitter:data1\" content=\"DYPALL Network\" \/>\n\t<meta name=\"twitter:label2\" content=\"Est. reading time\" \/>\n\t<meta name=\"twitter:data2\" content=\"2 minute\" \/>\n<script type=\"application\/ld+json\" class=\"yoast-schema-graph\">{\"@context\":\"https:\/\/schema.org\",\"@graph\":[{\"@type\":\"WebPage\",\"@id\":\"https:\/\/dypall.com\/activity\/training-course-young-migrant-voices\/\",\"url\":\"https:\/\/dypall.com\/activity\/training-course-young-migrant-voices\/\",\"name\":\"Training Course \\\"Young Migrant Voices\\\" - DYPALL Network\",\"isPartOf\":{\"@id\":\"https:\/\/dypall.com\/#website\"},\"primaryImageOfPage\":{\"@id\":\"https:\/\/dypall.com\/activity\/training-course-young-migrant-voices\/#primaryimage\"},\"image\":{\"@id\":\"https:\/\/dypall.com\/activity\/training-course-young-migrant-voices\/#primaryimage\"},\"thumbnailUrl\":\"\",\"datePublished\":\"2017-12-13T14:04:15+00:00\",\"dateModified\":\"2017-12-13T14:04:15+00:00\",\"author\":{\"@id\":\"https:\/\/dypall.com\/#\/schema\/person\/f92e08aa15c8ba711a9d153129f03377\"},\"breadcrumb\":{\"@id\":\"https:\/\/dypall.com\/activity\/training-course-young-migrant-voices\/#breadcrumb\"},\"inLanguage\":\"ro-RO\",\"potentialAction\":[{\"@type\":\"ReadAction\",\"target\":[\"https:\/\/dypall.com\/activity\/training-course-young-migrant-voices\/\"]}]},{\"@type\":\"ImageObject\",\"inLanguage\":\"ro-RO\",\"@id\":\"https:\/\/dypall.com\/activity\/training-course-young-migrant-voices\/#primaryimage\",\"url\":\"\",\"contentUrl\":\"\"},{\"@type\":\"BreadcrumbList\",\"@id\":\"https:\/\/dypall.com\/activity\/training-course-young-migrant-voices\/#breadcrumb\",\"itemListElement\":[{\"@type\":\"ListItem\",\"position\":1,\"name\":\"Home\",\"item\":\"https:\/\/dypall.com\/\"},{\"@type\":\"ListItem\",\"position\":2,\"name\":\"Training Course &#8220;Young Migrant Voices&#8221;\"}]},{\"@type\":\"WebSite\",\"@id\":\"https:\/\/dypall.com\/#website\",\"url\":\"https:\/\/dypall.com\/\",\"name\":\"DYPALL Network\",\"description\":\"We are a European network of civil society organisations, municipalities and research institutions dedicated to improving democracy through youth participation.\",\"potentialAction\":[{\"@type\":\"SearchAction\",\"target\":{\"@type\":\"EntryPoint\",\"urlTemplate\":\"https:\/\/dypall.com\/?s={search_term_string}\"},\"query-input\":\"required name=search_term_string\"}],\"inLanguage\":\"ro-RO\"},{\"@type\":\"Person\",\"@id\":\"https:\/\/dypall.com\/#\/schema\/person\/f92e08aa15c8ba711a9d153129f03377\",\"name\":\"DYPALL Network\",\"image\":{\"@type\":\"ImageObject\",\"inLanguage\":\"ro-RO\",\"@id\":\"https:\/\/dypall.com\/#\/schema\/person\/image\/\",\"url\":\"https:\/\/secure.gravatar.com\/avatar\/9c39e299279800c6d69c5e02cf613e7bab060889f373052a03d7ac399e8f0d3c?s=96&d=mm&r=g\",\"contentUrl\":\"https:\/\/secure.gravatar.com\/avatar\/9c39e299279800c6d69c5e02cf613e7bab060889f373052a03d7ac399e8f0d3c?s=96&d=mm&r=g\",\"caption\":\"DYPALL Network\"},\"sameAs\":[\"https:\/\/dypall.com\"],\"url\":\"https:\/\/dypall.com\/ro\/author\/dypall\/\"}]}<\/script>\n<!-- \/ Yoast SEO plugin. -->","yoast_head_json":{"title":"Training Course \"Young Migrant Voices\" - DYPALL Network","robots":{"index":"index","follow":"follow","max-snippet":"max-snippet:-1","max-image-preview":"max-image-preview:large","max-video-preview":"max-video-preview:-1"},"canonical":"https:\/\/dypall.com\/ro\/activity\/training-course-young-migrant-voices\/","og_locale":"ro_RO","og_type":"article","og_title":"Training Course \"Young Migrant Voices\" - DYPALL Network","og_description":"&#8220;Young Migrant Voices: a training course for boosting participation of young migrants in decision-making processes at local level&#8221; took place from 3rd &#8211; 9th December 2017 in in Lisbon, Portugal. It brought together 30 youth workers from ten different countries (Germany, Netherlands, Turkey, Macedonia, Finland, Malta, Romania, Italy, Slovakia and Portugal) to explore the importance&hellip; Continu\u0103 lectura Training Course &#8220;Young Migrant Voices&#8221;","og_url":"https:\/\/dypall.com\/ro\/activity\/training-course-young-migrant-voices\/","og_site_name":"DYPALL Network","article_published_time":"2017-12-13T14:04:15+00:00","author":"DYPALL Network","twitter_card":"summary_large_image","twitter_misc":{"Written by":"DYPALL Network","Est. reading time":"2 minute"},"schema":{"@context":"https:\/\/schema.org","@graph":[{"@type":"WebPage","@id":"https:\/\/dypall.com\/activity\/training-course-young-migrant-voices\/","url":"https:\/\/dypall.com\/activity\/training-course-young-migrant-voices\/","name":"Training Course \"Young Migrant Voices\" - DYPALL Network","isPartOf":{"@id":"https:\/\/dypall.com\/#website"},"primaryImageOfPage":{"@id":"https:\/\/dypall.com\/activity\/training-course-young-migrant-voices\/#primaryimage"},"image":{"@id":"https:\/\/dypall.com\/activity\/training-course-young-migrant-voices\/#primaryimage"},"thumbnailUrl":"","datePublished":"2017-12-13T14:04:15+00:00","dateModified":"2017-12-13T14:04:15+00:00","author":{"@id":"https:\/\/dypall.com\/#\/schema\/person\/f92e08aa15c8ba711a9d153129f03377"},"breadcrumb":{"@id":"https:\/\/dypall.com\/activity\/training-course-young-migrant-voices\/#breadcrumb"},"inLanguage":"ro-RO","potentialAction":[{"@type":"ReadAction","target":["https:\/\/dypall.com\/activity\/training-course-young-migrant-voices\/"]}]},{"@type":"ImageObject","inLanguage":"ro-RO","@id":"https:\/\/dypall.com\/activity\/training-course-young-migrant-voices\/#primaryimage","url":"","contentUrl":""},{"@type":"BreadcrumbList","@id":"https:\/\/dypall.com\/activity\/training-course-young-migrant-voices\/#breadcrumb","itemListElement":[{"@type":"ListItem","position":1,"name":"Home","item":"https:\/\/dypall.com\/"},{"@type":"ListItem","position":2,"name":"Training Course &#8220;Young Migrant Voices&#8221;"}]},{"@type":"WebSite","@id":"https:\/\/dypall.com\/#website","url":"https:\/\/dypall.com\/","name":"DYPALL Network","description":"We are a European network of civil society organisations, municipalities and research institutions dedicated to improving democracy through youth participation.","potentialAction":[{"@type":"SearchAction","target":{"@type":"EntryPoint","urlTemplate":"https:\/\/dypall.com\/?s={search_term_string}"},"query-input":"required name=search_term_string"}],"inLanguage":"ro-RO"},{"@type":"Person","@id":"https:\/\/dypall.com\/#\/schema\/person\/f92e08aa15c8ba711a9d153129f03377","name":"DYPALL Network","image":{"@type":"ImageObject","inLanguage":"ro-RO","@id":"https:\/\/dypall.com\/#\/schema\/person\/image\/","url":"https:\/\/secure.gravatar.com\/avatar\/9c39e299279800c6d69c5e02cf613e7bab060889f373052a03d7ac399e8f0d3c?s=96&d=mm&r=g","contentUrl":"https:\/\/secure.gravatar.com\/avatar\/9c39e299279800c6d69c5e02cf613e7bab060889f373052a03d7ac399e8f0d3c?s=96&d=mm&r=g","caption":"DYPALL Network"},"sameAs":["https:\/\/dypall.com"],"url":"https:\/\/dypall.com\/ro\/author\/dypall\/"}]}},"jetpack_featured_media_url":"","jetpack_sharing_enabled":true,"_links":{"self":[{"href":"https:\/\/dypall.com\/ro\/wp-json\/wp\/v2\/posts\/2730","targetHints":{"allow":["GET"]}}],"collection":[{"href":"https:\/\/dypall.com\/ro\/wp-json\/wp\/v2\/posts"}],"about":[{"href":"https:\/\/dypall.com\/ro\/wp-json\/wp\/v2\/types\/post"}],"author":[{"embeddable":true,"href":"https:\/\/dypall.com\/ro\/wp-json\/wp\/v2\/users\/1"}],"replies":[{"embeddable":true,"href":"https:\/\/dypall.com\/ro\/wp-json\/wp\/v2\/comments?post=2730"}],"version-history":[{"count":0,"href":"https:\/\/dypall.com\/ro\/wp-json\/wp\/v2\/posts\/2730\/revisions"}],"wp:featuredmedia":[{"embeddable":true,"href":"https:\/\/dypall.com\/ro\/wp-json\/"}],"wp:attachment":[{"href":"https:\/\/dypall.com\/ro\/wp-json\/wp\/v2\/media?parent=2730"}],"wp:term":[{"taxonomy":"category","embeddable":true,"href":"https:\/\/dypall.com\/ro\/wp-json\/wp\/v2\/categories?post=2730"},{"taxonomy":"post_tag","embeddable":true,"href":"https:\/\/dypall.com\/ro\/wp-json\/wp\/v2\/tags?post=2730"}],"curies":[{"name":"wp","href":"https:\/\/api.w.org\/{rel}","templated":true}]}}