{"id":2149,"date":"2017-06-22T20:18:43","date_gmt":"2017-06-22T18:18:43","guid":{"rendered":"http:\/\/dypall.com\/?p=2149"},"modified":"2017-06-22T20:18:43","modified_gmt":"2017-06-22T18:18:43","slug":"conclusions-from-the-symposium-youth-policy-responses-to-the-contemporary-challenges-faced-by-young-people-12-14-june-prague","status":"publish","type":"post","link":"https:\/\/dypall.com\/ro\/activity\/conclusions-from-the-symposium-youth-policy-responses-to-the-contemporary-challenges-faced-by-young-people-12-14-june-prague\/","title":{"rendered":"Concluziile simpozionului \u201eR\u0103spunsurile politicii pentru tineret la provoc\u0103rile contemporane cu care se confrunt\u0103 tinerii\u201d (12-14 iunie, Praga)"},"content":{"rendered":"<p>Elena Ceban, de la Centrul pentru Dialog Intercultural din Macedonia, \u0219i un membru al re\u021belei DYPALL au \u00eemp\u0103rt\u0103\u0219it concluziile din <strong>Sy<img loading=\"lazy\" decoding=\"async\" class=\"size-medium wp-image-2152 alignright\" src=\"http:\/\/dypall.com\/wp-content\/uploads\/2017\/06\/19059304_1811740415508035_4880887241793676795_n-300x225.jpg\" alt=\"\" width=\"300\" height=\"225\" \/> mposium \u201eR\u0103spunsurile politicii \u00een domeniul tineretului la provoc\u0103rile contemporane cu care se confrunt\u0103 tinerii\u201d<\/strong> desf\u0103\u0219urat\u0103 la Praga, \u00een perioada 12-14 iunie 2017:<\/p>\n<p><em>Simpozionul care a avut loc \u00een perioada 12-14 iunie \u00een cadrul pre\u0219edin\u021biei cehe a Comitetului de Mini\u0219tri al Consiliului Europei a reunit 110 reprezentan\u021bi ai guvernelor, ai organiza\u021biilor neguvernamentale \u0219i interna\u021bionale, ai universit\u0103\u021bilor \u0219i institutelor de cercetare etc., cu scopul de a cartografia \u0219i a discuta provoc\u0103rile cu care se confrunt\u0103 tinerii din \u00eentreaga Europ\u0103 \u0219i de a colabora pentru a identifica posibile r\u0103spunsuri politice la aceste provoc\u0103ri.<\/em><\/p>\n<p><em>Simpozionul a integrat sesiuni plenare, grupuri tematice \u0219i re\u021bele informale pentru a facilita schimbul de practici \u0219i idei. Cele \u0219ase grupuri tematice au lucrat la identificarea provoc\u0103rilor \u0219i a r\u0103spunsurilor politice care le abordeaz\u0103, analiz\u00e2nd din perspectiva urm\u0103toarelor subiecte: \u201eapartenen\u021b\u0103\u201d, \u201eagen\u021bie \u0219i responsabilizare\u201d, \u201eparticipare \u0219i exprimare\u201d, \u201evoluntariat\u201d, \u201e\u00eenv\u0103\u021bare \u0219i formare\u201d \u0219i \u201emunc\u0103 \u0219i creare\u201d.<\/em><\/p>\n<p><em><img loading=\"lazy\" decoding=\"async\" class=\"size-medium wp-image-2154 alignleft\" src=\"http:\/\/dypall.com\/wp-content\/uploads\/2017\/06\/board-300x224.jpg\" alt=\"\" width=\"300\" height=\"224\" \/><\/em><\/p>\n<p><em>\u00cen sesiunea plenar\u0103 de povestiri, Bruno Antonio (DYPALL) \u0219i-a \u00eemp\u0103rt\u0103\u0219it povestea personal\u0103 ca posibil r\u0103spuns la politica pentru tineret, poten\u021band faptul c\u0103 politica pentru tineret nu este o dorin\u021b\u0103 \u2013 este o necesitate, nu numai pentru tineri, ci \u0219i pentru comunitatea local\u0103. El a prezentat conceptul re\u021belei DYPALL \u00een contextul consolid\u0103rii capacit\u0103\u021bii actorilor de la nivel local care lucreaz\u0103 pe probleme legate de tineret de a aborda provoc\u0103rile cu care se confrunt\u0103 tinerii.<\/em><\/p>\n<p><em>Mesajele-cheie compilate de participan\u021bi \u00een urma brainstormingului din cadrul grupurilor tematice vor fi publicate \u00een cur\u00e2nd pe site-ul oficial al Consiliului Europei. \u00centre timp, unele dintre concluziile grupurilor de lucru pot fi citite mai jos:<\/em><\/p>\n<ul>\n<li><em>Politica \u00een domeniul tineretului exist\u0103 \u00eentr-un context politic, prin urmare inegalitatea trebuie recunoscut\u0103 ca<img loading=\"lazy\" decoding=\"async\" class=\"size-medium wp-image-2151 alignright\" src=\"http:\/\/dypall.com\/wp-content\/uploads\/2017\/06\/speaker-300x224.jpg\" alt=\"\" width=\"300\" height=\"224\" \/>\u0219i abordat\u0103 din perspectiva politicii;<\/em><\/li>\n<li><em>Cadrul pentru voluntariat trebuie revizuit, actualizat, \u021bin\u00e2nd seama de realit\u0103\u021bile actuale \u0219i de diferitele cadre na\u021bionale;<\/em><\/li>\n<li><em>Solidaritatea joac\u0103 un rol esen\u021bial \u00een propagarea sentimentului de apartenen\u021b\u0103 \u0219i de acceptare a identit\u0103\u021bilor diverse;<\/em><\/li>\n<li><em>Dialogul structurat ar trebui promovat ca o practic\u0103 care s\u0103 aib\u0103 loc la nivel na\u021bional \u0219i local, pentru a se ajunge la un dialog real \u00eentre factorii de decizie \u0219i tineri;<\/em><\/li>\n<li><em>Recunoa\u0219terea activit\u0103\u021bilor pentru tineret ca abordare \u00een educa\u021bie \u0219i a educa\u021biei non-formale ca metodologie ar contribui la construirea unei politici pentru tineret mai favorabile incluziunii \u0219i mai orientate c\u0103tre nevoi;<\/em><\/li>\n<li><em>Ar trebui s\u0103 se acorde mai mult\u0103 aten\u021bie cooper\u0103rii transsectoriale \u0219i abord\u0103rii intergenera\u021bionale, pentru a combina metodologii experimentate \u0219i testate cu idei noi \u0219i inovatoare.<\/em><\/li>\n<\/ul>\n<p><em>Jacob Kornbeck, responsabil de politici \u00een cadrul Direc\u021biei Generale Educa\u021bie \u0219i Cultur\u0103 a Comisiei Europene, a \u00eencheiat simpozionul spun\u00e2nd c\u0103 tinerii ar trebui s\u0103 se afle \u00een centrul tuturor proceselor de elaborare a politicilor, deoarece \u201eDac\u0103 nu sunte\u021bi la mas\u0103, sunte\u021bi pe meniu\u201d.<\/em><\/p>\n<p><em>Toate documentele relevante legate de simpozion pot fi g\u0103site <a href=\"http:\/\/pjp-eu.coe.int\/en\/web\/youth-partnership\/symposium\">aici<\/a>.<\/em><\/p>","protected":false},"excerpt":{"rendered":"<p>Elena Ceban, de la Centrul pentru dialog intercultural din Macedonia, \u0219i un membru al re\u021belei DYPALL au \u00eemp\u0103rt\u0103\u0219it concluziile mpozionului Sy \u201eYouth Policy Responses to the Contemporary Challenges Faced by Young People\u201d, care a avut loc la Praga, \u00een perioada 12-14 iunie 2017: Simpozionul care a avut loc \u00een perioada 12-14 iunie \u00een cadrul... <a class=\"more-link\" href=\"https:\/\/dypall.com\/ro\/activity\/conclusions-from-the-symposium-youth-policy-responses-to-the-contemporary-challenges-faced-by-young-people-12-14-june-prague\/\">Continu\u0103 lectura <span class=\"screen-reader-text\">Concluziile simpozionului \u201eR\u0103spunsurile politicii pentru tineret la provoc\u0103rile contemporane cu care se confrunt\u0103 tinerii\u201d (12-14 iunie, Praga)<\/span><\/a><\/p>","protected":false},"author":1,"featured_media":2150,"comment_status":"closed","ping_status":"open","sticky":false,"template":"","format":"standard","meta":{"_acf_changed":false,"_jetpack_memberships_contains_paid_content":false,"footnotes":""},"categories":[111,112],"tags":[113,115],"class_list":["post-2149","post","type-post","status-publish","format-standard","has-post-thumbnail","hentry","category-activity","category-conference","tag-conference","tag-seminar","entry"],"acf":[],"yoast_head":"<!-- This site is optimized with the Yoast SEO plugin v22.8 - https:\/\/yoast.com\/wordpress\/plugins\/seo\/ -->\n<title>Conclusions from the Symposium &#039;Youth Policy Responses to the Contemporary Challenges Faced by Young People\u2019 (12-14 June, Prague) - DYPALL Network<\/title>\n<meta name=\"robots\" content=\"index, follow, max-snippet:-1, max-image-preview:large, max-video-preview:-1\" \/>\n<link rel=\"canonical\" href=\"https:\/\/dypall.com\/ro\/activity\/conclusions-from-the-symposium-youth-policy-responses-to-the-contemporary-challenges-faced-by-young-people-12-14-june-prague\/\" \/>\n<meta property=\"og:locale\" content=\"ro_RO\" \/>\n<meta property=\"og:type\" content=\"article\" \/>\n<meta property=\"og:title\" content=\"Conclusions from the Symposium &#039;Youth Policy Responses to the Contemporary Challenges Faced by Young People\u2019 (12-14 June, Prague) - DYPALL Network\" \/>\n<meta property=\"og:description\" content=\"Elena Ceban, from the Center for Intercultural Dialogue in Macedonia, and a member of DYPALL Network shared the conclusions from the Sy mposium &#8216;Youth Policy Responses to the Contemporary Challenges Faced by Young People\u2019 held in Prague, from 12 to 14 June 2017: The Symposium that was held between 12-14 of June in the framework&hellip; Continu\u0103 lectura Conclusions from the Symposium &#8216;Youth Policy Responses to the Contemporary Challenges Faced by Young People\u2019 (12-14 June, Prague)\" \/>\n<meta property=\"og:url\" content=\"https:\/\/dypall.com\/ro\/activity\/conclusions-from-the-symposium-youth-policy-responses-to-the-contemporary-challenges-faced-by-young-people-12-14-june-prague\/\" \/>\n<meta property=\"og:site_name\" content=\"DYPALL Network\" \/>\n<meta property=\"article:published_time\" content=\"2017-06-22T18:18:43+00:00\" \/>\n<meta name=\"author\" content=\"DYPALL Network\" \/>\n<meta name=\"twitter:card\" content=\"summary_large_image\" \/>\n<meta name=\"twitter:label1\" content=\"Written by\" \/>\n\t<meta name=\"twitter:data1\" content=\"DYPALL Network\" \/>\n\t<meta name=\"twitter:label2\" content=\"Est. reading time\" \/>\n\t<meta name=\"twitter:data2\" content=\"2 minute\" \/>\n<script type=\"application\/ld+json\" class=\"yoast-schema-graph\">{\"@context\":\"https:\/\/schema.org\",\"@graph\":[{\"@type\":\"WebPage\",\"@id\":\"https:\/\/dypall.com\/activity\/conclusions-from-the-symposium-youth-policy-responses-to-the-contemporary-challenges-faced-by-young-people-12-14-june-prague\/\",\"url\":\"https:\/\/dypall.com\/activity\/conclusions-from-the-symposium-youth-policy-responses-to-the-contemporary-challenges-faced-by-young-people-12-14-june-prague\/\",\"name\":\"Conclusions from the Symposium 'Youth Policy Responses to the Contemporary Challenges Faced by Young People\u2019 (12-14 June, Prague) - DYPALL Network\",\"isPartOf\":{\"@id\":\"https:\/\/dypall.com\/#website\"},\"primaryImageOfPage\":{\"@id\":\"https:\/\/dypall.com\/activity\/conclusions-from-the-symposium-youth-policy-responses-to-the-contemporary-challenges-faced-by-young-people-12-14-june-prague\/#primaryimage\"},\"image\":{\"@id\":\"https:\/\/dypall.com\/activity\/conclusions-from-the-symposium-youth-policy-responses-to-the-contemporary-challenges-faced-by-young-people-12-14-june-prague\/#primaryimage\"},\"thumbnailUrl\":\"\",\"datePublished\":\"2017-06-22T18:18:43+00:00\",\"dateModified\":\"2017-06-22T18:18:43+00:00\",\"author\":{\"@id\":\"https:\/\/dypall.com\/#\/schema\/person\/f92e08aa15c8ba711a9d153129f03377\"},\"breadcrumb\":{\"@id\":\"https:\/\/dypall.com\/activity\/conclusions-from-the-symposium-youth-policy-responses-to-the-contemporary-challenges-faced-by-young-people-12-14-june-prague\/#breadcrumb\"},\"inLanguage\":\"ro-RO\",\"potentialAction\":[{\"@type\":\"ReadAction\",\"target\":[\"https:\/\/dypall.com\/activity\/conclusions-from-the-symposium-youth-policy-responses-to-the-contemporary-challenges-faced-by-young-people-12-14-june-prague\/\"]}]},{\"@type\":\"ImageObject\",\"inLanguage\":\"ro-RO\",\"@id\":\"https:\/\/dypall.com\/activity\/conclusions-from-the-symposium-youth-policy-responses-to-the-contemporary-challenges-faced-by-young-people-12-14-june-prague\/#primaryimage\",\"url\":\"\",\"contentUrl\":\"\"},{\"@type\":\"BreadcrumbList\",\"@id\":\"https:\/\/dypall.com\/activity\/conclusions-from-the-symposium-youth-policy-responses-to-the-contemporary-challenges-faced-by-young-people-12-14-june-prague\/#breadcrumb\",\"itemListElement\":[{\"@type\":\"ListItem\",\"position\":1,\"name\":\"Home\",\"item\":\"https:\/\/dypall.com\/\"},{\"@type\":\"ListItem\",\"position\":2,\"name\":\"Conclusions from the Symposium &#8216;Youth Policy Responses to the Contemporary Challenges Faced by Young People\u2019 (12-14 June, Prague)\"}]},{\"@type\":\"WebSite\",\"@id\":\"https:\/\/dypall.com\/#website\",\"url\":\"https:\/\/dypall.com\/\",\"name\":\"DYPALL Network\",\"description\":\"We are a European network of civil society organisations, municipalities and research institutions dedicated to improving democracy through youth participation.\",\"potentialAction\":[{\"@type\":\"SearchAction\",\"target\":{\"@type\":\"EntryPoint\",\"urlTemplate\":\"https:\/\/dypall.com\/?s={search_term_string}\"},\"query-input\":\"required name=search_term_string\"}],\"inLanguage\":\"ro-RO\"},{\"@type\":\"Person\",\"@id\":\"https:\/\/dypall.com\/#\/schema\/person\/f92e08aa15c8ba711a9d153129f03377\",\"name\":\"DYPALL Network\",\"image\":{\"@type\":\"ImageObject\",\"inLanguage\":\"ro-RO\",\"@id\":\"https:\/\/dypall.com\/#\/schema\/person\/image\/\",\"url\":\"https:\/\/secure.gravatar.com\/avatar\/9c39e299279800c6d69c5e02cf613e7bab060889f373052a03d7ac399e8f0d3c?s=96&d=mm&r=g\",\"contentUrl\":\"https:\/\/secure.gravatar.com\/avatar\/9c39e299279800c6d69c5e02cf613e7bab060889f373052a03d7ac399e8f0d3c?s=96&d=mm&r=g\",\"caption\":\"DYPALL Network\"},\"sameAs\":[\"https:\/\/dypall.com\"],\"url\":\"https:\/\/dypall.com\/ro\/author\/dypall\/\"}]}<\/script>\n<!-- \/ Yoast SEO plugin. -->","yoast_head_json":{"title":"Conclusions from the Symposium 'Youth Policy Responses to the Contemporary Challenges Faced by Young People\u2019 (12-14 June, Prague) - DYPALL Network","robots":{"index":"index","follow":"follow","max-snippet":"max-snippet:-1","max-image-preview":"max-image-preview:large","max-video-preview":"max-video-preview:-1"},"canonical":"https:\/\/dypall.com\/ro\/activity\/conclusions-from-the-symposium-youth-policy-responses-to-the-contemporary-challenges-faced-by-young-people-12-14-june-prague\/","og_locale":"ro_RO","og_type":"article","og_title":"Conclusions from the Symposium 'Youth Policy Responses to the Contemporary Challenges Faced by Young People\u2019 (12-14 June, Prague) - DYPALL Network","og_description":"Elena Ceban, from the Center for Intercultural Dialogue in Macedonia, and a member of DYPALL Network shared the conclusions from the Sy mposium &#8216;Youth Policy Responses to the Contemporary Challenges Faced by Young People\u2019 held in Prague, from 12 to 14 June 2017: The Symposium that was held between 12-14 of June in the framework&hellip; Continu\u0103 lectura Conclusions from the Symposium &#8216;Youth Policy Responses to the Contemporary Challenges Faced by Young People\u2019 (12-14 June, Prague)","og_url":"https:\/\/dypall.com\/ro\/activity\/conclusions-from-the-symposium-youth-policy-responses-to-the-contemporary-challenges-faced-by-young-people-12-14-june-prague\/","og_site_name":"DYPALL Network","article_published_time":"2017-06-22T18:18:43+00:00","author":"DYPALL Network","twitter_card":"summary_large_image","twitter_misc":{"Written by":"DYPALL Network","Est. reading time":"2 minute"},"schema":{"@context":"https:\/\/schema.org","@graph":[{"@type":"WebPage","@id":"https:\/\/dypall.com\/activity\/conclusions-from-the-symposium-youth-policy-responses-to-the-contemporary-challenges-faced-by-young-people-12-14-june-prague\/","url":"https:\/\/dypall.com\/activity\/conclusions-from-the-symposium-youth-policy-responses-to-the-contemporary-challenges-faced-by-young-people-12-14-june-prague\/","name":"Conclusions from the Symposium 'Youth Policy Responses to the Contemporary Challenges Faced by Young People\u2019 (12-14 June, Prague) - DYPALL Network","isPartOf":{"@id":"https:\/\/dypall.com\/#website"},"primaryImageOfPage":{"@id":"https:\/\/dypall.com\/activity\/conclusions-from-the-symposium-youth-policy-responses-to-the-contemporary-challenges-faced-by-young-people-12-14-june-prague\/#primaryimage"},"image":{"@id":"https:\/\/dypall.com\/activity\/conclusions-from-the-symposium-youth-policy-responses-to-the-contemporary-challenges-faced-by-young-people-12-14-june-prague\/#primaryimage"},"thumbnailUrl":"","datePublished":"2017-06-22T18:18:43+00:00","dateModified":"2017-06-22T18:18:43+00:00","author":{"@id":"https:\/\/dypall.com\/#\/schema\/person\/f92e08aa15c8ba711a9d153129f03377"},"breadcrumb":{"@id":"https:\/\/dypall.com\/activity\/conclusions-from-the-symposium-youth-policy-responses-to-the-contemporary-challenges-faced-by-young-people-12-14-june-prague\/#breadcrumb"},"inLanguage":"ro-RO","potentialAction":[{"@type":"ReadAction","target":["https:\/\/dypall.com\/activity\/conclusions-from-the-symposium-youth-policy-responses-to-the-contemporary-challenges-faced-by-young-people-12-14-june-prague\/"]}]},{"@type":"ImageObject","inLanguage":"ro-RO","@id":"https:\/\/dypall.com\/activity\/conclusions-from-the-symposium-youth-policy-responses-to-the-contemporary-challenges-faced-by-young-people-12-14-june-prague\/#primaryimage","url":"","contentUrl":""},{"@type":"BreadcrumbList","@id":"https:\/\/dypall.com\/activity\/conclusions-from-the-symposium-youth-policy-responses-to-the-contemporary-challenges-faced-by-young-people-12-14-june-prague\/#breadcrumb","itemListElement":[{"@type":"ListItem","position":1,"name":"Home","item":"https:\/\/dypall.com\/"},{"@type":"ListItem","position":2,"name":"Conclusions from the Symposium &#8216;Youth Policy Responses to the Contemporary Challenges Faced by Young People\u2019 (12-14 June, Prague)"}]},{"@type":"WebSite","@id":"https:\/\/dypall.com\/#website","url":"https:\/\/dypall.com\/","name":"DYPALL Network","description":"We are a European network of civil society organisations, municipalities and research institutions dedicated to improving democracy through youth participation.","potentialAction":[{"@type":"SearchAction","target":{"@type":"EntryPoint","urlTemplate":"https:\/\/dypall.com\/?s={search_term_string}"},"query-input":"required name=search_term_string"}],"inLanguage":"ro-RO"},{"@type":"Person","@id":"https:\/\/dypall.com\/#\/schema\/person\/f92e08aa15c8ba711a9d153129f03377","name":"DYPALL Network","image":{"@type":"ImageObject","inLanguage":"ro-RO","@id":"https:\/\/dypall.com\/#\/schema\/person\/image\/","url":"https:\/\/secure.gravatar.com\/avatar\/9c39e299279800c6d69c5e02cf613e7bab060889f373052a03d7ac399e8f0d3c?s=96&d=mm&r=g","contentUrl":"https:\/\/secure.gravatar.com\/avatar\/9c39e299279800c6d69c5e02cf613e7bab060889f373052a03d7ac399e8f0d3c?s=96&d=mm&r=g","caption":"DYPALL Network"},"sameAs":["https:\/\/dypall.com"],"url":"https:\/\/dypall.com\/ro\/author\/dypall\/"}]}},"jetpack_featured_media_url":"","jetpack_sharing_enabled":true,"_links":{"self":[{"href":"https:\/\/dypall.com\/ro\/wp-json\/wp\/v2\/posts\/2149","targetHints":{"allow":["GET"]}}],"collection":[{"href":"https:\/\/dypall.com\/ro\/wp-json\/wp\/v2\/posts"}],"about":[{"href":"https:\/\/dypall.com\/ro\/wp-json\/wp\/v2\/types\/post"}],"author":[{"embeddable":true,"href":"https:\/\/dypall.com\/ro\/wp-json\/wp\/v2\/users\/1"}],"replies":[{"embeddable":true,"href":"https:\/\/dypall.com\/ro\/wp-json\/wp\/v2\/comments?post=2149"}],"version-history":[{"count":0,"href":"https:\/\/dypall.com\/ro\/wp-json\/wp\/v2\/posts\/2149\/revisions"}],"wp:featuredmedia":[{"embeddable":true,"href":"https:\/\/dypall.com\/ro\/wp-json\/"}],"wp:attachment":[{"href":"https:\/\/dypall.com\/ro\/wp-json\/wp\/v2\/media?parent=2149"}],"wp:term":[{"taxonomy":"category","embeddable":true,"href":"https:\/\/dypall.com\/ro\/wp-json\/wp\/v2\/categories?post=2149"},{"taxonomy":"post_tag","embeddable":true,"href":"https:\/\/dypall.com\/ro\/wp-json\/wp\/v2\/tags?post=2149"}],"curies":[{"name":"wp","href":"https:\/\/api.w.org\/{rel}","templated":true}]}}