{"id":2117,"date":"2017-06-16T18:36:38","date_gmt":"2017-06-16T16:36:38","guid":{"rendered":"http:\/\/dypall.com\/?p=2117"},"modified":"2017-06-16T18:36:38","modified_gmt":"2017-06-16T16:36:38","slug":"feedback-on-the-impact-of-the-training-course-young-migrant-voices-held-in-november-2016","status":"publish","type":"post","link":"https:\/\/dypall.com\/ro\/activity\/feedback-on-the-impact-of-the-training-course-young-migrant-voices-held-in-november-2016\/","title":{"rendered":"Feedback cu privire la impactul cursului de formare \u201eVocile tinerilor migran\u021bi\u201d, desf\u0103\u0219urat \u00een noiembrie 2016."},"content":{"rendered":"<p>Ini\u021biativa \u201eVocile tinerilor migran\u021bi: un curs de formare pentru stimularea particip\u0103rii tinerilor migran\u021bi la procesele decizionale la nivel local\u201d a fost organizat de ADYNE Netherlands \u00een parteneriat cu re\u021beaua DYPALL \u0219i a fost pus \u00een aplicare \u00een noiembrie 2016. Am scris despre asta pe site-ul nostru <a href=\"https:\/\/dypall.com\/ro\/activity\/international-training-course-young-migrant-voices-a-training-course-for-boosting-participation-of-young-migrants-in-decision-making-processes-at-local-level\/\">aici<\/a> \u0219i <a href=\"https:\/\/dypall.com\/ro\/activity\/picture-review-young-migrant-voices-training-course\/\">aici<\/a>.<\/p>\n<p>Eva Lindberg \u0219i Anna Beata Ekstr\u00f6m au participat la acest curs de formare \u0219i au comunicat cu re\u021beaua DYPALL \u00eentr-un mod mai cuprinz\u0103tor ce a \u00eensemnat aceast\u0103 experien\u021b\u0103 pentru ei \u0219i, de asemenea, impactul asupra grupurilor-\u021bint\u0103 cu care lucreaz\u0103.<\/p>\n<p><strong>Eva Lindberg<\/strong> lucreaz\u0103 \u00een <strong>municipiul Karlstad<\/strong> (Suedia) cu tineri (18-21 de ani) care au venit ne\u00eenso\u021bi\u021bi \u0219i care au locuit \u00een ad\u0103posturi municipale p\u00e2n\u0103 la \u00eemplinirea v\u00e2rstei de 18 ani. Dup\u0103 v\u00e2rsta de 18 ani, municipalitatea sprijin\u0103 acest t\u00e2n\u0103r cu apartamente, contacte cu \u0219colile, contacte cu societatea civil\u0103, contacte cu furnizorii de servicii medicale \u0219i ofer\u0103 sprijin psihosocial. Municipalitatea continu\u0103 s\u0103 ofere acest sprijin \u00een integrarea lor, p\u00e2n\u0103 la v\u00e2rsta de 21 de ani.<\/p>\n<p><strong>Anna BeataEkstr\u00f6m<\/strong> Lucreaz\u0103 \u00een organiza\u021bie <strong>Salva\u021bi Copiii Suedia<\/strong> \u00een proiecte pentru copii \u0219i tineri ne\u00eenso\u021bi\u021bi. O parte important\u0103 a activit\u0103\u021bii este de a aduna vocile copiilor \u0219i tinerilor ne\u00eenso\u021bi\u021bi cu privire la situa\u021bia lor prin intermediul punctelor de \u00eent\u00e2lnire, care sunt ateliere organizate, \u00een cadrul c\u0103rora, ulterior, cuno\u0219tin\u021bele dob\u00e2ndite sunt, de asemenea, r\u0103sp\u00e2ndite la nivelul municipalit\u0103\u021bilor \u0219i al altor p\u0103r\u021bi interesate, pentru a permite un sistem de sprijin mai bun care s\u0103 depun\u0103 eforturi \u00een vederea \u00eembun\u0103t\u0103\u021birii situa\u021biei lor.<img loading=\"lazy\" decoding=\"async\" class=\"size-medium wp-image-2119 aligncenter\" src=\"http:\/\/dypall.com\/wp-content\/uploads\/2017\/06\/IMG_3133-300x200.jpg\" alt=\"\" width=\"300\" height=\"200\" \/><\/p>\n<p><strong>\u00cen ceea ce prive\u0219te impactul pe care acest curs de formare l-a avut asupra activit\u0103\u021bii lor, ace\u0219tia au \u00eemp\u0103rt\u0103\u0219it urm\u0103toarele:<\/strong><\/p>\n<p><em>Karlstad Kommun este foarte interesat s\u0103 \u00eencerce s\u0103 g\u0103seasc\u0103 mai multe modalit\u0103\u021bi de cooperare cu societatea civil\u0103 pentru a putea oferi mai mult sprijin grupului-\u021bint\u0103.<\/em><\/p>\n<p><em>Pe de alt\u0103 parte, prin activitatea din cadrul Meetingpoint desf\u0103\u0219urat la V\u00e4rmand, Salva\u021bi Copiii a dezvoltat o platform\u0103 de discu\u021bii \u0219i schimburi \u00eentre diferite organiza\u021bii, implicate \u00een activit\u0103\u021bi pentru copiii ne\u00eenso\u021bi\u021bi din V\u00e4rmland. Acest lucru a generat idei cu privire la modul de a face grupul \u021bint\u0103 \u00eensu\u0219i proprietar al \u00eentreb\u0103rilor \u0219i nevoilor care sunt explorate \u00een punctele de \u00eent\u00e2lnire.<\/em><\/p>\n<p><em>Doar pentru a oferi o imagine de ansamblu: Municipalit\u0103\u021bile suedeze au at\u00e2t responsabilit\u0103\u021bi mari \u00een materie de asisten\u021b\u0103 social\u0103, c\u00e2t \u0219i resurse \u0219i cuno\u0219tin\u021be adecvate pentru sprijinirea diferitelor grupuri vulnerabile. Dar ei c\u00e2\u0219tig\u0103 mult ori de c\u00e2te ori g\u0103sesc strategii de cooperare cu societatea civil\u0103 pentru a fi \u0219i mai eficien\u021bi \u00een g\u0103sirea \u0219i \u00eent\u00e2lnirea grupurilor vulnerabile. \u00cen prezent, este foarte necesar s\u0103 se g\u0103seasc\u0103 strategii pentru acest tip de cooperare, \u00een special \u00een ceea ce prive\u0219te munca cu refugia\u021bii \u0219i copiii ne\u00eenso\u021bi\u021bi. At\u00e2t societatea civil\u0103, c\u00e2t \u0219i municipalit\u0103\u021bile s-au implicat \u0219i au format re\u021bele \u0219i parteneriate pentru a consolida sprijinul acordat acestor grupuri.\u00a0<\/em><\/p>\n<p><em>\u00cen acest context, Salva\u021bi Copiii \u0219i Karlstad Kommun au avut \u0219ansa de a colabora \u00een \u00eencercarea de a g\u0103si modalit\u0103\u021bi mai bune de sprijinire a copiilor ne\u00eenso\u021bi\u021bi \u00een cadrul municipalit\u0103\u021bii. Cursul de formare de la Odiliapeel a reprezentat o bun\u0103 ocazie de a explora \u00eempreun\u0103 aceste posibilit\u0103\u021bi \u0219i de a face un prim pas comun \u00een g\u0103sirea unor modalit\u0103\u021bi de cooperare viitoare.<\/em><\/p>\n<p><em>\u00cen timpul cursului de formare, am avut acces la informa\u021bii utile pentru munca noastr\u0103, at\u00e2t prin \u00eent\u00e2lnirea noastr\u0103 de zi cu zi <img loading=\"lazy\" decoding=\"async\" class=\"size-medium wp-image-2123 alignleft\" src=\"http:\/\/dypall.com\/wp-content\/uploads\/2017\/06\/IMG_3465-300x200.jpg\" alt=\"\" width=\"300\" height=\"200\" \/>cu grupul \u021bint\u0103, precum \u0219i \u00een activitatea comun\u0103 cu alte organiza\u021bii. Am \u00eent\u00e2lnit, de asemenea, persoane din \u00eentreaga Europ\u0103 care au lucrat fie cu tineri migran\u021bi, fie cu refugia\u021bi, \u00een calitate de profesioni\u0219ti sau voluntari.<\/em><\/p>\n<p><em>Ace\u0219tia au \u00eemp\u0103rt\u0103\u0219it experien\u021bele acestor reuniuni, precum \u0219i studiile cursurilor de formare pe aceast\u0103 tem\u0103, ceea ce a permis o mai bun\u0103 \u00een\u021belegere a importan\u021bei \u0219i avantajelor cooper\u0103rii dintre societatea civil\u0103 \u0219i autorit\u0103\u021bile locale \u0219i a diferitelor strategii pentru a ajunge la o cooperare care s\u0103 aduc\u0103 beneficii ambelor p\u0103r\u021bi, precum \u0219i grupului-\u021bint\u0103.<\/em><\/p>\n<p><em>Deoarece to\u021bi participan\u021bii au putut s\u0103 formeze un plan de proiect, s\u0103-l prezinte \u0219i s\u0103-l discute \u00eempreun\u0103, au putut fi testate g\u00e2nduri despre cum s\u0103 continue \u0219i s\u0103 dezvolte munca cu copiii ne\u00eenso\u021bi\u021bi. Acest lucru a dat o mul\u021bime de inspira\u021bie \u0219i motiva\u021bie pentru a \u00eencepe aplicarea cuno\u0219tin\u021belor dob\u00e2ndite.<\/em><\/p>\n<p><em>Salva\u021bi copiii a lucrat, \u00een ultimii doi ani, cu auto-organizare \u00een r\u00e2ndul refugia\u021bilor adul\u021bi ca o modalitate de a reduce riscul de inactivitate \u0219i boli mintale \u00een procesul de azil \u0219i, de asemenea, pentru a \u00eencepe procesul de stabilire din prima zi \u00een Suedia. Conectat la auto-organizare, exist\u0103 o re\u021bea de organiza\u021bii cooperante (din societatea civil\u0103 \u0219i autorit\u0103\u021bile locale), care include grupul \u021bint\u0103 auto-organizat. Acest lucru <img loading=\"lazy\" decoding=\"async\" class=\"size-medium wp-image-2121 alignright\" src=\"http:\/\/dypall.com\/wp-content\/uploads\/2017\/06\/IMG_3264-300x200.jpg\" alt=\"\" width=\"300\" height=\"200\" \/>munca a avut un mare succes \u0219i contribuie la schimbarea mentalit\u0103\u021bii \u00een cadrul societ\u0103\u021bii, unde munca cu solicitan\u021bii de azil se schimb\u0103 de la a avea o perspectiv\u0103 superioar\u0103 de a avea grij\u0103 la a avea o perspectiv\u0103 interioar\u0103 de participare \u0219i parteneriat.<\/em><\/p>\n<p><em>Planul de proiect pe care Salva\u021bi Copiii l-a lansat dup\u0103 cursul de formare a fost \u201eCrea Diem \u2013 autoorganizare \u0219i cooperare strategic\u0103 pentru copiii ne\u00eenso\u021bi\u021bi\u201d.<\/em><\/p>\n<p><em>Karlstad Kommun dore\u0219te s\u0103 g\u0103seasc\u0103 modalit\u0103\u021bi mai eficiente \u0219i mai constructive de a coopera cu societatea civil\u0103 \u0219i de a dezvolta colaborarea cu copiii ne\u00eenso\u021bi\u021bi pentru a le spori \u0219ansele de a r\u0103m\u00e2ne \u00een Karlstad Kommun, de a g\u0103si un loc de munc\u0103, de a se stabili, de a g\u0103si sens \u0219i de a contribui la societate. \u00cen acest scop, Karlstad Kommun dore\u0219te s\u0103 creeze o platform\u0103 de cooperare \u00eentre diferite p\u0103r\u021bi ale municipalit\u0103\u021bii \u0219i societatea civil\u0103, cu un local comunal \u00een care activit\u0103\u021bile, sprijinul \u0219i informa\u021biile pentru grupul-\u021bint\u0103 ar putea avea o coloca\u021bie \u0219i un concept de \u201eun singur sens\u201d pentru grupul-\u021bint\u0103. Acest proiect se nume\u0219te \u201eMeetingpoint Galaxen\u201d.<\/em><\/p>\n<p><em>\u00cempreun\u0103, cele dou\u0103 proiecte ar putea crea un punct de \u00eent\u00e2lnire pentru copiii ne\u00eenso\u021bi\u021bi, unde ace\u0219tia s\u0103 poat\u0103 g\u0103si \u0219i ob\u021bine informa\u021bii \u0219i sprijin din partea organiza\u021biilor implicate \u00een procesul de \u00eenfiin\u021bare. Punctul de \u00eent\u00e2lnire este, de asemenea, un loc \u00een care organiza\u021biile implicate formeaz\u0103 o re\u021bea pentru a g\u0103si modalit\u0103\u021bi mai eficiente de a lucra \u00eempreun\u0103 cu grupul \u021bint\u0103. \u00cen cadrul punctului de \u00eent\u00e2lnire, copiii ne\u00eenso\u021bi\u021bi se pot organiza \u00een jurul \u00eentreb\u0103rilor pe care le consider\u0103 importante. \u00cempreun\u0103 cu organiza\u021biile de networking, ei pot ac\u021biona asupra acestor \u00eentreb\u0103ri \u0219i, cu sprijin, ei \u00een\u0219i\u0219i pot crea activit\u0103\u021bi care le vor \u00eembun\u0103t\u0103\u021bi starea de bine \u0219i le vor \u00eembun\u0103t\u0103\u021bi procesul de \u00eenfiin\u021bare.<\/em><\/p>","protected":false},"excerpt":{"rendered":"<p>Ini\u021biativa \u201eVocile tinerilor migran\u021bi: un curs de formare pentru stimularea particip\u0103rii tinerilor migran\u021bi la procesele decizionale la nivel local\u201d a fost organizat de ADYNE Netherlands \u00een parteneriat cu re\u021beaua DYPALL \u0219i a fost pus \u00een aplicare \u00een noiembrie 2016. Am scris despre asta pe site-ul nostru aici \u0219i aici. Eva Lindberg \u0219i Anna Beata Ekstr\u00f6m au participat la aceast\u0103... <a class=\"more-link\" href=\"https:\/\/dypall.com\/ro\/activity\/feedback-on-the-impact-of-the-training-course-young-migrant-voices-held-in-november-2016\/\">Continu\u0103 lectura <span class=\"screen-reader-text\">Feedback cu privire la impactul cursului de formare \u201eVocile tinerilor migran\u021bi\u201d, desf\u0103\u0219urat \u00een noiembrie 2016.<\/span><\/a><\/p>","protected":false},"author":2,"featured_media":2118,"comment_status":"closed","ping_status":"open","sticky":false,"template":"","format":"standard","meta":{"_acf_changed":false,"_jetpack_memberships_contains_paid_content":false,"footnotes":""},"categories":[111,141],"tags":[136],"class_list":["post-2117","post","type-post","status-publish","format-standard","has-post-thumbnail","hentry","category-activity","category-training-course","tag-training-course","entry"],"acf":[],"yoast_head":"<!-- This site is optimized with the Yoast SEO plugin v22.8 - https:\/\/yoast.com\/wordpress\/plugins\/seo\/ -->\n<title>Feedback on the impact of the training course \u201cYoung Migrant Voices\u201d held in November 2016. - DYPALL Network<\/title>\n<meta name=\"robots\" content=\"index, follow, max-snippet:-1, max-image-preview:large, max-video-preview:-1\" \/>\n<link rel=\"canonical\" href=\"https:\/\/dypall.com\/ro\/activity\/feedback-on-the-impact-of-the-training-course-young-migrant-voices-held-in-november-2016\/\" \/>\n<meta property=\"og:locale\" content=\"ro_RO\" \/>\n<meta property=\"og:type\" content=\"article\" \/>\n<meta property=\"og:title\" content=\"Feedback on the impact of the training course \u201cYoung Migrant Voices\u201d held in November 2016. - DYPALL Network\" \/>\n<meta property=\"og:description\" content=\"The initiative \u201cYoung Migrant Voices: a training course for boosting participation of young migrants in decision-making processes at local level\u201d was organized by ADYNE Netherlands in partnership with DYPALL Network, and was implemented in November 2016. We wrote about it on our\u00a0\u00a0website here and here. Eva Lindberg \u00a0and Anna Beata Ekstr\u00f6m, were participants in this&hellip; Continu\u0103 lectura Feedback on the impact of the training course \u201cYoung Migrant Voices\u201d held in November 2016.\" \/>\n<meta property=\"og:url\" content=\"https:\/\/dypall.com\/ro\/activity\/feedback-on-the-impact-of-the-training-course-young-migrant-voices-held-in-november-2016\/\" \/>\n<meta property=\"og:site_name\" content=\"DYPALL Network\" \/>\n<meta property=\"article:published_time\" content=\"2017-06-16T16:36:38+00:00\" \/>\n<meta name=\"author\" content=\"dypall\" \/>\n<meta name=\"twitter:card\" content=\"summary_large_image\" \/>\n<meta name=\"twitter:label1\" content=\"Written by\" \/>\n\t<meta name=\"twitter:data1\" content=\"dypall\" \/>\n\t<meta name=\"twitter:label2\" content=\"Est. reading time\" \/>\n\t<meta name=\"twitter:data2\" content=\"5 minute\" \/>\n<script type=\"application\/ld+json\" class=\"yoast-schema-graph\">{\"@context\":\"https:\/\/schema.org\",\"@graph\":[{\"@type\":\"WebPage\",\"@id\":\"https:\/\/dypall.com\/activity\/feedback-on-the-impact-of-the-training-course-young-migrant-voices-held-in-november-2016\/\",\"url\":\"https:\/\/dypall.com\/activity\/feedback-on-the-impact-of-the-training-course-young-migrant-voices-held-in-november-2016\/\",\"name\":\"Feedback on the impact of the training course \u201cYoung Migrant Voices\u201d held in November 2016. - DYPALL Network\",\"isPartOf\":{\"@id\":\"https:\/\/dypall.com\/#website\"},\"primaryImageOfPage\":{\"@id\":\"https:\/\/dypall.com\/activity\/feedback-on-the-impact-of-the-training-course-young-migrant-voices-held-in-november-2016\/#primaryimage\"},\"image\":{\"@id\":\"https:\/\/dypall.com\/activity\/feedback-on-the-impact-of-the-training-course-young-migrant-voices-held-in-november-2016\/#primaryimage\"},\"thumbnailUrl\":\"\",\"datePublished\":\"2017-06-16T16:36:38+00:00\",\"dateModified\":\"2017-06-16T16:36:38+00:00\",\"author\":{\"@id\":\"https:\/\/dypall.com\/#\/schema\/person\/206350efe851997fcdedef75d118766b\"},\"breadcrumb\":{\"@id\":\"https:\/\/dypall.com\/activity\/feedback-on-the-impact-of-the-training-course-young-migrant-voices-held-in-november-2016\/#breadcrumb\"},\"inLanguage\":\"ro-RO\",\"potentialAction\":[{\"@type\":\"ReadAction\",\"target\":[\"https:\/\/dypall.com\/activity\/feedback-on-the-impact-of-the-training-course-young-migrant-voices-held-in-november-2016\/\"]}]},{\"@type\":\"ImageObject\",\"inLanguage\":\"ro-RO\",\"@id\":\"https:\/\/dypall.com\/activity\/feedback-on-the-impact-of-the-training-course-young-migrant-voices-held-in-november-2016\/#primaryimage\",\"url\":\"\",\"contentUrl\":\"\"},{\"@type\":\"BreadcrumbList\",\"@id\":\"https:\/\/dypall.com\/activity\/feedback-on-the-impact-of-the-training-course-young-migrant-voices-held-in-november-2016\/#breadcrumb\",\"itemListElement\":[{\"@type\":\"ListItem\",\"position\":1,\"name\":\"Home\",\"item\":\"https:\/\/dypall.com\/\"},{\"@type\":\"ListItem\",\"position\":2,\"name\":\"Feedback on the impact of the training course \u201cYoung Migrant Voices\u201d held in November 2016.\"}]},{\"@type\":\"WebSite\",\"@id\":\"https:\/\/dypall.com\/#website\",\"url\":\"https:\/\/dypall.com\/\",\"name\":\"DYPALL Network\",\"description\":\"We are a European network of civil society organisations, municipalities and research institutions dedicated to improving democracy through youth participation.\",\"potentialAction\":[{\"@type\":\"SearchAction\",\"target\":{\"@type\":\"EntryPoint\",\"urlTemplate\":\"https:\/\/dypall.com\/?s={search_term_string}\"},\"query-input\":\"required name=search_term_string\"}],\"inLanguage\":\"ro-RO\"},{\"@type\":\"Person\",\"@id\":\"https:\/\/dypall.com\/#\/schema\/person\/206350efe851997fcdedef75d118766b\",\"name\":\"dypall\",\"image\":{\"@type\":\"ImageObject\",\"inLanguage\":\"ro-RO\",\"@id\":\"https:\/\/dypall.com\/#\/schema\/person\/image\/\",\"url\":\"https:\/\/secure.gravatar.com\/avatar\/14e8d3d8841cd0bdf69915120bcf9fcfac1567f1dc7035664907322ac47efe29?s=96&d=mm&r=g\",\"contentUrl\":\"https:\/\/secure.gravatar.com\/avatar\/14e8d3d8841cd0bdf69915120bcf9fcfac1567f1dc7035664907322ac47efe29?s=96&d=mm&r=g\",\"caption\":\"dypall\"},\"url\":\"https:\/\/dypall.com\/ro\/author\/dypall_info\/\"}]}<\/script>\n<!-- \/ Yoast SEO plugin. -->","yoast_head_json":{"title":"Feedback on the impact of the training course \u201cYoung Migrant Voices\u201d held in November 2016. - DYPALL Network","robots":{"index":"index","follow":"follow","max-snippet":"max-snippet:-1","max-image-preview":"max-image-preview:large","max-video-preview":"max-video-preview:-1"},"canonical":"https:\/\/dypall.com\/ro\/activity\/feedback-on-the-impact-of-the-training-course-young-migrant-voices-held-in-november-2016\/","og_locale":"ro_RO","og_type":"article","og_title":"Feedback on the impact of the training course \u201cYoung Migrant Voices\u201d held in November 2016. - DYPALL Network","og_description":"The initiative \u201cYoung Migrant Voices: a training course for boosting participation of young migrants in decision-making processes at local level\u201d was organized by ADYNE Netherlands in partnership with DYPALL Network, and was implemented in November 2016. We wrote about it on our\u00a0\u00a0website here and here. Eva Lindberg \u00a0and Anna Beata Ekstr\u00f6m, were participants in this&hellip; Continu\u0103 lectura Feedback on the impact of the training course \u201cYoung Migrant Voices\u201d held in November 2016.","og_url":"https:\/\/dypall.com\/ro\/activity\/feedback-on-the-impact-of-the-training-course-young-migrant-voices-held-in-november-2016\/","og_site_name":"DYPALL Network","article_published_time":"2017-06-16T16:36:38+00:00","author":"dypall","twitter_card":"summary_large_image","twitter_misc":{"Written by":"dypall","Est. reading time":"5 minute"},"schema":{"@context":"https:\/\/schema.org","@graph":[{"@type":"WebPage","@id":"https:\/\/dypall.com\/activity\/feedback-on-the-impact-of-the-training-course-young-migrant-voices-held-in-november-2016\/","url":"https:\/\/dypall.com\/activity\/feedback-on-the-impact-of-the-training-course-young-migrant-voices-held-in-november-2016\/","name":"Feedback on the impact of the training course \u201cYoung Migrant Voices\u201d held in November 2016. - DYPALL Network","isPartOf":{"@id":"https:\/\/dypall.com\/#website"},"primaryImageOfPage":{"@id":"https:\/\/dypall.com\/activity\/feedback-on-the-impact-of-the-training-course-young-migrant-voices-held-in-november-2016\/#primaryimage"},"image":{"@id":"https:\/\/dypall.com\/activity\/feedback-on-the-impact-of-the-training-course-young-migrant-voices-held-in-november-2016\/#primaryimage"},"thumbnailUrl":"","datePublished":"2017-06-16T16:36:38+00:00","dateModified":"2017-06-16T16:36:38+00:00","author":{"@id":"https:\/\/dypall.com\/#\/schema\/person\/206350efe851997fcdedef75d118766b"},"breadcrumb":{"@id":"https:\/\/dypall.com\/activity\/feedback-on-the-impact-of-the-training-course-young-migrant-voices-held-in-november-2016\/#breadcrumb"},"inLanguage":"ro-RO","potentialAction":[{"@type":"ReadAction","target":["https:\/\/dypall.com\/activity\/feedback-on-the-impact-of-the-training-course-young-migrant-voices-held-in-november-2016\/"]}]},{"@type":"ImageObject","inLanguage":"ro-RO","@id":"https:\/\/dypall.com\/activity\/feedback-on-the-impact-of-the-training-course-young-migrant-voices-held-in-november-2016\/#primaryimage","url":"","contentUrl":""},{"@type":"BreadcrumbList","@id":"https:\/\/dypall.com\/activity\/feedback-on-the-impact-of-the-training-course-young-migrant-voices-held-in-november-2016\/#breadcrumb","itemListElement":[{"@type":"ListItem","position":1,"name":"Home","item":"https:\/\/dypall.com\/"},{"@type":"ListItem","position":2,"name":"Feedback on the impact of the training course \u201cYoung Migrant Voices\u201d held in November 2016."}]},{"@type":"WebSite","@id":"https:\/\/dypall.com\/#website","url":"https:\/\/dypall.com\/","name":"DYPALL Network","description":"We are a European network of civil society organisations, municipalities and research institutions dedicated to improving democracy through youth participation.","potentialAction":[{"@type":"SearchAction","target":{"@type":"EntryPoint","urlTemplate":"https:\/\/dypall.com\/?s={search_term_string}"},"query-input":"required name=search_term_string"}],"inLanguage":"ro-RO"},{"@type":"Person","@id":"https:\/\/dypall.com\/#\/schema\/person\/206350efe851997fcdedef75d118766b","name":"dypall","image":{"@type":"ImageObject","inLanguage":"ro-RO","@id":"https:\/\/dypall.com\/#\/schema\/person\/image\/","url":"https:\/\/secure.gravatar.com\/avatar\/14e8d3d8841cd0bdf69915120bcf9fcfac1567f1dc7035664907322ac47efe29?s=96&d=mm&r=g","contentUrl":"https:\/\/secure.gravatar.com\/avatar\/14e8d3d8841cd0bdf69915120bcf9fcfac1567f1dc7035664907322ac47efe29?s=96&d=mm&r=g","caption":"dypall"},"url":"https:\/\/dypall.com\/ro\/author\/dypall_info\/"}]}},"jetpack_featured_media_url":"","jetpack_sharing_enabled":true,"_links":{"self":[{"href":"https:\/\/dypall.com\/ro\/wp-json\/wp\/v2\/posts\/2117","targetHints":{"allow":["GET"]}}],"collection":[{"href":"https:\/\/dypall.com\/ro\/wp-json\/wp\/v2\/posts"}],"about":[{"href":"https:\/\/dypall.com\/ro\/wp-json\/wp\/v2\/types\/post"}],"author":[{"embeddable":true,"href":"https:\/\/dypall.com\/ro\/wp-json\/wp\/v2\/users\/2"}],"replies":[{"embeddable":true,"href":"https:\/\/dypall.com\/ro\/wp-json\/wp\/v2\/comments?post=2117"}],"version-history":[{"count":0,"href":"https:\/\/dypall.com\/ro\/wp-json\/wp\/v2\/posts\/2117\/revisions"}],"wp:featuredmedia":[{"embeddable":true,"href":"https:\/\/dypall.com\/ro\/wp-json\/"}],"wp:attachment":[{"href":"https:\/\/dypall.com\/ro\/wp-json\/wp\/v2\/media?parent=2117"}],"wp:term":[{"taxonomy":"category","embeddable":true,"href":"https:\/\/dypall.com\/ro\/wp-json\/wp\/v2\/categories?post=2117"},{"taxonomy":"post_tag","embeddable":true,"href":"https:\/\/dypall.com\/ro\/wp-json\/wp\/v2\/tags?post=2117"}],"curies":[{"name":"wp","href":"https:\/\/api.w.org\/{rel}","templated":true}]}}