{"id":1792,"date":"2017-01-11T20:32:10","date_gmt":"2017-01-11T19:32:10","guid":{"rendered":"http:\/\/dypall.com\/?p=1792"},"modified":"2017-01-11T20:32:10","modified_gmt":"2017-01-11T19:32:10","slug":"youth-delegatesclracoe","status":"publish","type":"post","link":"https:\/\/dypall.com\/ro\/calls\/youth-delegatesclracoe\/","title":{"rendered":"Apel pentru tinerii delega\u021bi la CLRA"},"content":{"rendered":"<h2><em><strong>Cerere de candidaturi pentru participarea tinerilor la cea de-a 32-a \u0219i cea de-a 33-a sesiune a Congresului Autorit\u0103\u021bilor Locale \u0219i Regionale al Consiliului Europei<\/strong><\/em><\/h2>\n<p>26-30 martie \u0219i 16-20 octombrie 2017  \u2047  Strasbourg Fran\u021ba<\/p>\n<div class=\"ArtikelContent\">\n<p><strong>Termen limit\u0103: 17 ianuarie 2017<\/strong><\/p>\n<p>\u00cen cadrul ini\u021biativei Congresului \u201eRe\u00eentinerirea politicii\u201d, <strong>Congresul Autorit\u0103\u021bilor Locale \u0219i Regionale al Consiliului Europei invit\u0103 un t\u00e2n\u0103r din fiecare stat membru s\u0103 vin\u0103 la Strasbourg pentru a participa activ la cea de-a 32-a \u0219i cea de-a 33-a sesiune a sa \u0219i pentru a-\u0219i dezvolta propriul proiect la nivel local acas\u0103.\u00a0<\/strong><\/p>\n<p>Consiliul Europei dore\u0219te s\u0103 \u00eencurajeze mai mul\u021bi tineri s\u0103 se implice activ \u00een consolidarea societ\u0103\u021bii civile \u00een Europa \u0219i s\u0103 apere valorile drepturilor omului, diversit\u0103\u021bii culturale \u0219i coeziunii sociale. De asemenea, dore\u0219te s\u0103 promoveze \u0219i s\u0103 dezvolte politici pentru tineret, pun\u00e2nd un accent deosebit pe participarea tinerilor. \u00cen completarea acestei orient\u0103ri, Congresul Autorit\u0103\u021bilor Locale \u0219i Regionale al Consiliului Europei a analizat mai \u00eendeaproape chestiunea particip\u0103rii tinerilor.<\/p>\n<p>Prin urmare, \u00eencep\u00e2nd din octombrie 2014, Congresul invit\u0103 tineri din medii diferite \u2013 activi\u0219ti pentru tineret, lucr\u0103tori de tineret, studen\u021bi, tineri politicieni \u2013 s\u0103 participe la sesiunile sale, s\u0103 aib\u0103 un cuv\u00e2nt de spus \u00een dezbateri \u0219i s\u0103 fac\u0103 schimb de opinii cu membrii Congresului cu privire la chestiunile de pe ordinea de zi.\u00a0 \u00cencep\u00e2nd din 2016, ace\u0219tia sunt invita\u021bi s\u0103 participe la ambele sesiuni, fiind implica\u021bi \u00een activitatea Congresului pe tot parcursul anului.\u00a0Ca parte a particip\u0103rii lor \u00een 2016, delega\u021bii tinerilor au fost invita\u021bi pentru prima dat\u0103 s\u0103 \u00ee\u0219i dezvolte propriile proiecte la nivel local \u0219i regional. Acest aspect al particip\u0103rii lor va fi dezvoltat \u00een continuare \u00een 2017.<\/p>\n<p>Delega\u021bii de tineret, c\u00e2te unul din fiecare stat membru, vor sta \u00een hemiciclu, al\u0103turi de membrii Congresului, pentru \u00eentreaga sesiune.\u00a0 \u00cenaintea fiec\u0103rei sesiuni va fi organizat\u0103 o sesiune preg\u0103titoare de o zi, desf\u0103\u0219urat\u0103 \u00een conformitate cu principiile educa\u021biei non-formale \u0219i o sear\u0103 de bun venit.\u00a0 <strong>Delega\u021bii tinerilor trebuie s\u0103 se angajeze s\u0103 participe la toate cele dou\u0103 sesiuni din 2017: de la 26 martie \u0219i 16 octombrie (19.00) la sesiunile de informare din 30 martie \u0219i 20 octombrie (17.00)<\/strong>.<\/p>\n<\/div>\n<p>Citi\u021bi profilul participan\u021bilor \u0219i procedura de depunere a candidaturii \u00een <span style=\"text-decoration: underline; color: #0000ff;\"><strong><a style=\"color: #0000ff; text-decoration: underline;\" href=\"http:\/\/www.coe.int\/t\/congress\/files\/topics\/youth\/call-2017_en.asp\">Site-ul Congresului<\/a><\/strong><\/span><\/p>","protected":false},"excerpt":{"rendered":"<p>Cerere de candidaturi pentru participarea tinerilor la cea de-a 32-a \u0219i cea de-a 33-a sesiune a Congresului Autorit\u0103\u021bilor Locale \u0219i Regionale al Consiliului Europei, 26-30 martie \u0219i 16-20 octombrie 2017  \u2047  Strasbourg Fran\u021ba Termen: 17 ianuarie 2017 \u00cen cadrul ini\u021biativei Congresului \u201eRe\u00eentinerirea politicii\u201d, Congresul autorit\u0103\u021bilor locale \u0219i regionale... <a class=\"more-link\" href=\"https:\/\/dypall.com\/ro\/calls\/youth-delegatesclracoe\/\">Continu\u0103 lectura <span class=\"screen-reader-text\">Apel pentru tinerii delega\u021bi la CLRA<\/span><\/a><\/p>","protected":false},"author":1,"featured_media":1794,"comment_status":"closed","ping_status":"open","sticky":false,"template":"","format":"standard","meta":{"_acf_changed":false,"_jetpack_memberships_contains_paid_content":false,"footnotes":""},"categories":[1],"tags":[135],"class_list":["post-1792","post","type-post","status-publish","format-standard","has-post-thumbnail","hentry","category-calls","tag-call-for-participants","entry"],"acf":[],"yoast_head":"<!-- This site is optimized with the Yoast SEO plugin v22.8 - https:\/\/yoast.com\/wordpress\/plugins\/seo\/ -->\n<title>Call for youth delegates to the CLRA - DYPALL Network<\/title>\n<meta name=\"robots\" content=\"index, follow, max-snippet:-1, max-image-preview:large, max-video-preview:-1\" \/>\n<link rel=\"canonical\" href=\"https:\/\/dypall.com\/ro\/calls\/youth-delegatesclracoe\/\" \/>\n<meta property=\"og:locale\" content=\"ro_RO\" \/>\n<meta property=\"og:type\" content=\"article\" \/>\n<meta property=\"og:title\" content=\"Call for youth delegates to the CLRA - DYPALL Network\" \/>\n<meta property=\"og:description\" content=\"Call for application for young people to take part in the 32nd and 33rd sessions of the Congress of Local and Regional Authorities of the Council of Europe 26-30 March and 16-20 October 2017 | Strasbourg France Deadline: 17\u00a0January 2017 In the framework of the Congress\u2019 initiative \u201cRejuvenating politics\u201d, the Congress of Local and Regional&hellip; Continu\u0103 lectura Call for youth delegates to the CLRA\" \/>\n<meta property=\"og:url\" content=\"https:\/\/dypall.com\/ro\/calls\/youth-delegatesclracoe\/\" \/>\n<meta property=\"og:site_name\" content=\"DYPALL Network\" \/>\n<meta property=\"article:published_time\" content=\"2017-01-11T19:32:10+00:00\" \/>\n<meta name=\"author\" content=\"DYPALL Network\" \/>\n<meta name=\"twitter:card\" content=\"summary_large_image\" \/>\n<meta name=\"twitter:label1\" content=\"Written by\" \/>\n\t<meta name=\"twitter:data1\" content=\"DYPALL Network\" \/>\n\t<meta name=\"twitter:label2\" content=\"Est. reading time\" \/>\n\t<meta name=\"twitter:data2\" content=\"2 minute\" \/>\n<script type=\"application\/ld+json\" class=\"yoast-schema-graph\">{\"@context\":\"https:\/\/schema.org\",\"@graph\":[{\"@type\":\"WebPage\",\"@id\":\"https:\/\/dypall.com\/calls\/youth-delegatesclracoe\/\",\"url\":\"https:\/\/dypall.com\/calls\/youth-delegatesclracoe\/\",\"name\":\"Call for youth delegates to the CLRA - DYPALL Network\",\"isPartOf\":{\"@id\":\"https:\/\/dypall.com\/#website\"},\"primaryImageOfPage\":{\"@id\":\"https:\/\/dypall.com\/calls\/youth-delegatesclracoe\/#primaryimage\"},\"image\":{\"@id\":\"https:\/\/dypall.com\/calls\/youth-delegatesclracoe\/#primaryimage\"},\"thumbnailUrl\":\"\",\"datePublished\":\"2017-01-11T19:32:10+00:00\",\"dateModified\":\"2017-01-11T19:32:10+00:00\",\"author\":{\"@id\":\"https:\/\/dypall.com\/#\/schema\/person\/f92e08aa15c8ba711a9d153129f03377\"},\"breadcrumb\":{\"@id\":\"https:\/\/dypall.com\/calls\/youth-delegatesclracoe\/#breadcrumb\"},\"inLanguage\":\"ro-RO\",\"potentialAction\":[{\"@type\":\"ReadAction\",\"target\":[\"https:\/\/dypall.com\/calls\/youth-delegatesclracoe\/\"]}]},{\"@type\":\"ImageObject\",\"inLanguage\":\"ro-RO\",\"@id\":\"https:\/\/dypall.com\/calls\/youth-delegatesclracoe\/#primaryimage\",\"url\":\"\",\"contentUrl\":\"\"},{\"@type\":\"BreadcrumbList\",\"@id\":\"https:\/\/dypall.com\/calls\/youth-delegatesclracoe\/#breadcrumb\",\"itemListElement\":[{\"@type\":\"ListItem\",\"position\":1,\"name\":\"Home\",\"item\":\"https:\/\/dypall.com\/\"},{\"@type\":\"ListItem\",\"position\":2,\"name\":\"Call for youth delegates to the CLRA\"}]},{\"@type\":\"WebSite\",\"@id\":\"https:\/\/dypall.com\/#website\",\"url\":\"https:\/\/dypall.com\/\",\"name\":\"DYPALL Network\",\"description\":\"We are a European network of civil society organisations, municipalities and research institutions dedicated to improving democracy through youth participation.\",\"potentialAction\":[{\"@type\":\"SearchAction\",\"target\":{\"@type\":\"EntryPoint\",\"urlTemplate\":\"https:\/\/dypall.com\/?s={search_term_string}\"},\"query-input\":\"required name=search_term_string\"}],\"inLanguage\":\"ro-RO\"},{\"@type\":\"Person\",\"@id\":\"https:\/\/dypall.com\/#\/schema\/person\/f92e08aa15c8ba711a9d153129f03377\",\"name\":\"DYPALL Network\",\"image\":{\"@type\":\"ImageObject\",\"inLanguage\":\"ro-RO\",\"@id\":\"https:\/\/dypall.com\/#\/schema\/person\/image\/\",\"url\":\"https:\/\/secure.gravatar.com\/avatar\/9c39e299279800c6d69c5e02cf613e7bab060889f373052a03d7ac399e8f0d3c?s=96&d=mm&r=g\",\"contentUrl\":\"https:\/\/secure.gravatar.com\/avatar\/9c39e299279800c6d69c5e02cf613e7bab060889f373052a03d7ac399e8f0d3c?s=96&d=mm&r=g\",\"caption\":\"DYPALL Network\"},\"sameAs\":[\"https:\/\/dypall.com\"],\"url\":\"https:\/\/dypall.com\/ro\/author\/dypall\/\"}]}<\/script>\n<!-- \/ Yoast SEO plugin. -->","yoast_head_json":{"title":"Call for youth delegates to the CLRA - DYPALL Network","robots":{"index":"index","follow":"follow","max-snippet":"max-snippet:-1","max-image-preview":"max-image-preview:large","max-video-preview":"max-video-preview:-1"},"canonical":"https:\/\/dypall.com\/ro\/calls\/youth-delegatesclracoe\/","og_locale":"ro_RO","og_type":"article","og_title":"Call for youth delegates to the CLRA - DYPALL Network","og_description":"Call for application for young people to take part in the 32nd and 33rd sessions of the Congress of Local and Regional Authorities of the Council of Europe 26-30 March and 16-20 October 2017 | Strasbourg France Deadline: 17\u00a0January 2017 In the framework of the Congress\u2019 initiative \u201cRejuvenating politics\u201d, the Congress of Local and Regional&hellip; Continu\u0103 lectura Call for youth delegates to the CLRA","og_url":"https:\/\/dypall.com\/ro\/calls\/youth-delegatesclracoe\/","og_site_name":"DYPALL Network","article_published_time":"2017-01-11T19:32:10+00:00","author":"DYPALL Network","twitter_card":"summary_large_image","twitter_misc":{"Written by":"DYPALL Network","Est. reading time":"2 minute"},"schema":{"@context":"https:\/\/schema.org","@graph":[{"@type":"WebPage","@id":"https:\/\/dypall.com\/calls\/youth-delegatesclracoe\/","url":"https:\/\/dypall.com\/calls\/youth-delegatesclracoe\/","name":"Call for youth delegates to the CLRA - DYPALL Network","isPartOf":{"@id":"https:\/\/dypall.com\/#website"},"primaryImageOfPage":{"@id":"https:\/\/dypall.com\/calls\/youth-delegatesclracoe\/#primaryimage"},"image":{"@id":"https:\/\/dypall.com\/calls\/youth-delegatesclracoe\/#primaryimage"},"thumbnailUrl":"","datePublished":"2017-01-11T19:32:10+00:00","dateModified":"2017-01-11T19:32:10+00:00","author":{"@id":"https:\/\/dypall.com\/#\/schema\/person\/f92e08aa15c8ba711a9d153129f03377"},"breadcrumb":{"@id":"https:\/\/dypall.com\/calls\/youth-delegatesclracoe\/#breadcrumb"},"inLanguage":"ro-RO","potentialAction":[{"@type":"ReadAction","target":["https:\/\/dypall.com\/calls\/youth-delegatesclracoe\/"]}]},{"@type":"ImageObject","inLanguage":"ro-RO","@id":"https:\/\/dypall.com\/calls\/youth-delegatesclracoe\/#primaryimage","url":"","contentUrl":""},{"@type":"BreadcrumbList","@id":"https:\/\/dypall.com\/calls\/youth-delegatesclracoe\/#breadcrumb","itemListElement":[{"@type":"ListItem","position":1,"name":"Home","item":"https:\/\/dypall.com\/"},{"@type":"ListItem","position":2,"name":"Call for youth delegates to the CLRA"}]},{"@type":"WebSite","@id":"https:\/\/dypall.com\/#website","url":"https:\/\/dypall.com\/","name":"DYPALL Network","description":"We are a European network of civil society organisations, municipalities and research institutions dedicated to improving democracy through youth participation.","potentialAction":[{"@type":"SearchAction","target":{"@type":"EntryPoint","urlTemplate":"https:\/\/dypall.com\/?s={search_term_string}"},"query-input":"required name=search_term_string"}],"inLanguage":"ro-RO"},{"@type":"Person","@id":"https:\/\/dypall.com\/#\/schema\/person\/f92e08aa15c8ba711a9d153129f03377","name":"DYPALL Network","image":{"@type":"ImageObject","inLanguage":"ro-RO","@id":"https:\/\/dypall.com\/#\/schema\/person\/image\/","url":"https:\/\/secure.gravatar.com\/avatar\/9c39e299279800c6d69c5e02cf613e7bab060889f373052a03d7ac399e8f0d3c?s=96&d=mm&r=g","contentUrl":"https:\/\/secure.gravatar.com\/avatar\/9c39e299279800c6d69c5e02cf613e7bab060889f373052a03d7ac399e8f0d3c?s=96&d=mm&r=g","caption":"DYPALL Network"},"sameAs":["https:\/\/dypall.com"],"url":"https:\/\/dypall.com\/ro\/author\/dypall\/"}]}},"jetpack_featured_media_url":"","jetpack_sharing_enabled":true,"_links":{"self":[{"href":"https:\/\/dypall.com\/ro\/wp-json\/wp\/v2\/posts\/1792","targetHints":{"allow":["GET"]}}],"collection":[{"href":"https:\/\/dypall.com\/ro\/wp-json\/wp\/v2\/posts"}],"about":[{"href":"https:\/\/dypall.com\/ro\/wp-json\/wp\/v2\/types\/post"}],"author":[{"embeddable":true,"href":"https:\/\/dypall.com\/ro\/wp-json\/wp\/v2\/users\/1"}],"replies":[{"embeddable":true,"href":"https:\/\/dypall.com\/ro\/wp-json\/wp\/v2\/comments?post=1792"}],"version-history":[{"count":0,"href":"https:\/\/dypall.com\/ro\/wp-json\/wp\/v2\/posts\/1792\/revisions"}],"wp:featuredmedia":[{"embeddable":true,"href":"https:\/\/dypall.com\/ro\/wp-json\/"}],"wp:attachment":[{"href":"https:\/\/dypall.com\/ro\/wp-json\/wp\/v2\/media?parent=1792"}],"wp:term":[{"taxonomy":"category","embeddable":true,"href":"https:\/\/dypall.com\/ro\/wp-json\/wp\/v2\/categories?post=1792"},{"taxonomy":"post_tag","embeddable":true,"href":"https:\/\/dypall.com\/ro\/wp-json\/wp\/v2\/tags?post=1792"}],"curies":[{"name":"wp","href":"https:\/\/api.w.org\/{rel}","templated":true}]}}