{"id":1486,"date":"2016-04-13T09:20:07","date_gmt":"2016-04-13T07:20:07","guid":{"rendered":"http:\/\/dypall.com\/?p=1486"},"modified":"2016-04-13T09:20:07","modified_gmt":"2016-04-13T07:20:07","slug":"hearyourvoices-2","status":"publish","type":"post","link":"https:\/\/dypall.com\/ro\/activity\/hearyourvoices-2\/","title":{"rendered":"#hearyourvoices: Sclipiri ale conferin\u021bei"},"content":{"rendered":"<p><em><a href=\"http:\/\/dypall.com\/ro\/2016\/04\/13\/hearyourvoices-2\/armend\/#main\" rel=\"attachment wp-att-1490\"><img loading=\"lazy\" decoding=\"async\" class=\"size-medium wp-image-1490 alignleft\" src=\"http:\/\/dypall.com\/wp-content\/uploads\/2016\/11\/Armend-300x213.png\" alt=\"armend\" width=\"300\" height=\"213\" \/><\/a>\u201eSunt din municipalitatea Kumanovo (Macedonia), Departamentul pentru eurointegrare \u0219i cooperare interna\u021bional\u0103. Am venit aici la conferin\u021b\u0103. <\/em><em>\u201ePolitica \u00een domeniul tineretului la nivel local \u0219i regional\u201d pentru a face schimb de experien\u021b\u0103 \u00eentre municipalitatea mea, municipalitatea Portim\u00e3o \u0219i celelalte autorit\u0103\u021bi locale prezente aici, pentru a face schimb de cuno\u0219tin\u021be, a stabili contacte \u0219i a crea o re\u021bea.<br \/>\nA\u0219teptarea mea este s\u0103 ne \u00eembun\u0103t\u0103\u021bim cuno\u0219tin\u021bele despre diferitele mecanisme de participare a tinerilor.<\/em><\/p>\n<p>Participarea tinerilor \u00eenseamn\u0103 foarte mult pentru mine, deoarece sunt func\u021bionar public \u00een municipalitate \u0219i lucrez la diverse proiecte cu mi\u0219c\u0103rile locale de tineret, deci este bine s\u0103 vedem experien\u021be similare \u0219i s\u0103 le compar\u0103m cu modul \u00een care le punem \u00een aplicare \u00een \u021bara noastr\u0103. Oportunitatea oferit\u0103 de re\u021beaua DYPALL \u0219i de aceast\u0103 conferin\u021b\u0103 de a reuni societatea civil\u0103 \u0219i organiza\u021biile de tineret cu municipalit\u0103\u021bile este foarte important\u0103, deoarece toate aceste proiecte ale ONG-urilor integreaz\u0103 \u0219i alimenteaz\u0103 programul autorit\u0103\u021bilor locale \u0219i regionale.<\/p>\n<p>Tineretul este prezentul \u0219i viitorul, astfel \u00eenc\u00e2t nevoile tinerilor sunt cu adev\u0103rat importante \u0219i fiecare \u021bar\u0103, fiecare regiune ar trebui s\u0103 aib\u0103 un plan strategic privind dezvoltarea tinerilor \u0219i bun\u0103starea acestora, deoarece ei sunt genera\u021bia care va conduce viitorul.\u201d<\/p>\n<p><strong>Armend Mehmeti, municipalitatea Kumanovo, (Macedonia)<\/strong><\/p>\n<p>&nbsp;<\/p>\n<p>Citeste despre Conferinta Internationala de <a href=\"https:\/\/dypall.com\/ro\/activity\/international-conference-developing-our-territories-through-youth-participation-in-decision-making\/\">\u201ePolitica \u00een domeniul tineretului la nivel local \u0219i regional \u2013 Dezvoltarea teritoriilor noastre prin participarea tinerilor la procesul decizional\u201d<\/a> Portim\u00e3o (Portugalia) 12-15 aprilie 2016<\/p>","protected":false},"excerpt":{"rendered":"<p>\u201eSunt din municipalitatea Kumanovo (Macedonia), Departamentul pentru eurointegrare \u0219i cooperare interna\u021bional\u0103. Am venit aici la conferin\u021ba \u201ePolitica \u00een domeniul tineretului la nivel local \u0219i regional\u201d pentru a face schimb de experien\u021b\u0103 \u00eentre municipalitatea mea, municipalitatea Portim\u00e3o \u0219i celelalte autorit\u0103\u021bi locale prezente aici, pentru a face schimb de cuno\u0219tin\u021be, a stabili contacte \u0219i a crea o re\u021bea. A\u0219teptarea mea este... <a class=\"more-link\" href=\"https:\/\/dypall.com\/ro\/activity\/hearyourvoices-2\/\">Continu\u0103 lectura <span class=\"screen-reader-text\">#hearyourvoices: Sclipiri ale conferin\u021bei<\/span><\/a><\/p>","protected":false},"author":2,"featured_media":1490,"comment_status":"closed","ping_status":"open","sticky":false,"template":"","format":"standard","meta":{"_acf_changed":false,"_jetpack_memberships_contains_paid_content":false,"footnotes":""},"categories":[111,112],"tags":[113,115,121],"class_list":["post-1486","post","type-post","status-publish","format-standard","has-post-thumbnail","hentry","category-activity","category-conference","tag-conference","tag-seminar","tag-testimony","entry"],"acf":[],"yoast_head":"<!-- This site is optimized with the Yoast SEO plugin v22.8 - https:\/\/yoast.com\/wordpress\/plugins\/seo\/ -->\n<title>#hearyourvoices : glimpses of the Conference - DYPALL Network<\/title>\n<meta name=\"robots\" content=\"index, follow, max-snippet:-1, max-image-preview:large, max-video-preview:-1\" \/>\n<link rel=\"canonical\" href=\"https:\/\/dypall.com\/ro\/activity\/hearyourvoices-2\/\" \/>\n<meta property=\"og:locale\" content=\"ro_RO\" \/>\n<meta property=\"og:type\" content=\"article\" \/>\n<meta property=\"og:title\" content=\"#hearyourvoices : glimpses of the Conference - DYPALL Network\" \/>\n<meta property=\"og:description\" content=\"&#8220;I am from the Municipality of Kumanovo (Macedonia), Department for Euro-integration and international cooperation. I came here to the Conference \u201cYouth Policy at Local and Regional level\u201d to share experiences among my municipality, the municipality of Portim\u00e3o and the other local authorities here present, to exchange knowledge, contacts and create a network. My expectation is&hellip; Continu\u0103 lectura #hearyourvoices : glimpses of the Conference\" \/>\n<meta property=\"og:url\" content=\"https:\/\/dypall.com\/ro\/activity\/hearyourvoices-2\/\" \/>\n<meta property=\"og:site_name\" content=\"DYPALL Network\" \/>\n<meta property=\"article:published_time\" content=\"2016-04-13T07:20:07+00:00\" \/>\n<meta name=\"author\" content=\"dypall\" \/>\n<meta name=\"twitter:card\" content=\"summary_large_image\" \/>\n<meta name=\"twitter:label1\" content=\"Written by\" \/>\n\t<meta name=\"twitter:data1\" content=\"dypall\" \/>\n\t<meta name=\"twitter:label2\" content=\"Est. reading time\" \/>\n\t<meta name=\"twitter:data2\" content=\"1 minut\" \/>\n<script type=\"application\/ld+json\" class=\"yoast-schema-graph\">{\"@context\":\"https:\/\/schema.org\",\"@graph\":[{\"@type\":\"WebPage\",\"@id\":\"https:\/\/dypall.com\/activity\/hearyourvoices-2\/\",\"url\":\"https:\/\/dypall.com\/activity\/hearyourvoices-2\/\",\"name\":\"#hearyourvoices : glimpses of the Conference - DYPALL Network\",\"isPartOf\":{\"@id\":\"https:\/\/dypall.com\/#website\"},\"primaryImageOfPage\":{\"@id\":\"https:\/\/dypall.com\/activity\/hearyourvoices-2\/#primaryimage\"},\"image\":{\"@id\":\"https:\/\/dypall.com\/activity\/hearyourvoices-2\/#primaryimage\"},\"thumbnailUrl\":\"\",\"datePublished\":\"2016-04-13T07:20:07+00:00\",\"dateModified\":\"2016-04-13T07:20:07+00:00\",\"author\":{\"@id\":\"https:\/\/dypall.com\/#\/schema\/person\/206350efe851997fcdedef75d118766b\"},\"breadcrumb\":{\"@id\":\"https:\/\/dypall.com\/activity\/hearyourvoices-2\/#breadcrumb\"},\"inLanguage\":\"ro-RO\",\"potentialAction\":[{\"@type\":\"ReadAction\",\"target\":[\"https:\/\/dypall.com\/activity\/hearyourvoices-2\/\"]}]},{\"@type\":\"ImageObject\",\"inLanguage\":\"ro-RO\",\"@id\":\"https:\/\/dypall.com\/activity\/hearyourvoices-2\/#primaryimage\",\"url\":\"\",\"contentUrl\":\"\"},{\"@type\":\"BreadcrumbList\",\"@id\":\"https:\/\/dypall.com\/activity\/hearyourvoices-2\/#breadcrumb\",\"itemListElement\":[{\"@type\":\"ListItem\",\"position\":1,\"name\":\"Home\",\"item\":\"https:\/\/dypall.com\/\"},{\"@type\":\"ListItem\",\"position\":2,\"name\":\"#hearyourvoices : glimpses of the Conference\"}]},{\"@type\":\"WebSite\",\"@id\":\"https:\/\/dypall.com\/#website\",\"url\":\"https:\/\/dypall.com\/\",\"name\":\"DYPALL Network\",\"description\":\"We are a European network of civil society organisations, municipalities and research institutions dedicated to improving democracy through youth participation.\",\"potentialAction\":[{\"@type\":\"SearchAction\",\"target\":{\"@type\":\"EntryPoint\",\"urlTemplate\":\"https:\/\/dypall.com\/?s={search_term_string}\"},\"query-input\":\"required name=search_term_string\"}],\"inLanguage\":\"ro-RO\"},{\"@type\":\"Person\",\"@id\":\"https:\/\/dypall.com\/#\/schema\/person\/206350efe851997fcdedef75d118766b\",\"name\":\"dypall\",\"image\":{\"@type\":\"ImageObject\",\"inLanguage\":\"ro-RO\",\"@id\":\"https:\/\/dypall.com\/#\/schema\/person\/image\/\",\"url\":\"https:\/\/secure.gravatar.com\/avatar\/14e8d3d8841cd0bdf69915120bcf9fcfac1567f1dc7035664907322ac47efe29?s=96&d=mm&r=g\",\"contentUrl\":\"https:\/\/secure.gravatar.com\/avatar\/14e8d3d8841cd0bdf69915120bcf9fcfac1567f1dc7035664907322ac47efe29?s=96&d=mm&r=g\",\"caption\":\"dypall\"},\"url\":\"https:\/\/dypall.com\/ro\/author\/dypall_info\/\"}]}<\/script>\n<!-- \/ Yoast SEO plugin. -->","yoast_head_json":{"title":"#hearyourvoices : glimpses of the Conference - DYPALL Network","robots":{"index":"index","follow":"follow","max-snippet":"max-snippet:-1","max-image-preview":"max-image-preview:large","max-video-preview":"max-video-preview:-1"},"canonical":"https:\/\/dypall.com\/ro\/activity\/hearyourvoices-2\/","og_locale":"ro_RO","og_type":"article","og_title":"#hearyourvoices : glimpses of the Conference - DYPALL Network","og_description":"&#8220;I am from the Municipality of Kumanovo (Macedonia), Department for Euro-integration and international cooperation. I came here to the Conference \u201cYouth Policy at Local and Regional level\u201d to share experiences among my municipality, the municipality of Portim\u00e3o and the other local authorities here present, to exchange knowledge, contacts and create a network. My expectation is&hellip; Continu\u0103 lectura #hearyourvoices : glimpses of the Conference","og_url":"https:\/\/dypall.com\/ro\/activity\/hearyourvoices-2\/","og_site_name":"DYPALL Network","article_published_time":"2016-04-13T07:20:07+00:00","author":"dypall","twitter_card":"summary_large_image","twitter_misc":{"Written by":"dypall","Est. reading time":"1 minut"},"schema":{"@context":"https:\/\/schema.org","@graph":[{"@type":"WebPage","@id":"https:\/\/dypall.com\/activity\/hearyourvoices-2\/","url":"https:\/\/dypall.com\/activity\/hearyourvoices-2\/","name":"#hearyourvoices : glimpses of the Conference - DYPALL Network","isPartOf":{"@id":"https:\/\/dypall.com\/#website"},"primaryImageOfPage":{"@id":"https:\/\/dypall.com\/activity\/hearyourvoices-2\/#primaryimage"},"image":{"@id":"https:\/\/dypall.com\/activity\/hearyourvoices-2\/#primaryimage"},"thumbnailUrl":"","datePublished":"2016-04-13T07:20:07+00:00","dateModified":"2016-04-13T07:20:07+00:00","author":{"@id":"https:\/\/dypall.com\/#\/schema\/person\/206350efe851997fcdedef75d118766b"},"breadcrumb":{"@id":"https:\/\/dypall.com\/activity\/hearyourvoices-2\/#breadcrumb"},"inLanguage":"ro-RO","potentialAction":[{"@type":"ReadAction","target":["https:\/\/dypall.com\/activity\/hearyourvoices-2\/"]}]},{"@type":"ImageObject","inLanguage":"ro-RO","@id":"https:\/\/dypall.com\/activity\/hearyourvoices-2\/#primaryimage","url":"","contentUrl":""},{"@type":"BreadcrumbList","@id":"https:\/\/dypall.com\/activity\/hearyourvoices-2\/#breadcrumb","itemListElement":[{"@type":"ListItem","position":1,"name":"Home","item":"https:\/\/dypall.com\/"},{"@type":"ListItem","position":2,"name":"#hearyourvoices : glimpses of the Conference"}]},{"@type":"WebSite","@id":"https:\/\/dypall.com\/#website","url":"https:\/\/dypall.com\/","name":"DYPALL Network","description":"We are a European network of civil society organisations, municipalities and research institutions dedicated to improving democracy through youth participation.","potentialAction":[{"@type":"SearchAction","target":{"@type":"EntryPoint","urlTemplate":"https:\/\/dypall.com\/?s={search_term_string}"},"query-input":"required name=search_term_string"}],"inLanguage":"ro-RO"},{"@type":"Person","@id":"https:\/\/dypall.com\/#\/schema\/person\/206350efe851997fcdedef75d118766b","name":"dypall","image":{"@type":"ImageObject","inLanguage":"ro-RO","@id":"https:\/\/dypall.com\/#\/schema\/person\/image\/","url":"https:\/\/secure.gravatar.com\/avatar\/14e8d3d8841cd0bdf69915120bcf9fcfac1567f1dc7035664907322ac47efe29?s=96&d=mm&r=g","contentUrl":"https:\/\/secure.gravatar.com\/avatar\/14e8d3d8841cd0bdf69915120bcf9fcfac1567f1dc7035664907322ac47efe29?s=96&d=mm&r=g","caption":"dypall"},"url":"https:\/\/dypall.com\/ro\/author\/dypall_info\/"}]}},"jetpack_featured_media_url":"","jetpack_sharing_enabled":true,"_links":{"self":[{"href":"https:\/\/dypall.com\/ro\/wp-json\/wp\/v2\/posts\/1486","targetHints":{"allow":["GET"]}}],"collection":[{"href":"https:\/\/dypall.com\/ro\/wp-json\/wp\/v2\/posts"}],"about":[{"href":"https:\/\/dypall.com\/ro\/wp-json\/wp\/v2\/types\/post"}],"author":[{"embeddable":true,"href":"https:\/\/dypall.com\/ro\/wp-json\/wp\/v2\/users\/2"}],"replies":[{"embeddable":true,"href":"https:\/\/dypall.com\/ro\/wp-json\/wp\/v2\/comments?post=1486"}],"version-history":[{"count":0,"href":"https:\/\/dypall.com\/ro\/wp-json\/wp\/v2\/posts\/1486\/revisions"}],"wp:featuredmedia":[{"embeddable":true,"href":"https:\/\/dypall.com\/ro\/wp-json\/"}],"wp:attachment":[{"href":"https:\/\/dypall.com\/ro\/wp-json\/wp\/v2\/media?parent=1486"}],"wp:term":[{"taxonomy":"category","embeddable":true,"href":"https:\/\/dypall.com\/ro\/wp-json\/wp\/v2\/categories?post=1486"},{"taxonomy":"post_tag","embeddable":true,"href":"https:\/\/dypall.com\/ro\/wp-json\/wp\/v2\/tags?post=1486"}],"curies":[{"name":"wp","href":"https:\/\/api.w.org\/{rel}","templated":true}]}}