{"id":1484,"date":"2016-04-12T18:12:45","date_gmt":"2016-04-12T16:12:45","guid":{"rendered":"http:\/\/dypall.com\/?p=1484"},"modified":"2016-04-12T18:12:45","modified_gmt":"2016-04-12T16:12:45","slug":"hearyourvoices2","status":"publish","type":"post","link":"https:\/\/dypall.com\/ro\/activity\/hearyourvoices2\/","title":{"rendered":"#hearyourvoices: Sclipiri ale conferin\u021bei"},"content":{"rendered":"<p><em><a href=\"http:\/\/dypall.com\/ro\/2016\/04\/12\/hearyourvoices2\/ioana\/#main\" rel=\"attachment wp-att-1487\"><img loading=\"lazy\" decoding=\"async\" class=\"size-medium wp-image-1487 alignleft\" src=\"http:\/\/dypall.com\/wp-content\/uploads\/2016\/11\/Ioana-300x226.png\" alt=\"ioana\" width=\"300\" height=\"226\" \/><\/a>\u201eReprezent municipalitatea Salonic, Grecia, la conferin\u021ba interna\u021bional\u0103 \u00abPolitica \u00een domeniul tineretului la nivel local \u0219i regional\u00bb organizat\u0103 de ECOS \u0219i re\u021beaua DYPALL; Sunt un membru ales \u00een municipalitate \u00een calitate de consilier comunitar.<\/em><em><br \/>\n\u00cen timpul acestei conferin\u021be, m\u0103 a\u0219tept s\u0103 \u00eent\u00e2lnesc oameni noi, s\u0103 v\u0103d cum alte \u021b\u0103ri desf\u0103\u0219oar\u0103 activit\u0103\u021bi pentru tineret \u0219i cum promoveaz\u0103 participarea tinerilor \u0219i s\u0103 creez leg\u0103turi pentru proiecte viitoare.<br \/>\n<\/em><\/p>\n<p><em><br \/>\nParticiparea tinerilor este unul dintre cele mai importante lucruri, sunt \u0219i t\u00e2n\u0103r \u0219i am v\u0103zut oameni care iau parte la procesele decizionale, precum \u0219i pe cei care nu sunt interesa\u021bi \u0219i, prin urmare, cred cu t\u0103rie c\u0103 este important s\u0103 devenim cu to\u021bii mai activi, dar mai ales tineri, pentru c\u0103 viitorul le apar\u021bine.\u00a0\u00cen Grecia, oamenii sunt mai activi la nivel regional dec\u00e2t la nivel local. \u00cen Salonic, actualul primar se afl\u0103 \u00een aceast\u0103 func\u021bie de 6 ani \u0219i depune multe eforturi pentru a promova participarea tinerilor, rezultatul fiind c\u0103 mul\u021bi tineri urmeaz\u0103 s\u0103 fie ale\u0219i \u0219i implica\u021bi \u00een activitatea municipalit\u0103\u021bii \u0219i a consiliului municipal.\u201d<\/em><\/p>\n<p><strong>Ioanna Dagdileli, municipalitatea Salonic (Grecia)<\/strong><\/p>\n<p>&nbsp;<\/p>\n<p>Citeste despre Conferinta Internationala de <a href=\"https:\/\/dypall.com\/ro\/activity\/international-conference-developing-our-territories-through-youth-participation-in-decision-making\/\">\u201ePolitica \u00een domeniul tineretului la nivel local \u0219i regional \u2013 Dezvoltarea teritoriilor noastre prin participarea tinerilor la procesul decizional\u201d<\/a> Portim\u00e3o (Portugalia) 12-15 aprilie 2016<\/p>","protected":false},"excerpt":{"rendered":"<p>\u201eReprezent municipalitatea Salonic, Grecia, la conferin\u021ba interna\u021bional\u0103 \u00abPolitica \u00een domeniul tineretului la nivel local \u0219i regional\u00bb organizat\u0103 de ECOS \u0219i re\u021beaua DYPALL; Sunt un membru ales \u00een municipalitate \u00een calitate de consilier comunitar. \u00cen timpul acestei conferin\u021be, m\u0103 a\u0219tept s\u0103 \u00eent\u00e2lnesc oameni noi, s\u0103 v\u0103d cum lucreaz\u0103 alte \u021b\u0103ri pentru tineret \u0219i cum... <a class=\"more-link\" href=\"https:\/\/dypall.com\/ro\/activity\/hearyourvoices2\/\">Continu\u0103 lectura <span class=\"screen-reader-text\">#hearyourvoices: Sclipiri ale conferin\u021bei<\/span><\/a><\/p>","protected":false},"author":2,"featured_media":1487,"comment_status":"closed","ping_status":"open","sticky":false,"template":"","format":"standard","meta":{"_acf_changed":false,"_jetpack_memberships_contains_paid_content":false,"footnotes":""},"categories":[111,112],"tags":[113,115,121],"class_list":["post-1484","post","type-post","status-publish","format-standard","has-post-thumbnail","hentry","category-activity","category-conference","tag-conference","tag-seminar","tag-testimony","entry"],"acf":[],"yoast_head":"<!-- This site is optimized with the Yoast SEO plugin v22.8 - https:\/\/yoast.com\/wordpress\/plugins\/seo\/ -->\n<title>#hearyourvoices: glimpses of the Conference - DYPALL Network<\/title>\n<meta name=\"robots\" content=\"index, follow, max-snippet:-1, max-image-preview:large, max-video-preview:-1\" \/>\n<link rel=\"canonical\" href=\"https:\/\/dypall.com\/ro\/activity\/hearyourvoices2\/\" \/>\n<meta property=\"og:locale\" content=\"ro_RO\" \/>\n<meta property=\"og:type\" content=\"article\" \/>\n<meta property=\"og:title\" content=\"#hearyourvoices: glimpses of the Conference - DYPALL Network\" \/>\n<meta property=\"og:description\" content=\"&#8220;I am representing the Municipality of Thessaloniki, Greece, in the International Conference \u201cYouth Policy at Local and Regional level\u201d organized by ECOS and DYPALL Network; I am an elected member in the municipality as a community\u00a0advisor. During this Conference, I expect to meet new people, see how other countries do youth work and how they&hellip; Continu\u0103 lectura #hearyourvoices: glimpses of the Conference\" \/>\n<meta property=\"og:url\" content=\"https:\/\/dypall.com\/ro\/activity\/hearyourvoices2\/\" \/>\n<meta property=\"og:site_name\" content=\"DYPALL Network\" \/>\n<meta property=\"article:published_time\" content=\"2016-04-12T16:12:45+00:00\" \/>\n<meta name=\"author\" content=\"dypall\" \/>\n<meta name=\"twitter:card\" content=\"summary_large_image\" \/>\n<meta name=\"twitter:label1\" content=\"Written by\" \/>\n\t<meta name=\"twitter:data1\" content=\"dypall\" \/>\n\t<meta name=\"twitter:label2\" content=\"Est. reading time\" \/>\n\t<meta name=\"twitter:data2\" content=\"1 minut\" \/>\n<script type=\"application\/ld+json\" class=\"yoast-schema-graph\">{\"@context\":\"https:\/\/schema.org\",\"@graph\":[{\"@type\":\"WebPage\",\"@id\":\"https:\/\/dypall.com\/activity\/hearyourvoices2\/\",\"url\":\"https:\/\/dypall.com\/activity\/hearyourvoices2\/\",\"name\":\"#hearyourvoices: glimpses of the Conference - DYPALL Network\",\"isPartOf\":{\"@id\":\"https:\/\/dypall.com\/#website\"},\"primaryImageOfPage\":{\"@id\":\"https:\/\/dypall.com\/activity\/hearyourvoices2\/#primaryimage\"},\"image\":{\"@id\":\"https:\/\/dypall.com\/activity\/hearyourvoices2\/#primaryimage\"},\"thumbnailUrl\":\"\",\"datePublished\":\"2016-04-12T16:12:45+00:00\",\"dateModified\":\"2016-04-12T16:12:45+00:00\",\"author\":{\"@id\":\"https:\/\/dypall.com\/#\/schema\/person\/206350efe851997fcdedef75d118766b\"},\"breadcrumb\":{\"@id\":\"https:\/\/dypall.com\/activity\/hearyourvoices2\/#breadcrumb\"},\"inLanguage\":\"ro-RO\",\"potentialAction\":[{\"@type\":\"ReadAction\",\"target\":[\"https:\/\/dypall.com\/activity\/hearyourvoices2\/\"]}]},{\"@type\":\"ImageObject\",\"inLanguage\":\"ro-RO\",\"@id\":\"https:\/\/dypall.com\/activity\/hearyourvoices2\/#primaryimage\",\"url\":\"\",\"contentUrl\":\"\"},{\"@type\":\"BreadcrumbList\",\"@id\":\"https:\/\/dypall.com\/activity\/hearyourvoices2\/#breadcrumb\",\"itemListElement\":[{\"@type\":\"ListItem\",\"position\":1,\"name\":\"Home\",\"item\":\"https:\/\/dypall.com\/\"},{\"@type\":\"ListItem\",\"position\":2,\"name\":\"#hearyourvoices: glimpses of the Conference\"}]},{\"@type\":\"WebSite\",\"@id\":\"https:\/\/dypall.com\/#website\",\"url\":\"https:\/\/dypall.com\/\",\"name\":\"DYPALL Network\",\"description\":\"We are a European network of civil society organisations, municipalities and research institutions dedicated to improving democracy through youth participation.\",\"potentialAction\":[{\"@type\":\"SearchAction\",\"target\":{\"@type\":\"EntryPoint\",\"urlTemplate\":\"https:\/\/dypall.com\/?s={search_term_string}\"},\"query-input\":\"required name=search_term_string\"}],\"inLanguage\":\"ro-RO\"},{\"@type\":\"Person\",\"@id\":\"https:\/\/dypall.com\/#\/schema\/person\/206350efe851997fcdedef75d118766b\",\"name\":\"dypall\",\"image\":{\"@type\":\"ImageObject\",\"inLanguage\":\"ro-RO\",\"@id\":\"https:\/\/dypall.com\/#\/schema\/person\/image\/\",\"url\":\"https:\/\/secure.gravatar.com\/avatar\/14e8d3d8841cd0bdf69915120bcf9fcfac1567f1dc7035664907322ac47efe29?s=96&d=mm&r=g\",\"contentUrl\":\"https:\/\/secure.gravatar.com\/avatar\/14e8d3d8841cd0bdf69915120bcf9fcfac1567f1dc7035664907322ac47efe29?s=96&d=mm&r=g\",\"caption\":\"dypall\"},\"url\":\"https:\/\/dypall.com\/ro\/author\/dypall_info\/\"}]}<\/script>\n<!-- \/ Yoast SEO plugin. -->","yoast_head_json":{"title":"#hearyourvoices: glimpses of the Conference - DYPALL Network","robots":{"index":"index","follow":"follow","max-snippet":"max-snippet:-1","max-image-preview":"max-image-preview:large","max-video-preview":"max-video-preview:-1"},"canonical":"https:\/\/dypall.com\/ro\/activity\/hearyourvoices2\/","og_locale":"ro_RO","og_type":"article","og_title":"#hearyourvoices: glimpses of the Conference - DYPALL Network","og_description":"&#8220;I am representing the Municipality of Thessaloniki, Greece, in the International Conference \u201cYouth Policy at Local and Regional level\u201d organized by ECOS and DYPALL Network; I am an elected member in the municipality as a community\u00a0advisor. During this Conference, I expect to meet new people, see how other countries do youth work and how they&hellip; Continu\u0103 lectura #hearyourvoices: glimpses of the Conference","og_url":"https:\/\/dypall.com\/ro\/activity\/hearyourvoices2\/","og_site_name":"DYPALL Network","article_published_time":"2016-04-12T16:12:45+00:00","author":"dypall","twitter_card":"summary_large_image","twitter_misc":{"Written by":"dypall","Est. reading time":"1 minut"},"schema":{"@context":"https:\/\/schema.org","@graph":[{"@type":"WebPage","@id":"https:\/\/dypall.com\/activity\/hearyourvoices2\/","url":"https:\/\/dypall.com\/activity\/hearyourvoices2\/","name":"#hearyourvoices: glimpses of the Conference - DYPALL Network","isPartOf":{"@id":"https:\/\/dypall.com\/#website"},"primaryImageOfPage":{"@id":"https:\/\/dypall.com\/activity\/hearyourvoices2\/#primaryimage"},"image":{"@id":"https:\/\/dypall.com\/activity\/hearyourvoices2\/#primaryimage"},"thumbnailUrl":"","datePublished":"2016-04-12T16:12:45+00:00","dateModified":"2016-04-12T16:12:45+00:00","author":{"@id":"https:\/\/dypall.com\/#\/schema\/person\/206350efe851997fcdedef75d118766b"},"breadcrumb":{"@id":"https:\/\/dypall.com\/activity\/hearyourvoices2\/#breadcrumb"},"inLanguage":"ro-RO","potentialAction":[{"@type":"ReadAction","target":["https:\/\/dypall.com\/activity\/hearyourvoices2\/"]}]},{"@type":"ImageObject","inLanguage":"ro-RO","@id":"https:\/\/dypall.com\/activity\/hearyourvoices2\/#primaryimage","url":"","contentUrl":""},{"@type":"BreadcrumbList","@id":"https:\/\/dypall.com\/activity\/hearyourvoices2\/#breadcrumb","itemListElement":[{"@type":"ListItem","position":1,"name":"Home","item":"https:\/\/dypall.com\/"},{"@type":"ListItem","position":2,"name":"#hearyourvoices: glimpses of the Conference"}]},{"@type":"WebSite","@id":"https:\/\/dypall.com\/#website","url":"https:\/\/dypall.com\/","name":"DYPALL Network","description":"We are a European network of civil society organisations, municipalities and research institutions dedicated to improving democracy through youth participation.","potentialAction":[{"@type":"SearchAction","target":{"@type":"EntryPoint","urlTemplate":"https:\/\/dypall.com\/?s={search_term_string}"},"query-input":"required name=search_term_string"}],"inLanguage":"ro-RO"},{"@type":"Person","@id":"https:\/\/dypall.com\/#\/schema\/person\/206350efe851997fcdedef75d118766b","name":"dypall","image":{"@type":"ImageObject","inLanguage":"ro-RO","@id":"https:\/\/dypall.com\/#\/schema\/person\/image\/","url":"https:\/\/secure.gravatar.com\/avatar\/14e8d3d8841cd0bdf69915120bcf9fcfac1567f1dc7035664907322ac47efe29?s=96&d=mm&r=g","contentUrl":"https:\/\/secure.gravatar.com\/avatar\/14e8d3d8841cd0bdf69915120bcf9fcfac1567f1dc7035664907322ac47efe29?s=96&d=mm&r=g","caption":"dypall"},"url":"https:\/\/dypall.com\/ro\/author\/dypall_info\/"}]}},"jetpack_featured_media_url":"","jetpack_sharing_enabled":true,"_links":{"self":[{"href":"https:\/\/dypall.com\/ro\/wp-json\/wp\/v2\/posts\/1484","targetHints":{"allow":["GET"]}}],"collection":[{"href":"https:\/\/dypall.com\/ro\/wp-json\/wp\/v2\/posts"}],"about":[{"href":"https:\/\/dypall.com\/ro\/wp-json\/wp\/v2\/types\/post"}],"author":[{"embeddable":true,"href":"https:\/\/dypall.com\/ro\/wp-json\/wp\/v2\/users\/2"}],"replies":[{"embeddable":true,"href":"https:\/\/dypall.com\/ro\/wp-json\/wp\/v2\/comments?post=1484"}],"version-history":[{"count":0,"href":"https:\/\/dypall.com\/ro\/wp-json\/wp\/v2\/posts\/1484\/revisions"}],"wp:featuredmedia":[{"embeddable":true,"href":"https:\/\/dypall.com\/ro\/wp-json\/"}],"wp:attachment":[{"href":"https:\/\/dypall.com\/ro\/wp-json\/wp\/v2\/media?parent=1484"}],"wp:term":[{"taxonomy":"category","embeddable":true,"href":"https:\/\/dypall.com\/ro\/wp-json\/wp\/v2\/categories?post=1484"},{"taxonomy":"post_tag","embeddable":true,"href":"https:\/\/dypall.com\/ro\/wp-json\/wp\/v2\/tags?post=1484"}],"curies":[{"name":"wp","href":"https:\/\/api.w.org\/{rel}","templated":true}]}}