{"id":1477,"date":"2016-04-12T15:02:24","date_gmt":"2016-04-12T13:02:24","guid":{"rendered":"http:\/\/dypall.com\/?p=1477"},"modified":"2016-04-12T15:02:24","modified_gmt":"2016-04-12T13:02:24","slug":"hearyourvoices","status":"publish","type":"post","link":"https:\/\/dypall.com\/ro\/activity\/hearyourvoices\/","title":{"rendered":"#hearyourvoices: Sclipiri ale conferin\u021bei"},"content":{"rendered":"<p><em>&#8220;<a href=\"http:\/\/dypall.com\/ro\/2016\/04\/12\/hearyourvoices\/natalia\/#main\" rel=\"attachment wp-att-1480\"><img loading=\"lazy\" decoding=\"async\" class=\"size-medium wp-image-1480 alignleft\" src=\"http:\/\/dypall.com\/wp-content\/uploads\/2016\/11\/NAtalia-300x188.png\" alt=\"natalia\" width=\"300\" height=\"188\" \/><\/a>Am venit la Portim\u00e3o pentru conferin\u021ba interna\u021bional\u0103 \u201ePolitica \u00een domeniul tineretului la nivel local \u0219i regional\u201d, organizat\u0103 de ECOS \u0219i de re\u021beaua DYPALL, \u00eentruc\u00e2t CAT este unul dintre membrii re\u021belei. Odat\u0103 ce am primit invita\u021bia, am \u0219tiut c\u0103 este foarte important pentru noi s\u0103 fim aici.<\/em><\/p>\n<p><em>Doresc s\u0103 aflu mai multe despre cum s\u0103 le ar\u0103t tinerilor c\u0103 participarea tinerilor este foarte important\u0103, \u00een special pentru ei \u0219i pentru noi to\u021bi ca societate. Tinerii au ideile lor \u0219i au punctul lor de vedere ciudat cu privire la multe aspecte. De asemenea, doresc s\u0103 \u00eenv\u0103\u021b noi instrumente de participare \u0219i s\u0103 fac unele parteneriate pentru proiecte viitoare.<\/em><\/p>\n<p><em>Participarea tinerilor pentru mine este activ\u0103. Putem vorbi mult despre nivelul european \u0219i cel global, dar tr\u0103im \u00een societatea noastr\u0103 local\u0103, a\u0219a c\u0103, dac\u0103 vrem s\u0103 schimb\u0103m ceva, ar trebui s\u0103 ne concentr\u0103m mai \u00eent\u00e2i pe realitatea noastr\u0103 local\u0103 \u0219i putem face o diferen\u021b\u0103 la nivel local \u0219i apoi putem schimba restul.<\/em>&#8221;<\/p>\n<p><strong>Milena Nadolna-Dr\u00f3\u017cd\u017c, <\/strong>vicepre\u0219edinte al <a href=\"http:\/\/www.fundacja-cat.pl\/home.php\"><strong>Fundacja Centrum Aktywno\u015bci Tw\u00f3rczej<\/strong> <strong>(CAT)<\/strong><\/a> <strong> (Polonia)<\/strong><\/p>\n<p>&nbsp;<\/p>\n<p>Citeste despre Conferinta Internationala de <a href=\"https:\/\/dypall.com\/ro\/activity\/international-conference-developing-our-territories-through-youth-participation-in-decision-making\/\">\u201ePolitica \u00een domeniul tineretului la nivel local \u0219i regional \u2013 Dezvoltarea teritoriilor noastre prin participarea tinerilor la procesul decizional\u201d<\/a> Portim\u00e3o (Portugalia) 12-15 aprilie 2016<\/p>","protected":false},"excerpt":{"rendered":"<p>\u201eAm venit la Portim\u00e3o pentru conferin\u021ba interna\u021bional\u0103 \u201ePolitica \u00een domeniul tineretului la nivel local \u0219i regional\u201d, organizat\u0103 de ECOS \u0219i de re\u021beaua DYPALL, \u00eentruc\u00e2t CAT este unul dintre membrii re\u021belei. Odat\u0103 ce am primit invita\u021bia, am \u0219tiut c\u0103 este foarte important pentru noi s\u0103 fim aici. Vreau s\u0103 aflu mai multe despre cum s\u0103... <a class=\"more-link\" href=\"https:\/\/dypall.com\/ro\/activity\/hearyourvoices\/\">Continu\u0103 lectura <span class=\"screen-reader-text\">#hearyourvoices: Sclipiri ale conferin\u021bei<\/span><\/a><\/p>","protected":false},"author":2,"featured_media":1480,"comment_status":"closed","ping_status":"open","sticky":false,"template":"","format":"standard","meta":{"_acf_changed":false,"_jetpack_memberships_contains_paid_content":false,"footnotes":""},"categories":[111,112],"tags":[113,115,121],"class_list":["post-1477","post","type-post","status-publish","format-standard","has-post-thumbnail","hentry","category-activity","category-conference","tag-conference","tag-seminar","tag-testimony","entry"],"acf":[],"yoast_head":"<!-- This site is optimized with the Yoast SEO plugin v22.8 - https:\/\/yoast.com\/wordpress\/plugins\/seo\/ -->\n<title>#hearyourvoices : glimpses of the Conference - DYPALL Network<\/title>\n<meta name=\"robots\" content=\"index, follow, max-snippet:-1, max-image-preview:large, max-video-preview:-1\" \/>\n<link rel=\"canonical\" href=\"https:\/\/dypall.com\/ro\/activity\/hearyourvoices\/\" \/>\n<meta property=\"og:locale\" content=\"ro_RO\" \/>\n<meta property=\"og:type\" content=\"article\" \/>\n<meta property=\"og:title\" content=\"#hearyourvoices : glimpses of the Conference - DYPALL Network\" \/>\n<meta property=\"og:description\" content=\"&#8220;I came to Portim\u00e3o for the International Conference \u201cYouth Policy at Local and Regional level\u201d organized by ECOS and DYPALL Network, as CAT is one of the members of the Network. Once we received the invitation we knew it was very important for us to be here. I wish to learn more on how to&hellip; Continu\u0103 lectura #hearyourvoices : glimpses of the Conference\" \/>\n<meta property=\"og:url\" content=\"https:\/\/dypall.com\/ro\/activity\/hearyourvoices\/\" \/>\n<meta property=\"og:site_name\" content=\"DYPALL Network\" \/>\n<meta property=\"article:published_time\" content=\"2016-04-12T13:02:24+00:00\" \/>\n<meta name=\"author\" content=\"dypall\" \/>\n<meta name=\"twitter:card\" content=\"summary_large_image\" \/>\n<meta name=\"twitter:label1\" content=\"Written by\" \/>\n\t<meta name=\"twitter:data1\" content=\"dypall\" \/>\n\t<meta name=\"twitter:label2\" content=\"Est. reading time\" \/>\n\t<meta name=\"twitter:data2\" content=\"1 minut\" \/>\n<script type=\"application\/ld+json\" class=\"yoast-schema-graph\">{\"@context\":\"https:\/\/schema.org\",\"@graph\":[{\"@type\":\"WebPage\",\"@id\":\"https:\/\/dypall.com\/activity\/hearyourvoices\/\",\"url\":\"https:\/\/dypall.com\/activity\/hearyourvoices\/\",\"name\":\"#hearyourvoices : glimpses of the Conference - DYPALL Network\",\"isPartOf\":{\"@id\":\"https:\/\/dypall.com\/#website\"},\"primaryImageOfPage\":{\"@id\":\"https:\/\/dypall.com\/activity\/hearyourvoices\/#primaryimage\"},\"image\":{\"@id\":\"https:\/\/dypall.com\/activity\/hearyourvoices\/#primaryimage\"},\"thumbnailUrl\":\"\",\"datePublished\":\"2016-04-12T13:02:24+00:00\",\"dateModified\":\"2016-04-12T13:02:24+00:00\",\"author\":{\"@id\":\"https:\/\/dypall.com\/#\/schema\/person\/206350efe851997fcdedef75d118766b\"},\"breadcrumb\":{\"@id\":\"https:\/\/dypall.com\/activity\/hearyourvoices\/#breadcrumb\"},\"inLanguage\":\"ro-RO\",\"potentialAction\":[{\"@type\":\"ReadAction\",\"target\":[\"https:\/\/dypall.com\/activity\/hearyourvoices\/\"]}]},{\"@type\":\"ImageObject\",\"inLanguage\":\"ro-RO\",\"@id\":\"https:\/\/dypall.com\/activity\/hearyourvoices\/#primaryimage\",\"url\":\"\",\"contentUrl\":\"\"},{\"@type\":\"BreadcrumbList\",\"@id\":\"https:\/\/dypall.com\/activity\/hearyourvoices\/#breadcrumb\",\"itemListElement\":[{\"@type\":\"ListItem\",\"position\":1,\"name\":\"Home\",\"item\":\"https:\/\/dypall.com\/\"},{\"@type\":\"ListItem\",\"position\":2,\"name\":\"#hearyourvoices : glimpses of the Conference\"}]},{\"@type\":\"WebSite\",\"@id\":\"https:\/\/dypall.com\/#website\",\"url\":\"https:\/\/dypall.com\/\",\"name\":\"DYPALL Network\",\"description\":\"We are a European network of civil society organisations, municipalities and research institutions dedicated to improving democracy through youth participation.\",\"potentialAction\":[{\"@type\":\"SearchAction\",\"target\":{\"@type\":\"EntryPoint\",\"urlTemplate\":\"https:\/\/dypall.com\/?s={search_term_string}\"},\"query-input\":\"required name=search_term_string\"}],\"inLanguage\":\"ro-RO\"},{\"@type\":\"Person\",\"@id\":\"https:\/\/dypall.com\/#\/schema\/person\/206350efe851997fcdedef75d118766b\",\"name\":\"dypall\",\"image\":{\"@type\":\"ImageObject\",\"inLanguage\":\"ro-RO\",\"@id\":\"https:\/\/dypall.com\/#\/schema\/person\/image\/\",\"url\":\"https:\/\/secure.gravatar.com\/avatar\/14e8d3d8841cd0bdf69915120bcf9fcfac1567f1dc7035664907322ac47efe29?s=96&d=mm&r=g\",\"contentUrl\":\"https:\/\/secure.gravatar.com\/avatar\/14e8d3d8841cd0bdf69915120bcf9fcfac1567f1dc7035664907322ac47efe29?s=96&d=mm&r=g\",\"caption\":\"dypall\"},\"url\":\"https:\/\/dypall.com\/ro\/author\/dypall_info\/\"}]}<\/script>\n<!-- \/ Yoast SEO plugin. -->","yoast_head_json":{"title":"#hearyourvoices : glimpses of the Conference - DYPALL Network","robots":{"index":"index","follow":"follow","max-snippet":"max-snippet:-1","max-image-preview":"max-image-preview:large","max-video-preview":"max-video-preview:-1"},"canonical":"https:\/\/dypall.com\/ro\/activity\/hearyourvoices\/","og_locale":"ro_RO","og_type":"article","og_title":"#hearyourvoices : glimpses of the Conference - DYPALL Network","og_description":"&#8220;I came to Portim\u00e3o for the International Conference \u201cYouth Policy at Local and Regional level\u201d organized by ECOS and DYPALL Network, as CAT is one of the members of the Network. Once we received the invitation we knew it was very important for us to be here. I wish to learn more on how to&hellip; Continu\u0103 lectura #hearyourvoices : glimpses of the Conference","og_url":"https:\/\/dypall.com\/ro\/activity\/hearyourvoices\/","og_site_name":"DYPALL Network","article_published_time":"2016-04-12T13:02:24+00:00","author":"dypall","twitter_card":"summary_large_image","twitter_misc":{"Written by":"dypall","Est. reading time":"1 minut"},"schema":{"@context":"https:\/\/schema.org","@graph":[{"@type":"WebPage","@id":"https:\/\/dypall.com\/activity\/hearyourvoices\/","url":"https:\/\/dypall.com\/activity\/hearyourvoices\/","name":"#hearyourvoices : glimpses of the Conference - DYPALL Network","isPartOf":{"@id":"https:\/\/dypall.com\/#website"},"primaryImageOfPage":{"@id":"https:\/\/dypall.com\/activity\/hearyourvoices\/#primaryimage"},"image":{"@id":"https:\/\/dypall.com\/activity\/hearyourvoices\/#primaryimage"},"thumbnailUrl":"","datePublished":"2016-04-12T13:02:24+00:00","dateModified":"2016-04-12T13:02:24+00:00","author":{"@id":"https:\/\/dypall.com\/#\/schema\/person\/206350efe851997fcdedef75d118766b"},"breadcrumb":{"@id":"https:\/\/dypall.com\/activity\/hearyourvoices\/#breadcrumb"},"inLanguage":"ro-RO","potentialAction":[{"@type":"ReadAction","target":["https:\/\/dypall.com\/activity\/hearyourvoices\/"]}]},{"@type":"ImageObject","inLanguage":"ro-RO","@id":"https:\/\/dypall.com\/activity\/hearyourvoices\/#primaryimage","url":"","contentUrl":""},{"@type":"BreadcrumbList","@id":"https:\/\/dypall.com\/activity\/hearyourvoices\/#breadcrumb","itemListElement":[{"@type":"ListItem","position":1,"name":"Home","item":"https:\/\/dypall.com\/"},{"@type":"ListItem","position":2,"name":"#hearyourvoices : glimpses of the Conference"}]},{"@type":"WebSite","@id":"https:\/\/dypall.com\/#website","url":"https:\/\/dypall.com\/","name":"DYPALL Network","description":"We are a European network of civil society organisations, municipalities and research institutions dedicated to improving democracy through youth participation.","potentialAction":[{"@type":"SearchAction","target":{"@type":"EntryPoint","urlTemplate":"https:\/\/dypall.com\/?s={search_term_string}"},"query-input":"required name=search_term_string"}],"inLanguage":"ro-RO"},{"@type":"Person","@id":"https:\/\/dypall.com\/#\/schema\/person\/206350efe851997fcdedef75d118766b","name":"dypall","image":{"@type":"ImageObject","inLanguage":"ro-RO","@id":"https:\/\/dypall.com\/#\/schema\/person\/image\/","url":"https:\/\/secure.gravatar.com\/avatar\/14e8d3d8841cd0bdf69915120bcf9fcfac1567f1dc7035664907322ac47efe29?s=96&d=mm&r=g","contentUrl":"https:\/\/secure.gravatar.com\/avatar\/14e8d3d8841cd0bdf69915120bcf9fcfac1567f1dc7035664907322ac47efe29?s=96&d=mm&r=g","caption":"dypall"},"url":"https:\/\/dypall.com\/ro\/author\/dypall_info\/"}]}},"jetpack_featured_media_url":"","jetpack_sharing_enabled":true,"_links":{"self":[{"href":"https:\/\/dypall.com\/ro\/wp-json\/wp\/v2\/posts\/1477","targetHints":{"allow":["GET"]}}],"collection":[{"href":"https:\/\/dypall.com\/ro\/wp-json\/wp\/v2\/posts"}],"about":[{"href":"https:\/\/dypall.com\/ro\/wp-json\/wp\/v2\/types\/post"}],"author":[{"embeddable":true,"href":"https:\/\/dypall.com\/ro\/wp-json\/wp\/v2\/users\/2"}],"replies":[{"embeddable":true,"href":"https:\/\/dypall.com\/ro\/wp-json\/wp\/v2\/comments?post=1477"}],"version-history":[{"count":0,"href":"https:\/\/dypall.com\/ro\/wp-json\/wp\/v2\/posts\/1477\/revisions"}],"wp:featuredmedia":[{"embeddable":true,"href":"https:\/\/dypall.com\/ro\/wp-json\/"}],"wp:attachment":[{"href":"https:\/\/dypall.com\/ro\/wp-json\/wp\/v2\/media?parent=1477"}],"wp:term":[{"taxonomy":"category","embeddable":true,"href":"https:\/\/dypall.com\/ro\/wp-json\/wp\/v2\/categories?post=1477"},{"taxonomy":"post_tag","embeddable":true,"href":"https:\/\/dypall.com\/ro\/wp-json\/wp\/v2\/tags?post=1477"}],"curies":[{"name":"wp","href":"https:\/\/api.w.org\/{rel}","templated":true}]}}