{"id":7885,"date":"2024-10-17T11:05:45","date_gmt":"2024-10-17T11:05:45","guid":{"rendered":"https:\/\/dypall.com\/?p=7885"},"modified":"2024-10-17T15:13:51","modified_gmt":"2024-10-17T15:13:51","slug":"dypall-network-at-the-symposium-on-youth-democracy-and-climate-action","status":"publish","type":"post","link":"https:\/\/dypall.com\/pt\/activity\/dypall-network-at-the-symposium-on-youth-democracy-and-climate-action\/","title":{"rendered":"Rede DYPALL no Simp\u00f3sio sobre Juventude, Democracia e A\u00e7\u00e3o Clim\u00e1tica"},"content":{"rendered":"<p>A DYPALL Network orgulha-se de participar da <strong>Simp\u00f3sio sobre Juventude, Democracia e A\u00e7\u00e3o Clim\u00e1tica<\/strong>, organizado pelo <a href=\"https:\/\/pjp-eu.coe.int\/en\/web\/youth-partnership\">Parceria para a Juventude UE-Conselho da Europa<\/a> de 24 a 26 de setembro de 2024, no Centro Europeu da Juventude de Estrasburgo, Fran\u00e7a. A nossa delega\u00e7\u00e3o incluiu o nosso Diretor Executivo, Bruno Antonio, e dois jovens representantes, Jo\u00e3o Bras e Afonso Borges.<\/p>\n\n\n\n<p>O simp\u00f3sio proporcionou uma plataforma valiosa para debater quest\u00f5es cr\u00edticas e explorar estrat\u00e9gias para uma mudan\u00e7a positiva. Os nossos representantes participaram ativamente no evento, participando e facilitando semin\u00e1rios centrados no impacto que o ativismo e a defesa locais podem ter, utilizando a educa\u00e7\u00e3o n\u00e3o formal como instrumento de refor\u00e7o das capacidades. Estes workshops destacaram a import\u00e2ncia de capacitar os jovens para serem agentes de mudan\u00e7a e contribu\u00edrem para democracias mais saud\u00e1veis que priorizem o bem-estar do nosso planeta, seja a n\u00edvel local, nacional ou internacional.<\/p>\n\n\n\n<p>Foi uma honra participar neste importante evento e contribuir para o di\u00e1logo em curso sobre a participa\u00e7\u00e3o dos jovens, a democracia e a a\u00e7\u00e3o clim\u00e1tica.<\/p>\n\n\n\n<p>Mais informa\u00e7\u00f5es sobre o evento <a href=\"https:\/\/pjp-eu.coe.int\/en\/web\/youth-partnership\/symposium-2024\">aqui<\/a>. <\/p>\n\n\n\n<p>Cr\u00e9dito fotogr\u00e1fico: Parceria para a Juventude \/ Outdoor360<\/p>\n\n\n\n<p><\/p>\n\n\n\n<figure class=\"wp-block-gallery has-nested-images columns-default is-cropped wp-block-gallery-1 is-layout-flex wp-block-gallery-is-layout-flex\">\n<figure class=\"wp-block-image size-large\"><img loading=\"lazy\" decoding=\"async\" width=\"2560\" height=\"1707\" data-id=\"7925\" src=\"https:\/\/dypall.com\/wp-content\/uploads\/2024\/10\/WhatsApp-Image-2024-10-17-at-11.55.36-2-scaled.jpeg\" alt=\"\" class=\"wp-image-7925\" srcset=\"https:\/\/dypall.com\/wp-content\/uploads\/2024\/10\/WhatsApp-Image-2024-10-17-at-11.55.36-2-scaled.jpeg 2560w, https:\/\/dypall.com\/wp-content\/uploads\/2024\/10\/WhatsApp-Image-2024-10-17-at-11.55.36-2-768x512.jpeg 768w, https:\/\/dypall.com\/wp-content\/uploads\/2024\/10\/WhatsApp-Image-2024-10-17-at-11.55.36-2-1536x1024.jpeg 1536w, https:\/\/dypall.com\/wp-content\/uploads\/2024\/10\/WhatsApp-Image-2024-10-17-at-11.55.36-2-2048x1365.jpeg 2048w, https:\/\/dypall.com\/wp-content\/uploads\/2024\/10\/WhatsApp-Image-2024-10-17-at-11.55.36-2-1568x1045.jpeg 1568w\" sizes=\"auto, (max-width: 2560px) 100vw, 2560px\" \/><\/figure>\n\n\n\n<figure class=\"wp-block-image size-large\"><img loading=\"lazy\" decoding=\"async\" width=\"2560\" height=\"1707\" data-id=\"7914\" src=\"https:\/\/dypall.com\/wp-content\/uploads\/2024\/10\/WhatsApp-Image-2024-10-17-at-11.55.24-1-scaled.jpeg\" alt=\"\" class=\"wp-image-7914\" srcset=\"https:\/\/dypall.com\/wp-content\/uploads\/2024\/10\/WhatsApp-Image-2024-10-17-at-11.55.24-1-scaled.jpeg 2560w, https:\/\/dypall.com\/wp-content\/uploads\/2024\/10\/WhatsApp-Image-2024-10-17-at-11.55.24-1-768x512.jpeg 768w, https:\/\/dypall.com\/wp-content\/uploads\/2024\/10\/WhatsApp-Image-2024-10-17-at-11.55.24-1-1536x1024.jpeg 1536w, https:\/\/dypall.com\/wp-content\/uploads\/2024\/10\/WhatsApp-Image-2024-10-17-at-11.55.24-1-2048x1365.jpeg 2048w, https:\/\/dypall.com\/wp-content\/uploads\/2024\/10\/WhatsApp-Image-2024-10-17-at-11.55.24-1-1568x1045.jpeg 1568w\" sizes=\"auto, (max-width: 2560px) 100vw, 2560px\" \/><\/figure>\n\n\n\n<figure class=\"wp-block-image size-large\"><img loading=\"lazy\" decoding=\"async\" width=\"2560\" height=\"1707\" data-id=\"7913\" src=\"https:\/\/dypall.com\/wp-content\/uploads\/2024\/10\/WhatsApp-Image-2024-10-17-at-11.55.37-1-1-scaled.jpeg\" alt=\"\" class=\"wp-image-7913\" srcset=\"https:\/\/dypall.com\/wp-content\/uploads\/2024\/10\/WhatsApp-Image-2024-10-17-at-11.55.37-1-1-scaled.jpeg 2560w, https:\/\/dypall.com\/wp-content\/uploads\/2024\/10\/WhatsApp-Image-2024-10-17-at-11.55.37-1-1-768x512.jpeg 768w, https:\/\/dypall.com\/wp-content\/uploads\/2024\/10\/WhatsApp-Image-2024-10-17-at-11.55.37-1-1-1536x1024.jpeg 1536w, https:\/\/dypall.com\/wp-content\/uploads\/2024\/10\/WhatsApp-Image-2024-10-17-at-11.55.37-1-1-2048x1365.jpeg 2048w, https:\/\/dypall.com\/wp-content\/uploads\/2024\/10\/WhatsApp-Image-2024-10-17-at-11.55.37-1-1-1568x1045.jpeg 1568w\" sizes=\"auto, (max-width: 2560px) 100vw, 2560px\" \/><\/figure>\n\n\n\n<figure class=\"wp-block-image size-large\"><img loading=\"lazy\" decoding=\"async\" width=\"2560\" height=\"1707\" data-id=\"7923\" src=\"https:\/\/dypall.com\/wp-content\/uploads\/2024\/10\/WhatsApp-Image-2024-10-17-at-11.55.37-3-scaled.jpeg\" alt=\"\" class=\"wp-image-7923\" srcset=\"https:\/\/dypall.com\/wp-content\/uploads\/2024\/10\/WhatsApp-Image-2024-10-17-at-11.55.37-3-scaled.jpeg 2560w, https:\/\/dypall.com\/wp-content\/uploads\/2024\/10\/WhatsApp-Image-2024-10-17-at-11.55.37-3-768x512.jpeg 768w, https:\/\/dypall.com\/wp-content\/uploads\/2024\/10\/WhatsApp-Image-2024-10-17-at-11.55.37-3-1536x1024.jpeg 1536w, https:\/\/dypall.com\/wp-content\/uploads\/2024\/10\/WhatsApp-Image-2024-10-17-at-11.55.37-3-2048x1365.jpeg 2048w, https:\/\/dypall.com\/wp-content\/uploads\/2024\/10\/WhatsApp-Image-2024-10-17-at-11.55.37-3-1568x1045.jpeg 1568w\" sizes=\"auto, (max-width: 2560px) 100vw, 2560px\" \/><\/figure>\n\n\n\n<figure class=\"wp-block-image size-large\"><img loading=\"lazy\" decoding=\"async\" width=\"2560\" height=\"1707\" data-id=\"7921\" src=\"https:\/\/dypall.com\/wp-content\/uploads\/2024\/10\/WhatsApp-Image-2024-10-17-at-11.55.44-1-scaled.jpeg\" alt=\"\" class=\"wp-image-7921\" srcset=\"https:\/\/dypall.com\/wp-content\/uploads\/2024\/10\/WhatsApp-Image-2024-10-17-at-11.55.44-1-scaled.jpeg 2560w, https:\/\/dypall.com\/wp-content\/uploads\/2024\/10\/WhatsApp-Image-2024-10-17-at-11.55.44-1-768x512.jpeg 768w, https:\/\/dypall.com\/wp-content\/uploads\/2024\/10\/WhatsApp-Image-2024-10-17-at-11.55.44-1-1536x1024.jpeg 1536w, https:\/\/dypall.com\/wp-content\/uploads\/2024\/10\/WhatsApp-Image-2024-10-17-at-11.55.44-1-2048x1365.jpeg 2048w, https:\/\/dypall.com\/wp-content\/uploads\/2024\/10\/WhatsApp-Image-2024-10-17-at-11.55.44-1-1568x1045.jpeg 1568w\" sizes=\"auto, (max-width: 2560px) 100vw, 2560px\" \/><\/figure>\n\n\n\n<figure class=\"wp-block-image size-large\"><img loading=\"lazy\" decoding=\"async\" width=\"2560\" height=\"1707\" data-id=\"7922\" src=\"https:\/\/dypall.com\/wp-content\/uploads\/2024\/10\/WhatsApp-Image-2024-10-17-at-11.55.45-1-1-scaled.jpeg\" alt=\"\" class=\"wp-image-7922\" srcset=\"https:\/\/dypall.com\/wp-content\/uploads\/2024\/10\/WhatsApp-Image-2024-10-17-at-11.55.45-1-1-scaled.jpeg 2560w, https:\/\/dypall.com\/wp-content\/uploads\/2024\/10\/WhatsApp-Image-2024-10-17-at-11.55.45-1-1-768x512.jpeg 768w, https:\/\/dypall.com\/wp-content\/uploads\/2024\/10\/WhatsApp-Image-2024-10-17-at-11.55.45-1-1-1536x1024.jpeg 1536w, https:\/\/dypall.com\/wp-content\/uploads\/2024\/10\/WhatsApp-Image-2024-10-17-at-11.55.45-1-1-2048x1365.jpeg 2048w, https:\/\/dypall.com\/wp-content\/uploads\/2024\/10\/WhatsApp-Image-2024-10-17-at-11.55.45-1-1-1568x1045.jpeg 1568w\" sizes=\"auto, (max-width: 2560px) 100vw, 2560px\" \/><\/figure>\n\n\n\n<figure class=\"wp-block-image size-large\"><img loading=\"lazy\" decoding=\"async\" width=\"2560\" height=\"1707\" data-id=\"7917\" src=\"https:\/\/dypall.com\/wp-content\/uploads\/2024\/10\/WhatsApp-Image-2024-10-17-at-11.55.45-3-scaled.jpeg\" alt=\"\" class=\"wp-image-7917\" srcset=\"https:\/\/dypall.com\/wp-content\/uploads\/2024\/10\/WhatsApp-Image-2024-10-17-at-11.55.45-3-scaled.jpeg 2560w, https:\/\/dypall.com\/wp-content\/uploads\/2024\/10\/WhatsApp-Image-2024-10-17-at-11.55.45-3-768x512.jpeg 768w, https:\/\/dypall.com\/wp-content\/uploads\/2024\/10\/WhatsApp-Image-2024-10-17-at-11.55.45-3-1536x1024.jpeg 1536w, https:\/\/dypall.com\/wp-content\/uploads\/2024\/10\/WhatsApp-Image-2024-10-17-at-11.55.45-3-2048x1365.jpeg 2048w, https:\/\/dypall.com\/wp-content\/uploads\/2024\/10\/WhatsApp-Image-2024-10-17-at-11.55.45-3-1568x1045.jpeg 1568w\" sizes=\"auto, (max-width: 2560px) 100vw, 2560px\" \/><\/figure>\n\n\n\n<figure class=\"wp-block-image size-large\"><img loading=\"lazy\" decoding=\"async\" width=\"2560\" height=\"1707\" data-id=\"7926\" src=\"https:\/\/dypall.com\/wp-content\/uploads\/2024\/10\/WhatsApp-Image-2024-10-17-at-11.55.38-2-1-scaled.jpeg\" alt=\"\" class=\"wp-image-7926\" srcset=\"https:\/\/dypall.com\/wp-content\/uploads\/2024\/10\/WhatsApp-Image-2024-10-17-at-11.55.38-2-1-scaled.jpeg 2560w, https:\/\/dypall.com\/wp-content\/uploads\/2024\/10\/WhatsApp-Image-2024-10-17-at-11.55.38-2-1-768x512.jpeg 768w, https:\/\/dypall.com\/wp-content\/uploads\/2024\/10\/WhatsApp-Image-2024-10-17-at-11.55.38-2-1-1536x1024.jpeg 1536w, https:\/\/dypall.com\/wp-content\/uploads\/2024\/10\/WhatsApp-Image-2024-10-17-at-11.55.38-2-1-2048x1365.jpeg 2048w, https:\/\/dypall.com\/wp-content\/uploads\/2024\/10\/WhatsApp-Image-2024-10-17-at-11.55.38-2-1-1568x1045.jpeg 1568w\" sizes=\"auto, (max-width: 2560px) 100vw, 2560px\" \/><\/figure>\n\n\n\n<figure class=\"wp-block-image size-large\"><img loading=\"lazy\" decoding=\"async\" width=\"2560\" height=\"1707\" data-id=\"7919\" src=\"https:\/\/dypall.com\/wp-content\/uploads\/2024\/10\/WhatsApp-Image-2024-10-17-at-11.55.38-1-1-scaled.jpeg\" alt=\"\" class=\"wp-image-7919\" srcset=\"https:\/\/dypall.com\/wp-content\/uploads\/2024\/10\/WhatsApp-Image-2024-10-17-at-11.55.38-1-1-scaled.jpeg 2560w, https:\/\/dypall.com\/wp-content\/uploads\/2024\/10\/WhatsApp-Image-2024-10-17-at-11.55.38-1-1-768x512.jpeg 768w, https:\/\/dypall.com\/wp-content\/uploads\/2024\/10\/WhatsApp-Image-2024-10-17-at-11.55.38-1-1-1536x1024.jpeg 1536w, https:\/\/dypall.com\/wp-content\/uploads\/2024\/10\/WhatsApp-Image-2024-10-17-at-11.55.38-1-1-2048x1365.jpeg 2048w, https:\/\/dypall.com\/wp-content\/uploads\/2024\/10\/WhatsApp-Image-2024-10-17-at-11.55.38-1-1-1568x1045.jpeg 1568w\" sizes=\"auto, (max-width: 2560px) 100vw, 2560px\" \/><\/figure>\n\n\n\n<figure class=\"wp-block-image size-large\"><img loading=\"lazy\" decoding=\"async\" width=\"2560\" height=\"1707\" data-id=\"7928\" src=\"https:\/\/dypall.com\/wp-content\/uploads\/2024\/10\/WhatsApp-Image-2024-10-17-at-11.55.46-1-4-scaled.jpeg\" alt=\"\" class=\"wp-image-7928\" srcset=\"https:\/\/dypall.com\/wp-content\/uploads\/2024\/10\/WhatsApp-Image-2024-10-17-at-11.55.46-1-4-scaled.jpeg 2560w, https:\/\/dypall.com\/wp-content\/uploads\/2024\/10\/WhatsApp-Image-2024-10-17-at-11.55.46-1-4-768x512.jpeg 768w, https:\/\/dypall.com\/wp-content\/uploads\/2024\/10\/WhatsApp-Image-2024-10-17-at-11.55.46-1-4-1536x1024.jpeg 1536w, https:\/\/dypall.com\/wp-content\/uploads\/2024\/10\/WhatsApp-Image-2024-10-17-at-11.55.46-1-4-2048x1365.jpeg 2048w, https:\/\/dypall.com\/wp-content\/uploads\/2024\/10\/WhatsApp-Image-2024-10-17-at-11.55.46-1-4-1568x1045.jpeg 1568w\" sizes=\"auto, (max-width: 2560px) 100vw, 2560px\" \/><\/figure>\n\n\n\n<figure class=\"wp-block-image size-large\"><img loading=\"lazy\" decoding=\"async\" width=\"2560\" height=\"1707\" data-id=\"7920\" src=\"https:\/\/dypall.com\/wp-content\/uploads\/2024\/10\/WhatsApp-Image-2024-10-17-at-11.55.46-3-scaled.jpeg\" alt=\"\" class=\"wp-image-7920\" srcset=\"https:\/\/dypall.com\/wp-content\/uploads\/2024\/10\/WhatsApp-Image-2024-10-17-at-11.55.46-3-scaled.jpeg 2560w, https:\/\/dypall.com\/wp-content\/uploads\/2024\/10\/WhatsApp-Image-2024-10-17-at-11.55.46-3-768x512.jpeg 768w, https:\/\/dypall.com\/wp-content\/uploads\/2024\/10\/WhatsApp-Image-2024-10-17-at-11.55.46-3-1536x1024.jpeg 1536w, https:\/\/dypall.com\/wp-content\/uploads\/2024\/10\/WhatsApp-Image-2024-10-17-at-11.55.46-3-2048x1365.jpeg 2048w, https:\/\/dypall.com\/wp-content\/uploads\/2024\/10\/WhatsApp-Image-2024-10-17-at-11.55.46-3-1568x1045.jpeg 1568w\" sizes=\"auto, (max-width: 2560px) 100vw, 2560px\" \/><\/figure>\n\n\n\n<figure class=\"wp-block-image size-large\"><img loading=\"lazy\" decoding=\"async\" width=\"2560\" height=\"1707\" data-id=\"7927\" src=\"https:\/\/dypall.com\/wp-content\/uploads\/2024\/10\/WhatsApp-Image-2024-10-17-at-11.55.38-4-scaled.jpeg\" alt=\"\" class=\"wp-image-7927\" srcset=\"https:\/\/dypall.com\/wp-content\/uploads\/2024\/10\/WhatsApp-Image-2024-10-17-at-11.55.38-4-scaled.jpeg 2560w, https:\/\/dypall.com\/wp-content\/uploads\/2024\/10\/WhatsApp-Image-2024-10-17-at-11.55.38-4-768x512.jpeg 768w, https:\/\/dypall.com\/wp-content\/uploads\/2024\/10\/WhatsApp-Image-2024-10-17-at-11.55.38-4-1536x1024.jpeg 1536w, https:\/\/dypall.com\/wp-content\/uploads\/2024\/10\/WhatsApp-Image-2024-10-17-at-11.55.38-4-2048x1365.jpeg 2048w, https:\/\/dypall.com\/wp-content\/uploads\/2024\/10\/WhatsApp-Image-2024-10-17-at-11.55.38-4-1568x1045.jpeg 1568w\" sizes=\"auto, (max-width: 2560px) 100vw, 2560px\" \/><\/figure>\n<\/figure>","protected":false},"excerpt":{"rendered":"<p>A Rede DYPALL orgulha-se de participar no Simp\u00f3sio sobre Juventude, Democracia e A\u00e7\u00e3o Clim\u00e1tica, organizado pela Parceria para a Juventude UE-Conselho da Europa de 24 a 26 de setembro de 2024, no Centro Europeu da Juventude de Estrasburgo, Fran\u00e7a. A nossa delega\u00e7\u00e3o incluiu o nosso Diretor Executivo, Bruno Antonio, e dois jovens representantes, Jo\u00e3o Bras e Afonso Borges. O simp\u00f3sio... <a class=\"more-link\" href=\"https:\/\/dypall.com\/pt\/activity\/dypall-network-at-the-symposium-on-youth-democracy-and-climate-action\/\">Continuar a ler <span class=\"screen-reader-text\">Rede DYPALL no Simp\u00f3sio sobre Juventude, Democracia e A\u00e7\u00e3o Clim\u00e1tica<\/span><\/a><\/p>","protected":false},"author":5,"featured_media":7905,"comment_status":"open","ping_status":"open","sticky":false,"template":"","format":"standard","meta":{"_acf_changed":false,"_jetpack_memberships_contains_paid_content":false,"footnotes":""},"categories":[111],"tags":[],"class_list":["post-7885","post","type-post","status-publish","format-standard","has-post-thumbnail","hentry","category-activity","entry"],"acf":[],"yoast_head":"<!-- This site is optimized with the Yoast SEO plugin v22.8 - https:\/\/yoast.com\/wordpress\/plugins\/seo\/ -->\n<title>DYPALL Network at the Symposium on Youth, Democracy and Climate Action - DYPALL Network<\/title>\n<meta name=\"robots\" content=\"index, follow, max-snippet:-1, max-image-preview:large, max-video-preview:-1\" \/>\n<link rel=\"canonical\" href=\"https:\/\/dypall.com\/pt\/activity\/dypall-network-at-the-symposium-on-youth-democracy-and-climate-action\/\" \/>\n<meta property=\"og:locale\" content=\"pt_PT\" \/>\n<meta property=\"og:type\" content=\"article\" \/>\n<meta property=\"og:title\" content=\"DYPALL Network at the Symposium on Youth, Democracy and Climate Action - DYPALL Network\" \/>\n<meta property=\"og:description\" content=\"DYPALL Network was proud to participate in the Symposium on Youth, Democracy and Climate Action, organised by the EU-Council of Europe Youth Partnership from September 24 to 26, 2024, at the European Youth Centre Strasbourg, France. Our delegation included our Executive Director, Bruno Antonio, and two young representatives, Jo\u00e3o Bras and Afonso Borges. The symposium&hellip; Continue a ler DYPALL Network at the Symposium on Youth, Democracy and Climate Action\" \/>\n<meta property=\"og:url\" content=\"https:\/\/dypall.com\/pt\/activity\/dypall-network-at-the-symposium-on-youth-democracy-and-climate-action\/\" \/>\n<meta property=\"og:site_name\" content=\"DYPALL Network\" \/>\n<meta property=\"article:published_time\" content=\"2024-10-17T11:05:45+00:00\" \/>\n<meta property=\"article:modified_time\" content=\"2024-10-17T15:13:51+00:00\" \/>\n<meta property=\"og:image\" content=\"https:\/\/dypall.com\/wp-content\/uploads\/2024\/10\/WhatsApp-Image-2024-10-17-at-11.55.38-3-scaled.jpeg\" \/>\n\t<meta property=\"og:image:width\" content=\"2560\" \/>\n\t<meta property=\"og:image:height\" content=\"1707\" \/>\n\t<meta property=\"og:image:type\" content=\"image\/jpeg\" \/>\n<meta name=\"author\" content=\"DYPALL Network\" \/>\n<meta name=\"twitter:card\" content=\"summary_large_image\" \/>\n<meta name=\"twitter:label1\" content=\"Written by\" \/>\n\t<meta name=\"twitter:data1\" content=\"DYPALL Network\" \/>\n\t<meta name=\"twitter:label2\" content=\"Est. reading time\" \/>\n\t<meta name=\"twitter:data2\" content=\"4 minutos\" \/>\n<script type=\"application\/ld+json\" class=\"yoast-schema-graph\">{\"@context\":\"https:\/\/schema.org\",\"@graph\":[{\"@type\":\"WebPage\",\"@id\":\"https:\/\/dypall.com\/activity\/dypall-network-at-the-symposium-on-youth-democracy-and-climate-action\/\",\"url\":\"https:\/\/dypall.com\/activity\/dypall-network-at-the-symposium-on-youth-democracy-and-climate-action\/\",\"name\":\"DYPALL Network at the Symposium on Youth, Democracy and Climate Action - DYPALL Network\",\"isPartOf\":{\"@id\":\"https:\/\/dypall.com\/#website\"},\"primaryImageOfPage\":{\"@id\":\"https:\/\/dypall.com\/activity\/dypall-network-at-the-symposium-on-youth-democracy-and-climate-action\/#primaryimage\"},\"image\":{\"@id\":\"https:\/\/dypall.com\/activity\/dypall-network-at-the-symposium-on-youth-democracy-and-climate-action\/#primaryimage\"},\"thumbnailUrl\":\"https:\/\/dypall.com\/wp-content\/uploads\/2024\/10\/WhatsApp-Image-2024-10-17-at-11.55.38-3-scaled.jpeg\",\"datePublished\":\"2024-10-17T11:05:45+00:00\",\"dateModified\":\"2024-10-17T15:13:51+00:00\",\"author\":{\"@id\":\"https:\/\/dypall.com\/#\/schema\/person\/e87206094ce8bcf88449b35f00e40fb1\"},\"breadcrumb\":{\"@id\":\"https:\/\/dypall.com\/activity\/dypall-network-at-the-symposium-on-youth-democracy-and-climate-action\/#breadcrumb\"},\"inLanguage\":\"pt-PT\",\"potentialAction\":[{\"@type\":\"ReadAction\",\"target\":[\"https:\/\/dypall.com\/activity\/dypall-network-at-the-symposium-on-youth-democracy-and-climate-action\/\"]}]},{\"@type\":\"ImageObject\",\"inLanguage\":\"pt-PT\",\"@id\":\"https:\/\/dypall.com\/activity\/dypall-network-at-the-symposium-on-youth-democracy-and-climate-action\/#primaryimage\",\"url\":\"https:\/\/dypall.com\/wp-content\/uploads\/2024\/10\/WhatsApp-Image-2024-10-17-at-11.55.38-3-scaled.jpeg\",\"contentUrl\":\"https:\/\/dypall.com\/wp-content\/uploads\/2024\/10\/WhatsApp-Image-2024-10-17-at-11.55.38-3-scaled.jpeg\",\"width\":2560,\"height\":1707},{\"@type\":\"BreadcrumbList\",\"@id\":\"https:\/\/dypall.com\/activity\/dypall-network-at-the-symposium-on-youth-democracy-and-climate-action\/#breadcrumb\",\"itemListElement\":[{\"@type\":\"ListItem\",\"position\":1,\"name\":\"Home\",\"item\":\"https:\/\/dypall.com\/\"},{\"@type\":\"ListItem\",\"position\":2,\"name\":\"DYPALL Network at the Symposium on Youth, Democracy and Climate Action\"}]},{\"@type\":\"WebSite\",\"@id\":\"https:\/\/dypall.com\/#website\",\"url\":\"https:\/\/dypall.com\/\",\"name\":\"DYPALL Network\",\"description\":\"We are a European network of civil society organisations, municipalities and research institutions dedicated to improving democracy through youth participation.\",\"potentialAction\":[{\"@type\":\"SearchAction\",\"target\":{\"@type\":\"EntryPoint\",\"urlTemplate\":\"https:\/\/dypall.com\/?s={search_term_string}\"},\"query-input\":\"required name=search_term_string\"}],\"inLanguage\":\"pt-PT\"},{\"@type\":\"Person\",\"@id\":\"https:\/\/dypall.com\/#\/schema\/person\/e87206094ce8bcf88449b35f00e40fb1\",\"name\":\"DYPALL Network\",\"image\":{\"@type\":\"ImageObject\",\"inLanguage\":\"pt-PT\",\"@id\":\"https:\/\/dypall.com\/#\/schema\/person\/image\/\",\"url\":\"https:\/\/secure.gravatar.com\/avatar\/1061d2d4c9b4f1a9b496774795b5deac1200dfd1d3abecb8f85cf8b580e6963b?s=96&d=mm&r=g\",\"contentUrl\":\"https:\/\/secure.gravatar.com\/avatar\/1061d2d4c9b4f1a9b496774795b5deac1200dfd1d3abecb8f85cf8b580e6963b?s=96&d=mm&r=g\",\"caption\":\"DYPALL Network\"},\"sameAs\":[\"https:\/\/dypall.com\/\"],\"url\":\"https:\/\/dypall.com\/pt\/author\/dypallonsteroids\/\"}]}<\/script>\n<!-- \/ Yoast SEO plugin. -->","yoast_head_json":{"title":"DYPALL Network at the Symposium on Youth, Democracy and Climate Action - DYPALL Network","robots":{"index":"index","follow":"follow","max-snippet":"max-snippet:-1","max-image-preview":"max-image-preview:large","max-video-preview":"max-video-preview:-1"},"canonical":"https:\/\/dypall.com\/pt\/activity\/dypall-network-at-the-symposium-on-youth-democracy-and-climate-action\/","og_locale":"pt_PT","og_type":"article","og_title":"DYPALL Network at the Symposium on Youth, Democracy and Climate Action - DYPALL Network","og_description":"DYPALL Network was proud to participate in the Symposium on Youth, Democracy and Climate Action, organised by the EU-Council of Europe Youth Partnership from September 24 to 26, 2024, at the European Youth Centre Strasbourg, France. Our delegation included our Executive Director, Bruno Antonio, and two young representatives, Jo\u00e3o Bras and Afonso Borges. The symposium&hellip; Continue a ler DYPALL Network at the Symposium on Youth, Democracy and Climate Action","og_url":"https:\/\/dypall.com\/pt\/activity\/dypall-network-at-the-symposium-on-youth-democracy-and-climate-action\/","og_site_name":"DYPALL Network","article_published_time":"2024-10-17T11:05:45+00:00","article_modified_time":"2024-10-17T15:13:51+00:00","og_image":[{"width":2560,"height":1707,"url":"https:\/\/dypall.com\/wp-content\/uploads\/2024\/10\/WhatsApp-Image-2024-10-17-at-11.55.38-3-scaled.jpeg","type":"image\/jpeg"}],"author":"DYPALL Network","twitter_card":"summary_large_image","twitter_misc":{"Written by":"DYPALL Network","Est. reading time":"4 minutos"},"schema":{"@context":"https:\/\/schema.org","@graph":[{"@type":"WebPage","@id":"https:\/\/dypall.com\/activity\/dypall-network-at-the-symposium-on-youth-democracy-and-climate-action\/","url":"https:\/\/dypall.com\/activity\/dypall-network-at-the-symposium-on-youth-democracy-and-climate-action\/","name":"DYPALL Network at the Symposium on Youth, Democracy and Climate Action - DYPALL Network","isPartOf":{"@id":"https:\/\/dypall.com\/#website"},"primaryImageOfPage":{"@id":"https:\/\/dypall.com\/activity\/dypall-network-at-the-symposium-on-youth-democracy-and-climate-action\/#primaryimage"},"image":{"@id":"https:\/\/dypall.com\/activity\/dypall-network-at-the-symposium-on-youth-democracy-and-climate-action\/#primaryimage"},"thumbnailUrl":"https:\/\/dypall.com\/wp-content\/uploads\/2024\/10\/WhatsApp-Image-2024-10-17-at-11.55.38-3-scaled.jpeg","datePublished":"2024-10-17T11:05:45+00:00","dateModified":"2024-10-17T15:13:51+00:00","author":{"@id":"https:\/\/dypall.com\/#\/schema\/person\/e87206094ce8bcf88449b35f00e40fb1"},"breadcrumb":{"@id":"https:\/\/dypall.com\/activity\/dypall-network-at-the-symposium-on-youth-democracy-and-climate-action\/#breadcrumb"},"inLanguage":"pt-PT","potentialAction":[{"@type":"ReadAction","target":["https:\/\/dypall.com\/activity\/dypall-network-at-the-symposium-on-youth-democracy-and-climate-action\/"]}]},{"@type":"ImageObject","inLanguage":"pt-PT","@id":"https:\/\/dypall.com\/activity\/dypall-network-at-the-symposium-on-youth-democracy-and-climate-action\/#primaryimage","url":"https:\/\/dypall.com\/wp-content\/uploads\/2024\/10\/WhatsApp-Image-2024-10-17-at-11.55.38-3-scaled.jpeg","contentUrl":"https:\/\/dypall.com\/wp-content\/uploads\/2024\/10\/WhatsApp-Image-2024-10-17-at-11.55.38-3-scaled.jpeg","width":2560,"height":1707},{"@type":"BreadcrumbList","@id":"https:\/\/dypall.com\/activity\/dypall-network-at-the-symposium-on-youth-democracy-and-climate-action\/#breadcrumb","itemListElement":[{"@type":"ListItem","position":1,"name":"Home","item":"https:\/\/dypall.com\/"},{"@type":"ListItem","position":2,"name":"DYPALL Network at the Symposium on Youth, Democracy and Climate Action"}]},{"@type":"WebSite","@id":"https:\/\/dypall.com\/#website","url":"https:\/\/dypall.com\/","name":"DYPALL Network","description":"We are a European network of civil society organisations, municipalities and research institutions dedicated to improving democracy through youth participation.","potentialAction":[{"@type":"SearchAction","target":{"@type":"EntryPoint","urlTemplate":"https:\/\/dypall.com\/?s={search_term_string}"},"query-input":"required name=search_term_string"}],"inLanguage":"pt-PT"},{"@type":"Person","@id":"https:\/\/dypall.com\/#\/schema\/person\/e87206094ce8bcf88449b35f00e40fb1","name":"DYPALL Network","image":{"@type":"ImageObject","inLanguage":"pt-PT","@id":"https:\/\/dypall.com\/#\/schema\/person\/image\/","url":"https:\/\/secure.gravatar.com\/avatar\/1061d2d4c9b4f1a9b496774795b5deac1200dfd1d3abecb8f85cf8b580e6963b?s=96&d=mm&r=g","contentUrl":"https:\/\/secure.gravatar.com\/avatar\/1061d2d4c9b4f1a9b496774795b5deac1200dfd1d3abecb8f85cf8b580e6963b?s=96&d=mm&r=g","caption":"DYPALL Network"},"sameAs":["https:\/\/dypall.com\/"],"url":"https:\/\/dypall.com\/pt\/author\/dypallonsteroids\/"}]}},"jetpack_featured_media_url":"https:\/\/dypall.com\/wp-content\/uploads\/2024\/10\/WhatsApp-Image-2024-10-17-at-11.55.38-3-scaled.jpeg","jetpack_sharing_enabled":true,"_links":{"self":[{"href":"https:\/\/dypall.com\/pt\/wp-json\/wp\/v2\/posts\/7885","targetHints":{"allow":["GET"]}}],"collection":[{"href":"https:\/\/dypall.com\/pt\/wp-json\/wp\/v2\/posts"}],"about":[{"href":"https:\/\/dypall.com\/pt\/wp-json\/wp\/v2\/types\/post"}],"author":[{"embeddable":true,"href":"https:\/\/dypall.com\/pt\/wp-json\/wp\/v2\/users\/5"}],"replies":[{"embeddable":true,"href":"https:\/\/dypall.com\/pt\/wp-json\/wp\/v2\/comments?post=7885"}],"version-history":[{"count":1,"href":"https:\/\/dypall.com\/pt\/wp-json\/wp\/v2\/posts\/7885\/revisions"}],"predecessor-version":[{"id":7929,"href":"https:\/\/dypall.com\/pt\/wp-json\/wp\/v2\/posts\/7885\/revisions\/7929"}],"wp:featuredmedia":[{"embeddable":true,"href":"https:\/\/dypall.com\/pt\/wp-json\/wp\/v2\/media\/7905"}],"wp:attachment":[{"href":"https:\/\/dypall.com\/pt\/wp-json\/wp\/v2\/media?parent=7885"}],"wp:term":[{"taxonomy":"category","embeddable":true,"href":"https:\/\/dypall.com\/pt\/wp-json\/wp\/v2\/categories?post=7885"},{"taxonomy":"post_tag","embeddable":true,"href":"https:\/\/dypall.com\/pt\/wp-json\/wp\/v2\/tags?post=7885"}],"curies":[{"name":"wp","href":"https:\/\/api.w.org\/{rel}","templated":true}]}}