{"id":6673,"date":"2023-10-31T16:00:25","date_gmt":"2023-10-31T16:00:25","guid":{"rendered":"https:\/\/dypall.com\/?p=6673"},"modified":"2024-06-06T11:10:17","modified_gmt":"2024-06-06T11:10:17","slug":"chlaydoscope-training-course-european-youth-leaders-academy","status":"publish","type":"post","link":"https:\/\/dypall.com\/pt\/activity\/chlaydoscope-training-course-european-youth-leaders-academy\/","title":{"rendered":"Curso de forma\u00e7\u00e3o CHLaYdoscope \u00abEuropean Youth Leaders Academy\u00bb"},"content":{"rendered":"<p><span style=\"font-weight: 400;\">O <\/span><strong>Curso de Forma\u00e7\u00e3o CHLaYdoscope<\/strong><span style=\"font-weight: 400;\"><em><strong> \u00abAcademia Europeia de Jovens L\u00edderes\u00bb<\/strong><\/em>, organizada pela rede DYPALL, teve lugar de 22 a 28 de outubro de 2023, em Portim\u00e3o, Portugal. A forma\u00e7\u00e3o teve como objetivo explorar metodologias e ferramentas inovadoras que colaboram para transformar as necessidades, oportunidades e ideias da comunidade em recursos valiosos, promovendo uma mentalidade empreendedora. Al\u00e9m disso, o seu objetivo \u00e9 amplificar o impacto da comunidade e a participa\u00e7\u00e3o das partes interessadas, abordando os desafios locais e formulando projetos, servi\u00e7os e pol\u00edticas com impacto.<\/span><\/p>\n<p><span style=\"font-weight: 400;\">Ao longo do evento, os participantes participaram numa s\u00e9rie de atividades enriquecedoras para explorar os aspetos vitais de uma participa\u00e7\u00e3o significativa dos jovens. Inicialmente, aprofundaram a compreens\u00e3o das oportunidades para os jovens de Portim\u00e3o, colaborando com a associa\u00e7\u00e3o local Modo e visitando a \u00abLoja Ponto JA\u00bb.<\/span><\/p>\n<p><span style=\"font-weight: 400;\">Liderados pelo Warehouse Hub, ECHN e PiNA, as discuss\u00f5es centraram-se na identifica\u00e7\u00e3o das causas profundas da escassez de espa\u00e7os juvenis em Portim\u00e3o. Em conjunto, os participantes ofereceram solu\u00e7\u00f5es inovadoras para abordar esta quest\u00e3o. Uma discuss\u00e3o not\u00e1vel centrou-se nas principais caracter\u00edsticas dos l\u00edderes comunit\u00e1rios e utilizadores, complementada por uma visita perspicaz ao Museu de Portim\u00e3o.<\/span><\/p>\n<p><span style=\"font-weight: 400;\">Com a facilita\u00e7\u00e3o da ECHN, os participantes mapearam as partes interessadas relacionadas com o desafio de criar novos espa\u00e7os para a juventude em Portim\u00e3o. A Warehouse Hub e a Materahub salientaram a import\u00e2ncia da criatividade, orientando os participantes num processo criativo para desenvolverem uma vis\u00e3o de produto para as suas solu\u00e7\u00f5es e utilizando o Creative Project Canvas, uma ferramenta \u00fatil para aspirantes a empreendedores, startups, artistas, criativos, facilitadores, formadores e mentores. Apresentaram as suas ideias, trocando ideias e opini\u00f5es no seio dos grupos.<\/span><\/p>\n<p><span style=\"font-weight: 400;\">Ap\u00f3s o processo criativo, os participantes obtiveram informa\u00e7\u00f5es valiosas sobre a entrega de pitches eficazes com a TAATO. Apresentaram as suas ideias \u00e0s partes interessadas, incluindo representantes municipais, associa\u00e7\u00f5es locais e n\u00f3madas digitais, centrando-se na promo\u00e7\u00e3o da colabora\u00e7\u00e3o comunit\u00e1ria. Posteriormente, os participantes transitaram para a fase seguinte, prontos para implementar os seus conhecimentos e compet\u00eancias nas suas comunidades locais atrav\u00e9s dos laborat\u00f3rios locais.<\/span><\/p>\n<p><span style=\"font-weight: 400;\">O projecto \u00e9 liderado por <a href=\"https:\/\/www.materahub.com\/\">materahub<\/a> (It\u00e1lia), em coopera\u00e7\u00e3o com a rede DYPALL,<\/span><a href=\"https:\/\/www.generazionelucana.it\/\"> <span style=\"font-weight: 400;\">Generazione lucana<\/span><\/a><span style=\"font-weight: 400;\"> (It\u00e1lia),<\/span><a href=\"https:\/\/warehousehub.org\/\"> <span style=\"font-weight: 400;\">Hub do Armaz\u00e9m<\/span><\/a><span style=\"font-weight: 400;\"> (It\u00e1lia),<\/span> <a href=\"https:\/\/creativehubs.net\/\"><span style=\"font-weight: 400;\">Rede Europeia de Polos Criativos<\/span><\/a><span style=\"font-weight: 400;\"> (Gr\u00e9cia),<\/span> <a href=\"https:\/\/www.pina.si\/\"><span style=\"font-weight: 400;\">Kulturno izobra\u017eevalno dru\u0161tvo PiNA<\/span><\/a><span style=\"font-weight: 400;\"> (Eslov\u00e9nia) e<\/span> <a href=\"https:\/\/theartistandtheothers.nl\/\"><span style=\"font-weight: 400;\">O artista e os outros<\/span><\/a><span style=\"font-weight: 400;\"> (Pa\u00edses Baixos).<\/span><\/p>\n<p><a href=\"https:\/\/dypall.com\/pt\/2023\/10\/31\/chlaydoscope-training-course-european-youth-leaders-academy\/395369133_722593256571700_2200767057359570171_n\/#main\" rel=\"attachment wp-att-6674\"><img loading=\"lazy\" decoding=\"async\" class=\"wp-image-6674 aligncenter\" src=\"https:\/\/dypall.com\/wp-content\/uploads\/2023\/10\/395369133_722593256571700_2200767057359570171_n.jpeg\" alt=\"\" width=\"878\" height=\"658\" \/><\/a><\/p>\n<p><a href=\"https:\/\/dypall.com\/pt\/2023\/10\/31\/chlaydoscope-training-course-european-youth-leaders-academy\/395371332_722593319905027_7296429920357274780_n\/#main\" rel=\"attachment wp-att-6675\"><img loading=\"lazy\" decoding=\"async\" class=\"wp-image-6675 aligncenter\" src=\"https:\/\/dypall.com\/wp-content\/uploads\/2023\/10\/395371332_722593319905027_7296429920357274780_n-scaled.jpeg\" alt=\"\" width=\"881\" height=\"407\" \/><\/a><\/p>\n<p><a href=\"https:\/\/dypall.com\/pt\/2023\/10\/31\/chlaydoscope-training-course-european-youth-leaders-academy\/395948884_722593403238352_1526519369474475571_n\/#main\" rel=\"attachment wp-att-6679\"><img loading=\"lazy\" decoding=\"async\" class=\"wp-image-6679 aligncenter\" src=\"https:\/\/dypall.com\/wp-content\/uploads\/2023\/10\/395948884_722593403238352_1526519369474475571_n-scaled.jpeg\" alt=\"\" width=\"883\" height=\"408\" \/><\/a><\/p>\n<p><a href=\"https:\/\/dypall.com\/pt\/2023\/10\/31\/chlaydoscope-training-course-european-youth-leaders-academy\/395375033_722593543238338_3857878345175414114_n\/#main\" rel=\"attachment wp-att-6678\"><img loading=\"lazy\" decoding=\"async\" class=\"wp-image-6678 aligncenter\" src=\"https:\/\/dypall.com\/wp-content\/uploads\/2023\/10\/395375033_722593543238338_3857878345175414114_n-scaled.jpeg\" alt=\"\" width=\"883\" height=\"408\" \/><\/a><\/p>\n<p><a href=\"https:\/\/dypall.com\/pt\/2023\/10\/31\/chlaydoscope-training-course-european-youth-leaders-academy\/395375031_722593393238353_1457378939935111505_n\/#main\" rel=\"attachment wp-att-6677\"><img loading=\"lazy\" decoding=\"async\" class=\"wp-image-6677 aligncenter\" src=\"https:\/\/dypall.com\/wp-content\/uploads\/2023\/10\/395375031_722593393238353_1457378939935111505_n.jpeg\" alt=\"\" width=\"878\" height=\"406\" \/><\/a><\/p>\n<p><a href=\"https:\/\/dypall.com\/pt\/2023\/10\/31\/chlaydoscope-training-course-european-youth-leaders-academy\/395372014_722593333238359_4146590040936843482_n\/#main\" rel=\"attachment wp-att-6676\"><img loading=\"lazy\" decoding=\"async\" class=\"wp-image-6676 aligncenter\" src=\"https:\/\/dypall.com\/wp-content\/uploads\/2023\/10\/395372014_722593333238359_4146590040936843482_n-scaled.jpeg\" alt=\"\" width=\"881\" height=\"407\" \/><\/a><\/p>","protected":false},"excerpt":{"rendered":"<p>O Curso de Forma\u00e7\u00e3o CHLaYdoscope \u00abEuropean Youth Leaders Academy\u00bb, organizado pela rede DYPALL, teve lugar de 22 a 28 de outubro de 2023, em Portim\u00e3o, Portugal. A forma\u00e7\u00e3o teve como objetivo explorar metodologias e ferramentas inovadoras que colaboram para transformar as necessidades, oportunidades e ideias da comunidade em recursos valiosos, promovendo uma mentalidade empreendedora. O objetivo \u00e9 ampliar a comunidade... <a class=\"more-link\" href=\"https:\/\/dypall.com\/pt\/activity\/chlaydoscope-training-course-european-youth-leaders-academy\/\">Continuar a ler <span class=\"screen-reader-text\">Curso de forma\u00e7\u00e3o CHLaYdoscope \u00abEuropean Youth Leaders Academy\u00bb<\/span><\/a><\/p>","protected":false},"author":1,"featured_media":7218,"comment_status":"closed","ping_status":"open","sticky":false,"template":"","format":"standard","meta":{"_acf_changed":false,"_jetpack_memberships_contains_paid_content":false,"footnotes":""},"categories":[111,141],"tags":[],"class_list":["post-6673","post","type-post","status-publish","format-standard","has-post-thumbnail","hentry","category-activity","category-training-course","entry"],"acf":[],"yoast_head":"<!-- This site is optimized with the Yoast SEO plugin v22.8 - https:\/\/yoast.com\/wordpress\/plugins\/seo\/ -->\n<title>CHLaYdoscope Training Course \u201cEuropean Youth Leaders Academy\u201d - DYPALL Network<\/title>\n<meta name=\"robots\" content=\"index, follow, max-snippet:-1, max-image-preview:large, max-video-preview:-1\" \/>\n<link rel=\"canonical\" href=\"https:\/\/dypall.com\/pt\/activity\/chlaydoscope-training-course-european-youth-leaders-academy\/\" \/>\n<meta property=\"og:locale\" content=\"pt_PT\" \/>\n<meta property=\"og:type\" content=\"article\" \/>\n<meta property=\"og:title\" content=\"CHLaYdoscope Training Course \u201cEuropean Youth Leaders Academy\u201d - DYPALL Network\" \/>\n<meta property=\"og:description\" content=\"The CHLaYdoscope Training Course \u201cEuropean Youth Leaders Academy\u201d, organised by DYPALL Network, took place from 22nd &#8211; 28th October 2023 in Portim\u00e3o, Portugal. The training aimed to explore innovative methodologies and tools that collaborate to transform community needs, opportunities, and ideas into valuable resources, fostering an entrepreneurial mindset. Additionally, its objective is to amplify community&hellip; Continue a ler CHLaYdoscope Training Course \u201cEuropean Youth Leaders Academy\u201d\" \/>\n<meta property=\"og:url\" content=\"https:\/\/dypall.com\/pt\/activity\/chlaydoscope-training-course-european-youth-leaders-academy\/\" \/>\n<meta property=\"og:site_name\" content=\"DYPALL Network\" \/>\n<meta property=\"article:published_time\" content=\"2023-10-31T16:00:25+00:00\" \/>\n<meta property=\"article:modified_time\" content=\"2024-06-06T11:10:17+00:00\" \/>\n<meta property=\"og:image\" content=\"https:\/\/dypall.com\/wp-content\/uploads\/2023\/10\/395375033_722593543238338_3857878345175414114_n-scaled-1.jpeg\" \/>\n\t<meta property=\"og:image:width\" content=\"2560\" \/>\n\t<meta property=\"og:image:height\" content=\"1183\" \/>\n\t<meta property=\"og:image:type\" content=\"image\/jpeg\" \/>\n<meta name=\"author\" content=\"DYPALL Network\" \/>\n<meta name=\"twitter:card\" content=\"summary_large_image\" \/>\n<meta name=\"twitter:label1\" content=\"Written by\" \/>\n\t<meta name=\"twitter:data1\" content=\"DYPALL Network\" \/>\n\t<meta name=\"twitter:label2\" content=\"Est. reading time\" \/>\n\t<meta name=\"twitter:data2\" content=\"2 minutos\" \/>\n<script type=\"application\/ld+json\" class=\"yoast-schema-graph\">{\"@context\":\"https:\/\/schema.org\",\"@graph\":[{\"@type\":\"WebPage\",\"@id\":\"https:\/\/dypall.com\/activity\/chlaydoscope-training-course-european-youth-leaders-academy\/\",\"url\":\"https:\/\/dypall.com\/activity\/chlaydoscope-training-course-european-youth-leaders-academy\/\",\"name\":\"CHLaYdoscope Training Course \u201cEuropean Youth Leaders Academy\u201d - DYPALL Network\",\"isPartOf\":{\"@id\":\"https:\/\/dypall.com\/#website\"},\"primaryImageOfPage\":{\"@id\":\"https:\/\/dypall.com\/activity\/chlaydoscope-training-course-european-youth-leaders-academy\/#primaryimage\"},\"image\":{\"@id\":\"https:\/\/dypall.com\/activity\/chlaydoscope-training-course-european-youth-leaders-academy\/#primaryimage\"},\"thumbnailUrl\":\"https:\/\/dypall.com\/wp-content\/uploads\/2023\/10\/395375033_722593543238338_3857878345175414114_n-scaled-1.jpeg\",\"datePublished\":\"2023-10-31T16:00:25+00:00\",\"dateModified\":\"2024-06-06T11:10:17+00:00\",\"author\":{\"@id\":\"https:\/\/dypall.com\/#\/schema\/person\/f92e08aa15c8ba711a9d153129f03377\"},\"breadcrumb\":{\"@id\":\"https:\/\/dypall.com\/activity\/chlaydoscope-training-course-european-youth-leaders-academy\/#breadcrumb\"},\"inLanguage\":\"pt-PT\",\"potentialAction\":[{\"@type\":\"ReadAction\",\"target\":[\"https:\/\/dypall.com\/activity\/chlaydoscope-training-course-european-youth-leaders-academy\/\"]}]},{\"@type\":\"ImageObject\",\"inLanguage\":\"pt-PT\",\"@id\":\"https:\/\/dypall.com\/activity\/chlaydoscope-training-course-european-youth-leaders-academy\/#primaryimage\",\"url\":\"https:\/\/dypall.com\/wp-content\/uploads\/2023\/10\/395375033_722593543238338_3857878345175414114_n-scaled-1.jpeg\",\"contentUrl\":\"https:\/\/dypall.com\/wp-content\/uploads\/2023\/10\/395375033_722593543238338_3857878345175414114_n-scaled-1.jpeg\",\"width\":2560,\"height\":1183},{\"@type\":\"BreadcrumbList\",\"@id\":\"https:\/\/dypall.com\/activity\/chlaydoscope-training-course-european-youth-leaders-academy\/#breadcrumb\",\"itemListElement\":[{\"@type\":\"ListItem\",\"position\":1,\"name\":\"Home\",\"item\":\"https:\/\/dypall.com\/\"},{\"@type\":\"ListItem\",\"position\":2,\"name\":\"CHLaYdoscope Training Course \u201cEuropean Youth Leaders Academy\u201d\"}]},{\"@type\":\"WebSite\",\"@id\":\"https:\/\/dypall.com\/#website\",\"url\":\"https:\/\/dypall.com\/\",\"name\":\"DYPALL Network\",\"description\":\"We are a European network of civil society organisations, municipalities and research institutions dedicated to improving democracy through youth participation.\",\"potentialAction\":[{\"@type\":\"SearchAction\",\"target\":{\"@type\":\"EntryPoint\",\"urlTemplate\":\"https:\/\/dypall.com\/?s={search_term_string}\"},\"query-input\":\"required name=search_term_string\"}],\"inLanguage\":\"pt-PT\"},{\"@type\":\"Person\",\"@id\":\"https:\/\/dypall.com\/#\/schema\/person\/f92e08aa15c8ba711a9d153129f03377\",\"name\":\"DYPALL Network\",\"image\":{\"@type\":\"ImageObject\",\"inLanguage\":\"pt-PT\",\"@id\":\"https:\/\/dypall.com\/#\/schema\/person\/image\/\",\"url\":\"https:\/\/secure.gravatar.com\/avatar\/9c39e299279800c6d69c5e02cf613e7bab060889f373052a03d7ac399e8f0d3c?s=96&d=mm&r=g\",\"contentUrl\":\"https:\/\/secure.gravatar.com\/avatar\/9c39e299279800c6d69c5e02cf613e7bab060889f373052a03d7ac399e8f0d3c?s=96&d=mm&r=g\",\"caption\":\"DYPALL Network\"},\"sameAs\":[\"https:\/\/dypall.com\"],\"url\":\"https:\/\/dypall.com\/pt\/author\/dypall\/\"}]}<\/script>\n<!-- \/ Yoast SEO plugin. -->","yoast_head_json":{"title":"CHLaYdoscope Training Course \u201cEuropean Youth Leaders Academy\u201d - DYPALL Network","robots":{"index":"index","follow":"follow","max-snippet":"max-snippet:-1","max-image-preview":"max-image-preview:large","max-video-preview":"max-video-preview:-1"},"canonical":"https:\/\/dypall.com\/pt\/activity\/chlaydoscope-training-course-european-youth-leaders-academy\/","og_locale":"pt_PT","og_type":"article","og_title":"CHLaYdoscope Training Course \u201cEuropean Youth Leaders Academy\u201d - DYPALL Network","og_description":"The CHLaYdoscope Training Course \u201cEuropean Youth Leaders Academy\u201d, organised by DYPALL Network, took place from 22nd &#8211; 28th October 2023 in Portim\u00e3o, Portugal. The training aimed to explore innovative methodologies and tools that collaborate to transform community needs, opportunities, and ideas into valuable resources, fostering an entrepreneurial mindset. Additionally, its objective is to amplify community&hellip; Continue a ler CHLaYdoscope Training Course \u201cEuropean Youth Leaders Academy\u201d","og_url":"https:\/\/dypall.com\/pt\/activity\/chlaydoscope-training-course-european-youth-leaders-academy\/","og_site_name":"DYPALL Network","article_published_time":"2023-10-31T16:00:25+00:00","article_modified_time":"2024-06-06T11:10:17+00:00","og_image":[{"width":2560,"height":1183,"url":"https:\/\/dypall.com\/wp-content\/uploads\/2023\/10\/395375033_722593543238338_3857878345175414114_n-scaled-1.jpeg","type":"image\/jpeg"}],"author":"DYPALL Network","twitter_card":"summary_large_image","twitter_misc":{"Written by":"DYPALL Network","Est. reading time":"2 minutos"},"schema":{"@context":"https:\/\/schema.org","@graph":[{"@type":"WebPage","@id":"https:\/\/dypall.com\/activity\/chlaydoscope-training-course-european-youth-leaders-academy\/","url":"https:\/\/dypall.com\/activity\/chlaydoscope-training-course-european-youth-leaders-academy\/","name":"CHLaYdoscope Training Course \u201cEuropean Youth Leaders Academy\u201d - DYPALL Network","isPartOf":{"@id":"https:\/\/dypall.com\/#website"},"primaryImageOfPage":{"@id":"https:\/\/dypall.com\/activity\/chlaydoscope-training-course-european-youth-leaders-academy\/#primaryimage"},"image":{"@id":"https:\/\/dypall.com\/activity\/chlaydoscope-training-course-european-youth-leaders-academy\/#primaryimage"},"thumbnailUrl":"https:\/\/dypall.com\/wp-content\/uploads\/2023\/10\/395375033_722593543238338_3857878345175414114_n-scaled-1.jpeg","datePublished":"2023-10-31T16:00:25+00:00","dateModified":"2024-06-06T11:10:17+00:00","author":{"@id":"https:\/\/dypall.com\/#\/schema\/person\/f92e08aa15c8ba711a9d153129f03377"},"breadcrumb":{"@id":"https:\/\/dypall.com\/activity\/chlaydoscope-training-course-european-youth-leaders-academy\/#breadcrumb"},"inLanguage":"pt-PT","potentialAction":[{"@type":"ReadAction","target":["https:\/\/dypall.com\/activity\/chlaydoscope-training-course-european-youth-leaders-academy\/"]}]},{"@type":"ImageObject","inLanguage":"pt-PT","@id":"https:\/\/dypall.com\/activity\/chlaydoscope-training-course-european-youth-leaders-academy\/#primaryimage","url":"https:\/\/dypall.com\/wp-content\/uploads\/2023\/10\/395375033_722593543238338_3857878345175414114_n-scaled-1.jpeg","contentUrl":"https:\/\/dypall.com\/wp-content\/uploads\/2023\/10\/395375033_722593543238338_3857878345175414114_n-scaled-1.jpeg","width":2560,"height":1183},{"@type":"BreadcrumbList","@id":"https:\/\/dypall.com\/activity\/chlaydoscope-training-course-european-youth-leaders-academy\/#breadcrumb","itemListElement":[{"@type":"ListItem","position":1,"name":"Home","item":"https:\/\/dypall.com\/"},{"@type":"ListItem","position":2,"name":"CHLaYdoscope Training Course \u201cEuropean Youth Leaders Academy\u201d"}]},{"@type":"WebSite","@id":"https:\/\/dypall.com\/#website","url":"https:\/\/dypall.com\/","name":"DYPALL Network","description":"We are a European network of civil society organisations, municipalities and research institutions dedicated to improving democracy through youth participation.","potentialAction":[{"@type":"SearchAction","target":{"@type":"EntryPoint","urlTemplate":"https:\/\/dypall.com\/?s={search_term_string}"},"query-input":"required name=search_term_string"}],"inLanguage":"pt-PT"},{"@type":"Person","@id":"https:\/\/dypall.com\/#\/schema\/person\/f92e08aa15c8ba711a9d153129f03377","name":"DYPALL Network","image":{"@type":"ImageObject","inLanguage":"pt-PT","@id":"https:\/\/dypall.com\/#\/schema\/person\/image\/","url":"https:\/\/secure.gravatar.com\/avatar\/9c39e299279800c6d69c5e02cf613e7bab060889f373052a03d7ac399e8f0d3c?s=96&d=mm&r=g","contentUrl":"https:\/\/secure.gravatar.com\/avatar\/9c39e299279800c6d69c5e02cf613e7bab060889f373052a03d7ac399e8f0d3c?s=96&d=mm&r=g","caption":"DYPALL Network"},"sameAs":["https:\/\/dypall.com"],"url":"https:\/\/dypall.com\/pt\/author\/dypall\/"}]}},"jetpack_featured_media_url":"https:\/\/dypall.com\/wp-content\/uploads\/2023\/10\/395375033_722593543238338_3857878345175414114_n-scaled-1.jpeg","jetpack_sharing_enabled":true,"_links":{"self":[{"href":"https:\/\/dypall.com\/pt\/wp-json\/wp\/v2\/posts\/6673","targetHints":{"allow":["GET"]}}],"collection":[{"href":"https:\/\/dypall.com\/pt\/wp-json\/wp\/v2\/posts"}],"about":[{"href":"https:\/\/dypall.com\/pt\/wp-json\/wp\/v2\/types\/post"}],"author":[{"embeddable":true,"href":"https:\/\/dypall.com\/pt\/wp-json\/wp\/v2\/users\/1"}],"replies":[{"embeddable":true,"href":"https:\/\/dypall.com\/pt\/wp-json\/wp\/v2\/comments?post=6673"}],"version-history":[{"count":1,"href":"https:\/\/dypall.com\/pt\/wp-json\/wp\/v2\/posts\/6673\/revisions"}],"predecessor-version":[{"id":7219,"href":"https:\/\/dypall.com\/pt\/wp-json\/wp\/v2\/posts\/6673\/revisions\/7219"}],"wp:featuredmedia":[{"embeddable":true,"href":"https:\/\/dypall.com\/pt\/wp-json\/wp\/v2\/media\/7218"}],"wp:attachment":[{"href":"https:\/\/dypall.com\/pt\/wp-json\/wp\/v2\/media?parent=6673"}],"wp:term":[{"taxonomy":"category","embeddable":true,"href":"https:\/\/dypall.com\/pt\/wp-json\/wp\/v2\/categories?post=6673"},{"taxonomy":"post_tag","embeddable":true,"href":"https:\/\/dypall.com\/pt\/wp-json\/wp\/v2\/tags?post=6673"}],"curies":[{"name":"wp","href":"https:\/\/api.w.org\/{rel}","templated":true}]}}