{"id":6553,"date":"2023-07-28T10:46:16","date_gmt":"2023-07-28T09:46:16","guid":{"rendered":"https:\/\/dypall.com\/?p=6553"},"modified":"2023-07-28T10:46:16","modified_gmt":"2023-07-28T09:46:16","slug":"euinfluencers-youth-exchange","status":"publish","type":"post","link":"https:\/\/dypall.com\/pt\/activity\/euinfluencers-youth-exchange\/","title":{"rendered":"#INTERC\u00c2MBIO DE JUVENTUDE EUINFLUENCERS"},"content":{"rendered":"<p><span style=\"font-weight: 400;\">O <strong>#Interc\u00e2mbio de jovens dos influenciadores da UE<\/strong> organizada pela Rede DYPALL com o apoio do Munic\u00edpio de Vila Real realizou-se de 10 a 16 de julho de 2023 em Vila Real, Portugal.<\/span><\/p>\n<p><span style=\"font-weight: 400;\">O interc\u00e2mbio de jovens reuniu 25 jovens influenciadores da S\u00e9rvia, Cro\u00e1cia, It\u00e1lia, Portugal e Su\u00e9cia para partilhar os resultados do #EUInfluencers projectar a implementa\u00e7\u00e3o nas suas comunidades locais e planear as etapas futuras. Durante a atividade, os participantes tiveram a oportunidade de refletir sobre diferentes temas relacionados com a Uni\u00e3o Europeia e a democracia, organizar semin\u00e1rios para os seus pares e aprofundar a <em><strong>Academia da Democracia Juvenil<\/strong><\/em> programa educativo.<\/span><\/p>\n<p><span style=\"font-weight: 400;\">Foram alcan\u00e7ados todos os objetivos espec\u00edficos do interc\u00e2mbio de jovens, nomeadamente:<\/span><\/p>\n<p><span style=\"font-weight: 400;\">Continuar a desenvolver conhecimentos e compet\u00eancias sobre a UE, o pensamento cr\u00edtico, a literacia medi\u00e1tica e a luta contra as not\u00edcias falsas;<\/span><\/p>\n<p><span style=\"font-weight: 400;\">Trocar ideias e experi\u00eancias de ac\u00e7\u00f5es locais com jovens e inspirar-se nas pr\u00f3ximas actividades do projecto;<\/span><\/p>\n<p><span style=\"font-weight: 400;\">Criar e conceber em conjunto a campanha nas redes sociais com pares da Su\u00e9cia, It\u00e1lia, Cro\u00e1cia, S\u00e9rvia e Portugal por jovens para jovens.<\/span><\/p>\n<p><span style=\"font-weight: 400;\">Este projeto \u00e9 cofinanciado pelo programa \u00abJuventude Europeia Unida\u00bb da Uni\u00e3o Europeia, coordenado pela rede DYPALL em coopera\u00e7\u00e3o com <\/span><a href=\"http:\/\/www.eliosacireale.com\/\"><span style=\"font-weight: 400;\">Associazione Elios<\/span><\/a><span style=\"font-weight: 400;\"> (It\u00e1lia), <\/span><a href=\"http:\/\/e8.org.rs\/\"><span style=\"font-weight: 400;\">Centar E8<\/span><\/a><span style=\"font-weight: 400;\"> (S\u00e9rvia), <\/span><a href=\"http:\/\/www.zagorje-sutla.eu\/\"><span style=\"font-weight: 400;\">GAL Zagorje \u2013 Sutla<\/span><\/a><span style=\"font-weight: 400;\"> (Cro\u00e1cia), e <\/span><a href=\"http:\/\/aecsweden.eu\/\"><span style=\"font-weight: 400;\">Centro Africano de Capacita\u00e7\u00e3o<\/span><\/a><span style=\"font-weight: 400;\"> (Su\u00e9cia).<\/span><\/p>\n<p><a href=\"https:\/\/dypall.com\/pt\/2023\/07\/28\/euinfluencers-youth-exchange\/whatsapp-image-2023-07-11-at-15-10-44\/#main\" rel=\"attachment wp-att-6556\"><img loading=\"lazy\" decoding=\"async\" class=\"wp-image-6556 aligncenter\" src=\"https:\/\/dypall.com\/wp-content\/uploads\/2023\/07\/WhatsApp-Image-2023-07-11-at-15.10.44.jpeg\" alt=\"\" width=\"850\" height=\"637\" \/><\/a><\/p>\n<p><a href=\"https:\/\/dypall.com\/pt\/2023\/07\/28\/euinfluencers-youth-exchange\/whatsapp-image-2023-07-11-at-15-10-52\/#main\" rel=\"attachment wp-att-6554\"><img loading=\"lazy\" decoding=\"async\" class=\"wp-image-6554 aligncenter\" src=\"https:\/\/dypall.com\/wp-content\/uploads\/2023\/07\/WhatsApp-Image-2023-07-11-at-15.10.52.jpeg\" alt=\"\" width=\"848\" height=\"636\" \/><\/a><\/p>\n<p><a href=\"https:\/\/dypall.com\/pt\/2023\/07\/28\/euinfluencers-youth-exchange\/whatsapp-image-2023-07-12-at-15-46-42\/#main\" rel=\"attachment wp-att-6558\"><img loading=\"lazy\" decoding=\"async\" class=\"wp-image-6558 aligncenter\" src=\"https:\/\/dypall.com\/wp-content\/uploads\/2023\/07\/WhatsApp-Image-2023-07-12-at-15.46.42-scaled.jpeg\" alt=\"\" width=\"852\" height=\"639\" \/><\/a><\/p>\n<p><a href=\"https:\/\/dypall.com\/pt\/2023\/07\/28\/euinfluencers-youth-exchange\/schermata-2023-07-28-alle-10-39-37\/#main\" rel=\"attachment wp-att-6560\"><img loading=\"lazy\" decoding=\"async\" class=\"wp-image-6560 aligncenter\" src=\"https:\/\/dypall.com\/wp-content\/uploads\/2023\/07\/Schermata-2023-07-28-alle-10.39.37.png\" alt=\"\" width=\"849\" height=\"634\" \/><\/a><\/p>\n<p><a href=\"https:\/\/dypall.com\/pt\/2023\/07\/28\/euinfluencers-youth-exchange\/schermata-2023-07-28-alle-10-38-41\/#main\" rel=\"attachment wp-att-6559\"><img loading=\"lazy\" decoding=\"async\" class=\"wp-image-6559 aligncenter\" src=\"https:\/\/dypall.com\/wp-content\/uploads\/2023\/07\/Schermata-2023-07-28-alle-10.38.41.png\" alt=\"\" width=\"849\" height=\"639\" \/><\/a><\/p>\n<p><a href=\"https:\/\/dypall.com\/pt\/2023\/07\/28\/euinfluencers-youth-exchange\/whatsapp-image-2023-07-11-at-16-12-08\/#main\" rel=\"attachment wp-att-6557\"><img loading=\"lazy\" decoding=\"async\" class=\"wp-image-6557 aligncenter\" src=\"https:\/\/dypall.com\/wp-content\/uploads\/2023\/07\/WhatsApp-Image-2023-07-11-at-16.12.08-scaled.jpeg\" alt=\"\" width=\"845\" height=\"1127\" \/><\/a><\/p>\n<p><a href=\"https:\/\/dypall.com\/pt\/2023\/07\/28\/euinfluencers-youth-exchange\/whatsapp-image-2023-07-11-at-15-10-15\/#main\" rel=\"attachment wp-att-6555\"><img loading=\"lazy\" decoding=\"async\" class=\"wp-image-6555 aligncenter\" src=\"https:\/\/dypall.com\/wp-content\/uploads\/2023\/07\/WhatsApp-Image-2023-07-11-at-15.10.15.jpeg\" alt=\"\" width=\"850\" height=\"638\" \/><\/a><\/p>","protected":false},"excerpt":{"rendered":"<p>O #O interc\u00e2mbio de jovens EUInfluencers organizado pela Rede DYPALL com o apoio do Munic\u00edpio de Vila Real teve lugar de 10 a 16 de julho de 2023, em Vila Real, Portugal. O interc\u00e2mbio de jovens reuniu 25 jovens influenciadores da S\u00e9rvia, Cro\u00e1cia, It\u00e1lia, Portugal e Su\u00e9cia para partilhar os resultados do #Implementa\u00e7\u00e3o do projecto EUInfluencers nas suas... <a class=\"more-link\" href=\"https:\/\/dypall.com\/pt\/activity\/euinfluencers-youth-exchange\/\">Continuar a ler <span class=\"screen-reader-text\">#INTERC\u00c2MBIO DE JUVENTUDE EUINFLUENCERS<\/span><\/a><\/p>","protected":false},"author":1,"featured_media":6559,"comment_status":"closed","ping_status":"open","sticky":false,"template":"","format":"standard","meta":{"_acf_changed":false,"_jetpack_memberships_contains_paid_content":false,"footnotes":""},"categories":[111],"tags":[],"class_list":["post-6553","post","type-post","status-publish","format-standard","has-post-thumbnail","hentry","category-activity","entry"],"acf":[],"yoast_head":"<!-- This site is optimized with the Yoast SEO plugin v22.8 - https:\/\/yoast.com\/wordpress\/plugins\/seo\/ -->\n<title>#EUINFLUENCERS YOUTH EXCHANGE - DYPALL Network<\/title>\n<meta name=\"robots\" content=\"index, follow, max-snippet:-1, max-image-preview:large, max-video-preview:-1\" \/>\n<link rel=\"canonical\" href=\"https:\/\/dypall.com\/pt\/activity\/euinfluencers-youth-exchange\/\" \/>\n<meta property=\"og:locale\" content=\"pt_PT\" \/>\n<meta property=\"og:type\" content=\"article\" \/>\n<meta property=\"og:title\" content=\"#EUINFLUENCERS YOUTH EXCHANGE - DYPALL Network\" \/>\n<meta property=\"og:description\" content=\"The #EUInfluencers youth exchange organised by DYPALL Network with the support of the Municipality of Vila Real took place from 10th \u2013 16th July 2023 in Vila Real, Portugal. The youth exchange gathered 25 young influencers from Serbia, Croatia, Italy, Portugal and Sweden to share the results of the #EUInfluencers project implementation in their local&hellip; Continue a ler #EUINFLUENCERS YOUTH EXCHANGE\" \/>\n<meta property=\"og:url\" content=\"https:\/\/dypall.com\/pt\/activity\/euinfluencers-youth-exchange\/\" \/>\n<meta property=\"og:site_name\" content=\"DYPALL Network\" \/>\n<meta property=\"article:published_time\" content=\"2023-07-28T09:46:16+00:00\" \/>\n<meta name=\"author\" content=\"DYPALL Network\" \/>\n<meta name=\"twitter:card\" content=\"summary_large_image\" \/>\n<meta name=\"twitter:label1\" content=\"Written by\" \/>\n\t<meta name=\"twitter:data1\" content=\"DYPALL Network\" \/>\n\t<meta name=\"twitter:label2\" content=\"Est. reading time\" \/>\n\t<meta name=\"twitter:data2\" content=\"1 minuto\" \/>\n<script type=\"application\/ld+json\" class=\"yoast-schema-graph\">{\"@context\":\"https:\/\/schema.org\",\"@graph\":[{\"@type\":\"WebPage\",\"@id\":\"https:\/\/dypall.com\/activity\/euinfluencers-youth-exchange\/\",\"url\":\"https:\/\/dypall.com\/activity\/euinfluencers-youth-exchange\/\",\"name\":\"#EUINFLUENCERS YOUTH EXCHANGE - DYPALL Network\",\"isPartOf\":{\"@id\":\"https:\/\/dypall.com\/#website\"},\"primaryImageOfPage\":{\"@id\":\"https:\/\/dypall.com\/activity\/euinfluencers-youth-exchange\/#primaryimage\"},\"image\":{\"@id\":\"https:\/\/dypall.com\/activity\/euinfluencers-youth-exchange\/#primaryimage\"},\"thumbnailUrl\":\"\",\"datePublished\":\"2023-07-28T09:46:16+00:00\",\"dateModified\":\"2023-07-28T09:46:16+00:00\",\"author\":{\"@id\":\"https:\/\/dypall.com\/#\/schema\/person\/f92e08aa15c8ba711a9d153129f03377\"},\"breadcrumb\":{\"@id\":\"https:\/\/dypall.com\/activity\/euinfluencers-youth-exchange\/#breadcrumb\"},\"inLanguage\":\"pt-PT\",\"potentialAction\":[{\"@type\":\"ReadAction\",\"target\":[\"https:\/\/dypall.com\/activity\/euinfluencers-youth-exchange\/\"]}]},{\"@type\":\"ImageObject\",\"inLanguage\":\"pt-PT\",\"@id\":\"https:\/\/dypall.com\/activity\/euinfluencers-youth-exchange\/#primaryimage\",\"url\":\"\",\"contentUrl\":\"\"},{\"@type\":\"BreadcrumbList\",\"@id\":\"https:\/\/dypall.com\/activity\/euinfluencers-youth-exchange\/#breadcrumb\",\"itemListElement\":[{\"@type\":\"ListItem\",\"position\":1,\"name\":\"Home\",\"item\":\"https:\/\/dypall.com\/\"},{\"@type\":\"ListItem\",\"position\":2,\"name\":\"#EUINFLUENCERS YOUTH EXCHANGE\"}]},{\"@type\":\"WebSite\",\"@id\":\"https:\/\/dypall.com\/#website\",\"url\":\"https:\/\/dypall.com\/\",\"name\":\"DYPALL Network\",\"description\":\"We are a European network of civil society organisations, municipalities and research institutions dedicated to improving democracy through youth participation.\",\"potentialAction\":[{\"@type\":\"SearchAction\",\"target\":{\"@type\":\"EntryPoint\",\"urlTemplate\":\"https:\/\/dypall.com\/?s={search_term_string}\"},\"query-input\":\"required name=search_term_string\"}],\"inLanguage\":\"pt-PT\"},{\"@type\":\"Person\",\"@id\":\"https:\/\/dypall.com\/#\/schema\/person\/f92e08aa15c8ba711a9d153129f03377\",\"name\":\"DYPALL Network\",\"image\":{\"@type\":\"ImageObject\",\"inLanguage\":\"pt-PT\",\"@id\":\"https:\/\/dypall.com\/#\/schema\/person\/image\/\",\"url\":\"https:\/\/secure.gravatar.com\/avatar\/9c39e299279800c6d69c5e02cf613e7bab060889f373052a03d7ac399e8f0d3c?s=96&d=mm&r=g\",\"contentUrl\":\"https:\/\/secure.gravatar.com\/avatar\/9c39e299279800c6d69c5e02cf613e7bab060889f373052a03d7ac399e8f0d3c?s=96&d=mm&r=g\",\"caption\":\"DYPALL Network\"},\"sameAs\":[\"https:\/\/dypall.com\"],\"url\":\"https:\/\/dypall.com\/pt\/author\/dypall\/\"}]}<\/script>\n<!-- \/ Yoast SEO plugin. -->","yoast_head_json":{"title":"#EUINFLUENCERS YOUTH EXCHANGE - DYPALL Network","robots":{"index":"index","follow":"follow","max-snippet":"max-snippet:-1","max-image-preview":"max-image-preview:large","max-video-preview":"max-video-preview:-1"},"canonical":"https:\/\/dypall.com\/pt\/activity\/euinfluencers-youth-exchange\/","og_locale":"pt_PT","og_type":"article","og_title":"#EUINFLUENCERS YOUTH EXCHANGE - DYPALL Network","og_description":"The #EUInfluencers youth exchange organised by DYPALL Network with the support of the Municipality of Vila Real took place from 10th \u2013 16th July 2023 in Vila Real, Portugal. The youth exchange gathered 25 young influencers from Serbia, Croatia, Italy, Portugal and Sweden to share the results of the #EUInfluencers project implementation in their local&hellip; Continue a ler #EUINFLUENCERS YOUTH EXCHANGE","og_url":"https:\/\/dypall.com\/pt\/activity\/euinfluencers-youth-exchange\/","og_site_name":"DYPALL Network","article_published_time":"2023-07-28T09:46:16+00:00","author":"DYPALL Network","twitter_card":"summary_large_image","twitter_misc":{"Written by":"DYPALL Network","Est. reading time":"1 minuto"},"schema":{"@context":"https:\/\/schema.org","@graph":[{"@type":"WebPage","@id":"https:\/\/dypall.com\/activity\/euinfluencers-youth-exchange\/","url":"https:\/\/dypall.com\/activity\/euinfluencers-youth-exchange\/","name":"#EUINFLUENCERS YOUTH EXCHANGE - DYPALL Network","isPartOf":{"@id":"https:\/\/dypall.com\/#website"},"primaryImageOfPage":{"@id":"https:\/\/dypall.com\/activity\/euinfluencers-youth-exchange\/#primaryimage"},"image":{"@id":"https:\/\/dypall.com\/activity\/euinfluencers-youth-exchange\/#primaryimage"},"thumbnailUrl":"","datePublished":"2023-07-28T09:46:16+00:00","dateModified":"2023-07-28T09:46:16+00:00","author":{"@id":"https:\/\/dypall.com\/#\/schema\/person\/f92e08aa15c8ba711a9d153129f03377"},"breadcrumb":{"@id":"https:\/\/dypall.com\/activity\/euinfluencers-youth-exchange\/#breadcrumb"},"inLanguage":"pt-PT","potentialAction":[{"@type":"ReadAction","target":["https:\/\/dypall.com\/activity\/euinfluencers-youth-exchange\/"]}]},{"@type":"ImageObject","inLanguage":"pt-PT","@id":"https:\/\/dypall.com\/activity\/euinfluencers-youth-exchange\/#primaryimage","url":"","contentUrl":""},{"@type":"BreadcrumbList","@id":"https:\/\/dypall.com\/activity\/euinfluencers-youth-exchange\/#breadcrumb","itemListElement":[{"@type":"ListItem","position":1,"name":"Home","item":"https:\/\/dypall.com\/"},{"@type":"ListItem","position":2,"name":"#EUINFLUENCERS YOUTH EXCHANGE"}]},{"@type":"WebSite","@id":"https:\/\/dypall.com\/#website","url":"https:\/\/dypall.com\/","name":"DYPALL Network","description":"We are a European network of civil society organisations, municipalities and research institutions dedicated to improving democracy through youth participation.","potentialAction":[{"@type":"SearchAction","target":{"@type":"EntryPoint","urlTemplate":"https:\/\/dypall.com\/?s={search_term_string}"},"query-input":"required name=search_term_string"}],"inLanguage":"pt-PT"},{"@type":"Person","@id":"https:\/\/dypall.com\/#\/schema\/person\/f92e08aa15c8ba711a9d153129f03377","name":"DYPALL Network","image":{"@type":"ImageObject","inLanguage":"pt-PT","@id":"https:\/\/dypall.com\/#\/schema\/person\/image\/","url":"https:\/\/secure.gravatar.com\/avatar\/9c39e299279800c6d69c5e02cf613e7bab060889f373052a03d7ac399e8f0d3c?s=96&d=mm&r=g","contentUrl":"https:\/\/secure.gravatar.com\/avatar\/9c39e299279800c6d69c5e02cf613e7bab060889f373052a03d7ac399e8f0d3c?s=96&d=mm&r=g","caption":"DYPALL Network"},"sameAs":["https:\/\/dypall.com"],"url":"https:\/\/dypall.com\/pt\/author\/dypall\/"}]}},"jetpack_featured_media_url":"","jetpack_sharing_enabled":true,"_links":{"self":[{"href":"https:\/\/dypall.com\/pt\/wp-json\/wp\/v2\/posts\/6553","targetHints":{"allow":["GET"]}}],"collection":[{"href":"https:\/\/dypall.com\/pt\/wp-json\/wp\/v2\/posts"}],"about":[{"href":"https:\/\/dypall.com\/pt\/wp-json\/wp\/v2\/types\/post"}],"author":[{"embeddable":true,"href":"https:\/\/dypall.com\/pt\/wp-json\/wp\/v2\/users\/1"}],"replies":[{"embeddable":true,"href":"https:\/\/dypall.com\/pt\/wp-json\/wp\/v2\/comments?post=6553"}],"version-history":[{"count":0,"href":"https:\/\/dypall.com\/pt\/wp-json\/wp\/v2\/posts\/6553\/revisions"}],"wp:featuredmedia":[{"embeddable":true,"href":"https:\/\/dypall.com\/pt\/wp-json\/"}],"wp:attachment":[{"href":"https:\/\/dypall.com\/pt\/wp-json\/wp\/v2\/media?parent=6553"}],"wp:term":[{"taxonomy":"category","embeddable":true,"href":"https:\/\/dypall.com\/pt\/wp-json\/wp\/v2\/categories?post=6553"},{"taxonomy":"post_tag","embeddable":true,"href":"https:\/\/dypall.com\/pt\/wp-json\/wp\/v2\/tags?post=6553"}],"curies":[{"name":"wp","href":"https:\/\/api.w.org\/{rel}","templated":true}]}}