{"id":6365,"date":"2023-04-14T17:12:47","date_gmt":"2023-04-14T16:12:47","guid":{"rendered":"https:\/\/dypall.com\/?p=6365"},"modified":"2023-04-14T17:12:47","modified_gmt":"2023-04-14T16:12:47","slug":"call-for-participants-tale-project-became-a-change-maker-for-the-european-election","status":"publish","type":"post","link":"https:\/\/dypall.com\/pt\/activity\/call-for-participants-tale-project-became-a-change-maker-for-the-european-election\/","title":{"rendered":"[CALL FOR PARTICIPANTS] TALE PROJECT \u2013 Tornou-se um fator de mudan\u00e7a nas elei\u00e7\u00f5es europeias"},"content":{"rendered":"<p><a href=\"https:\/\/dypall.com\/pt\/2023\/04\/14\/call-for-participants-tale-project-became-a-change-maker-for-the-european-election\/tale-changemakers-call-1\/#main\" rel=\"attachment wp-att-6366\"><img loading=\"lazy\" decoding=\"async\" class=\"wp-image-6366 aligncenter\" src=\"https:\/\/dypall.com\/wp-content\/uploads\/2023\/04\/TALE-changemakers-call-1.png\" alt=\"\" width=\"742\" height=\"418\" \/><\/a><\/p>\n<p>&nbsp;<\/p>\n<p><span style=\"font-weight: 400;\">Gostar\u00edamos de convid\u00e1-lo a participar no projeto TALE <\/span><b>programa de refor\u00e7o das capacidades, <\/b><span style=\"font-weight: 400;\">cofinanciado pelo Parlamento Europeu. O objetivo do projeto \u00e9 capacitar os cidad\u00e3os a <\/span><b>Envolver um maior n\u00famero de eleitores<\/b><span style=\"font-weight: 400;\">, reduzir a disparidade de aflu\u00eancia \u00e0s urnas entre os v\u00e1rios Estados-Membros da UE e incentivar<\/span> <span style=\"font-weight: 400;\">desempenhar um papel ativo na <\/span><b>as pr\u00f3ximas elei\u00e7\u00f5es para o Parlamento Europeu em 2024<\/b><span style=\"font-weight: 400;\">.<\/span><\/p>\n<p><span style=\"font-weight: 400;\">O principal objectivo do projecto TALE \u00e9: <\/span><b>incentivar e facilitar a participa\u00e7\u00e3o ativa dos cidad\u00e3os europeus<\/b><span style=\"font-weight: 400;\"> com a constru\u00e7\u00e3o de uma democracia europeia din\u00e2mica, com especial destaque para os eleitores mais jovens.<\/span><\/p>\n<p>Pode encontrar mais informa\u00e7\u00f5es no seguinte endere\u00e7o: <a href=\"https:\/\/drive.google.com\/file\/d\/1s-jdE9wxA6VaNxVhxDBHda3VNhCRCnAg\/view\">Convocat\u00f3ria para os participantes.<\/a><\/p>\n<p><span style=\"font-weight: 400;\">Se estiver interessado, preencha o <\/span><a href=\"https:\/\/forms.gle\/9Vhaym9Eay4D9Uo46\"><span style=\"font-weight: 400;\">formul\u00e1rio<\/span><\/a><span style=\"font-weight: 400;\"> por <\/span><b>Sexta-feira, 26 de maio de 2023 <\/b><span style=\"font-weight: 400;\">(23h59 CET)<\/span><\/p>\n<p><strong>Sobre a atividade<\/strong><\/p>\n<p><span style=\"font-weight: 400;\">A forma\u00e7\u00e3o em linha em mat\u00e9ria de refor\u00e7o das capacidades visa tornar o futuro <\/span><b>agentes de mudan\u00e7a<\/b><span style=\"font-weight: 400;\"> maior sensibiliza\u00e7\u00e3o e aquisi\u00e7\u00e3o de instrumentos de refor\u00e7o das capacidades em mat\u00e9ria de ativismo pol\u00edtico, cria\u00e7\u00e3o de campanhas de comunica\u00e7\u00e3o, import\u00e2ncia das not\u00edcias e cidadania democr\u00e1tica ativa. Quando selecionado, ter\u00e1 tamb\u00e9m a oportunidade de participar em campanhas em linha, bem como de ajudar na organiza\u00e7\u00e3o de eventos locais.<\/span><\/p>\n<p>Os participantes selecionados ter\u00e3o a oportunidade de participar da <b>programa de refor\u00e7o das capacidades,<\/b> que incluir\u00e1 tr\u00eas webin\u00e1rios em linha centrados nos valores da UE, nas institui\u00e7\u00f5es, nas elei\u00e7\u00f5es para o Parlamento Europeu e na import\u00e2ncia de contar com not\u00edcias claras e transparentes.<\/p>\n<p>O projecto \u00e9 desenvolvido por um cons\u00f3rcio de parceiros coordenado por <span class=\"xt0psk2\">ALDA \u2013 Associa\u00e7\u00e3o Europeia para a Democracia Local<\/span>, em colabora\u00e7\u00e3o com <span class=\"xt0psk2\">L\u00edder da Fran\u00e7a<\/span> (Fran\u00e7a), <span class=\"xt0psk2\">Udruga ECHO<\/span> (Cro\u00e1cia), Foster Europe (\u00c1ustria), <span class=\"xt0psk2\">Associa\u00e7\u00e3o para o Desenvolvimento do Trabalho Volunt\u00e1rio Novo mesto<\/span> (Eslov\u00e9nia), UBBSLA (Bulg\u00e1ria) e rede DYPALL, fundada pelo Parlamento Europeu.<\/p>\n<p>&nbsp;<\/p>\n<p style=\"text-align: center;\">","protected":false},"excerpt":{"rendered":"<p>&nbsp; Gostar\u00edamos de convid\u00e1-lo a participar no programa de refor\u00e7o das capacidades do projeto TALE, cofinanciado pelo Parlamento Europeu. O projeto visa capacitar os cidad\u00e3os para envolver um maior n\u00famero de eleitores, reduzir a diferen\u00e7a de aflu\u00eancia \u00e0s urnas entre os v\u00e1rios Estados-Membros da UE e incentiv\u00e1-los a desempenhar um papel ativo nas pr\u00f3ximas elei\u00e7\u00f5es. <a class=\"more-link\" href=\"https:\/\/dypall.com\/pt\/activity\/call-for-participants-tale-project-became-a-change-maker-for-the-european-election\/\">Continuar a ler <span class=\"screen-reader-text\">[CALL FOR PARTICIPANTS] TALE PROJECT \u2013 Tornou-se um fator de mudan\u00e7a nas elei\u00e7\u00f5es europeias<\/span><\/a><\/p>","protected":false},"author":2,"featured_media":6366,"comment_status":"closed","ping_status":"open","sticky":false,"template":"","format":"standard","meta":{"_acf_changed":false,"_jetpack_memberships_contains_paid_content":false,"footnotes":""},"categories":[111],"tags":[],"class_list":["post-6365","post","type-post","status-publish","format-standard","has-post-thumbnail","hentry","category-activity","entry"],"acf":[],"yoast_head":"<!-- This site is optimized with the Yoast SEO plugin v22.8 - https:\/\/yoast.com\/wordpress\/plugins\/seo\/ -->\n<title>[CALL FOR PARTICIPANTS] TALE PROJECT - Became a change maker for the European election - DYPALL Network<\/title>\n<meta name=\"robots\" content=\"index, follow, max-snippet:-1, max-image-preview:large, max-video-preview:-1\" \/>\n<link rel=\"canonical\" href=\"https:\/\/dypall.com\/pt\/activity\/call-for-participants-tale-project-became-a-change-maker-for-the-european-election\/\" \/>\n<meta property=\"og:locale\" content=\"pt_PT\" \/>\n<meta property=\"og:type\" content=\"article\" \/>\n<meta property=\"og:title\" content=\"[CALL FOR PARTICIPANTS] TALE PROJECT - Became a change maker for the European election - DYPALL Network\" \/>\n<meta property=\"og:description\" content=\"&nbsp; We would like to invite you to participate in the TALE project&#8217;s capacity-building programme, co-funded by the European Parliament. The project aims to empower citizens to engage a greater number of voters, reduce the gap of voter turnout among various EU member states and encourage them to play an active role in the next&hellip; Continue a ler [CALL FOR PARTICIPANTS] TALE PROJECT &#8211; Became a change maker for the European election\" \/>\n<meta property=\"og:url\" content=\"https:\/\/dypall.com\/pt\/activity\/call-for-participants-tale-project-became-a-change-maker-for-the-european-election\/\" \/>\n<meta property=\"og:site_name\" content=\"DYPALL Network\" \/>\n<meta property=\"article:published_time\" content=\"2023-04-14T16:12:47+00:00\" \/>\n<meta name=\"author\" content=\"dypall\" \/>\n<meta name=\"twitter:card\" content=\"summary_large_image\" \/>\n<meta name=\"twitter:label1\" content=\"Written by\" \/>\n\t<meta name=\"twitter:data1\" content=\"dypall\" \/>\n\t<meta name=\"twitter:label2\" content=\"Est. reading time\" \/>\n\t<meta name=\"twitter:data2\" content=\"1 minuto\" \/>\n<script type=\"application\/ld+json\" class=\"yoast-schema-graph\">{\"@context\":\"https:\/\/schema.org\",\"@graph\":[{\"@type\":\"WebPage\",\"@id\":\"https:\/\/dypall.com\/activity\/call-for-participants-tale-project-became-a-change-maker-for-the-european-election\/\",\"url\":\"https:\/\/dypall.com\/activity\/call-for-participants-tale-project-became-a-change-maker-for-the-european-election\/\",\"name\":\"[CALL FOR PARTICIPANTS] TALE PROJECT - Became a change maker for the European election - DYPALL Network\",\"isPartOf\":{\"@id\":\"https:\/\/dypall.com\/#website\"},\"primaryImageOfPage\":{\"@id\":\"https:\/\/dypall.com\/activity\/call-for-participants-tale-project-became-a-change-maker-for-the-european-election\/#primaryimage\"},\"image\":{\"@id\":\"https:\/\/dypall.com\/activity\/call-for-participants-tale-project-became-a-change-maker-for-the-european-election\/#primaryimage\"},\"thumbnailUrl\":\"\",\"datePublished\":\"2023-04-14T16:12:47+00:00\",\"dateModified\":\"2023-04-14T16:12:47+00:00\",\"author\":{\"@id\":\"https:\/\/dypall.com\/#\/schema\/person\/206350efe851997fcdedef75d118766b\"},\"breadcrumb\":{\"@id\":\"https:\/\/dypall.com\/activity\/call-for-participants-tale-project-became-a-change-maker-for-the-european-election\/#breadcrumb\"},\"inLanguage\":\"pt-PT\",\"potentialAction\":[{\"@type\":\"ReadAction\",\"target\":[\"https:\/\/dypall.com\/activity\/call-for-participants-tale-project-became-a-change-maker-for-the-european-election\/\"]}]},{\"@type\":\"ImageObject\",\"inLanguage\":\"pt-PT\",\"@id\":\"https:\/\/dypall.com\/activity\/call-for-participants-tale-project-became-a-change-maker-for-the-european-election\/#primaryimage\",\"url\":\"\",\"contentUrl\":\"\"},{\"@type\":\"BreadcrumbList\",\"@id\":\"https:\/\/dypall.com\/activity\/call-for-participants-tale-project-became-a-change-maker-for-the-european-election\/#breadcrumb\",\"itemListElement\":[{\"@type\":\"ListItem\",\"position\":1,\"name\":\"Home\",\"item\":\"https:\/\/dypall.com\/\"},{\"@type\":\"ListItem\",\"position\":2,\"name\":\"[CALL FOR PARTICIPANTS] TALE PROJECT &#8211; Became a change maker for the European election\"}]},{\"@type\":\"WebSite\",\"@id\":\"https:\/\/dypall.com\/#website\",\"url\":\"https:\/\/dypall.com\/\",\"name\":\"DYPALL Network\",\"description\":\"We are a European network of civil society organisations, municipalities and research institutions dedicated to improving democracy through youth participation.\",\"potentialAction\":[{\"@type\":\"SearchAction\",\"target\":{\"@type\":\"EntryPoint\",\"urlTemplate\":\"https:\/\/dypall.com\/?s={search_term_string}\"},\"query-input\":\"required name=search_term_string\"}],\"inLanguage\":\"pt-PT\"},{\"@type\":\"Person\",\"@id\":\"https:\/\/dypall.com\/#\/schema\/person\/206350efe851997fcdedef75d118766b\",\"name\":\"dypall\",\"image\":{\"@type\":\"ImageObject\",\"inLanguage\":\"pt-PT\",\"@id\":\"https:\/\/dypall.com\/#\/schema\/person\/image\/\",\"url\":\"https:\/\/secure.gravatar.com\/avatar\/14e8d3d8841cd0bdf69915120bcf9fcfac1567f1dc7035664907322ac47efe29?s=96&d=mm&r=g\",\"contentUrl\":\"https:\/\/secure.gravatar.com\/avatar\/14e8d3d8841cd0bdf69915120bcf9fcfac1567f1dc7035664907322ac47efe29?s=96&d=mm&r=g\",\"caption\":\"dypall\"},\"url\":\"https:\/\/dypall.com\/pt\/author\/dypall_info\/\"}]}<\/script>\n<!-- \/ Yoast SEO plugin. -->","yoast_head_json":{"title":"[CALL FOR PARTICIPANTS] TALE PROJECT - Became a change maker for the European election - DYPALL Network","robots":{"index":"index","follow":"follow","max-snippet":"max-snippet:-1","max-image-preview":"max-image-preview:large","max-video-preview":"max-video-preview:-1"},"canonical":"https:\/\/dypall.com\/pt\/activity\/call-for-participants-tale-project-became-a-change-maker-for-the-european-election\/","og_locale":"pt_PT","og_type":"article","og_title":"[CALL FOR PARTICIPANTS] TALE PROJECT - Became a change maker for the European election - DYPALL Network","og_description":"&nbsp; We would like to invite you to participate in the TALE project&#8217;s capacity-building programme, co-funded by the European Parliament. The project aims to empower citizens to engage a greater number of voters, reduce the gap of voter turnout among various EU member states and encourage them to play an active role in the next&hellip; Continue a ler [CALL FOR PARTICIPANTS] TALE PROJECT &#8211; Became a change maker for the European election","og_url":"https:\/\/dypall.com\/pt\/activity\/call-for-participants-tale-project-became-a-change-maker-for-the-european-election\/","og_site_name":"DYPALL Network","article_published_time":"2023-04-14T16:12:47+00:00","author":"dypall","twitter_card":"summary_large_image","twitter_misc":{"Written by":"dypall","Est. reading time":"1 minuto"},"schema":{"@context":"https:\/\/schema.org","@graph":[{"@type":"WebPage","@id":"https:\/\/dypall.com\/activity\/call-for-participants-tale-project-became-a-change-maker-for-the-european-election\/","url":"https:\/\/dypall.com\/activity\/call-for-participants-tale-project-became-a-change-maker-for-the-european-election\/","name":"[CALL FOR PARTICIPANTS] TALE PROJECT - Became a change maker for the European election - DYPALL Network","isPartOf":{"@id":"https:\/\/dypall.com\/#website"},"primaryImageOfPage":{"@id":"https:\/\/dypall.com\/activity\/call-for-participants-tale-project-became-a-change-maker-for-the-european-election\/#primaryimage"},"image":{"@id":"https:\/\/dypall.com\/activity\/call-for-participants-tale-project-became-a-change-maker-for-the-european-election\/#primaryimage"},"thumbnailUrl":"","datePublished":"2023-04-14T16:12:47+00:00","dateModified":"2023-04-14T16:12:47+00:00","author":{"@id":"https:\/\/dypall.com\/#\/schema\/person\/206350efe851997fcdedef75d118766b"},"breadcrumb":{"@id":"https:\/\/dypall.com\/activity\/call-for-participants-tale-project-became-a-change-maker-for-the-european-election\/#breadcrumb"},"inLanguage":"pt-PT","potentialAction":[{"@type":"ReadAction","target":["https:\/\/dypall.com\/activity\/call-for-participants-tale-project-became-a-change-maker-for-the-european-election\/"]}]},{"@type":"ImageObject","inLanguage":"pt-PT","@id":"https:\/\/dypall.com\/activity\/call-for-participants-tale-project-became-a-change-maker-for-the-european-election\/#primaryimage","url":"","contentUrl":""},{"@type":"BreadcrumbList","@id":"https:\/\/dypall.com\/activity\/call-for-participants-tale-project-became-a-change-maker-for-the-european-election\/#breadcrumb","itemListElement":[{"@type":"ListItem","position":1,"name":"Home","item":"https:\/\/dypall.com\/"},{"@type":"ListItem","position":2,"name":"[CALL FOR PARTICIPANTS] TALE PROJECT &#8211; Became a change maker for the European election"}]},{"@type":"WebSite","@id":"https:\/\/dypall.com\/#website","url":"https:\/\/dypall.com\/","name":"DYPALL Network","description":"We are a European network of civil society organisations, municipalities and research institutions dedicated to improving democracy through youth participation.","potentialAction":[{"@type":"SearchAction","target":{"@type":"EntryPoint","urlTemplate":"https:\/\/dypall.com\/?s={search_term_string}"},"query-input":"required name=search_term_string"}],"inLanguage":"pt-PT"},{"@type":"Person","@id":"https:\/\/dypall.com\/#\/schema\/person\/206350efe851997fcdedef75d118766b","name":"dypall","image":{"@type":"ImageObject","inLanguage":"pt-PT","@id":"https:\/\/dypall.com\/#\/schema\/person\/image\/","url":"https:\/\/secure.gravatar.com\/avatar\/14e8d3d8841cd0bdf69915120bcf9fcfac1567f1dc7035664907322ac47efe29?s=96&d=mm&r=g","contentUrl":"https:\/\/secure.gravatar.com\/avatar\/14e8d3d8841cd0bdf69915120bcf9fcfac1567f1dc7035664907322ac47efe29?s=96&d=mm&r=g","caption":"dypall"},"url":"https:\/\/dypall.com\/pt\/author\/dypall_info\/"}]}},"jetpack_featured_media_url":"","jetpack_sharing_enabled":true,"_links":{"self":[{"href":"https:\/\/dypall.com\/pt\/wp-json\/wp\/v2\/posts\/6365","targetHints":{"allow":["GET"]}}],"collection":[{"href":"https:\/\/dypall.com\/pt\/wp-json\/wp\/v2\/posts"}],"about":[{"href":"https:\/\/dypall.com\/pt\/wp-json\/wp\/v2\/types\/post"}],"author":[{"embeddable":true,"href":"https:\/\/dypall.com\/pt\/wp-json\/wp\/v2\/users\/2"}],"replies":[{"embeddable":true,"href":"https:\/\/dypall.com\/pt\/wp-json\/wp\/v2\/comments?post=6365"}],"version-history":[{"count":0,"href":"https:\/\/dypall.com\/pt\/wp-json\/wp\/v2\/posts\/6365\/revisions"}],"wp:featuredmedia":[{"embeddable":true,"href":"https:\/\/dypall.com\/pt\/wp-json\/"}],"wp:attachment":[{"href":"https:\/\/dypall.com\/pt\/wp-json\/wp\/v2\/media?parent=6365"}],"wp:term":[{"taxonomy":"category","embeddable":true,"href":"https:\/\/dypall.com\/pt\/wp-json\/wp\/v2\/categories?post=6365"},{"taxonomy":"post_tag","embeddable":true,"href":"https:\/\/dypall.com\/pt\/wp-json\/wp\/v2\/tags?post=6365"}],"curies":[{"name":"wp","href":"https:\/\/api.w.org\/{rel}","templated":true}]}}