{"id":6034,"date":"2022-10-26T15:12:29","date_gmt":"2022-10-26T14:12:29","guid":{"rendered":"https:\/\/dypall.com\/?p=6034"},"modified":"2022-10-26T15:12:29","modified_gmt":"2022-10-26T14:12:29","slug":"fostering-a-culture-of-participation-mainstreaming-local-youth-councils-in-europe-transnational-project-meeting","status":"publish","type":"post","link":"https:\/\/dypall.com\/pt\/activity\/fostering-a-culture-of-participation-mainstreaming-local-youth-councils-in-europe-transnational-project-meeting\/","title":{"rendered":"\u00abPromover uma cultura de participa\u00e7\u00e3o: Mainstreaming Local Youth Councils in Europe\u00bb (Integra\u00e7\u00e3o dos conselhos locais de juventude na Europa) \u2013 Reuni\u00e3o transnacional do projeto"},"content":{"rendered":"<p style=\"font-weight: 400;\">A 2a e \u00faltima Reuni\u00e3o Transnacional do Projecto <em><strong>\u00abPromover uma cultura de participa\u00e7\u00e3o: Integra\u00e7\u00e3o dos conselhos locais da juventude na Europa\u00bb<\/strong><\/em> teve lugar de 18 a 19 de outubro de 2022, em Namur, B\u00e9lgica.<\/p>\n<p style=\"font-weight: 400;\">A reuni\u00e3o foi organizada pelo CRECCIDE e deu a oportunidade de explorar a <strong>publica\u00e7\u00e3o<\/strong> produzido durante o projeto, avaliar o <strong>diferentes fases<\/strong> e <strong>atividades<\/strong>, e explorar <strong>pr\u00f3ximas oportunidades de coopera\u00e7\u00e3o<\/strong>.<\/p>\n<p style=\"font-weight: 400;\">A publica\u00e7\u00e3o \u201c<strong><a href=\"https:\/\/u.pcloud.link\/publink\/show?code=XZDXBfVZi9vDzl6qGpjYtK89AOtwH0DxjMUV\" data-saferedirecturl=\"https:\/\/www.google.com\/url?q=https:\/\/u.pcloud.link\/publink\/show?code%3DXZDXBfVZi9vDzl6qGpjYtK89AOtwH0DxjMUV&amp;source=gmail&amp;ust=1667655082973000&amp;usg=AOvVaw0UCToq28-V0hM-NxvmIgDv\">Conselhos locais da juventude \u2013 cartografia das pr\u00e1ticas<\/a><\/strong>\u201d, um conjunto de diferentes abordagens, permitiu aos cinco pa\u00edses parceiros refletir sobre as suas abordagens nacionais, regionais e locais e estabelecer pontes com outras estruturas e intervenientes pertinentes. As pr\u00e1ticas apresentadas destinam-se a apresentar v\u00e1rias possibilidades, fornecendo exemplos pr\u00e1ticos da aplicabilidade, transferibilidade e implementa\u00e7\u00e3o de diferentes solu\u00e7\u00f5es e dimens\u00f5es, como o n\u00famero de pessoas envolvidas, a m\u00e9dia et\u00e1ria, a liga\u00e7\u00e3o entre a governa\u00e7\u00e3o local, os seus objetivos e os recursos dispon\u00edveis. Embora as perspetivas internas recolhidas n\u00e3o sejam uma transcri\u00e7\u00e3o exaustiva das entrevistas, s\u00e3o muito perspicazes na compreens\u00e3o de diferentes perce\u00e7\u00f5es e sentimentos em rela\u00e7\u00e3o \u00e0 mesma estrutura participativa.<\/p>\n<p style=\"font-weight: 400;\">No \u00e2mbito do projeto, uma das atividades foi a<strong><a href=\"https:\/\/u.pcloud.link\/publink\/show?code=XZzJsbVZnpevOT6SFdpzOrL0UVigTfDhLLzV\" data-saferedirecturl=\"https:\/\/www.google.com\/url?q=https:\/\/u.pcloud.link\/publink\/show?code%3DXZzJsbVZnpevOT6SFdpzOrL0UVigTfDhLLzV&amp;source=gmail&amp;ust=1667655082973000&amp;usg=AOvVaw1uhdKuGoAg8qFEYyd44dw8\">Garantia de qualidade nos conselhos locais de juventude<\/a><\/strong>\u201d curso de forma\u00e7\u00e3o, que decorreu de 2 a 8 de maio de 2022, em Portim\u00e3o, Portugal. O curso de forma\u00e7\u00e3o constituiu uma oportunidade para envolver 23 participantes dos quatro pa\u00edses parceiros e criou um espa\u00e7o digno no qual mais de 50 pessoas, jovens, animadores de juventude e decisores partilharam os seus conhecimentos e perspetivas.<\/p>\n<p style=\"font-weight: 400;\">No \u00faltimo dia, o cons\u00f3rcio teve ainda a possibilidade de conhecer mais pormenorizadamente o apoio prestado pelo CRECCIDE aos munic\u00edpios belgas e as suas ferramentas, abordagens e mecanismos de participa\u00e7\u00e3o das crian\u00e7as e dos jovens.<\/p>\n<p style=\"font-weight: 400;\">O projeto foi executado pela rede DYPALL em coopera\u00e7\u00e3o com <a href=\"http:\/\/www.creccide.be\/\">CRECCIDE<\/a><a href=\"http:\/\/www.creccide.be\/\" data-saferedirecturl=\"https:\/\/www.google.com\/url?q=http:\/\/www.creccide.be\/&amp;source=gmail&amp;ust=1667655082973000&amp;usg=AOvVaw2dcLKTBKnwp7JrehkKGSkJ\">\u00a0<\/a>(B\u00e9lgica),\u00a0<a href=\"https:\/\/www.comune.collegno.gov.it\/home\" data-saferedirecturl=\"https:\/\/www.google.com\/url?q=https:\/\/www.comune.collegno.gov.it\/home&amp;source=gmail&amp;ust=1667655082973000&amp;usg=AOvVaw2Kl24KRgn799zsYVqL-yAn\">Citt\u00e0 di Collegno<\/a>\u00a0(It\u00e1lia),\u00a0<a href=\"https:\/\/www.kzz.hr\/\" data-saferedirecturl=\"https:\/\/www.google.com\/url?q=https:\/\/www.kzz.hr\/&amp;source=gmail&amp;ust=1667655082973000&amp;usg=AOvVaw2sKWU2vh7sZL1T8WDqTUPh\">KRAPINSKO-ZAGORSKA ZUPANIJA<\/a>\u00a0(Cro\u00e1cia) e\u00a0<a href=\"https:\/\/msa.si\/\" data-saferedirecturl=\"https:\/\/www.google.com\/url?q=https:\/\/msa.si\/&amp;source=gmail&amp;ust=1667655082973000&amp;usg=AOvVaw3zr9G6oDK_Tk4HSbCmsbwv\">Mladinski svet Ajdov\u0161\u010dina<\/a> (Eslov\u00e9nia). \u00c9 financiado ao abrigo da A\u00e7\u00e3o-chave 2 do Programa Erasmus+ de Interc\u00e2mbio de Boas Pr\u00e1ticas pela\u00a0<a href=\"https:\/\/www.lebij.be\/\" data-saferedirecturl=\"https:\/\/www.google.com\/url?q=https:\/\/www.lebij.be\/&amp;source=gmail&amp;ust=1667655082973000&amp;usg=AOvVaw1Tmus7HGOoQxW0wCq2sUap\">BIJ \u2013 Bureau International Jaunesse<\/a>\u00a0Ag\u00eancia nacional.<\/p>\n<p>&nbsp;<\/p>\n<p><a href=\"https:\/\/dypall.com\/pt\/2022\/11\/04\/fostering-a-culture-of-participation-mainstreaming-local-youth-councils-in-europe-transnational-project-meeting\/311607478_6768349466513747_133668428425177337_n\/#main\" rel=\"attachment wp-att-6037\"><img loading=\"lazy\" decoding=\"async\" class=\"alignnone size-full wp-image-6037\" src=\"https:\/\/dypall.com\/wp-content\/uploads\/2022\/11\/311607478_6768349466513747_133668428425177337_n.jpeg\" alt=\"\" width=\"1920\" height=\"1440\" \/><\/a><\/p>\n<p><a href=\"https:\/\/dypall.com\/pt\/2022\/11\/04\/fostering-a-culture-of-participation-mainstreaming-local-youth-councils-in-europe-transnational-project-meeting\/312090431_6768349366513757_4395357973962703445_n\/#main\" rel=\"attachment wp-att-6036\"><img loading=\"lazy\" decoding=\"async\" class=\"alignnone size-full wp-image-6036\" src=\"https:\/\/dypall.com\/wp-content\/uploads\/2022\/11\/312090431_6768349366513757_4395357973962703445_n.jpeg\" alt=\"\" width=\"1024\" height=\"768\" \/><\/a><\/p>\n<p><a href=\"https:\/\/dypall.com\/pt\/2022\/11\/04\/fostering-a-culture-of-participation-mainstreaming-local-youth-councils-in-europe-transnational-project-meeting\/311610525_6768349489847078_3205972627485120589_n\/#main\" rel=\"attachment wp-att-6035\"><img loading=\"lazy\" decoding=\"async\" class=\"alignnone size-full wp-image-6035\" src=\"https:\/\/dypall.com\/wp-content\/uploads\/2022\/11\/311610525_6768349489847078_3205972627485120589_n.jpeg\" alt=\"\" width=\"2048\" height=\"1536\" \/><\/a><\/p>","protected":false},"excerpt":{"rendered":"<p>A 2.a e \u00faltima reuni\u00e3o transnacional do projeto \u00abPromover uma cultura de participa\u00e7\u00e3o: Mainstreaming Local Youth Councils in Europe\u00bb teve lugar de 18 a 19 de outubro de 2022, em Namur, B\u00e9lgica. O encontro foi organizado pelo CRECCIDE e deu a oportunidade de explorar a publica\u00e7\u00e3o produzida durante o projeto, avaliar as diferentes fases e... <a class=\"more-link\" href=\"https:\/\/dypall.com\/pt\/activity\/fostering-a-culture-of-participation-mainstreaming-local-youth-councils-in-europe-transnational-project-meeting\/\">Continuar a ler <span class=\"screen-reader-text\">\u00abPromover uma cultura de participa\u00e7\u00e3o: Mainstreaming Local Youth Councils in Europe\u00bb (Integra\u00e7\u00e3o dos conselhos locais de juventude na Europa) \u2013 Reuni\u00e3o transnacional do projeto<\/span><\/a><\/p>","protected":false},"author":1,"featured_media":6037,"comment_status":"closed","ping_status":"open","sticky":false,"template":"","format":"standard","meta":{"_acf_changed":false,"_jetpack_memberships_contains_paid_content":false,"footnotes":""},"categories":[111],"tags":[],"class_list":["post-6034","post","type-post","status-publish","format-standard","has-post-thumbnail","hentry","category-activity","entry"],"acf":[],"yoast_head":"<!-- This site is optimized with the Yoast SEO plugin v22.8 - https:\/\/yoast.com\/wordpress\/plugins\/seo\/ -->\n<title>&quot;Fostering a Culture of Participation: Mainstreaming Local Youth Councils in Europe&quot; Transnational Project Meeting - DYPALL Network<\/title>\n<meta name=\"robots\" content=\"index, follow, max-snippet:-1, max-image-preview:large, max-video-preview:-1\" \/>\n<link rel=\"canonical\" href=\"https:\/\/dypall.com\/pt\/activity\/fostering-a-culture-of-participation-mainstreaming-local-youth-councils-in-europe-transnational-project-meeting\/\" \/>\n<meta property=\"og:locale\" content=\"pt_PT\" \/>\n<meta property=\"og:type\" content=\"article\" \/>\n<meta property=\"og:title\" content=\"&quot;Fostering a Culture of Participation: Mainstreaming Local Youth Councils in Europe&quot; Transnational Project Meeting - DYPALL Network\" \/>\n<meta property=\"og:description\" content=\"The 2nd and last Transnational Project Meeting of the project &#8220;Fostering a Culture of Participation: Mainstreaming Local Youth Councils in Europe&#8221; took place from 18th &#8211; 19th October 2022 in Namur, Belgium. The meeting was hosted by CRECCIDE and gave the opportunity to explore the publication produced during the project, evaluate the different phases and&hellip; Continue a ler &#8220;Fostering a Culture of Participation: Mainstreaming Local Youth Councils in Europe&#8221; Transnational Project Meeting\" \/>\n<meta property=\"og:url\" content=\"https:\/\/dypall.com\/pt\/activity\/fostering-a-culture-of-participation-mainstreaming-local-youth-councils-in-europe-transnational-project-meeting\/\" \/>\n<meta property=\"og:site_name\" content=\"DYPALL Network\" \/>\n<meta property=\"article:published_time\" content=\"2022-10-26T14:12:29+00:00\" \/>\n<meta name=\"author\" content=\"DYPALL Network\" \/>\n<meta name=\"twitter:card\" content=\"summary_large_image\" \/>\n<meta name=\"twitter:label1\" content=\"Written by\" \/>\n\t<meta name=\"twitter:data1\" content=\"DYPALL Network\" \/>\n\t<meta name=\"twitter:label2\" content=\"Est. reading time\" \/>\n\t<meta name=\"twitter:data2\" content=\"2 minutos\" \/>\n<script type=\"application\/ld+json\" class=\"yoast-schema-graph\">{\"@context\":\"https:\/\/schema.org\",\"@graph\":[{\"@type\":\"WebPage\",\"@id\":\"https:\/\/dypall.com\/activity\/fostering-a-culture-of-participation-mainstreaming-local-youth-councils-in-europe-transnational-project-meeting\/\",\"url\":\"https:\/\/dypall.com\/activity\/fostering-a-culture-of-participation-mainstreaming-local-youth-councils-in-europe-transnational-project-meeting\/\",\"name\":\"\\\"Fostering a Culture of Participation: Mainstreaming Local Youth Councils in Europe\\\" Transnational Project Meeting - DYPALL Network\",\"isPartOf\":{\"@id\":\"https:\/\/dypall.com\/#website\"},\"primaryImageOfPage\":{\"@id\":\"https:\/\/dypall.com\/activity\/fostering-a-culture-of-participation-mainstreaming-local-youth-councils-in-europe-transnational-project-meeting\/#primaryimage\"},\"image\":{\"@id\":\"https:\/\/dypall.com\/activity\/fostering-a-culture-of-participation-mainstreaming-local-youth-councils-in-europe-transnational-project-meeting\/#primaryimage\"},\"thumbnailUrl\":\"\",\"datePublished\":\"2022-10-26T14:12:29+00:00\",\"dateModified\":\"2022-10-26T14:12:29+00:00\",\"author\":{\"@id\":\"https:\/\/dypall.com\/#\/schema\/person\/f92e08aa15c8ba711a9d153129f03377\"},\"breadcrumb\":{\"@id\":\"https:\/\/dypall.com\/activity\/fostering-a-culture-of-participation-mainstreaming-local-youth-councils-in-europe-transnational-project-meeting\/#breadcrumb\"},\"inLanguage\":\"pt-PT\",\"potentialAction\":[{\"@type\":\"ReadAction\",\"target\":[\"https:\/\/dypall.com\/activity\/fostering-a-culture-of-participation-mainstreaming-local-youth-councils-in-europe-transnational-project-meeting\/\"]}]},{\"@type\":\"ImageObject\",\"inLanguage\":\"pt-PT\",\"@id\":\"https:\/\/dypall.com\/activity\/fostering-a-culture-of-participation-mainstreaming-local-youth-councils-in-europe-transnational-project-meeting\/#primaryimage\",\"url\":\"\",\"contentUrl\":\"\"},{\"@type\":\"BreadcrumbList\",\"@id\":\"https:\/\/dypall.com\/activity\/fostering-a-culture-of-participation-mainstreaming-local-youth-councils-in-europe-transnational-project-meeting\/#breadcrumb\",\"itemListElement\":[{\"@type\":\"ListItem\",\"position\":1,\"name\":\"Home\",\"item\":\"https:\/\/dypall.com\/\"},{\"@type\":\"ListItem\",\"position\":2,\"name\":\"&#8220;Fostering a Culture of Participation: Mainstreaming Local Youth Councils in Europe&#8221; Transnational Project Meeting\"}]},{\"@type\":\"WebSite\",\"@id\":\"https:\/\/dypall.com\/#website\",\"url\":\"https:\/\/dypall.com\/\",\"name\":\"DYPALL Network\",\"description\":\"We are a European network of civil society organisations, municipalities and research institutions dedicated to improving democracy through youth participation.\",\"potentialAction\":[{\"@type\":\"SearchAction\",\"target\":{\"@type\":\"EntryPoint\",\"urlTemplate\":\"https:\/\/dypall.com\/?s={search_term_string}\"},\"query-input\":\"required name=search_term_string\"}],\"inLanguage\":\"pt-PT\"},{\"@type\":\"Person\",\"@id\":\"https:\/\/dypall.com\/#\/schema\/person\/f92e08aa15c8ba711a9d153129f03377\",\"name\":\"DYPALL Network\",\"image\":{\"@type\":\"ImageObject\",\"inLanguage\":\"pt-PT\",\"@id\":\"https:\/\/dypall.com\/#\/schema\/person\/image\/\",\"url\":\"https:\/\/secure.gravatar.com\/avatar\/9c39e299279800c6d69c5e02cf613e7bab060889f373052a03d7ac399e8f0d3c?s=96&d=mm&r=g\",\"contentUrl\":\"https:\/\/secure.gravatar.com\/avatar\/9c39e299279800c6d69c5e02cf613e7bab060889f373052a03d7ac399e8f0d3c?s=96&d=mm&r=g\",\"caption\":\"DYPALL Network\"},\"sameAs\":[\"https:\/\/dypall.com\"],\"url\":\"https:\/\/dypall.com\/pt\/author\/dypall\/\"}]}<\/script>\n<!-- \/ Yoast SEO plugin. -->","yoast_head_json":{"title":"\"Fostering a Culture of Participation: Mainstreaming Local Youth Councils in Europe\" Transnational Project Meeting - DYPALL Network","robots":{"index":"index","follow":"follow","max-snippet":"max-snippet:-1","max-image-preview":"max-image-preview:large","max-video-preview":"max-video-preview:-1"},"canonical":"https:\/\/dypall.com\/pt\/activity\/fostering-a-culture-of-participation-mainstreaming-local-youth-councils-in-europe-transnational-project-meeting\/","og_locale":"pt_PT","og_type":"article","og_title":"\"Fostering a Culture of Participation: Mainstreaming Local Youth Councils in Europe\" Transnational Project Meeting - DYPALL Network","og_description":"The 2nd and last Transnational Project Meeting of the project &#8220;Fostering a Culture of Participation: Mainstreaming Local Youth Councils in Europe&#8221; took place from 18th &#8211; 19th October 2022 in Namur, Belgium. The meeting was hosted by CRECCIDE and gave the opportunity to explore the publication produced during the project, evaluate the different phases and&hellip; Continue a ler &#8220;Fostering a Culture of Participation: Mainstreaming Local Youth Councils in Europe&#8221; Transnational Project Meeting","og_url":"https:\/\/dypall.com\/pt\/activity\/fostering-a-culture-of-participation-mainstreaming-local-youth-councils-in-europe-transnational-project-meeting\/","og_site_name":"DYPALL Network","article_published_time":"2022-10-26T14:12:29+00:00","author":"DYPALL Network","twitter_card":"summary_large_image","twitter_misc":{"Written by":"DYPALL Network","Est. reading time":"2 minutos"},"schema":{"@context":"https:\/\/schema.org","@graph":[{"@type":"WebPage","@id":"https:\/\/dypall.com\/activity\/fostering-a-culture-of-participation-mainstreaming-local-youth-councils-in-europe-transnational-project-meeting\/","url":"https:\/\/dypall.com\/activity\/fostering-a-culture-of-participation-mainstreaming-local-youth-councils-in-europe-transnational-project-meeting\/","name":"\"Fostering a Culture of Participation: Mainstreaming Local Youth Councils in Europe\" Transnational Project Meeting - DYPALL Network","isPartOf":{"@id":"https:\/\/dypall.com\/#website"},"primaryImageOfPage":{"@id":"https:\/\/dypall.com\/activity\/fostering-a-culture-of-participation-mainstreaming-local-youth-councils-in-europe-transnational-project-meeting\/#primaryimage"},"image":{"@id":"https:\/\/dypall.com\/activity\/fostering-a-culture-of-participation-mainstreaming-local-youth-councils-in-europe-transnational-project-meeting\/#primaryimage"},"thumbnailUrl":"","datePublished":"2022-10-26T14:12:29+00:00","dateModified":"2022-10-26T14:12:29+00:00","author":{"@id":"https:\/\/dypall.com\/#\/schema\/person\/f92e08aa15c8ba711a9d153129f03377"},"breadcrumb":{"@id":"https:\/\/dypall.com\/activity\/fostering-a-culture-of-participation-mainstreaming-local-youth-councils-in-europe-transnational-project-meeting\/#breadcrumb"},"inLanguage":"pt-PT","potentialAction":[{"@type":"ReadAction","target":["https:\/\/dypall.com\/activity\/fostering-a-culture-of-participation-mainstreaming-local-youth-councils-in-europe-transnational-project-meeting\/"]}]},{"@type":"ImageObject","inLanguage":"pt-PT","@id":"https:\/\/dypall.com\/activity\/fostering-a-culture-of-participation-mainstreaming-local-youth-councils-in-europe-transnational-project-meeting\/#primaryimage","url":"","contentUrl":""},{"@type":"BreadcrumbList","@id":"https:\/\/dypall.com\/activity\/fostering-a-culture-of-participation-mainstreaming-local-youth-councils-in-europe-transnational-project-meeting\/#breadcrumb","itemListElement":[{"@type":"ListItem","position":1,"name":"Home","item":"https:\/\/dypall.com\/"},{"@type":"ListItem","position":2,"name":"&#8220;Fostering a Culture of Participation: Mainstreaming Local Youth Councils in Europe&#8221; Transnational Project Meeting"}]},{"@type":"WebSite","@id":"https:\/\/dypall.com\/#website","url":"https:\/\/dypall.com\/","name":"DYPALL Network","description":"We are a European network of civil society organisations, municipalities and research institutions dedicated to improving democracy through youth participation.","potentialAction":[{"@type":"SearchAction","target":{"@type":"EntryPoint","urlTemplate":"https:\/\/dypall.com\/?s={search_term_string}"},"query-input":"required name=search_term_string"}],"inLanguage":"pt-PT"},{"@type":"Person","@id":"https:\/\/dypall.com\/#\/schema\/person\/f92e08aa15c8ba711a9d153129f03377","name":"DYPALL Network","image":{"@type":"ImageObject","inLanguage":"pt-PT","@id":"https:\/\/dypall.com\/#\/schema\/person\/image\/","url":"https:\/\/secure.gravatar.com\/avatar\/9c39e299279800c6d69c5e02cf613e7bab060889f373052a03d7ac399e8f0d3c?s=96&d=mm&r=g","contentUrl":"https:\/\/secure.gravatar.com\/avatar\/9c39e299279800c6d69c5e02cf613e7bab060889f373052a03d7ac399e8f0d3c?s=96&d=mm&r=g","caption":"DYPALL Network"},"sameAs":["https:\/\/dypall.com"],"url":"https:\/\/dypall.com\/pt\/author\/dypall\/"}]}},"jetpack_featured_media_url":"","jetpack_sharing_enabled":true,"_links":{"self":[{"href":"https:\/\/dypall.com\/pt\/wp-json\/wp\/v2\/posts\/6034","targetHints":{"allow":["GET"]}}],"collection":[{"href":"https:\/\/dypall.com\/pt\/wp-json\/wp\/v2\/posts"}],"about":[{"href":"https:\/\/dypall.com\/pt\/wp-json\/wp\/v2\/types\/post"}],"author":[{"embeddable":true,"href":"https:\/\/dypall.com\/pt\/wp-json\/wp\/v2\/users\/1"}],"replies":[{"embeddable":true,"href":"https:\/\/dypall.com\/pt\/wp-json\/wp\/v2\/comments?post=6034"}],"version-history":[{"count":0,"href":"https:\/\/dypall.com\/pt\/wp-json\/wp\/v2\/posts\/6034\/revisions"}],"wp:featuredmedia":[{"embeddable":true,"href":"https:\/\/dypall.com\/pt\/wp-json\/"}],"wp:attachment":[{"href":"https:\/\/dypall.com\/pt\/wp-json\/wp\/v2\/media?parent=6034"}],"wp:term":[{"taxonomy":"category","embeddable":true,"href":"https:\/\/dypall.com\/pt\/wp-json\/wp\/v2\/categories?post=6034"},{"taxonomy":"post_tag","embeddable":true,"href":"https:\/\/dypall.com\/pt\/wp-json\/wp\/v2\/tags?post=6034"}],"curies":[{"name":"wp","href":"https:\/\/api.w.org\/{rel}","templated":true}]}}