{"id":5721,"date":"2022-07-26T15:22:36","date_gmt":"2022-07-26T14:22:36","guid":{"rendered":"https:\/\/dypall.com\/?p=5721"},"modified":"2022-07-26T15:22:36","modified_gmt":"2022-07-26T14:22:36","slug":"1-st-transnational-partners-meeting-of-the-project-local-youth-councils-at-international-scale-20-23-07-2022-rabat-morocco","status":"publish","type":"post","link":"https:\/\/dypall.com\/pt\/activity\/1-st-transnational-partners-meeting-of-the-project-local-youth-councils-at-international-scale-20-23-07-2022-rabat-morocco\/","title":{"rendered":"Reuni\u00e3o do projeto \u00abConselhos Locais da Juventude na Escala Internacional\u00bb em Rabat, Marrocos"},"content":{"rendered":"<p>De 20 a 23 de julho, a Rede DYPALL liderou a primeira Reuni\u00e3o de Parceiros Transnacionais do <strong>projeto \u00abConselhos locais da juventude \u00e0 escala internacional\u00bb<\/strong>. A reuni\u00e3o teve lugar em Rabat, Marrocos, e foi organizada pelo F\u00f3rum da Juventude Marroquina para o 3.o Mil\u00e9nio.<\/p>\n<p>Foi uma oportunidade para os parceiros:<br \/>\n\u2013 conhecerem-se pessoalmente,<br \/>\n\u2013 atualiza\u00e7\u00e3o sobre o estado do projeto, incluindo desenvolvimentos recentes do projeto, como a <strong>confer\u00eancia de lan\u00e7amento em linha \u00abConselhos Locais da Juventude na Escala Internacional\u00bb<\/strong>,<br \/>\n\u2013 planear em pormenor as seguintes atividades do projeto, incluindo o lan\u00e7amento do convite \u00e0 apresenta\u00e7\u00e3o de propostas para o grupo de peritos sobre conselhos locais de juventude, a finaliza\u00e7\u00e3o do estudo bibliogr\u00e1fico e o in\u00edcio do levantamento das boas pr\u00e1ticas nos conselhos locais de juventude nos pa\u00edses do projeto,<br \/>\n\u2013 discutir as quest\u00f5es administrativas, o plano de divulga\u00e7\u00e3o e a estrat\u00e9gia de acompanhamento.<\/p>\n<p>Projeto \u201c<em>Conselhos locais da juventude em escala internacional<\/em>\u201d centra-se na <strong>qualidade do trabalho com jovens a n\u00edvel internacional<\/strong> em termos de an\u00e1lise e aumento da<strong> capacidades<\/strong> e <strong>possibilidades<\/strong> de animadores de juventude de organiza\u00e7\u00f5es da sociedade civil e munic\u00edpios <strong>envolver os jovens <\/strong>nos processos de tomada de decis\u00e3o a n\u00edvel local <strong>atrav\u00e9s dos conselhos locais de juventude<\/strong> e <strong>equipar os jovens<\/strong> com as aptid\u00f5es e compet\u00eancias necess\u00e1rias para uma participa\u00e7\u00e3o de qualidade.<\/p>\n<p>O projecto \u00e9 coordenado pela Rede DYPALL em parceria com <a href=\"https:\/\/www.europiamo.org\/\">Regime de com\u00e9rcio de licen\u00e7as de emiss\u00e3o da Europiamo<\/a> (It\u00e1lia), <a href=\"https:\/\/youthonboard.com.mk\/\">Juventude a Bordo<\/a> (Maced\u00f3nia do Norte), <a href=\"https:\/\/ysfi.ps\/En\/index.php\/en\/#\">Instituto do F\u00f3rum dos Estudantes<\/a> (Palestina), <a href=\"https:\/\/www.facebook.com\/fjmtm\">F\u00f3rum da Juventude Marroquina para o 3o Mil\u00e9nio<\/a> (Marrocos), <a href=\"https:\/\/www.facebook.com\/Fhird.tn\/\">Instituto Farhat Hached para Pesquisa e Democracia<\/a> (Tun\u00edsia). \u00c9 financiado ao abrigo do <strong>Programa Erasmus+ para o refor\u00e7o das capacidades no dom\u00ednio da juventude<\/strong> pelo <strong>Ag\u00eancia de Execu\u00e7\u00e3o Europeia da Educa\u00e7\u00e3o e da Cultura.<\/strong><\/p>\n<p><a href=\"https:\/\/dypall.com\/pt\/2022\/07\/26\/1-st-transnational-partners-meeting-of-the-project-local-youth-councils-at-international-scale-20-23-07-2022-rabat-morocco\/img-20220721-wa0030\/#main\" rel=\"attachment wp-att-5730\"><br \/>\n<img loading=\"lazy\" decoding=\"async\" class=\"alignleft size-full wp-image-5730\" src=\"https:\/\/dypall.com\/wp-content\/uploads\/2022\/07\/IMG-20220721-WA0030.jpg\" alt=\"\" width=\"2048\" height=\"1536\" \/><\/a> <a href=\"https:\/\/dypall.com\/pt\/2022\/07\/26\/1-st-transnational-partners-meeting-of-the-project-local-youth-councils-at-international-scale-20-23-07-2022-rabat-morocco\/img-20220721-wa0054\/#main\" rel=\"attachment wp-att-5729\"><img loading=\"lazy\" decoding=\"async\" class=\"alignleft size-full wp-image-5729\" src=\"https:\/\/dypall.com\/wp-content\/uploads\/2022\/07\/IMG-20220721-WA0054.jpg\" alt=\"\" width=\"1536\" height=\"2048\" \/><\/a> <a href=\"https:\/\/dypall.com\/pt\/2022\/07\/26\/1-st-transnational-partners-meeting-of-the-project-local-youth-councils-at-international-scale-20-23-07-2022-rabat-morocco\/img-20220721-wa0045\/#main\" rel=\"attachment wp-att-5728\"><img loading=\"lazy\" decoding=\"async\" class=\"alignleft size-full wp-image-5728\" src=\"https:\/\/dypall.com\/wp-content\/uploads\/2022\/07\/IMG-20220721-WA0045.jpg\" alt=\"\" width=\"2048\" height=\"1536\" \/><\/a> <a href=\"https:\/\/dypall.com\/pt\/2022\/07\/26\/1-st-transnational-partners-meeting-of-the-project-local-youth-councils-at-international-scale-20-23-07-2022-rabat-morocco\/img-20220723-wa0042\/#main\" rel=\"attachment wp-att-5727\"><img loading=\"lazy\" decoding=\"async\" class=\"alignleft size-full wp-image-5727\" src=\"https:\/\/dypall.com\/wp-content\/uploads\/2022\/07\/IMG-20220723-WA0042.jpg\" alt=\"\" width=\"1536\" height=\"2048\" \/><\/a> <a href=\"https:\/\/dypall.com\/pt\/2022\/07\/26\/1-st-transnational-partners-meeting-of-the-project-local-youth-councils-at-international-scale-20-23-07-2022-rabat-morocco\/img-20220721-wa0026\/#main\" rel=\"attachment wp-att-5731\"><img loading=\"lazy\" decoding=\"async\" class=\"alignleft size-full wp-image-5731\" src=\"https:\/\/dypall.com\/wp-content\/uploads\/2022\/07\/IMG-20220721-WA0026.jpg\" alt=\"\" width=\"1536\" height=\"2048\" \/><\/a> <a href=\"https:\/\/dypall.com\/pt\/2022\/07\/26\/1-st-transnational-partners-meeting-of-the-project-local-youth-councils-at-international-scale-20-23-07-2022-rabat-morocco\/img-20220723-wa0019\/#main\" rel=\"attachment wp-att-5725\"><img loading=\"lazy\" decoding=\"async\" class=\"alignleft size-full wp-image-5725\" src=\"https:\/\/dypall.com\/wp-content\/uploads\/2022\/07\/IMG-20220723-WA0019.jpg\" alt=\"\" width=\"2048\" height=\"1536\" \/><\/a> <a href=\"https:\/\/dypall.com\/pt\/2022\/07\/26\/1-st-transnational-partners-meeting-of-the-project-local-youth-councils-at-international-scale-20-23-07-2022-rabat-morocco\/img-20220723-wa0024\/#main\" rel=\"attachment wp-att-5724\"><img loading=\"lazy\" decoding=\"async\" class=\"alignleft size-full wp-image-5724\" src=\"https:\/\/dypall.com\/wp-content\/uploads\/2022\/07\/IMG-20220723-WA0024.jpg\" alt=\"\" width=\"2048\" height=\"1536\" \/><\/a> <a href=\"https:\/\/dypall.com\/pt\/2022\/07\/26\/1-st-transnational-partners-meeting-of-the-project-local-youth-councils-at-international-scale-20-23-07-2022-rabat-morocco\/img-20220723-wa0025\/#main\" rel=\"attachment wp-att-5723\"><img loading=\"lazy\" decoding=\"async\" class=\"alignleft size-full wp-image-5723\" src=\"https:\/\/dypall.com\/wp-content\/uploads\/2022\/07\/IMG-20220723-WA0025.jpg\" alt=\"\" width=\"1536\" height=\"2048\" \/><\/a> <a href=\"https:\/\/dypall.com\/pt\/2022\/07\/26\/1-st-transnational-partners-meeting-of-the-project-local-youth-councils-at-international-scale-20-23-07-2022-rabat-morocco\/img-20220723-wa0014\/#main\" rel=\"attachment wp-att-5726\"><img loading=\"lazy\" decoding=\"async\" class=\"alignleft size-full wp-image-5726\" src=\"https:\/\/dypall.com\/wp-content\/uploads\/2022\/07\/IMG-20220723-WA0014.jpg\" alt=\"\" width=\"1536\" height=\"2048\" \/><\/a><\/p>","protected":false},"excerpt":{"rendered":"<p>Em 20 e 23 de julho, a rede DYPALL liderou a primeira reuni\u00e3o de parceiros transnacionais do projeto \u00abConselhos locais da juventude \u00e0 escala internacional\u00bb. A reuni\u00e3o teve lugar em Rabat, Marrocos, e foi organizada pelo F\u00f3rum da Juventude Marroquina para o 3.o Mil\u00e9nio. Foi uma oportunidade para os parceiros: \u2013 conhe\u00e7am-se em... <a class=\"more-link\" href=\"https:\/\/dypall.com\/pt\/activity\/1-st-transnational-partners-meeting-of-the-project-local-youth-councils-at-international-scale-20-23-07-2022-rabat-morocco\/\">Continuar a ler <span class=\"screen-reader-text\">Reuni\u00e3o do projeto \u00abConselhos Locais da Juventude na Escala Internacional\u00bb em Rabat, Marrocos<\/span><\/a><\/p>","protected":false},"author":2,"featured_media":5722,"comment_status":"closed","ping_status":"open","sticky":false,"template":"","format":"standard","meta":{"_acf_changed":false,"_jetpack_memberships_contains_paid_content":false,"footnotes":""},"categories":[111],"tags":[],"class_list":["post-5721","post","type-post","status-publish","format-standard","has-post-thumbnail","hentry","category-activity","entry"],"acf":[],"yoast_head":"<!-- This site is optimized with the Yoast SEO plugin v22.8 - https:\/\/yoast.com\/wordpress\/plugins\/seo\/ -->\n<title>\u201cLocal Youth Councils at International Scale\u201d Project Meeting in Rabat, Morocco - DYPALL Network<\/title>\n<meta name=\"robots\" content=\"index, follow, max-snippet:-1, max-image-preview:large, max-video-preview:-1\" \/>\n<link rel=\"canonical\" href=\"https:\/\/dypall.com\/pt\/activity\/1-st-transnational-partners-meeting-of-the-project-local-youth-councils-at-international-scale-20-23-07-2022-rabat-morocco\/\" \/>\n<meta property=\"og:locale\" content=\"pt_PT\" \/>\n<meta property=\"og:type\" content=\"article\" \/>\n<meta property=\"og:title\" content=\"\u201cLocal Youth Councils at International Scale\u201d Project Meeting in Rabat, Morocco - DYPALL Network\" \/>\n<meta property=\"og:description\" content=\"On the 20-23 July, DYPALL Network led the first Transnational Partners Meeting of the project &#8220;Local Youth Councils at International Scale&#8221;. The meeting took place in Rabat, Morocco, and was hosted by the Moroccan Youth Forum for the 3rd Millenium. It was an opportunity for the partners to: &#8211; get to know each other in&hellip; Continue a ler \u201cLocal Youth Councils at International Scale\u201d Project Meeting in Rabat, Morocco\" \/>\n<meta property=\"og:url\" content=\"https:\/\/dypall.com\/pt\/activity\/1-st-transnational-partners-meeting-of-the-project-local-youth-councils-at-international-scale-20-23-07-2022-rabat-morocco\/\" \/>\n<meta property=\"og:site_name\" content=\"DYPALL Network\" \/>\n<meta property=\"article:published_time\" content=\"2022-07-26T14:22:36+00:00\" \/>\n<meta name=\"author\" content=\"dypall\" \/>\n<meta name=\"twitter:card\" content=\"summary_large_image\" \/>\n<meta name=\"twitter:label1\" content=\"Written by\" \/>\n\t<meta name=\"twitter:data1\" content=\"dypall\" \/>\n\t<meta name=\"twitter:label2\" content=\"Est. reading time\" \/>\n\t<meta name=\"twitter:data2\" content=\"1 minuto\" \/>\n<script type=\"application\/ld+json\" class=\"yoast-schema-graph\">{\"@context\":\"https:\/\/schema.org\",\"@graph\":[{\"@type\":\"WebPage\",\"@id\":\"https:\/\/dypall.com\/activity\/1-st-transnational-partners-meeting-of-the-project-local-youth-councils-at-international-scale-20-23-07-2022-rabat-morocco\/\",\"url\":\"https:\/\/dypall.com\/activity\/1-st-transnational-partners-meeting-of-the-project-local-youth-councils-at-international-scale-20-23-07-2022-rabat-morocco\/\",\"name\":\"\u201cLocal Youth Councils at International Scale\u201d Project Meeting in Rabat, Morocco - DYPALL Network\",\"isPartOf\":{\"@id\":\"https:\/\/dypall.com\/#website\"},\"primaryImageOfPage\":{\"@id\":\"https:\/\/dypall.com\/activity\/1-st-transnational-partners-meeting-of-the-project-local-youth-councils-at-international-scale-20-23-07-2022-rabat-morocco\/#primaryimage\"},\"image\":{\"@id\":\"https:\/\/dypall.com\/activity\/1-st-transnational-partners-meeting-of-the-project-local-youth-councils-at-international-scale-20-23-07-2022-rabat-morocco\/#primaryimage\"},\"thumbnailUrl\":\"\",\"datePublished\":\"2022-07-26T14:22:36+00:00\",\"dateModified\":\"2022-07-26T14:22:36+00:00\",\"author\":{\"@id\":\"https:\/\/dypall.com\/#\/schema\/person\/206350efe851997fcdedef75d118766b\"},\"breadcrumb\":{\"@id\":\"https:\/\/dypall.com\/activity\/1-st-transnational-partners-meeting-of-the-project-local-youth-councils-at-international-scale-20-23-07-2022-rabat-morocco\/#breadcrumb\"},\"inLanguage\":\"pt-PT\",\"potentialAction\":[{\"@type\":\"ReadAction\",\"target\":[\"https:\/\/dypall.com\/activity\/1-st-transnational-partners-meeting-of-the-project-local-youth-councils-at-international-scale-20-23-07-2022-rabat-morocco\/\"]}]},{\"@type\":\"ImageObject\",\"inLanguage\":\"pt-PT\",\"@id\":\"https:\/\/dypall.com\/activity\/1-st-transnational-partners-meeting-of-the-project-local-youth-councils-at-international-scale-20-23-07-2022-rabat-morocco\/#primaryimage\",\"url\":\"\",\"contentUrl\":\"\"},{\"@type\":\"BreadcrumbList\",\"@id\":\"https:\/\/dypall.com\/activity\/1-st-transnational-partners-meeting-of-the-project-local-youth-councils-at-international-scale-20-23-07-2022-rabat-morocco\/#breadcrumb\",\"itemListElement\":[{\"@type\":\"ListItem\",\"position\":1,\"name\":\"Home\",\"item\":\"https:\/\/dypall.com\/\"},{\"@type\":\"ListItem\",\"position\":2,\"name\":\"\u201cLocal Youth Councils at International Scale\u201d Project Meeting in Rabat, Morocco\"}]},{\"@type\":\"WebSite\",\"@id\":\"https:\/\/dypall.com\/#website\",\"url\":\"https:\/\/dypall.com\/\",\"name\":\"DYPALL Network\",\"description\":\"We are a European network of civil society organisations, municipalities and research institutions dedicated to improving democracy through youth participation.\",\"potentialAction\":[{\"@type\":\"SearchAction\",\"target\":{\"@type\":\"EntryPoint\",\"urlTemplate\":\"https:\/\/dypall.com\/?s={search_term_string}\"},\"query-input\":\"required name=search_term_string\"}],\"inLanguage\":\"pt-PT\"},{\"@type\":\"Person\",\"@id\":\"https:\/\/dypall.com\/#\/schema\/person\/206350efe851997fcdedef75d118766b\",\"name\":\"dypall\",\"image\":{\"@type\":\"ImageObject\",\"inLanguage\":\"pt-PT\",\"@id\":\"https:\/\/dypall.com\/#\/schema\/person\/image\/\",\"url\":\"https:\/\/secure.gravatar.com\/avatar\/14e8d3d8841cd0bdf69915120bcf9fcfac1567f1dc7035664907322ac47efe29?s=96&d=mm&r=g\",\"contentUrl\":\"https:\/\/secure.gravatar.com\/avatar\/14e8d3d8841cd0bdf69915120bcf9fcfac1567f1dc7035664907322ac47efe29?s=96&d=mm&r=g\",\"caption\":\"dypall\"},\"url\":\"https:\/\/dypall.com\/pt\/author\/dypall_info\/\"}]}<\/script>\n<!-- \/ Yoast SEO plugin. -->","yoast_head_json":{"title":"\u201cLocal Youth Councils at International Scale\u201d Project Meeting in Rabat, Morocco - DYPALL Network","robots":{"index":"index","follow":"follow","max-snippet":"max-snippet:-1","max-image-preview":"max-image-preview:large","max-video-preview":"max-video-preview:-1"},"canonical":"https:\/\/dypall.com\/pt\/activity\/1-st-transnational-partners-meeting-of-the-project-local-youth-councils-at-international-scale-20-23-07-2022-rabat-morocco\/","og_locale":"pt_PT","og_type":"article","og_title":"\u201cLocal Youth Councils at International Scale\u201d Project Meeting in Rabat, Morocco - DYPALL Network","og_description":"On the 20-23 July, DYPALL Network led the first Transnational Partners Meeting of the project &#8220;Local Youth Councils at International Scale&#8221;. The meeting took place in Rabat, Morocco, and was hosted by the Moroccan Youth Forum for the 3rd Millenium. It was an opportunity for the partners to: &#8211; get to know each other in&hellip; Continue a ler \u201cLocal Youth Councils at International Scale\u201d Project Meeting in Rabat, Morocco","og_url":"https:\/\/dypall.com\/pt\/activity\/1-st-transnational-partners-meeting-of-the-project-local-youth-councils-at-international-scale-20-23-07-2022-rabat-morocco\/","og_site_name":"DYPALL Network","article_published_time":"2022-07-26T14:22:36+00:00","author":"dypall","twitter_card":"summary_large_image","twitter_misc":{"Written by":"dypall","Est. reading time":"1 minuto"},"schema":{"@context":"https:\/\/schema.org","@graph":[{"@type":"WebPage","@id":"https:\/\/dypall.com\/activity\/1-st-transnational-partners-meeting-of-the-project-local-youth-councils-at-international-scale-20-23-07-2022-rabat-morocco\/","url":"https:\/\/dypall.com\/activity\/1-st-transnational-partners-meeting-of-the-project-local-youth-councils-at-international-scale-20-23-07-2022-rabat-morocco\/","name":"\u201cLocal Youth Councils at International Scale\u201d Project Meeting in Rabat, Morocco - DYPALL Network","isPartOf":{"@id":"https:\/\/dypall.com\/#website"},"primaryImageOfPage":{"@id":"https:\/\/dypall.com\/activity\/1-st-transnational-partners-meeting-of-the-project-local-youth-councils-at-international-scale-20-23-07-2022-rabat-morocco\/#primaryimage"},"image":{"@id":"https:\/\/dypall.com\/activity\/1-st-transnational-partners-meeting-of-the-project-local-youth-councils-at-international-scale-20-23-07-2022-rabat-morocco\/#primaryimage"},"thumbnailUrl":"","datePublished":"2022-07-26T14:22:36+00:00","dateModified":"2022-07-26T14:22:36+00:00","author":{"@id":"https:\/\/dypall.com\/#\/schema\/person\/206350efe851997fcdedef75d118766b"},"breadcrumb":{"@id":"https:\/\/dypall.com\/activity\/1-st-transnational-partners-meeting-of-the-project-local-youth-councils-at-international-scale-20-23-07-2022-rabat-morocco\/#breadcrumb"},"inLanguage":"pt-PT","potentialAction":[{"@type":"ReadAction","target":["https:\/\/dypall.com\/activity\/1-st-transnational-partners-meeting-of-the-project-local-youth-councils-at-international-scale-20-23-07-2022-rabat-morocco\/"]}]},{"@type":"ImageObject","inLanguage":"pt-PT","@id":"https:\/\/dypall.com\/activity\/1-st-transnational-partners-meeting-of-the-project-local-youth-councils-at-international-scale-20-23-07-2022-rabat-morocco\/#primaryimage","url":"","contentUrl":""},{"@type":"BreadcrumbList","@id":"https:\/\/dypall.com\/activity\/1-st-transnational-partners-meeting-of-the-project-local-youth-councils-at-international-scale-20-23-07-2022-rabat-morocco\/#breadcrumb","itemListElement":[{"@type":"ListItem","position":1,"name":"Home","item":"https:\/\/dypall.com\/"},{"@type":"ListItem","position":2,"name":"\u201cLocal Youth Councils at International Scale\u201d Project Meeting in Rabat, Morocco"}]},{"@type":"WebSite","@id":"https:\/\/dypall.com\/#website","url":"https:\/\/dypall.com\/","name":"DYPALL Network","description":"We are a European network of civil society organisations, municipalities and research institutions dedicated to improving democracy through youth participation.","potentialAction":[{"@type":"SearchAction","target":{"@type":"EntryPoint","urlTemplate":"https:\/\/dypall.com\/?s={search_term_string}"},"query-input":"required name=search_term_string"}],"inLanguage":"pt-PT"},{"@type":"Person","@id":"https:\/\/dypall.com\/#\/schema\/person\/206350efe851997fcdedef75d118766b","name":"dypall","image":{"@type":"ImageObject","inLanguage":"pt-PT","@id":"https:\/\/dypall.com\/#\/schema\/person\/image\/","url":"https:\/\/secure.gravatar.com\/avatar\/14e8d3d8841cd0bdf69915120bcf9fcfac1567f1dc7035664907322ac47efe29?s=96&d=mm&r=g","contentUrl":"https:\/\/secure.gravatar.com\/avatar\/14e8d3d8841cd0bdf69915120bcf9fcfac1567f1dc7035664907322ac47efe29?s=96&d=mm&r=g","caption":"dypall"},"url":"https:\/\/dypall.com\/pt\/author\/dypall_info\/"}]}},"jetpack_featured_media_url":"","jetpack_sharing_enabled":true,"_links":{"self":[{"href":"https:\/\/dypall.com\/pt\/wp-json\/wp\/v2\/posts\/5721","targetHints":{"allow":["GET"]}}],"collection":[{"href":"https:\/\/dypall.com\/pt\/wp-json\/wp\/v2\/posts"}],"about":[{"href":"https:\/\/dypall.com\/pt\/wp-json\/wp\/v2\/types\/post"}],"author":[{"embeddable":true,"href":"https:\/\/dypall.com\/pt\/wp-json\/wp\/v2\/users\/2"}],"replies":[{"embeddable":true,"href":"https:\/\/dypall.com\/pt\/wp-json\/wp\/v2\/comments?post=5721"}],"version-history":[{"count":0,"href":"https:\/\/dypall.com\/pt\/wp-json\/wp\/v2\/posts\/5721\/revisions"}],"wp:featuredmedia":[{"embeddable":true,"href":"https:\/\/dypall.com\/pt\/wp-json\/"}],"wp:attachment":[{"href":"https:\/\/dypall.com\/pt\/wp-json\/wp\/v2\/media?parent=5721"}],"wp:term":[{"taxonomy":"category","embeddable":true,"href":"https:\/\/dypall.com\/pt\/wp-json\/wp\/v2\/categories?post=5721"},{"taxonomy":"post_tag","embeddable":true,"href":"https:\/\/dypall.com\/pt\/wp-json\/wp\/v2\/tags?post=5721"}],"curies":[{"name":"wp","href":"https:\/\/api.w.org\/{rel}","templated":true}]}}