{"id":5593,"date":"2022-05-26T16:39:11","date_gmt":"2022-05-26T15:39:11","guid":{"rendered":"https:\/\/dypall.com\/?p=5593"},"modified":"2022-05-26T16:39:11","modified_gmt":"2022-05-26T15:39:11","slug":"final-conference-of-the-project-management-systems-of-coworking-spaces-for-social-innovation-athens","status":"publish","type":"post","link":"https:\/\/dypall.com\/pt\/conference\/final-conference-of-the-project-management-systems-of-coworking-spaces-for-social-innovation-athens\/","title":{"rendered":"Confer\u00eancia final do projeto \u00abSistemas de gest\u00e3o dos espa\u00e7os de coworking para a inova\u00e7\u00e3o social\u00bb"},"content":{"rendered":"<div>\n<div class=\"\" dir=\"auto\">\n<div id=\"jsc_c_rb\" class=\"ecm0bbzt hv4rvrfc ihqw7lf3 dati1w0a\" data-ad-comet-preview=\"message\" data-ad-preview=\"message\">\n<div class=\"j83agx80 cbu4d94t ew0dbk1b irj2b8pg\">\n<div class=\"qzhwtbm6 knvmm38d\">\n<div class=\"kvgmc6g5 cxmmr5t8 oygrvhab hcukyx3x c1et5uql ii04i59q\">\n<div dir=\"auto\">\n<p>Em 23-26.05, a rede DYPALL participou na reuni\u00e3o final e na confer\u00eancia da <strong>projeto \u00abSistemas de gest\u00e3o de espa\u00e7os de trabalho colaborativo para a inova\u00e7\u00e3o social\u00bb<\/strong>.<\/p>\n<p>Durante a confer\u00eancia, os parceiros do projeto partilharam boas pr\u00e1ticas e ferramentas pr\u00e1ticas mapeadas durante o projeto, no \u00e2mbito dos seguintes temas:<\/p>\n<ul>\n<li>Aumentar o potencial de aprendizagem dos espa\u00e7os de coworking<\/li>\n<li>Os jovens e os espa\u00e7os de coworking \u2013 Universo de possibilidades.<\/li>\n<li>Impacto dos espa\u00e7os de coworking nas comunidades locais<\/li>\n<\/ul>\n<p>A confer\u00eancia constituiu uma oportunidade para partilhar o resultado final do projeto: <strong>a publica\u00e7\u00e3o Espa\u00e7os de trabalho colaborativos para a inova\u00e7\u00e3o social \u2013 Estudo sobre boas pr\u00e1ticas<\/strong>. Apresenta 19 pr\u00e1ticas cuidadosamente selecionadas, mapeadas entre espa\u00e7os de coworking de 9 pa\u00edses, com o objetivo de impulsionar o empreendedorismo social e ter um impacto positivo nas comunidades locais.<\/p>\n<\/div>\n<\/div>\n<div class=\"kvgmc6g5 cxmmr5t8 oygrvhab hcukyx3x c1et5uql ii04i59q\">\n<div dir=\"auto\">\n<p>Concentr\u00e1mos a nossa investiga\u00e7\u00e3o nas pr\u00e1ticas que:<\/p>\n<ul>\n<li><strong>POTENCIAL DE APRENDIZAGEM EM CURSO<\/strong> entre os membros dos espa\u00e7os de coworking<\/li>\n<li>s\u00e3o<strong> ORIENTADO SOBRE A JUVENTUDE<\/strong> e apoiar os jovens com programas especiais<\/li>\n<li>Aumente o positivo <strong>IMPACTO SOCIAL LOCAL<\/strong> de um espa\u00e7o de coworking<\/li>\n<li>representam interessantes e valiosos <strong>PROGRAMAS DE APOIO<\/strong>.<\/li>\n<\/ul>\n<p><strong>A publica\u00e7\u00e3o est\u00e1 dispon\u00edvel aqui<\/strong>: <a href=\"http:\/\/tiny.cc\/coworkingpublication\">http:\/\/tiny.cc\/coworkingpublication<\/a><\/p>\n<p>A publica\u00e7\u00e3o \u00e9 o resultado final do projeto \u00ab<strong>Sistemas de gest\u00e3o de espa\u00e7os de coworking para a inova\u00e7\u00e3o social<\/strong>\u201d gerido pela rede DYPALL (Portugal) em coopera\u00e7\u00e3o com <a href=\"http:\/\/cris.org.pl\/\">Centrum Rozwoju Inicjatyw Spo\u0142ecznych CRIS<\/a>\u00a0(Pol\u00f3nia),\u00a0<a href=\"http:\/\/sende.co\/\">Sende<\/a>\u00a0(Espanha),\u00a0<a href=\"https:\/\/www.socialcity.at\/\">Cidade social Wien<\/a> (\u00c1ustria),\u00a0<a href=\"https:\/\/higgs3.org\/en\/higgs\/\">GRANDES<\/a> (Gr\u00e9cia) e a rede internacional de espa\u00e7os de coworking <a href=\"https:\/\/impacthub.net\/\">Plataforma de impacto<\/a>. Foi financiado ao abrigo da A\u00e7\u00e3o-chave 2 do programa Erasmus+ \u00abInterc\u00e2mbio de boas pr\u00e1ticas\u00bb pela <a href=\"https:\/\/erasmusplus.org.pl\/\">Ag\u00eancia Nacional Polaca do Programa Erasmus+<\/a>.<\/p>\n<\/div>\n<\/div>\n<\/div>\n<\/div>\n<\/div>\n<\/div>\n<\/div>\n<div>\n<div class=\"\" dir=\"auto\">\n<div id=\"jsc_c_rb\" class=\"ecm0bbzt hv4rvrfc ihqw7lf3 dati1w0a\" data-ad-comet-preview=\"message\" data-ad-preview=\"message\">\n<div class=\"j83agx80 cbu4d94t ew0dbk1b irj2b8pg\">\n<div class=\"qzhwtbm6 knvmm38d\">\n<div class=\"cxmmr5t8 oygrvhab hcukyx3x c1et5uql o9v6fnle ii04i59q\">\n<div dir=\"auto\"><\/div>\n<\/div>\n<\/div>\n<\/div>\n<\/div>\n<div dir=\"auto\"><a href=\"https:\/\/dypall.com\/pt\/2022\/05\/26\/final-conference-of-the-project-management-systems-of-coworking-spaces-for-social-innovation-athens\/1-21\/#main\" rel=\"attachment wp-att-5594\"><img loading=\"lazy\" decoding=\"async\" class=\"alignleft size-large wp-image-5594\" src=\"https:\/\/dypall.com\/wp-content\/uploads\/2022\/06\/1-1024x768.jpeg\" alt=\"\" width=\"1024\" height=\"768\" \/><\/a> <a href=\"https:\/\/dypall.com\/pt\/2022\/05\/26\/final-conference-of-the-project-management-systems-of-coworking-spaces-for-social-innovation-athens\/2-22\/#main\" rel=\"attachment wp-att-5595\"><img loading=\"lazy\" decoding=\"async\" class=\"alignleft size-large wp-image-5595\" src=\"https:\/\/dypall.com\/wp-content\/uploads\/2022\/06\/2-1024x768.jpeg\" alt=\"\" width=\"1024\" height=\"768\" \/><\/a> <a href=\"https:\/\/dypall.com\/pt\/2022\/05\/26\/final-conference-of-the-project-management-systems-of-coworking-spaces-for-social-innovation-athens\/3-18\/#main\" rel=\"attachment wp-att-5596\"><img loading=\"lazy\" decoding=\"async\" class=\"alignleft size-large wp-image-5596\" src=\"https:\/\/dypall.com\/wp-content\/uploads\/2022\/06\/3-1024x768.jpeg\" alt=\"\" width=\"1024\" height=\"768\" \/><\/a> <a href=\"https:\/\/dypall.com\/pt\/2022\/05\/26\/final-conference-of-the-project-management-systems-of-coworking-spaces-for-social-innovation-athens\/7-10\/#main\" rel=\"attachment wp-att-5597\"><img loading=\"lazy\" decoding=\"async\" class=\"alignleft size-large wp-image-5597\" src=\"https:\/\/dypall.com\/wp-content\/uploads\/2022\/06\/7-1024x768.jpeg\" alt=\"\" width=\"1024\" height=\"768\" \/><\/a><\/div>\n<\/div>\n<\/div>","protected":false},"excerpt":{"rendered":"<p>Em 23-26.05, a rede DYPALL participou na reuni\u00e3o final e na confer\u00eancia do projeto \u00abSistemas de gest\u00e3o de espa\u00e7os de trabalho colaborativo para a inova\u00e7\u00e3o social\u00bb. Durante a confer\u00eancia, os parceiros do projeto partilharam boas pr\u00e1ticas e ferramentas pr\u00e1ticas mapeadas durante o projeto, no \u00e2mbito dos seguintes temas: Aumentar o potencial de aprendizagem dos espa\u00e7os de coworking Os jovens e os espa\u00e7os de coworking \u2013... <a class=\"more-link\" href=\"https:\/\/dypall.com\/pt\/conference\/final-conference-of-the-project-management-systems-of-coworking-spaces-for-social-innovation-athens\/\">Continuar a ler <span class=\"screen-reader-text\">Confer\u00eancia final do projeto \u00abSistemas de gest\u00e3o dos espa\u00e7os de coworking para a inova\u00e7\u00e3o social\u00bb<\/span><\/a><\/p>","protected":false},"author":2,"featured_media":5594,"comment_status":"closed","ping_status":"open","sticky":false,"template":"","format":"standard","meta":{"_acf_changed":false,"_jetpack_memberships_contains_paid_content":false,"footnotes":""},"categories":[112],"tags":[],"class_list":["post-5593","post","type-post","status-publish","format-standard","has-post-thumbnail","hentry","category-conference","entry"],"acf":[],"yoast_head":"<!-- This site is optimized with the Yoast SEO plugin v22.8 - https:\/\/yoast.com\/wordpress\/plugins\/seo\/ -->\n<title>Final conference of the project &quot;Management systems of coworking spaces for social innovation&quot; - DYPALL Network<\/title>\n<meta name=\"robots\" content=\"index, follow, max-snippet:-1, max-image-preview:large, max-video-preview:-1\" \/>\n<link rel=\"canonical\" href=\"https:\/\/dypall.com\/pt\/conference\/final-conference-of-the-project-management-systems-of-coworking-spaces-for-social-innovation-athens\/\" \/>\n<meta property=\"og:locale\" content=\"pt_PT\" \/>\n<meta property=\"og:type\" content=\"article\" \/>\n<meta property=\"og:title\" content=\"Final conference of the project &quot;Management systems of coworking spaces for social innovation&quot; - DYPALL Network\" \/>\n<meta property=\"og:description\" content=\"On the 23-26.05 DYPALL Network took part in the final meeting and conference of the project &#8220;Management Systems of Coworking Spaces for Social Innovation&#8221;. During the conference, project partners shared good practices and practical tools mapped during the project, under the following topics: Boosting learning potential of coworking spaces Young people and coworking spaces &#8211;&hellip; Continue a ler Final conference of the project &#8220;Management systems of coworking spaces for social innovation&#8221;\" \/>\n<meta property=\"og:url\" content=\"https:\/\/dypall.com\/pt\/conference\/final-conference-of-the-project-management-systems-of-coworking-spaces-for-social-innovation-athens\/\" \/>\n<meta property=\"og:site_name\" content=\"DYPALL Network\" \/>\n<meta property=\"article:published_time\" content=\"2022-05-26T15:39:11+00:00\" \/>\n<meta name=\"author\" content=\"dypall\" \/>\n<meta name=\"twitter:card\" content=\"summary_large_image\" \/>\n<meta name=\"twitter:label1\" content=\"Written by\" \/>\n\t<meta name=\"twitter:data1\" content=\"dypall\" \/>\n\t<meta name=\"twitter:label2\" content=\"Est. reading time\" \/>\n\t<meta name=\"twitter:data2\" content=\"1 minuto\" \/>\n<script type=\"application\/ld+json\" class=\"yoast-schema-graph\">{\"@context\":\"https:\/\/schema.org\",\"@graph\":[{\"@type\":\"WebPage\",\"@id\":\"https:\/\/dypall.com\/conference\/final-conference-of-the-project-management-systems-of-coworking-spaces-for-social-innovation-athens\/\",\"url\":\"https:\/\/dypall.com\/conference\/final-conference-of-the-project-management-systems-of-coworking-spaces-for-social-innovation-athens\/\",\"name\":\"Final conference of the project \\\"Management systems of coworking spaces for social innovation\\\" - DYPALL Network\",\"isPartOf\":{\"@id\":\"https:\/\/dypall.com\/#website\"},\"primaryImageOfPage\":{\"@id\":\"https:\/\/dypall.com\/conference\/final-conference-of-the-project-management-systems-of-coworking-spaces-for-social-innovation-athens\/#primaryimage\"},\"image\":{\"@id\":\"https:\/\/dypall.com\/conference\/final-conference-of-the-project-management-systems-of-coworking-spaces-for-social-innovation-athens\/#primaryimage\"},\"thumbnailUrl\":\"\",\"datePublished\":\"2022-05-26T15:39:11+00:00\",\"dateModified\":\"2022-05-26T15:39:11+00:00\",\"author\":{\"@id\":\"https:\/\/dypall.com\/#\/schema\/person\/206350efe851997fcdedef75d118766b\"},\"breadcrumb\":{\"@id\":\"https:\/\/dypall.com\/conference\/final-conference-of-the-project-management-systems-of-coworking-spaces-for-social-innovation-athens\/#breadcrumb\"},\"inLanguage\":\"pt-PT\",\"potentialAction\":[{\"@type\":\"ReadAction\",\"target\":[\"https:\/\/dypall.com\/conference\/final-conference-of-the-project-management-systems-of-coworking-spaces-for-social-innovation-athens\/\"]}]},{\"@type\":\"ImageObject\",\"inLanguage\":\"pt-PT\",\"@id\":\"https:\/\/dypall.com\/conference\/final-conference-of-the-project-management-systems-of-coworking-spaces-for-social-innovation-athens\/#primaryimage\",\"url\":\"\",\"contentUrl\":\"\"},{\"@type\":\"BreadcrumbList\",\"@id\":\"https:\/\/dypall.com\/conference\/final-conference-of-the-project-management-systems-of-coworking-spaces-for-social-innovation-athens\/#breadcrumb\",\"itemListElement\":[{\"@type\":\"ListItem\",\"position\":1,\"name\":\"Home\",\"item\":\"https:\/\/dypall.com\/\"},{\"@type\":\"ListItem\",\"position\":2,\"name\":\"Final conference of the project &#8220;Management systems of coworking spaces for social innovation&#8221;\"}]},{\"@type\":\"WebSite\",\"@id\":\"https:\/\/dypall.com\/#website\",\"url\":\"https:\/\/dypall.com\/\",\"name\":\"DYPALL Network\",\"description\":\"We are a European network of civil society organisations, municipalities and research institutions dedicated to improving democracy through youth participation.\",\"potentialAction\":[{\"@type\":\"SearchAction\",\"target\":{\"@type\":\"EntryPoint\",\"urlTemplate\":\"https:\/\/dypall.com\/?s={search_term_string}\"},\"query-input\":\"required name=search_term_string\"}],\"inLanguage\":\"pt-PT\"},{\"@type\":\"Person\",\"@id\":\"https:\/\/dypall.com\/#\/schema\/person\/206350efe851997fcdedef75d118766b\",\"name\":\"dypall\",\"image\":{\"@type\":\"ImageObject\",\"inLanguage\":\"pt-PT\",\"@id\":\"https:\/\/dypall.com\/#\/schema\/person\/image\/\",\"url\":\"https:\/\/secure.gravatar.com\/avatar\/14e8d3d8841cd0bdf69915120bcf9fcfac1567f1dc7035664907322ac47efe29?s=96&d=mm&r=g\",\"contentUrl\":\"https:\/\/secure.gravatar.com\/avatar\/14e8d3d8841cd0bdf69915120bcf9fcfac1567f1dc7035664907322ac47efe29?s=96&d=mm&r=g\",\"caption\":\"dypall\"},\"url\":\"https:\/\/dypall.com\/pt\/author\/dypall_info\/\"}]}<\/script>\n<!-- \/ Yoast SEO plugin. -->","yoast_head_json":{"title":"Final conference of the project \"Management systems of coworking spaces for social innovation\" - DYPALL Network","robots":{"index":"index","follow":"follow","max-snippet":"max-snippet:-1","max-image-preview":"max-image-preview:large","max-video-preview":"max-video-preview:-1"},"canonical":"https:\/\/dypall.com\/pt\/conference\/final-conference-of-the-project-management-systems-of-coworking-spaces-for-social-innovation-athens\/","og_locale":"pt_PT","og_type":"article","og_title":"Final conference of the project \"Management systems of coworking spaces for social innovation\" - DYPALL Network","og_description":"On the 23-26.05 DYPALL Network took part in the final meeting and conference of the project &#8220;Management Systems of Coworking Spaces for Social Innovation&#8221;. During the conference, project partners shared good practices and practical tools mapped during the project, under the following topics: Boosting learning potential of coworking spaces Young people and coworking spaces &#8211;&hellip; Continue a ler Final conference of the project &#8220;Management systems of coworking spaces for social innovation&#8221;","og_url":"https:\/\/dypall.com\/pt\/conference\/final-conference-of-the-project-management-systems-of-coworking-spaces-for-social-innovation-athens\/","og_site_name":"DYPALL Network","article_published_time":"2022-05-26T15:39:11+00:00","author":"dypall","twitter_card":"summary_large_image","twitter_misc":{"Written by":"dypall","Est. reading time":"1 minuto"},"schema":{"@context":"https:\/\/schema.org","@graph":[{"@type":"WebPage","@id":"https:\/\/dypall.com\/conference\/final-conference-of-the-project-management-systems-of-coworking-spaces-for-social-innovation-athens\/","url":"https:\/\/dypall.com\/conference\/final-conference-of-the-project-management-systems-of-coworking-spaces-for-social-innovation-athens\/","name":"Final conference of the project \"Management systems of coworking spaces for social innovation\" - DYPALL Network","isPartOf":{"@id":"https:\/\/dypall.com\/#website"},"primaryImageOfPage":{"@id":"https:\/\/dypall.com\/conference\/final-conference-of-the-project-management-systems-of-coworking-spaces-for-social-innovation-athens\/#primaryimage"},"image":{"@id":"https:\/\/dypall.com\/conference\/final-conference-of-the-project-management-systems-of-coworking-spaces-for-social-innovation-athens\/#primaryimage"},"thumbnailUrl":"","datePublished":"2022-05-26T15:39:11+00:00","dateModified":"2022-05-26T15:39:11+00:00","author":{"@id":"https:\/\/dypall.com\/#\/schema\/person\/206350efe851997fcdedef75d118766b"},"breadcrumb":{"@id":"https:\/\/dypall.com\/conference\/final-conference-of-the-project-management-systems-of-coworking-spaces-for-social-innovation-athens\/#breadcrumb"},"inLanguage":"pt-PT","potentialAction":[{"@type":"ReadAction","target":["https:\/\/dypall.com\/conference\/final-conference-of-the-project-management-systems-of-coworking-spaces-for-social-innovation-athens\/"]}]},{"@type":"ImageObject","inLanguage":"pt-PT","@id":"https:\/\/dypall.com\/conference\/final-conference-of-the-project-management-systems-of-coworking-spaces-for-social-innovation-athens\/#primaryimage","url":"","contentUrl":""},{"@type":"BreadcrumbList","@id":"https:\/\/dypall.com\/conference\/final-conference-of-the-project-management-systems-of-coworking-spaces-for-social-innovation-athens\/#breadcrumb","itemListElement":[{"@type":"ListItem","position":1,"name":"Home","item":"https:\/\/dypall.com\/"},{"@type":"ListItem","position":2,"name":"Final conference of the project &#8220;Management systems of coworking spaces for social innovation&#8221;"}]},{"@type":"WebSite","@id":"https:\/\/dypall.com\/#website","url":"https:\/\/dypall.com\/","name":"DYPALL Network","description":"We are a European network of civil society organisations, municipalities and research institutions dedicated to improving democracy through youth participation.","potentialAction":[{"@type":"SearchAction","target":{"@type":"EntryPoint","urlTemplate":"https:\/\/dypall.com\/?s={search_term_string}"},"query-input":"required name=search_term_string"}],"inLanguage":"pt-PT"},{"@type":"Person","@id":"https:\/\/dypall.com\/#\/schema\/person\/206350efe851997fcdedef75d118766b","name":"dypall","image":{"@type":"ImageObject","inLanguage":"pt-PT","@id":"https:\/\/dypall.com\/#\/schema\/person\/image\/","url":"https:\/\/secure.gravatar.com\/avatar\/14e8d3d8841cd0bdf69915120bcf9fcfac1567f1dc7035664907322ac47efe29?s=96&d=mm&r=g","contentUrl":"https:\/\/secure.gravatar.com\/avatar\/14e8d3d8841cd0bdf69915120bcf9fcfac1567f1dc7035664907322ac47efe29?s=96&d=mm&r=g","caption":"dypall"},"url":"https:\/\/dypall.com\/pt\/author\/dypall_info\/"}]}},"jetpack_featured_media_url":"","jetpack_sharing_enabled":true,"_links":{"self":[{"href":"https:\/\/dypall.com\/pt\/wp-json\/wp\/v2\/posts\/5593","targetHints":{"allow":["GET"]}}],"collection":[{"href":"https:\/\/dypall.com\/pt\/wp-json\/wp\/v2\/posts"}],"about":[{"href":"https:\/\/dypall.com\/pt\/wp-json\/wp\/v2\/types\/post"}],"author":[{"embeddable":true,"href":"https:\/\/dypall.com\/pt\/wp-json\/wp\/v2\/users\/2"}],"replies":[{"embeddable":true,"href":"https:\/\/dypall.com\/pt\/wp-json\/wp\/v2\/comments?post=5593"}],"version-history":[{"count":0,"href":"https:\/\/dypall.com\/pt\/wp-json\/wp\/v2\/posts\/5593\/revisions"}],"wp:featuredmedia":[{"embeddable":true,"href":"https:\/\/dypall.com\/pt\/wp-json\/"}],"wp:attachment":[{"href":"https:\/\/dypall.com\/pt\/wp-json\/wp\/v2\/media?parent=5593"}],"wp:term":[{"taxonomy":"category","embeddable":true,"href":"https:\/\/dypall.com\/pt\/wp-json\/wp\/v2\/categories?post=5593"},{"taxonomy":"post_tag","embeddable":true,"href":"https:\/\/dypall.com\/pt\/wp-json\/wp\/v2\/tags?post=5593"}],"curies":[{"name":"wp","href":"https:\/\/api.w.org\/{rel}","templated":true}]}}