{"id":5572,"date":"2022-03-18T17:21:54","date_gmt":"2022-03-18T17:21:54","guid":{"rendered":"https:\/\/dypall.com\/?p=5405"},"modified":"2022-03-18T17:21:54","modified_gmt":"2022-03-18T17:21:54","slug":"international-conference-building-resilient-communities-training-course-youth-takes-the-floor-2","status":"publish","type":"post","link":"https:\/\/dypall.com\/pt\/conference\/international-conference-building-resilient-communities-training-course-youth-takes-the-floor-2\/","title":{"rendered":"Confer\u00eancia Internacional: Construir Comunidades Resilientes &amp; Curso de Forma\u00e7\u00e3o Juventude Assume o Andar"},"content":{"rendered":"<p>Na pr\u00f3xima semana, a Rede DYPALL est\u00e1 a organizar duas atividades em paralelo em Braga, Portugal, que reunir\u00e3o mais de 80 animadores de juventude, representantes dos munic\u00edpios e l\u00edderes juvenis de toda a Europa.<\/p>\n<p>Uma delas \u00e9 a Confer\u00eancia Internacional: Construir comunidades resilientes \u2013 Trabalho com jovens a n\u00edvel municipal durante a pandemia de COVID-19, que constituir\u00e1 uma plataforma para as organiza\u00e7\u00f5es da sociedade civil e os munic\u00edpios de toda a Europa se reunirem, explorarem e debaterem novos instrumentos e pr\u00e1ticas no dom\u00ednio do trabalho com jovens que sirvam para responder aos novos desafios na Europa, com especial destaque para pr\u00e1ticas e instrumentos sustent\u00e1veis que promovam comunidades resilientes, preparadas para fazer face a circunst\u00e2ncias extraordin\u00e1rias.<\/p>\n<p>A outra atividade \u00e9 um curso de forma\u00e7\u00e3o sobre a forma de aumentar a participa\u00e7\u00e3o dos jovens na tomada de decis\u00f5es. Durante o curso de forma\u00e7\u00e3o, os participantes desenvolver\u00e3o compet\u00eancias para criar e capacitar estruturas e instrumentos de participa\u00e7\u00e3o juvenil que permitam aos jovens participar ativamente nos processos de tomada de decis\u00e3o a n\u00edvel local.<\/p>\n<p>A Confer\u00eancia \u00e9 organizada com o apoio do programa Erasmus+ atrav\u00e9s da Ag\u00eancia Nacional Portuguesa. A forma\u00e7\u00e3o \u00e9 organizada com o apoio da Funda\u00e7\u00e3o Europeia da Juventude do Conselho da Europa. Ambas as atividades s\u00e3o apoiadas pelo Munic\u00edpio de Braga.<\/p>\n<p><a href=\"https:\/\/dypall.com\/pt\/2022\/03\/18\/international-conference-building-resilient-communities-training-course-youth-takes-the-floor\/whatsapp-image-2022-03-18-at-15-56-47\/#main\" rel=\"attachment wp-att-5406\"><img loading=\"lazy\" decoding=\"async\" class=\"alignleft size-large wp-image-5406\" src=\"https:\/\/dypall.com\/wp-content\/uploads\/2022\/03\/WhatsApp-Image-2022-03-18-at-15.56.47-1024x858.jpeg\" alt=\"\" width=\"1024\" height=\"858\" \/><\/a><\/p>\n<p><a href=\"https:\/\/dypall.com\/pt\/2022\/03\/18\/international-conference-building-resilient-communities-training-course-youth-takes-the-floor\/whatsapp-image-2022-03-18-at-15-57-08\/#main\" rel=\"attachment wp-att-5407\"><img loading=\"lazy\" decoding=\"async\" class=\"alignleft size-large wp-image-5407\" src=\"https:\/\/dypall.com\/wp-content\/uploads\/2022\/03\/WhatsApp-Image-2022-03-18-at-15.57.08-1024x1024.jpeg\" alt=\"\" width=\"1024\" height=\"1024\" \/><\/a><\/p>","protected":false},"excerpt":{"rendered":"<p>Na pr\u00f3xima semana, a Rede DYPALL est\u00e1 a organizar duas atividades em paralelo em Braga, Portugal, que reunir\u00e3o mais de 80 animadores de juventude, representantes dos munic\u00edpios e l\u00edderes juvenis de toda a Europa. Uma delas \u00e9 a Confer\u00eancia Internacional: Construir comunidades resilientes \u2013 Trabalho dos jovens a n\u00edvel municipal durante a pandemia de COVID-19, que constituir\u00e1 uma plataforma para a sociedade civil... <a class=\"more-link\" href=\"https:\/\/dypall.com\/pt\/conference\/international-conference-building-resilient-communities-training-course-youth-takes-the-floor-2\/\">Continuar a ler <span class=\"screen-reader-text\">Confer\u00eancia Internacional: Construir Comunidades Resilientes &amp; Curso de Forma\u00e7\u00e3o Juventude Assume o Andar<\/span><\/a><\/p>","protected":false},"author":1,"featured_media":5406,"comment_status":"closed","ping_status":"open","sticky":false,"template":"","format":"standard","meta":{"_acf_changed":false,"_jetpack_memberships_contains_paid_content":false,"footnotes":""},"categories":[112,141],"tags":[],"class_list":["post-5572","post","type-post","status-publish","format-standard","has-post-thumbnail","hentry","category-conference","category-training-course","entry"],"acf":[],"yoast_head":"<!-- This site is optimized with the Yoast SEO plugin v22.8 - https:\/\/yoast.com\/wordpress\/plugins\/seo\/ -->\n<title>International Conference: Building Resilient Communities &amp; Training Course Youth Takes the Floor - DYPALL Network<\/title>\n<meta name=\"robots\" content=\"index, follow, max-snippet:-1, max-image-preview:large, max-video-preview:-1\" \/>\n<link rel=\"canonical\" href=\"https:\/\/dypall.com\/pt\/conference\/international-conference-building-resilient-communities-training-course-youth-takes-the-floor-2\/\" \/>\n<meta property=\"og:locale\" content=\"pt_PT\" \/>\n<meta property=\"og:type\" content=\"article\" \/>\n<meta property=\"og:title\" content=\"International Conference: Building Resilient Communities &amp; Training Course Youth Takes the Floor - DYPALL Network\" \/>\n<meta property=\"og:description\" content=\"Next week DYPALL Network is organising two activities in parallel in Braga, Portugal, that will gather more than 80 youth workers, municipality representatives and youth leaders from all over Europe. One of them is International Conference: Building Resilient Communities \u2013Youth Work at Municipality Level during COVID-19 times that will be a platform for civil society&hellip; Continue a ler International Conference: Building Resilient Communities &#038; Training Course Youth Takes the Floor\" \/>\n<meta property=\"og:url\" content=\"https:\/\/dypall.com\/pt\/conference\/international-conference-building-resilient-communities-training-course-youth-takes-the-floor-2\/\" \/>\n<meta property=\"og:site_name\" content=\"DYPALL Network\" \/>\n<meta property=\"article:published_time\" content=\"2022-03-18T17:21:54+00:00\" \/>\n<meta name=\"author\" content=\"DYPALL Network\" \/>\n<meta name=\"twitter:card\" content=\"summary_large_image\" \/>\n<meta name=\"twitter:label1\" content=\"Written by\" \/>\n\t<meta name=\"twitter:data1\" content=\"DYPALL Network\" \/>\n\t<meta name=\"twitter:label2\" content=\"Est. reading time\" \/>\n\t<meta name=\"twitter:data2\" content=\"1 minuto\" \/>\n<script type=\"application\/ld+json\" class=\"yoast-schema-graph\">{\"@context\":\"https:\/\/schema.org\",\"@graph\":[{\"@type\":\"WebPage\",\"@id\":\"https:\/\/dypall.com\/conference\/international-conference-building-resilient-communities-training-course-youth-takes-the-floor-2\/\",\"url\":\"https:\/\/dypall.com\/conference\/international-conference-building-resilient-communities-training-course-youth-takes-the-floor-2\/\",\"name\":\"International Conference: Building Resilient Communities & Training Course Youth Takes the Floor - DYPALL Network\",\"isPartOf\":{\"@id\":\"https:\/\/dypall.com\/#website\"},\"primaryImageOfPage\":{\"@id\":\"https:\/\/dypall.com\/conference\/international-conference-building-resilient-communities-training-course-youth-takes-the-floor-2\/#primaryimage\"},\"image\":{\"@id\":\"https:\/\/dypall.com\/conference\/international-conference-building-resilient-communities-training-course-youth-takes-the-floor-2\/#primaryimage\"},\"thumbnailUrl\":\"\",\"datePublished\":\"2022-03-18T17:21:54+00:00\",\"dateModified\":\"2022-03-18T17:21:54+00:00\",\"author\":{\"@id\":\"https:\/\/dypall.com\/#\/schema\/person\/f92e08aa15c8ba711a9d153129f03377\"},\"breadcrumb\":{\"@id\":\"https:\/\/dypall.com\/conference\/international-conference-building-resilient-communities-training-course-youth-takes-the-floor-2\/#breadcrumb\"},\"inLanguage\":\"pt-PT\",\"potentialAction\":[{\"@type\":\"ReadAction\",\"target\":[\"https:\/\/dypall.com\/conference\/international-conference-building-resilient-communities-training-course-youth-takes-the-floor-2\/\"]}]},{\"@type\":\"ImageObject\",\"inLanguage\":\"pt-PT\",\"@id\":\"https:\/\/dypall.com\/conference\/international-conference-building-resilient-communities-training-course-youth-takes-the-floor-2\/#primaryimage\",\"url\":\"\",\"contentUrl\":\"\"},{\"@type\":\"BreadcrumbList\",\"@id\":\"https:\/\/dypall.com\/conference\/international-conference-building-resilient-communities-training-course-youth-takes-the-floor-2\/#breadcrumb\",\"itemListElement\":[{\"@type\":\"ListItem\",\"position\":1,\"name\":\"Home\",\"item\":\"https:\/\/dypall.com\/\"},{\"@type\":\"ListItem\",\"position\":2,\"name\":\"International Conference: Building Resilient Communities &#038; Training Course Youth Takes the Floor\"}]},{\"@type\":\"WebSite\",\"@id\":\"https:\/\/dypall.com\/#website\",\"url\":\"https:\/\/dypall.com\/\",\"name\":\"DYPALL Network\",\"description\":\"We are a European network of civil society organisations, municipalities and research institutions dedicated to improving democracy through youth participation.\",\"potentialAction\":[{\"@type\":\"SearchAction\",\"target\":{\"@type\":\"EntryPoint\",\"urlTemplate\":\"https:\/\/dypall.com\/?s={search_term_string}\"},\"query-input\":\"required name=search_term_string\"}],\"inLanguage\":\"pt-PT\"},{\"@type\":\"Person\",\"@id\":\"https:\/\/dypall.com\/#\/schema\/person\/f92e08aa15c8ba711a9d153129f03377\",\"name\":\"DYPALL Network\",\"image\":{\"@type\":\"ImageObject\",\"inLanguage\":\"pt-PT\",\"@id\":\"https:\/\/dypall.com\/#\/schema\/person\/image\/\",\"url\":\"https:\/\/secure.gravatar.com\/avatar\/9c39e299279800c6d69c5e02cf613e7bab060889f373052a03d7ac399e8f0d3c?s=96&d=mm&r=g\",\"contentUrl\":\"https:\/\/secure.gravatar.com\/avatar\/9c39e299279800c6d69c5e02cf613e7bab060889f373052a03d7ac399e8f0d3c?s=96&d=mm&r=g\",\"caption\":\"DYPALL Network\"},\"sameAs\":[\"https:\/\/dypall.com\"],\"url\":\"https:\/\/dypall.com\/pt\/author\/dypall\/\"}]}<\/script>\n<!-- \/ Yoast SEO plugin. -->","yoast_head_json":{"title":"International Conference: Building Resilient Communities & Training Course Youth Takes the Floor - DYPALL Network","robots":{"index":"index","follow":"follow","max-snippet":"max-snippet:-1","max-image-preview":"max-image-preview:large","max-video-preview":"max-video-preview:-1"},"canonical":"https:\/\/dypall.com\/pt\/conference\/international-conference-building-resilient-communities-training-course-youth-takes-the-floor-2\/","og_locale":"pt_PT","og_type":"article","og_title":"International Conference: Building Resilient Communities & Training Course Youth Takes the Floor - DYPALL Network","og_description":"Next week DYPALL Network is organising two activities in parallel in Braga, Portugal, that will gather more than 80 youth workers, municipality representatives and youth leaders from all over Europe. One of them is International Conference: Building Resilient Communities \u2013Youth Work at Municipality Level during COVID-19 times that will be a platform for civil society&hellip; Continue a ler International Conference: Building Resilient Communities &#038; Training Course Youth Takes the Floor","og_url":"https:\/\/dypall.com\/pt\/conference\/international-conference-building-resilient-communities-training-course-youth-takes-the-floor-2\/","og_site_name":"DYPALL Network","article_published_time":"2022-03-18T17:21:54+00:00","author":"DYPALL Network","twitter_card":"summary_large_image","twitter_misc":{"Written by":"DYPALL Network","Est. reading time":"1 minuto"},"schema":{"@context":"https:\/\/schema.org","@graph":[{"@type":"WebPage","@id":"https:\/\/dypall.com\/conference\/international-conference-building-resilient-communities-training-course-youth-takes-the-floor-2\/","url":"https:\/\/dypall.com\/conference\/international-conference-building-resilient-communities-training-course-youth-takes-the-floor-2\/","name":"International Conference: Building Resilient Communities & Training Course Youth Takes the Floor - DYPALL Network","isPartOf":{"@id":"https:\/\/dypall.com\/#website"},"primaryImageOfPage":{"@id":"https:\/\/dypall.com\/conference\/international-conference-building-resilient-communities-training-course-youth-takes-the-floor-2\/#primaryimage"},"image":{"@id":"https:\/\/dypall.com\/conference\/international-conference-building-resilient-communities-training-course-youth-takes-the-floor-2\/#primaryimage"},"thumbnailUrl":"","datePublished":"2022-03-18T17:21:54+00:00","dateModified":"2022-03-18T17:21:54+00:00","author":{"@id":"https:\/\/dypall.com\/#\/schema\/person\/f92e08aa15c8ba711a9d153129f03377"},"breadcrumb":{"@id":"https:\/\/dypall.com\/conference\/international-conference-building-resilient-communities-training-course-youth-takes-the-floor-2\/#breadcrumb"},"inLanguage":"pt-PT","potentialAction":[{"@type":"ReadAction","target":["https:\/\/dypall.com\/conference\/international-conference-building-resilient-communities-training-course-youth-takes-the-floor-2\/"]}]},{"@type":"ImageObject","inLanguage":"pt-PT","@id":"https:\/\/dypall.com\/conference\/international-conference-building-resilient-communities-training-course-youth-takes-the-floor-2\/#primaryimage","url":"","contentUrl":""},{"@type":"BreadcrumbList","@id":"https:\/\/dypall.com\/conference\/international-conference-building-resilient-communities-training-course-youth-takes-the-floor-2\/#breadcrumb","itemListElement":[{"@type":"ListItem","position":1,"name":"Home","item":"https:\/\/dypall.com\/"},{"@type":"ListItem","position":2,"name":"International Conference: Building Resilient Communities &#038; Training Course Youth Takes the Floor"}]},{"@type":"WebSite","@id":"https:\/\/dypall.com\/#website","url":"https:\/\/dypall.com\/","name":"DYPALL Network","description":"We are a European network of civil society organisations, municipalities and research institutions dedicated to improving democracy through youth participation.","potentialAction":[{"@type":"SearchAction","target":{"@type":"EntryPoint","urlTemplate":"https:\/\/dypall.com\/?s={search_term_string}"},"query-input":"required name=search_term_string"}],"inLanguage":"pt-PT"},{"@type":"Person","@id":"https:\/\/dypall.com\/#\/schema\/person\/f92e08aa15c8ba711a9d153129f03377","name":"DYPALL Network","image":{"@type":"ImageObject","inLanguage":"pt-PT","@id":"https:\/\/dypall.com\/#\/schema\/person\/image\/","url":"https:\/\/secure.gravatar.com\/avatar\/9c39e299279800c6d69c5e02cf613e7bab060889f373052a03d7ac399e8f0d3c?s=96&d=mm&r=g","contentUrl":"https:\/\/secure.gravatar.com\/avatar\/9c39e299279800c6d69c5e02cf613e7bab060889f373052a03d7ac399e8f0d3c?s=96&d=mm&r=g","caption":"DYPALL Network"},"sameAs":["https:\/\/dypall.com"],"url":"https:\/\/dypall.com\/pt\/author\/dypall\/"}]}},"jetpack_featured_media_url":"","jetpack_sharing_enabled":true,"_links":{"self":[{"href":"https:\/\/dypall.com\/pt\/wp-json\/wp\/v2\/posts\/5572","targetHints":{"allow":["GET"]}}],"collection":[{"href":"https:\/\/dypall.com\/pt\/wp-json\/wp\/v2\/posts"}],"about":[{"href":"https:\/\/dypall.com\/pt\/wp-json\/wp\/v2\/types\/post"}],"author":[{"embeddable":true,"href":"https:\/\/dypall.com\/pt\/wp-json\/wp\/v2\/users\/1"}],"replies":[{"embeddable":true,"href":"https:\/\/dypall.com\/pt\/wp-json\/wp\/v2\/comments?post=5572"}],"version-history":[{"count":0,"href":"https:\/\/dypall.com\/pt\/wp-json\/wp\/v2\/posts\/5572\/revisions"}],"wp:featuredmedia":[{"embeddable":true,"href":"https:\/\/dypall.com\/pt\/wp-json\/"}],"wp:attachment":[{"href":"https:\/\/dypall.com\/pt\/wp-json\/wp\/v2\/media?parent=5572"}],"wp:term":[{"taxonomy":"category","embeddable":true,"href":"https:\/\/dypall.com\/pt\/wp-json\/wp\/v2\/categories?post=5572"},{"taxonomy":"post_tag","embeddable":true,"href":"https:\/\/dypall.com\/pt\/wp-json\/wp\/v2\/tags?post=5572"}],"curies":[{"name":"wp","href":"https:\/\/api.w.org\/{rel}","templated":true}]}}