{"id":553,"date":"2016-04-15T08:00:32","date_gmt":"2016-04-15T06:00:32","guid":{"rendered":"http:\/\/dypall.com\/?p=103"},"modified":"2016-04-15T08:00:32","modified_gmt":"2016-04-15T06:00:32","slug":"5th-steering-group-meeting","status":"publish","type":"post","link":"https:\/\/dypall.com\/pt\/steering-group\/5th-steering-group-meeting\/","title":{"rendered":"5.a reuni\u00e3o do grupo diretor"},"content":{"rendered":"<p>Durante a Confer\u00eancia Internacional, os membros do Grupo Diretor (SG) realizaram sua quinta reuni\u00e3o entre 12 e 14 de abril.<\/p>\n<p>Conclu\u00edram a prepara\u00e7\u00e3o da reuni\u00e3o anual dos membros, que ter\u00e1 lugar na pr\u00f3xima sexta-feira, 15 de abril, e analisaram o plano de trabalho e as prioridades para 2016. Analisaram as necessidades dos nossos membros e da rede em geral e identificaram os principais projetos a candidatar para apoiar o seu desenvolvimento. O grupo de trabalho identificou duas prioridades principais para o ano: Alargamento da rede e comunica\u00e7\u00e3o, tanto a n\u00edvel interno como externo. O SG manifestou a sua satisfa\u00e7\u00e3o com o trabalho realizado em 2015. \u201c<em>Em quatro meses conseguimos ter 2 projectos internacionais concedidos: o 1<sup>st<\/sup> Confer\u00eancia Internacional DYPALL, actualmente em curso e a Sess\u00e3o de Estudo que ser\u00e1 realizada em Estrasburgo em Outubro<\/em>\u201d afirmou Bruno Antonio, presidente da reuni\u00e3o e coordenador da rede.<\/p>\n<p>Al\u00e9m disso, o grupo de estudo trabalhou em conjunto com v\u00e1rias partes interessadas europeias para criar mais oportunidades para os membros da nossa rede. \u201c<em>Durante a nossa primeira reuni\u00e3o de 2016, sentimos que este ano ser\u00e1 o momento de afirmar a Rede DYPALL como uma importante parte interessada no dom\u00ednio da participa\u00e7\u00e3o da juventude e do desenvolvimento da pol\u00edtica de juventude na arena europeia.<\/em>\u201d.<\/p>\n<p><img loading=\"lazy\" decoding=\"async\" class=\"alignnone size-medium wp-image-104\" src=\"http:\/\/dypall.com\/wp-content\/uploads\/2016\/06\/fotografia-4-300x169.jpg\" alt=\"Reuni\u00e3o do grupo de estudo 5, Portim\u00e3o, abril de 2016\" width=\"300\" height=\"169\" \/><\/p>","protected":false},"excerpt":{"rendered":"<p>Durante a Confer\u00eancia Internacional, os membros do Grupo Diretor (SG) realizaram sua quinta reuni\u00e3o entre 12 e 14 de abril. Conclu\u00edram a prepara\u00e7\u00e3o da reuni\u00e3o anual dos membros, que ter\u00e1 lugar na pr\u00f3xima sexta-feira, 15 de abril, e analisaram o plano de trabalho e as prioridades para 2016. Revisaram as necessidades dos nossos membros e da rede em geral,... <a class=\"more-link\" href=\"https:\/\/dypall.com\/pt\/steering-group\/5th-steering-group-meeting\/\">Continuar a ler <span class=\"screen-reader-text\">5.a reuni\u00e3o do grupo diretor<\/span><\/a><\/p>","protected":false},"author":2,"featured_media":0,"comment_status":"closed","ping_status":"open","sticky":false,"template":"","format":"standard","meta":{"_acf_changed":false,"_jetpack_memberships_contains_paid_content":false,"footnotes":""},"categories":[117],"tags":[116,118],"class_list":["post-553","post","type-post","status-publish","format-standard","hentry","category-steering-group","tag-dypall-network","tag-steering-group-meeting","entry"],"acf":[],"yoast_head":"<!-- This site is optimized with the Yoast SEO plugin v22.8 - https:\/\/yoast.com\/wordpress\/plugins\/seo\/ -->\n<title>5th Steering Group Meeting - DYPALL Network<\/title>\n<meta name=\"robots\" content=\"index, follow, max-snippet:-1, max-image-preview:large, max-video-preview:-1\" \/>\n<link rel=\"canonical\" href=\"https:\/\/dypall.com\/pt\/steering-group\/5th-steering-group-meeting\/\" \/>\n<meta property=\"og:locale\" content=\"pt_PT\" \/>\n<meta property=\"og:type\" content=\"article\" \/>\n<meta property=\"og:title\" content=\"5th Steering Group Meeting - DYPALL Network\" \/>\n<meta property=\"og:description\" content=\"During the\u00a0International Conference, the members of the Steering Group (SG) held their fifth meeting between April 12 and 14. They\u00a0finalized\u00a0the preparation of the members&#8217; annual meeting, taking place in the upcoming Friday April 15 and reviewed\u00a0the work plan and priorities for 2016. They reviewed the needs of our members and of the network in general,&hellip; Continue a ler 5th Steering Group Meeting\" \/>\n<meta property=\"og:url\" content=\"https:\/\/dypall.com\/pt\/steering-group\/5th-steering-group-meeting\/\" \/>\n<meta property=\"og:site_name\" content=\"DYPALL Network\" \/>\n<meta property=\"article:published_time\" content=\"2016-04-15T06:00:32+00:00\" \/>\n<meta property=\"og:image\" content=\"http:\/\/dypall.com\/wp-content\/uploads\/2016\/06\/fotografia-4-300x169.jpg\" \/>\n<meta name=\"author\" content=\"dypall\" \/>\n<meta name=\"twitter:card\" content=\"summary_large_image\" \/>\n<meta name=\"twitter:label1\" content=\"Written by\" \/>\n\t<meta name=\"twitter:data1\" content=\"dypall\" \/>\n\t<meta name=\"twitter:label2\" content=\"Est. reading time\" \/>\n\t<meta name=\"twitter:data2\" content=\"1 minuto\" \/>\n<script type=\"application\/ld+json\" class=\"yoast-schema-graph\">{\"@context\":\"https:\/\/schema.org\",\"@graph\":[{\"@type\":\"WebPage\",\"@id\":\"https:\/\/dypall.com\/steering-group\/5th-steering-group-meeting\/\",\"url\":\"https:\/\/dypall.com\/steering-group\/5th-steering-group-meeting\/\",\"name\":\"5th Steering Group Meeting - DYPALL Network\",\"isPartOf\":{\"@id\":\"https:\/\/dypall.com\/#website\"},\"primaryImageOfPage\":{\"@id\":\"https:\/\/dypall.com\/steering-group\/5th-steering-group-meeting\/#primaryimage\"},\"image\":{\"@id\":\"https:\/\/dypall.com\/steering-group\/5th-steering-group-meeting\/#primaryimage\"},\"thumbnailUrl\":\"http:\/\/dypall.com\/wp-content\/uploads\/2016\/06\/fotografia-4-300x169.jpg\",\"datePublished\":\"2016-04-15T06:00:32+00:00\",\"dateModified\":\"2016-04-15T06:00:32+00:00\",\"author\":{\"@id\":\"https:\/\/dypall.com\/#\/schema\/person\/206350efe851997fcdedef75d118766b\"},\"breadcrumb\":{\"@id\":\"https:\/\/dypall.com\/steering-group\/5th-steering-group-meeting\/#breadcrumb\"},\"inLanguage\":\"pt-PT\",\"potentialAction\":[{\"@type\":\"ReadAction\",\"target\":[\"https:\/\/dypall.com\/steering-group\/5th-steering-group-meeting\/\"]}]},{\"@type\":\"ImageObject\",\"inLanguage\":\"pt-PT\",\"@id\":\"https:\/\/dypall.com\/steering-group\/5th-steering-group-meeting\/#primaryimage\",\"url\":\"http:\/\/dypall.com\/wp-content\/uploads\/2016\/06\/fotografia-4-300x169.jpg\",\"contentUrl\":\"http:\/\/dypall.com\/wp-content\/uploads\/2016\/06\/fotografia-4-300x169.jpg\"},{\"@type\":\"BreadcrumbList\",\"@id\":\"https:\/\/dypall.com\/steering-group\/5th-steering-group-meeting\/#breadcrumb\",\"itemListElement\":[{\"@type\":\"ListItem\",\"position\":1,\"name\":\"Home\",\"item\":\"https:\/\/dypall.com\/\"},{\"@type\":\"ListItem\",\"position\":2,\"name\":\"5th Steering Group Meeting\"}]},{\"@type\":\"WebSite\",\"@id\":\"https:\/\/dypall.com\/#website\",\"url\":\"https:\/\/dypall.com\/\",\"name\":\"DYPALL Network\",\"description\":\"We are a European network of civil society organisations, municipalities and research institutions dedicated to improving democracy through youth participation.\",\"potentialAction\":[{\"@type\":\"SearchAction\",\"target\":{\"@type\":\"EntryPoint\",\"urlTemplate\":\"https:\/\/dypall.com\/?s={search_term_string}\"},\"query-input\":\"required name=search_term_string\"}],\"inLanguage\":\"pt-PT\"},{\"@type\":\"Person\",\"@id\":\"https:\/\/dypall.com\/#\/schema\/person\/206350efe851997fcdedef75d118766b\",\"name\":\"dypall\",\"image\":{\"@type\":\"ImageObject\",\"inLanguage\":\"pt-PT\",\"@id\":\"https:\/\/dypall.com\/#\/schema\/person\/image\/\",\"url\":\"https:\/\/secure.gravatar.com\/avatar\/14e8d3d8841cd0bdf69915120bcf9fcfac1567f1dc7035664907322ac47efe29?s=96&d=mm&r=g\",\"contentUrl\":\"https:\/\/secure.gravatar.com\/avatar\/14e8d3d8841cd0bdf69915120bcf9fcfac1567f1dc7035664907322ac47efe29?s=96&d=mm&r=g\",\"caption\":\"dypall\"},\"url\":\"https:\/\/dypall.com\/pt\/author\/dypall_info\/\"}]}<\/script>\n<!-- \/ Yoast SEO plugin. -->","yoast_head_json":{"title":"5th Steering Group Meeting - DYPALL Network","robots":{"index":"index","follow":"follow","max-snippet":"max-snippet:-1","max-image-preview":"max-image-preview:large","max-video-preview":"max-video-preview:-1"},"canonical":"https:\/\/dypall.com\/pt\/steering-group\/5th-steering-group-meeting\/","og_locale":"pt_PT","og_type":"article","og_title":"5th Steering Group Meeting - DYPALL Network","og_description":"During the\u00a0International Conference, the members of the Steering Group (SG) held their fifth meeting between April 12 and 14. They\u00a0finalized\u00a0the preparation of the members&#8217; annual meeting, taking place in the upcoming Friday April 15 and reviewed\u00a0the work plan and priorities for 2016. They reviewed the needs of our members and of the network in general,&hellip; Continue a ler 5th Steering Group Meeting","og_url":"https:\/\/dypall.com\/pt\/steering-group\/5th-steering-group-meeting\/","og_site_name":"DYPALL Network","article_published_time":"2016-04-15T06:00:32+00:00","og_image":[{"url":"http:\/\/dypall.com\/wp-content\/uploads\/2016\/06\/fotografia-4-300x169.jpg"}],"author":"dypall","twitter_card":"summary_large_image","twitter_misc":{"Written by":"dypall","Est. reading time":"1 minuto"},"schema":{"@context":"https:\/\/schema.org","@graph":[{"@type":"WebPage","@id":"https:\/\/dypall.com\/steering-group\/5th-steering-group-meeting\/","url":"https:\/\/dypall.com\/steering-group\/5th-steering-group-meeting\/","name":"5th Steering Group Meeting - DYPALL Network","isPartOf":{"@id":"https:\/\/dypall.com\/#website"},"primaryImageOfPage":{"@id":"https:\/\/dypall.com\/steering-group\/5th-steering-group-meeting\/#primaryimage"},"image":{"@id":"https:\/\/dypall.com\/steering-group\/5th-steering-group-meeting\/#primaryimage"},"thumbnailUrl":"http:\/\/dypall.com\/wp-content\/uploads\/2016\/06\/fotografia-4-300x169.jpg","datePublished":"2016-04-15T06:00:32+00:00","dateModified":"2016-04-15T06:00:32+00:00","author":{"@id":"https:\/\/dypall.com\/#\/schema\/person\/206350efe851997fcdedef75d118766b"},"breadcrumb":{"@id":"https:\/\/dypall.com\/steering-group\/5th-steering-group-meeting\/#breadcrumb"},"inLanguage":"pt-PT","potentialAction":[{"@type":"ReadAction","target":["https:\/\/dypall.com\/steering-group\/5th-steering-group-meeting\/"]}]},{"@type":"ImageObject","inLanguage":"pt-PT","@id":"https:\/\/dypall.com\/steering-group\/5th-steering-group-meeting\/#primaryimage","url":"http:\/\/dypall.com\/wp-content\/uploads\/2016\/06\/fotografia-4-300x169.jpg","contentUrl":"http:\/\/dypall.com\/wp-content\/uploads\/2016\/06\/fotografia-4-300x169.jpg"},{"@type":"BreadcrumbList","@id":"https:\/\/dypall.com\/steering-group\/5th-steering-group-meeting\/#breadcrumb","itemListElement":[{"@type":"ListItem","position":1,"name":"Home","item":"https:\/\/dypall.com\/"},{"@type":"ListItem","position":2,"name":"5th Steering Group Meeting"}]},{"@type":"WebSite","@id":"https:\/\/dypall.com\/#website","url":"https:\/\/dypall.com\/","name":"DYPALL Network","description":"We are a European network of civil society organisations, municipalities and research institutions dedicated to improving democracy through youth participation.","potentialAction":[{"@type":"SearchAction","target":{"@type":"EntryPoint","urlTemplate":"https:\/\/dypall.com\/?s={search_term_string}"},"query-input":"required name=search_term_string"}],"inLanguage":"pt-PT"},{"@type":"Person","@id":"https:\/\/dypall.com\/#\/schema\/person\/206350efe851997fcdedef75d118766b","name":"dypall","image":{"@type":"ImageObject","inLanguage":"pt-PT","@id":"https:\/\/dypall.com\/#\/schema\/person\/image\/","url":"https:\/\/secure.gravatar.com\/avatar\/14e8d3d8841cd0bdf69915120bcf9fcfac1567f1dc7035664907322ac47efe29?s=96&d=mm&r=g","contentUrl":"https:\/\/secure.gravatar.com\/avatar\/14e8d3d8841cd0bdf69915120bcf9fcfac1567f1dc7035664907322ac47efe29?s=96&d=mm&r=g","caption":"dypall"},"url":"https:\/\/dypall.com\/pt\/author\/dypall_info\/"}]}},"jetpack_featured_media_url":"","jetpack_sharing_enabled":true,"_links":{"self":[{"href":"https:\/\/dypall.com\/pt\/wp-json\/wp\/v2\/posts\/553","targetHints":{"allow":["GET"]}}],"collection":[{"href":"https:\/\/dypall.com\/pt\/wp-json\/wp\/v2\/posts"}],"about":[{"href":"https:\/\/dypall.com\/pt\/wp-json\/wp\/v2\/types\/post"}],"author":[{"embeddable":true,"href":"https:\/\/dypall.com\/pt\/wp-json\/wp\/v2\/users\/2"}],"replies":[{"embeddable":true,"href":"https:\/\/dypall.com\/pt\/wp-json\/wp\/v2\/comments?post=553"}],"version-history":[{"count":0,"href":"https:\/\/dypall.com\/pt\/wp-json\/wp\/v2\/posts\/553\/revisions"}],"wp:attachment":[{"href":"https:\/\/dypall.com\/pt\/wp-json\/wp\/v2\/media?parent=553"}],"wp:term":[{"taxonomy":"category","embeddable":true,"href":"https:\/\/dypall.com\/pt\/wp-json\/wp\/v2\/categories?post=553"},{"taxonomy":"post_tag","embeddable":true,"href":"https:\/\/dypall.com\/pt\/wp-json\/wp\/v2\/tags?post=553"}],"curies":[{"name":"wp","href":"https:\/\/api.w.org\/{rel}","templated":true}]}}