{"id":4753,"date":"2021-02-12T14:09:10","date_gmt":"2021-02-12T14:09:10","guid":{"rendered":"https:\/\/dypall.com\/?p=4753"},"modified":"2021-02-12T14:09:10","modified_gmt":"2021-02-12T14:09:10","slug":"kick-off-coworking-for-social-innovation","status":"publish","type":"post","link":"https:\/\/dypall.com\/pt\/activity\/kick-off-coworking-for-social-innovation\/","title":{"rendered":"Coworking para a inova\u00e7\u00e3o social \u2013 reuni\u00e3o de lan\u00e7amento"},"content":{"rendered":"<p>Hoje lan\u00e7\u00e1mos oficialmente o nosso projeto<strong>Sistemas de gest\u00e3o dos espa\u00e7os de coworking para a inova\u00e7\u00e3o social\u00bb<\/strong>. Durante os pr\u00f3ximos 16 meses, identificaremos boas pr\u00e1ticas entre os espa\u00e7os de coworking existentes para a inova\u00e7\u00e3o social que:<\/p>\n<ul>\n<li>refor\u00e7ar o seu potencial de aprendizagem;<\/li>\n<li>torn\u00e1-los mais inclusivos e adaptados \u00e0s necessidades dos jovens;<\/li>\n<li>promover o desenvolvimento da inova\u00e7\u00e3o social e aumentar o seu impacto a n\u00edvel local;<\/li>\n<li>desenvolver a coopera\u00e7\u00e3o entre um setor privado, p\u00fablico e n\u00e3o governamental;<\/li>\n<li>refor\u00e7ar a sua sustentabilidade<\/li>\n<\/ul>\n<p>O projeto consiste em tr\u00eas atividades transnacionais: um semin\u00e1rio em Viena, uma forma\u00e7\u00e3o para o refor\u00e7o das capacidades em Lisboa e uma confer\u00eancia final em Atenas. As boas pr\u00e1ticas identificadas no \u00e2mbito do projeto ser\u00e3o amplamente divulgadas a n\u00edvel nacional e europeu, <strong>apoiar a cria\u00e7\u00e3o de espa\u00e7os de coworking mais adaptados aos jovens e com maior impacto, que impulsionem a inova\u00e7\u00e3o social.<\/strong><\/p>\n<p>O projeto est\u00e1 a ser executado pelo cons\u00f3rcio de 6 parceiros: Rede DYPALL (Portugal), Centrum Rozwoju Inicjatyw Spo\u0142ecznych (Pol\u00f3nia), Sende (Espanha), Social City Vienna (\u00c1ustria), HIGGS (Gr\u00e9cia) e uma rede internacional de espa\u00e7os de coworking Impact Hub. \u00c9 financiado ao abrigo do Programa Erasmus+ de Interc\u00e2mbio de Boas Pr\u00e1ticas.<\/p>\n<p><a href=\"https:\/\/dypall.com\/pt\/2021\/02\/12\/kick-off-coworking-for-social-innovation\/screenshot_20210212_125218\/#main\" rel=\"attachment wp-att-4754\"><img loading=\"lazy\" decoding=\"async\" class=\"aligncenter wp-image-4754 size-large\" src=\"https:\/\/dypall.com\/wp-content\/uploads\/2021\/02\/screenshot_20210212_125218-e1613138896300-1024x574.png\" alt=\"\" width=\"1024\" height=\"574\" \/><\/a><\/p>\n<p>&nbsp;<\/p>\n<p><a href=\"https:\/\/dypall.com\/pt\/2021\/02\/12\/kick-off-coworking-for-social-innovation\/3-8\/#main\" rel=\"attachment wp-att-4755\"><img loading=\"lazy\" decoding=\"async\" class=\"aligncenter size-large wp-image-4755\" src=\"https:\/\/dypall.com\/wp-content\/uploads\/2021\/02\/3-1024x703.png\" alt=\"\" width=\"1024\" height=\"703\" \/><\/a><\/p>","protected":false},"excerpt":{"rendered":"<p>Lan\u00e7\u00e1mos hoje oficialmente o nosso projeto \u00abSistemas de gest\u00e3o dos espa\u00e7os de coworking para a inova\u00e7\u00e3o social\u00bb. Durante os pr\u00f3ximos 16 meses, identificaremos boas pr\u00e1ticas entre os espa\u00e7os de coworking existentes para a inova\u00e7\u00e3o social que: refor\u00e7ar o seu potencial de aprendizagem; torn\u00e1-los mais inclusivos e adaptados \u00e0s necessidades dos jovens; fomentar o desenvolvimento da inova\u00e7\u00e3o social... <a class=\"more-link\" href=\"https:\/\/dypall.com\/pt\/activity\/kick-off-coworking-for-social-innovation\/\">Continuar a ler <span class=\"screen-reader-text\">Coworking para a inova\u00e7\u00e3o social \u2013 reuni\u00e3o de lan\u00e7amento<\/span><\/a><\/p>","protected":false},"author":2,"featured_media":4756,"comment_status":"closed","ping_status":"open","sticky":false,"template":"","format":"standard","meta":{"_acf_changed":false,"_jetpack_memberships_contains_paid_content":false,"footnotes":""},"categories":[111],"tags":[],"class_list":["post-4753","post","type-post","status-publish","format-standard","has-post-thumbnail","hentry","category-activity","entry"],"acf":[],"yoast_head":"<!-- This site is optimized with the Yoast SEO plugin v22.8 - https:\/\/yoast.com\/wordpress\/plugins\/seo\/ -->\n<title>Coworking for social innovation - kick-off meeting - DYPALL Network<\/title>\n<meta name=\"robots\" content=\"index, follow, max-snippet:-1, max-image-preview:large, max-video-preview:-1\" \/>\n<link rel=\"canonical\" href=\"https:\/\/dypall.com\/pt\/activity\/kick-off-coworking-for-social-innovation\/\" \/>\n<meta property=\"og:locale\" content=\"pt_PT\" \/>\n<meta property=\"og:type\" content=\"article\" \/>\n<meta property=\"og:title\" content=\"Coworking for social innovation - kick-off meeting - DYPALL Network\" \/>\n<meta property=\"og:description\" content=\"Today we officially launched our project \u201eManagement systems of coworking spaces for social innovation\u201d. For the next 16 months, we will be identifying good practices among the existing coworking spaces for social innovation that: boost their learning potential; make them more inclusive and adjusted to the needs of youth; foster the development of social innovation&hellip; Continue a ler Coworking for social innovation &#8211; kick-off meeting\" \/>\n<meta property=\"og:url\" content=\"https:\/\/dypall.com\/pt\/activity\/kick-off-coworking-for-social-innovation\/\" \/>\n<meta property=\"og:site_name\" content=\"DYPALL Network\" \/>\n<meta property=\"article:published_time\" content=\"2021-02-12T14:09:10+00:00\" \/>\n<meta name=\"author\" content=\"dypall\" \/>\n<meta name=\"twitter:card\" content=\"summary_large_image\" \/>\n<meta name=\"twitter:label1\" content=\"Written by\" \/>\n\t<meta name=\"twitter:data1\" content=\"dypall\" \/>\n\t<meta name=\"twitter:label2\" content=\"Est. reading time\" \/>\n\t<meta name=\"twitter:data2\" content=\"1 minuto\" \/>\n<script type=\"application\/ld+json\" class=\"yoast-schema-graph\">{\"@context\":\"https:\/\/schema.org\",\"@graph\":[{\"@type\":\"WebPage\",\"@id\":\"https:\/\/dypall.com\/activity\/kick-off-coworking-for-social-innovation\/\",\"url\":\"https:\/\/dypall.com\/activity\/kick-off-coworking-for-social-innovation\/\",\"name\":\"Coworking for social innovation - kick-off meeting - DYPALL Network\",\"isPartOf\":{\"@id\":\"https:\/\/dypall.com\/#website\"},\"primaryImageOfPage\":{\"@id\":\"https:\/\/dypall.com\/activity\/kick-off-coworking-for-social-innovation\/#primaryimage\"},\"image\":{\"@id\":\"https:\/\/dypall.com\/activity\/kick-off-coworking-for-social-innovation\/#primaryimage\"},\"thumbnailUrl\":\"\",\"datePublished\":\"2021-02-12T14:09:10+00:00\",\"dateModified\":\"2021-02-12T14:09:10+00:00\",\"author\":{\"@id\":\"https:\/\/dypall.com\/#\/schema\/person\/206350efe851997fcdedef75d118766b\"},\"breadcrumb\":{\"@id\":\"https:\/\/dypall.com\/activity\/kick-off-coworking-for-social-innovation\/#breadcrumb\"},\"inLanguage\":\"pt-PT\",\"potentialAction\":[{\"@type\":\"ReadAction\",\"target\":[\"https:\/\/dypall.com\/activity\/kick-off-coworking-for-social-innovation\/\"]}]},{\"@type\":\"ImageObject\",\"inLanguage\":\"pt-PT\",\"@id\":\"https:\/\/dypall.com\/activity\/kick-off-coworking-for-social-innovation\/#primaryimage\",\"url\":\"\",\"contentUrl\":\"\"},{\"@type\":\"BreadcrumbList\",\"@id\":\"https:\/\/dypall.com\/activity\/kick-off-coworking-for-social-innovation\/#breadcrumb\",\"itemListElement\":[{\"@type\":\"ListItem\",\"position\":1,\"name\":\"Home\",\"item\":\"https:\/\/dypall.com\/\"},{\"@type\":\"ListItem\",\"position\":2,\"name\":\"Coworking for social innovation &#8211; kick-off meeting\"}]},{\"@type\":\"WebSite\",\"@id\":\"https:\/\/dypall.com\/#website\",\"url\":\"https:\/\/dypall.com\/\",\"name\":\"DYPALL Network\",\"description\":\"We are a European network of civil society organisations, municipalities and research institutions dedicated to improving democracy through youth participation.\",\"potentialAction\":[{\"@type\":\"SearchAction\",\"target\":{\"@type\":\"EntryPoint\",\"urlTemplate\":\"https:\/\/dypall.com\/?s={search_term_string}\"},\"query-input\":\"required name=search_term_string\"}],\"inLanguage\":\"pt-PT\"},{\"@type\":\"Person\",\"@id\":\"https:\/\/dypall.com\/#\/schema\/person\/206350efe851997fcdedef75d118766b\",\"name\":\"dypall\",\"image\":{\"@type\":\"ImageObject\",\"inLanguage\":\"pt-PT\",\"@id\":\"https:\/\/dypall.com\/#\/schema\/person\/image\/\",\"url\":\"https:\/\/secure.gravatar.com\/avatar\/14e8d3d8841cd0bdf69915120bcf9fcfac1567f1dc7035664907322ac47efe29?s=96&d=mm&r=g\",\"contentUrl\":\"https:\/\/secure.gravatar.com\/avatar\/14e8d3d8841cd0bdf69915120bcf9fcfac1567f1dc7035664907322ac47efe29?s=96&d=mm&r=g\",\"caption\":\"dypall\"},\"url\":\"https:\/\/dypall.com\/pt\/author\/dypall_info\/\"}]}<\/script>\n<!-- \/ Yoast SEO plugin. -->","yoast_head_json":{"title":"Coworking for social innovation - kick-off meeting - DYPALL Network","robots":{"index":"index","follow":"follow","max-snippet":"max-snippet:-1","max-image-preview":"max-image-preview:large","max-video-preview":"max-video-preview:-1"},"canonical":"https:\/\/dypall.com\/pt\/activity\/kick-off-coworking-for-social-innovation\/","og_locale":"pt_PT","og_type":"article","og_title":"Coworking for social innovation - kick-off meeting - DYPALL Network","og_description":"Today we officially launched our project \u201eManagement systems of coworking spaces for social innovation\u201d. For the next 16 months, we will be identifying good practices among the existing coworking spaces for social innovation that: boost their learning potential; make them more inclusive and adjusted to the needs of youth; foster the development of social innovation&hellip; Continue a ler Coworking for social innovation &#8211; kick-off meeting","og_url":"https:\/\/dypall.com\/pt\/activity\/kick-off-coworking-for-social-innovation\/","og_site_name":"DYPALL Network","article_published_time":"2021-02-12T14:09:10+00:00","author":"dypall","twitter_card":"summary_large_image","twitter_misc":{"Written by":"dypall","Est. reading time":"1 minuto"},"schema":{"@context":"https:\/\/schema.org","@graph":[{"@type":"WebPage","@id":"https:\/\/dypall.com\/activity\/kick-off-coworking-for-social-innovation\/","url":"https:\/\/dypall.com\/activity\/kick-off-coworking-for-social-innovation\/","name":"Coworking for social innovation - kick-off meeting - DYPALL Network","isPartOf":{"@id":"https:\/\/dypall.com\/#website"},"primaryImageOfPage":{"@id":"https:\/\/dypall.com\/activity\/kick-off-coworking-for-social-innovation\/#primaryimage"},"image":{"@id":"https:\/\/dypall.com\/activity\/kick-off-coworking-for-social-innovation\/#primaryimage"},"thumbnailUrl":"","datePublished":"2021-02-12T14:09:10+00:00","dateModified":"2021-02-12T14:09:10+00:00","author":{"@id":"https:\/\/dypall.com\/#\/schema\/person\/206350efe851997fcdedef75d118766b"},"breadcrumb":{"@id":"https:\/\/dypall.com\/activity\/kick-off-coworking-for-social-innovation\/#breadcrumb"},"inLanguage":"pt-PT","potentialAction":[{"@type":"ReadAction","target":["https:\/\/dypall.com\/activity\/kick-off-coworking-for-social-innovation\/"]}]},{"@type":"ImageObject","inLanguage":"pt-PT","@id":"https:\/\/dypall.com\/activity\/kick-off-coworking-for-social-innovation\/#primaryimage","url":"","contentUrl":""},{"@type":"BreadcrumbList","@id":"https:\/\/dypall.com\/activity\/kick-off-coworking-for-social-innovation\/#breadcrumb","itemListElement":[{"@type":"ListItem","position":1,"name":"Home","item":"https:\/\/dypall.com\/"},{"@type":"ListItem","position":2,"name":"Coworking for social innovation &#8211; kick-off meeting"}]},{"@type":"WebSite","@id":"https:\/\/dypall.com\/#website","url":"https:\/\/dypall.com\/","name":"DYPALL Network","description":"We are a European network of civil society organisations, municipalities and research institutions dedicated to improving democracy through youth participation.","potentialAction":[{"@type":"SearchAction","target":{"@type":"EntryPoint","urlTemplate":"https:\/\/dypall.com\/?s={search_term_string}"},"query-input":"required name=search_term_string"}],"inLanguage":"pt-PT"},{"@type":"Person","@id":"https:\/\/dypall.com\/#\/schema\/person\/206350efe851997fcdedef75d118766b","name":"dypall","image":{"@type":"ImageObject","inLanguage":"pt-PT","@id":"https:\/\/dypall.com\/#\/schema\/person\/image\/","url":"https:\/\/secure.gravatar.com\/avatar\/14e8d3d8841cd0bdf69915120bcf9fcfac1567f1dc7035664907322ac47efe29?s=96&d=mm&r=g","contentUrl":"https:\/\/secure.gravatar.com\/avatar\/14e8d3d8841cd0bdf69915120bcf9fcfac1567f1dc7035664907322ac47efe29?s=96&d=mm&r=g","caption":"dypall"},"url":"https:\/\/dypall.com\/pt\/author\/dypall_info\/"}]}},"jetpack_featured_media_url":"","jetpack_sharing_enabled":true,"_links":{"self":[{"href":"https:\/\/dypall.com\/pt\/wp-json\/wp\/v2\/posts\/4753","targetHints":{"allow":["GET"]}}],"collection":[{"href":"https:\/\/dypall.com\/pt\/wp-json\/wp\/v2\/posts"}],"about":[{"href":"https:\/\/dypall.com\/pt\/wp-json\/wp\/v2\/types\/post"}],"author":[{"embeddable":true,"href":"https:\/\/dypall.com\/pt\/wp-json\/wp\/v2\/users\/2"}],"replies":[{"embeddable":true,"href":"https:\/\/dypall.com\/pt\/wp-json\/wp\/v2\/comments?post=4753"}],"version-history":[{"count":0,"href":"https:\/\/dypall.com\/pt\/wp-json\/wp\/v2\/posts\/4753\/revisions"}],"wp:featuredmedia":[{"embeddable":true,"href":"https:\/\/dypall.com\/pt\/wp-json\/"}],"wp:attachment":[{"href":"https:\/\/dypall.com\/pt\/wp-json\/wp\/v2\/media?parent=4753"}],"wp:term":[{"taxonomy":"category","embeddable":true,"href":"https:\/\/dypall.com\/pt\/wp-json\/wp\/v2\/categories?post=4753"},{"taxonomy":"post_tag","embeddable":true,"href":"https:\/\/dypall.com\/pt\/wp-json\/wp\/v2\/tags?post=4753"}],"curies":[{"name":"wp","href":"https:\/\/api.w.org\/{rel}","templated":true}]}}