{"id":4737,"date":"2021-02-09T12:37:55","date_gmt":"2021-02-09T12:37:55","guid":{"rendered":"https:\/\/dypall.com\/?p=4737"},"modified":"2021-02-09T12:37:55","modified_gmt":"2021-02-09T12:37:55","slug":"to-the-point-on-youth-e-participation","status":"publish","type":"post","link":"https:\/\/dypall.com\/pt\/activity\/to-the-point-on-youth-e-participation\/","title":{"rendered":"AO PONTO SOBRE A PARTICIPA\u00c7\u00c3O ELETR\u00d3NICA DOS JOVENS"},"content":{"rendered":"<p><a href=\"https:\/\/dypall.com\/pt\/2021\/02\/11\/to-the-point-on-youth-e-participation\/picture_poster-3_to-the-point\/#main\" rel=\"attachment wp-att-4738\"><img loading=\"lazy\" decoding=\"async\" class=\"aligncenter size-large wp-image-4738\" src=\"https:\/\/dypall.com\/wp-content\/uploads\/2021\/02\/Picture_Poster-3_To-the-Point-1024x576.png\" alt=\"\" width=\"1024\" height=\"576\" \/><\/a><\/p>\n<p>Hoje reunimo-nos online com membros da Rede DYPALL para a terceira edi\u00e7\u00e3o do nosso <strong>AO PONTO s\u00e9rie de momentos sobre a participa\u00e7\u00e3o dos jovens.\u00a0<\/strong>Desta vez, tivemos uma breve introdu\u00e7\u00e3o ao <strong>Participa\u00e7\u00e3o eletr\u00f3nica dos jovens<\/strong> e aprendemos sobre uma experi\u00eancia interessante com a participa\u00e7\u00e3o eletr\u00f3nica num conselho local de jovens do munic\u00edpio de Kobuleti, que nos foi entregue por <strong>David Jinjikhadze<\/strong> de <strong>Horizonte da Juventude <\/strong>(Ge\u00f3rgia).<\/p>\n<p>Projeto de participa\u00e7\u00e3o eletr\u00f3nica local no munic\u00edpio de Kobuleti faz parte de um Erasmus+ <a style=\"color: #0000ff;\" href=\"https:\/\/digy-project.eu\/\">Projeto DIGY<\/a>, que visa proporcionar qualifica\u00e7\u00e3o e refor\u00e7o das capacidades aos promotores de projetos digitais de participa\u00e7\u00e3o dos jovens. Parte do projeto \u00e9 a comunidade OPIN, que organiza reuni\u00f5es em linha uma vez por m\u00eas para trocar ideias, boas pr\u00e1ticas e perguntas sobre a participa\u00e7\u00e3o eletr\u00f3nica para a juventude. Pode inscrever-se para obter informa\u00e7\u00f5es regulares sobre as reuni\u00f5es aqui: <a style=\"color: #0000ff;\" href=\"https:\/\/digy-project.eu\/eparticipation-on-opin\/community-join\/\" data-saferedirecturl=\"https:\/\/digy-project.eu\/eparticipation-on-opin\/community-join\/\">https:\/\/digy-project.eu\/eparticipation-on-opin\/community-join\/<\/a>.<\/p>\n<p>Mais informa\u00e7\u00f5es sobre boas pr\u00e1ticas, ferramentas e experi\u00eancias com a participa\u00e7\u00e3o eletr\u00f3nica dos jovens\u00a0<a style=\"color: #0000ff;\" href=\"https:\/\/u.pcloud.link\/publink\/show?code=XZ2UMhXZ8kDMuwMEKXRXC54rXJ1IjbO6WQLy\" target=\"_blank\" rel=\"noopener noreferrer\">Relat\u00f3rio do\u00a0<span class=\"il\">estudo<\/span>\u00a0<span class=\"il\">sess\u00e3o<\/span>\u00a0\u00abW(e-)<wbr \/>Participar \u2013 Aproveitar a inova\u00e7\u00e3o digital para a participa\u00e7\u00e3o dos jovens a n\u00edvel local.\u00bb<\/a><\/p>\n<p><strong>AO PONTO<\/strong> est\u00e1 <strong>uma s\u00e9rie de momentos online<\/strong>, em que n\u00f3s ou os peritos convidados apresentamos contributos valiosos sobre a participa\u00e7\u00e3o dos jovens. A partir de 12 de janeiro de 2021, reunimo-nos de duas em duas semanas, com apenas uma hora de contributos, perguntas e trabalho em rede.<\/p>\n<p>Para as pr\u00f3ximas reuni\u00f5es, prepar\u00e1mos:<\/p>\n<ul>\n<li>PARA O\u00a0<span class=\"il\">PONTO<\/span> sobre ferramentas pr\u00e1ticas para a facilita\u00e7\u00e3o da juventude em linha \u2013 23\/02\/2021 (10h00 CET) <a style=\"color: #0000ff;\" href=\"https:\/\/us02web.zoom.us\/meeting\/register\/tZUtfuGrpzsvH9wQq-1w_NpfkPGLBZPsL7Lc\">REGISTO<\/a><\/li>\n<li><span class=\"il\">PARA<\/span>\u00a0<span class=\"il\">O<\/span>\u00a0<span class=\"il\">PONTO<\/span>\u00a0sobre a cria\u00e7\u00e3o de um plano estrat\u00e9gico local para a juventude \u2013 09\/03\/2021 (10h00 CET)<\/li>\n<\/ul>\n<p>N\u00e3o perca!<\/p>\n<div class=\"o9v6fnle cxmmr5t8 oygrvhab hcukyx3x c1et5uql ii04i59q\">\n<div dir=\"auto\">\n<\/div>\n<div dir=\"auto\"><a href=\"https:\/\/dypall.com\/pt\/2021\/02\/11\/to-the-point-on-youth-e-participation\/3-7\/#main\" rel=\"attachment wp-att-4741\"><img loading=\"lazy\" decoding=\"async\" class=\"aligncenter size-large wp-image-4741\" src=\"https:\/\/dypall.com\/wp-content\/uploads\/2021\/02\/3-1024x576.jpeg\" alt=\"\" width=\"1024\" height=\"576\" \/><\/a><\/div>\n<div dir=\"auto\"><a href=\"https:\/\/dypall.com\/pt\/2021\/02\/11\/to-the-point-on-youth-e-participation\/4-8\/#main\" rel=\"attachment wp-att-4742\"><img loading=\"lazy\" decoding=\"async\" class=\"aligncenter size-large wp-image-4742\" src=\"https:\/\/dypall.com\/wp-content\/uploads\/2021\/02\/4-1024x576.jpeg\" alt=\"\" width=\"1024\" height=\"576\" \/><\/a><\/div>\n<div dir=\"auto\"><a href=\"https:\/\/dypall.com\/pt\/2021\/02\/11\/to-the-point-on-youth-e-participation\/5-11\/#main\" rel=\"attachment wp-att-4743\"><img loading=\"lazy\" decoding=\"async\" class=\"aligncenter size-large wp-image-4743\" src=\"https:\/\/dypall.com\/wp-content\/uploads\/2021\/02\/5-1024x576.jpeg\" alt=\"\" width=\"1024\" height=\"576\" \/><\/a><\/div>\n<div dir=\"auto\"><a href=\"https:\/\/dypall.com\/pt\/2021\/02\/11\/to-the-point-on-youth-e-participation\/7-5\/#main\" rel=\"attachment wp-att-4744\"><img loading=\"lazy\" decoding=\"async\" class=\"aligncenter size-large wp-image-4744\" src=\"https:\/\/dypall.com\/wp-content\/uploads\/2021\/02\/7-1024x576.jpeg\" alt=\"\" width=\"1024\" height=\"576\" \/><\/a><\/div>\n<div dir=\"auto\"><a href=\"https:\/\/dypall.com\/pt\/highlights\/efwf\/attachment\/8\/\" rel=\"attachment wp-att-4745\"><img loading=\"lazy\" decoding=\"async\" class=\"aligncenter size-large wp-image-4745\" src=\"https:\/\/dypall.com\/wp-content\/uploads\/2021\/02\/8-e1613046900513-1024x529.jpeg\" alt=\"\" width=\"1024\" height=\"529\" \/><\/a><\/div>\n<\/div>\n<p>&nbsp;<\/p>","protected":false},"excerpt":{"rendered":"<p>Hoje reunimo-nos online com membros da Rede DYPALL para a terceira edi\u00e7\u00e3o da nossa s\u00e9rie TO THE POINT de momentos sobre a participa\u00e7\u00e3o dos jovens.\u00a0Desta vez tivemos uma breve introdu\u00e7\u00e3o \u00e0 e-participa\u00e7\u00e3o juvenil e aprendemos sobre uma experi\u00eancia interessante com a e-participa\u00e7\u00e3o em um conselho local de jovens do munic\u00edpio de Kobuleti, entregue a n\u00f3s por David... <a class=\"more-link\" href=\"https:\/\/dypall.com\/pt\/activity\/to-the-point-on-youth-e-participation\/\">Continuar a ler <span class=\"screen-reader-text\">AO PONTO SOBRE A PARTICIPA\u00c7\u00c3O ELETR\u00d3NICA DOS JOVENS<\/span><\/a><\/p>","protected":false},"author":2,"featured_media":4739,"comment_status":"closed","ping_status":"open","sticky":false,"template":"","format":"standard","meta":{"_acf_changed":false,"_jetpack_memberships_contains_paid_content":false,"footnotes":""},"categories":[111,128],"tags":[],"class_list":["post-4737","post","type-post","status-publish","format-standard","has-post-thumbnail","hentry","category-activity","category-goodpractice","entry"],"acf":[],"yoast_head":"<!-- This site is optimized with the Yoast SEO plugin v22.8 - https:\/\/yoast.com\/wordpress\/plugins\/seo\/ -->\n<title>TO THE POINT on youth e-participation - DYPALL Network<\/title>\n<meta name=\"robots\" content=\"index, follow, max-snippet:-1, max-image-preview:large, max-video-preview:-1\" \/>\n<link rel=\"canonical\" href=\"https:\/\/dypall.com\/pt\/activity\/to-the-point-on-youth-e-participation\/\" \/>\n<meta property=\"og:locale\" content=\"pt_PT\" \/>\n<meta property=\"og:type\" content=\"article\" \/>\n<meta property=\"og:title\" content=\"TO THE POINT on youth e-participation - DYPALL Network\" \/>\n<meta property=\"og:description\" content=\"Today we met online with members of DYPALL Network for the third edition of our TO THE POINT series of moments on youth participation.\u00a0This time we had a brief introduction to youth e-participation and we learned about an interesting experience with e-participation in a local youth council from Kobuleti Municipality, delivered to us by David&hellip; Continue a ler TO THE POINT on youth e-participation\" \/>\n<meta property=\"og:url\" content=\"https:\/\/dypall.com\/pt\/activity\/to-the-point-on-youth-e-participation\/\" \/>\n<meta property=\"og:site_name\" content=\"DYPALL Network\" \/>\n<meta property=\"article:published_time\" content=\"2021-02-09T12:37:55+00:00\" \/>\n<meta name=\"author\" content=\"dypall\" \/>\n<meta name=\"twitter:card\" content=\"summary_large_image\" \/>\n<meta name=\"twitter:label1\" content=\"Written by\" \/>\n\t<meta name=\"twitter:data1\" content=\"dypall\" \/>\n\t<meta name=\"twitter:label2\" content=\"Est. reading time\" \/>\n\t<meta name=\"twitter:data2\" content=\"1 minuto\" \/>\n<script type=\"application\/ld+json\" class=\"yoast-schema-graph\">{\"@context\":\"https:\/\/schema.org\",\"@graph\":[{\"@type\":\"WebPage\",\"@id\":\"https:\/\/dypall.com\/activity\/to-the-point-on-youth-e-participation\/\",\"url\":\"https:\/\/dypall.com\/activity\/to-the-point-on-youth-e-participation\/\",\"name\":\"TO THE POINT on youth e-participation - DYPALL Network\",\"isPartOf\":{\"@id\":\"https:\/\/dypall.com\/#website\"},\"primaryImageOfPage\":{\"@id\":\"https:\/\/dypall.com\/activity\/to-the-point-on-youth-e-participation\/#primaryimage\"},\"image\":{\"@id\":\"https:\/\/dypall.com\/activity\/to-the-point-on-youth-e-participation\/#primaryimage\"},\"thumbnailUrl\":\"\",\"datePublished\":\"2021-02-09T12:37:55+00:00\",\"dateModified\":\"2021-02-09T12:37:55+00:00\",\"author\":{\"@id\":\"https:\/\/dypall.com\/#\/schema\/person\/206350efe851997fcdedef75d118766b\"},\"breadcrumb\":{\"@id\":\"https:\/\/dypall.com\/activity\/to-the-point-on-youth-e-participation\/#breadcrumb\"},\"inLanguage\":\"pt-PT\",\"potentialAction\":[{\"@type\":\"ReadAction\",\"target\":[\"https:\/\/dypall.com\/activity\/to-the-point-on-youth-e-participation\/\"]}]},{\"@type\":\"ImageObject\",\"inLanguage\":\"pt-PT\",\"@id\":\"https:\/\/dypall.com\/activity\/to-the-point-on-youth-e-participation\/#primaryimage\",\"url\":\"\",\"contentUrl\":\"\"},{\"@type\":\"BreadcrumbList\",\"@id\":\"https:\/\/dypall.com\/activity\/to-the-point-on-youth-e-participation\/#breadcrumb\",\"itemListElement\":[{\"@type\":\"ListItem\",\"position\":1,\"name\":\"Home\",\"item\":\"https:\/\/dypall.com\/\"},{\"@type\":\"ListItem\",\"position\":2,\"name\":\"TO THE POINT on youth e-participation\"}]},{\"@type\":\"WebSite\",\"@id\":\"https:\/\/dypall.com\/#website\",\"url\":\"https:\/\/dypall.com\/\",\"name\":\"DYPALL Network\",\"description\":\"We are a European network of civil society organisations, municipalities and research institutions dedicated to improving democracy through youth participation.\",\"potentialAction\":[{\"@type\":\"SearchAction\",\"target\":{\"@type\":\"EntryPoint\",\"urlTemplate\":\"https:\/\/dypall.com\/?s={search_term_string}\"},\"query-input\":\"required name=search_term_string\"}],\"inLanguage\":\"pt-PT\"},{\"@type\":\"Person\",\"@id\":\"https:\/\/dypall.com\/#\/schema\/person\/206350efe851997fcdedef75d118766b\",\"name\":\"dypall\",\"image\":{\"@type\":\"ImageObject\",\"inLanguage\":\"pt-PT\",\"@id\":\"https:\/\/dypall.com\/#\/schema\/person\/image\/\",\"url\":\"https:\/\/secure.gravatar.com\/avatar\/14e8d3d8841cd0bdf69915120bcf9fcfac1567f1dc7035664907322ac47efe29?s=96&d=mm&r=g\",\"contentUrl\":\"https:\/\/secure.gravatar.com\/avatar\/14e8d3d8841cd0bdf69915120bcf9fcfac1567f1dc7035664907322ac47efe29?s=96&d=mm&r=g\",\"caption\":\"dypall\"},\"url\":\"https:\/\/dypall.com\/pt\/author\/dypall_info\/\"}]}<\/script>\n<!-- \/ Yoast SEO plugin. -->","yoast_head_json":{"title":"TO THE POINT on youth e-participation - DYPALL Network","robots":{"index":"index","follow":"follow","max-snippet":"max-snippet:-1","max-image-preview":"max-image-preview:large","max-video-preview":"max-video-preview:-1"},"canonical":"https:\/\/dypall.com\/pt\/activity\/to-the-point-on-youth-e-participation\/","og_locale":"pt_PT","og_type":"article","og_title":"TO THE POINT on youth e-participation - DYPALL Network","og_description":"Today we met online with members of DYPALL Network for the third edition of our TO THE POINT series of moments on youth participation.\u00a0This time we had a brief introduction to youth e-participation and we learned about an interesting experience with e-participation in a local youth council from Kobuleti Municipality, delivered to us by David&hellip; Continue a ler TO THE POINT on youth e-participation","og_url":"https:\/\/dypall.com\/pt\/activity\/to-the-point-on-youth-e-participation\/","og_site_name":"DYPALL Network","article_published_time":"2021-02-09T12:37:55+00:00","author":"dypall","twitter_card":"summary_large_image","twitter_misc":{"Written by":"dypall","Est. reading time":"1 minuto"},"schema":{"@context":"https:\/\/schema.org","@graph":[{"@type":"WebPage","@id":"https:\/\/dypall.com\/activity\/to-the-point-on-youth-e-participation\/","url":"https:\/\/dypall.com\/activity\/to-the-point-on-youth-e-participation\/","name":"TO THE POINT on youth e-participation - DYPALL Network","isPartOf":{"@id":"https:\/\/dypall.com\/#website"},"primaryImageOfPage":{"@id":"https:\/\/dypall.com\/activity\/to-the-point-on-youth-e-participation\/#primaryimage"},"image":{"@id":"https:\/\/dypall.com\/activity\/to-the-point-on-youth-e-participation\/#primaryimage"},"thumbnailUrl":"","datePublished":"2021-02-09T12:37:55+00:00","dateModified":"2021-02-09T12:37:55+00:00","author":{"@id":"https:\/\/dypall.com\/#\/schema\/person\/206350efe851997fcdedef75d118766b"},"breadcrumb":{"@id":"https:\/\/dypall.com\/activity\/to-the-point-on-youth-e-participation\/#breadcrumb"},"inLanguage":"pt-PT","potentialAction":[{"@type":"ReadAction","target":["https:\/\/dypall.com\/activity\/to-the-point-on-youth-e-participation\/"]}]},{"@type":"ImageObject","inLanguage":"pt-PT","@id":"https:\/\/dypall.com\/activity\/to-the-point-on-youth-e-participation\/#primaryimage","url":"","contentUrl":""},{"@type":"BreadcrumbList","@id":"https:\/\/dypall.com\/activity\/to-the-point-on-youth-e-participation\/#breadcrumb","itemListElement":[{"@type":"ListItem","position":1,"name":"Home","item":"https:\/\/dypall.com\/"},{"@type":"ListItem","position":2,"name":"TO THE POINT on youth e-participation"}]},{"@type":"WebSite","@id":"https:\/\/dypall.com\/#website","url":"https:\/\/dypall.com\/","name":"DYPALL Network","description":"We are a European network of civil society organisations, municipalities and research institutions dedicated to improving democracy through youth participation.","potentialAction":[{"@type":"SearchAction","target":{"@type":"EntryPoint","urlTemplate":"https:\/\/dypall.com\/?s={search_term_string}"},"query-input":"required name=search_term_string"}],"inLanguage":"pt-PT"},{"@type":"Person","@id":"https:\/\/dypall.com\/#\/schema\/person\/206350efe851997fcdedef75d118766b","name":"dypall","image":{"@type":"ImageObject","inLanguage":"pt-PT","@id":"https:\/\/dypall.com\/#\/schema\/person\/image\/","url":"https:\/\/secure.gravatar.com\/avatar\/14e8d3d8841cd0bdf69915120bcf9fcfac1567f1dc7035664907322ac47efe29?s=96&d=mm&r=g","contentUrl":"https:\/\/secure.gravatar.com\/avatar\/14e8d3d8841cd0bdf69915120bcf9fcfac1567f1dc7035664907322ac47efe29?s=96&d=mm&r=g","caption":"dypall"},"url":"https:\/\/dypall.com\/pt\/author\/dypall_info\/"}]}},"jetpack_featured_media_url":"","jetpack_sharing_enabled":true,"_links":{"self":[{"href":"https:\/\/dypall.com\/pt\/wp-json\/wp\/v2\/posts\/4737","targetHints":{"allow":["GET"]}}],"collection":[{"href":"https:\/\/dypall.com\/pt\/wp-json\/wp\/v2\/posts"}],"about":[{"href":"https:\/\/dypall.com\/pt\/wp-json\/wp\/v2\/types\/post"}],"author":[{"embeddable":true,"href":"https:\/\/dypall.com\/pt\/wp-json\/wp\/v2\/users\/2"}],"replies":[{"embeddable":true,"href":"https:\/\/dypall.com\/pt\/wp-json\/wp\/v2\/comments?post=4737"}],"version-history":[{"count":0,"href":"https:\/\/dypall.com\/pt\/wp-json\/wp\/v2\/posts\/4737\/revisions"}],"wp:featuredmedia":[{"embeddable":true,"href":"https:\/\/dypall.com\/pt\/wp-json\/"}],"wp:attachment":[{"href":"https:\/\/dypall.com\/pt\/wp-json\/wp\/v2\/media?parent=4737"}],"wp:term":[{"taxonomy":"category","embeddable":true,"href":"https:\/\/dypall.com\/pt\/wp-json\/wp\/v2\/categories?post=4737"},{"taxonomy":"post_tag","embeddable":true,"href":"https:\/\/dypall.com\/pt\/wp-json\/wp\/v2\/tags?post=4737"}],"curies":[{"name":"wp","href":"https:\/\/api.w.org\/{rel}","templated":true}]}}