{"id":4635,"date":"2021-01-12T12:00:32","date_gmt":"2021-01-12T12:00:32","guid":{"rendered":"https:\/\/dypall.com\/?p=4635"},"modified":"2021-01-12T12:00:32","modified_gmt":"2021-01-12T12:00:32","slug":"to-the-point-on-models-of-youth-participation","status":"publish","type":"post","link":"https:\/\/dypall.com\/pt\/activity\/to-the-point-on-models-of-youth-participation\/","title":{"rendered":"AO PONTO sobre os modelos de participa\u00e7\u00e3o dos jovens"},"content":{"rendered":"<p><a href=\"https:\/\/dypall.com\/pt\/2021\/01\/13\/to-the-point-on-models-of-youth-participation\/picture_poster-1_to-the-point\/#main\" rel=\"attachment wp-att-4636\"><img loading=\"lazy\" decoding=\"async\" class=\"aligncenter size-large wp-image-4636\" src=\"https:\/\/dypall.com\/wp-content\/uploads\/2021\/01\/Picture_Poster-1_To-the-Point-1024x576.png\" alt=\"\" width=\"1024\" height=\"576\" \/><\/a><\/p>\n<p>Ontem reunimo-nos online com membros da Rede DYPALL para apresentar valiosos contributos e pr\u00e1ticas da nossa publica\u00e7\u00e3o <span style=\"color: #0000ff;\"><a style=\"color: #0000ff;\" href=\"https:\/\/dypall.com\/pt\/studymodels-yp\/\" target=\"_blank\" rel=\"noopener noreferrer\">Estudo sobre modelos de participa\u00e7\u00e3o dos jovens<\/a><\/span>. Foi tamb\u00e9m uma oportunidade para os membros se reunirem com novos parceiros e trocarem alguns contactos.<\/p>\n<p>Com este encontro, lan\u00e7\u00e1mos um novo formato da nossa atividade. <strong>AO PONTO<\/strong> ser\u00e1 <strong>uma s\u00e9rie de momentos online<\/strong>, em que n\u00f3s ou os peritos convidados apresentamos contributos valiosos sobre a participa\u00e7\u00e3o dos jovens. A partir de 12 de janeiro de 2021, reunir-nos-emos de duas em duas semanas, com apenas uma hora de contributos, perguntas e trabalho em rede.<\/p>\n<p>As pr\u00f3ximas reuni\u00f5es s\u00e3o as seguintes:<\/p>\n<ul>\n<li>AO PONTO sobre o novo programa Erasmus+ \u2013 26\/01\/2021 (10h00 CET)<\/li>\n<li>AO PONTO sobre a participa\u00e7\u00e3o eletr\u00f3nica dos jovens \u2013 09\/02\/2021 (10h00 CET)<\/li>\n<\/ul>\n<div class=\"o9v6fnle cxmmr5t8 oygrvhab hcukyx3x c1et5uql ii04i59q\">\n<div dir=\"auto\">A primeira reuni\u00e3o foi reservada exclusivamente para os membros da nossa rede, mas alguns dos pr\u00f3ximos eventos da s\u00e9rie ser\u00e3o abertos ao p\u00fablico. Fique ligado e siga a nossa <span style=\"color: #0000ff;\"><a style=\"color: #0000ff;\" href=\"https:\/\/www.facebook.com\/DYPALLNetwork\" target=\"_blank\" rel=\"noopener noreferrer\">redes sociais<\/a><\/span> se estiver interessado na participa\u00e7\u00e3o.<\/div>\n<\/div>\n<div class=\"o9v6fnle cxmmr5t8 oygrvhab hcukyx3x c1et5uql ii04i59q\">\n<div dir=\"auto\"><\/div>\n<\/div>\n<p>&nbsp;<\/p>\n<p>&nbsp;<\/p>\n<p>&nbsp;<\/p>","protected":false},"excerpt":{"rendered":"<p>Ontem reunimo-nos online com membros da Rede DYPALL para apresentar valiosos contributos e pr\u00e1ticas da nossa publica\u00e7\u00e3o Study on models of youth participation. Foi tamb\u00e9m uma oportunidade para os membros se reunirem com novos parceiros e trocarem alguns contactos. Com este encontro, lan\u00e7\u00e1mos um novo formato da nossa atividade. AO PONTO... <a class=\"more-link\" href=\"https:\/\/dypall.com\/pt\/activity\/to-the-point-on-models-of-youth-participation\/\">Continuar a ler <span class=\"screen-reader-text\">AO PONTO sobre os modelos de participa\u00e7\u00e3o dos jovens<\/span><\/a><\/p>","protected":false},"author":2,"featured_media":4640,"comment_status":"closed","ping_status":"open","sticky":false,"template":"","format":"standard","meta":{"_acf_changed":false,"_jetpack_memberships_contains_paid_content":false,"footnotes":""},"categories":[111],"tags":[],"class_list":["post-4635","post","type-post","status-publish","format-standard","has-post-thumbnail","hentry","category-activity","entry"],"acf":[],"yoast_head":"<!-- This site is optimized with the Yoast SEO plugin v22.8 - https:\/\/yoast.com\/wordpress\/plugins\/seo\/ -->\n<title>TO THE POINT on models of youth participation - DYPALL Network<\/title>\n<meta name=\"robots\" content=\"index, follow, max-snippet:-1, max-image-preview:large, max-video-preview:-1\" \/>\n<link rel=\"canonical\" href=\"https:\/\/dypall.com\/pt\/activity\/to-the-point-on-models-of-youth-participation\/\" \/>\n<meta property=\"og:locale\" content=\"pt_PT\" \/>\n<meta property=\"og:type\" content=\"article\" \/>\n<meta property=\"og:title\" content=\"TO THE POINT on models of youth participation - DYPALL Network\" \/>\n<meta property=\"og:description\" content=\"Yesterday we met online with members of DYPALL Network to present valuable inputs and practices from our publication Study on models of youth participation. It was also an opportunity for the members to meet with new partners and exchange some contacts. With this meeting, we launched a new format of our activity. TO THE POINT&hellip; Continue a ler TO THE POINT on models of youth participation\" \/>\n<meta property=\"og:url\" content=\"https:\/\/dypall.com\/pt\/activity\/to-the-point-on-models-of-youth-participation\/\" \/>\n<meta property=\"og:site_name\" content=\"DYPALL Network\" \/>\n<meta property=\"article:published_time\" content=\"2021-01-12T12:00:32+00:00\" \/>\n<meta name=\"author\" content=\"dypall\" \/>\n<meta name=\"twitter:card\" content=\"summary_large_image\" \/>\n<meta name=\"twitter:label1\" content=\"Written by\" \/>\n\t<meta name=\"twitter:data1\" content=\"dypall\" \/>\n\t<meta name=\"twitter:label2\" content=\"Est. reading time\" \/>\n\t<meta name=\"twitter:data2\" content=\"1 minuto\" \/>\n<script type=\"application\/ld+json\" class=\"yoast-schema-graph\">{\"@context\":\"https:\/\/schema.org\",\"@graph\":[{\"@type\":\"WebPage\",\"@id\":\"https:\/\/dypall.com\/activity\/to-the-point-on-models-of-youth-participation\/\",\"url\":\"https:\/\/dypall.com\/activity\/to-the-point-on-models-of-youth-participation\/\",\"name\":\"TO THE POINT on models of youth participation - DYPALL Network\",\"isPartOf\":{\"@id\":\"https:\/\/dypall.com\/#website\"},\"primaryImageOfPage\":{\"@id\":\"https:\/\/dypall.com\/activity\/to-the-point-on-models-of-youth-participation\/#primaryimage\"},\"image\":{\"@id\":\"https:\/\/dypall.com\/activity\/to-the-point-on-models-of-youth-participation\/#primaryimage\"},\"thumbnailUrl\":\"\",\"datePublished\":\"2021-01-12T12:00:32+00:00\",\"dateModified\":\"2021-01-12T12:00:32+00:00\",\"author\":{\"@id\":\"https:\/\/dypall.com\/#\/schema\/person\/206350efe851997fcdedef75d118766b\"},\"breadcrumb\":{\"@id\":\"https:\/\/dypall.com\/activity\/to-the-point-on-models-of-youth-participation\/#breadcrumb\"},\"inLanguage\":\"pt-PT\",\"potentialAction\":[{\"@type\":\"ReadAction\",\"target\":[\"https:\/\/dypall.com\/activity\/to-the-point-on-models-of-youth-participation\/\"]}]},{\"@type\":\"ImageObject\",\"inLanguage\":\"pt-PT\",\"@id\":\"https:\/\/dypall.com\/activity\/to-the-point-on-models-of-youth-participation\/#primaryimage\",\"url\":\"\",\"contentUrl\":\"\"},{\"@type\":\"BreadcrumbList\",\"@id\":\"https:\/\/dypall.com\/activity\/to-the-point-on-models-of-youth-participation\/#breadcrumb\",\"itemListElement\":[{\"@type\":\"ListItem\",\"position\":1,\"name\":\"Home\",\"item\":\"https:\/\/dypall.com\/\"},{\"@type\":\"ListItem\",\"position\":2,\"name\":\"TO THE POINT on models of youth participation\"}]},{\"@type\":\"WebSite\",\"@id\":\"https:\/\/dypall.com\/#website\",\"url\":\"https:\/\/dypall.com\/\",\"name\":\"DYPALL Network\",\"description\":\"We are a European network of civil society organisations, municipalities and research institutions dedicated to improving democracy through youth participation.\",\"potentialAction\":[{\"@type\":\"SearchAction\",\"target\":{\"@type\":\"EntryPoint\",\"urlTemplate\":\"https:\/\/dypall.com\/?s={search_term_string}\"},\"query-input\":\"required name=search_term_string\"}],\"inLanguage\":\"pt-PT\"},{\"@type\":\"Person\",\"@id\":\"https:\/\/dypall.com\/#\/schema\/person\/206350efe851997fcdedef75d118766b\",\"name\":\"dypall\",\"image\":{\"@type\":\"ImageObject\",\"inLanguage\":\"pt-PT\",\"@id\":\"https:\/\/dypall.com\/#\/schema\/person\/image\/\",\"url\":\"https:\/\/secure.gravatar.com\/avatar\/14e8d3d8841cd0bdf69915120bcf9fcfac1567f1dc7035664907322ac47efe29?s=96&d=mm&r=g\",\"contentUrl\":\"https:\/\/secure.gravatar.com\/avatar\/14e8d3d8841cd0bdf69915120bcf9fcfac1567f1dc7035664907322ac47efe29?s=96&d=mm&r=g\",\"caption\":\"dypall\"},\"url\":\"https:\/\/dypall.com\/pt\/author\/dypall_info\/\"}]}<\/script>\n<!-- \/ Yoast SEO plugin. -->","yoast_head_json":{"title":"TO THE POINT on models of youth participation - DYPALL Network","robots":{"index":"index","follow":"follow","max-snippet":"max-snippet:-1","max-image-preview":"max-image-preview:large","max-video-preview":"max-video-preview:-1"},"canonical":"https:\/\/dypall.com\/pt\/activity\/to-the-point-on-models-of-youth-participation\/","og_locale":"pt_PT","og_type":"article","og_title":"TO THE POINT on models of youth participation - DYPALL Network","og_description":"Yesterday we met online with members of DYPALL Network to present valuable inputs and practices from our publication Study on models of youth participation. It was also an opportunity for the members to meet with new partners and exchange some contacts. With this meeting, we launched a new format of our activity. TO THE POINT&hellip; Continue a ler TO THE POINT on models of youth participation","og_url":"https:\/\/dypall.com\/pt\/activity\/to-the-point-on-models-of-youth-participation\/","og_site_name":"DYPALL Network","article_published_time":"2021-01-12T12:00:32+00:00","author":"dypall","twitter_card":"summary_large_image","twitter_misc":{"Written by":"dypall","Est. reading time":"1 minuto"},"schema":{"@context":"https:\/\/schema.org","@graph":[{"@type":"WebPage","@id":"https:\/\/dypall.com\/activity\/to-the-point-on-models-of-youth-participation\/","url":"https:\/\/dypall.com\/activity\/to-the-point-on-models-of-youth-participation\/","name":"TO THE POINT on models of youth participation - DYPALL Network","isPartOf":{"@id":"https:\/\/dypall.com\/#website"},"primaryImageOfPage":{"@id":"https:\/\/dypall.com\/activity\/to-the-point-on-models-of-youth-participation\/#primaryimage"},"image":{"@id":"https:\/\/dypall.com\/activity\/to-the-point-on-models-of-youth-participation\/#primaryimage"},"thumbnailUrl":"","datePublished":"2021-01-12T12:00:32+00:00","dateModified":"2021-01-12T12:00:32+00:00","author":{"@id":"https:\/\/dypall.com\/#\/schema\/person\/206350efe851997fcdedef75d118766b"},"breadcrumb":{"@id":"https:\/\/dypall.com\/activity\/to-the-point-on-models-of-youth-participation\/#breadcrumb"},"inLanguage":"pt-PT","potentialAction":[{"@type":"ReadAction","target":["https:\/\/dypall.com\/activity\/to-the-point-on-models-of-youth-participation\/"]}]},{"@type":"ImageObject","inLanguage":"pt-PT","@id":"https:\/\/dypall.com\/activity\/to-the-point-on-models-of-youth-participation\/#primaryimage","url":"","contentUrl":""},{"@type":"BreadcrumbList","@id":"https:\/\/dypall.com\/activity\/to-the-point-on-models-of-youth-participation\/#breadcrumb","itemListElement":[{"@type":"ListItem","position":1,"name":"Home","item":"https:\/\/dypall.com\/"},{"@type":"ListItem","position":2,"name":"TO THE POINT on models of youth participation"}]},{"@type":"WebSite","@id":"https:\/\/dypall.com\/#website","url":"https:\/\/dypall.com\/","name":"DYPALL Network","description":"We are a European network of civil society organisations, municipalities and research institutions dedicated to improving democracy through youth participation.","potentialAction":[{"@type":"SearchAction","target":{"@type":"EntryPoint","urlTemplate":"https:\/\/dypall.com\/?s={search_term_string}"},"query-input":"required name=search_term_string"}],"inLanguage":"pt-PT"},{"@type":"Person","@id":"https:\/\/dypall.com\/#\/schema\/person\/206350efe851997fcdedef75d118766b","name":"dypall","image":{"@type":"ImageObject","inLanguage":"pt-PT","@id":"https:\/\/dypall.com\/#\/schema\/person\/image\/","url":"https:\/\/secure.gravatar.com\/avatar\/14e8d3d8841cd0bdf69915120bcf9fcfac1567f1dc7035664907322ac47efe29?s=96&d=mm&r=g","contentUrl":"https:\/\/secure.gravatar.com\/avatar\/14e8d3d8841cd0bdf69915120bcf9fcfac1567f1dc7035664907322ac47efe29?s=96&d=mm&r=g","caption":"dypall"},"url":"https:\/\/dypall.com\/pt\/author\/dypall_info\/"}]}},"jetpack_featured_media_url":"","jetpack_sharing_enabled":true,"_links":{"self":[{"href":"https:\/\/dypall.com\/pt\/wp-json\/wp\/v2\/posts\/4635","targetHints":{"allow":["GET"]}}],"collection":[{"href":"https:\/\/dypall.com\/pt\/wp-json\/wp\/v2\/posts"}],"about":[{"href":"https:\/\/dypall.com\/pt\/wp-json\/wp\/v2\/types\/post"}],"author":[{"embeddable":true,"href":"https:\/\/dypall.com\/pt\/wp-json\/wp\/v2\/users\/2"}],"replies":[{"embeddable":true,"href":"https:\/\/dypall.com\/pt\/wp-json\/wp\/v2\/comments?post=4635"}],"version-history":[{"count":0,"href":"https:\/\/dypall.com\/pt\/wp-json\/wp\/v2\/posts\/4635\/revisions"}],"wp:featuredmedia":[{"embeddable":true,"href":"https:\/\/dypall.com\/pt\/wp-json\/"}],"wp:attachment":[{"href":"https:\/\/dypall.com\/pt\/wp-json\/wp\/v2\/media?parent=4635"}],"wp:term":[{"taxonomy":"category","embeddable":true,"href":"https:\/\/dypall.com\/pt\/wp-json\/wp\/v2\/categories?post=4635"},{"taxonomy":"post_tag","embeddable":true,"href":"https:\/\/dypall.com\/pt\/wp-json\/wp\/v2\/tags?post=4635"}],"curies":[{"name":"wp","href":"https:\/\/api.w.org\/{rel}","templated":true}]}}