{"id":4152,"date":"2019-12-12T15:58:17","date_gmt":"2019-12-12T15:58:17","guid":{"rendered":"http:\/\/dypall.com\/?p=4152"},"modified":"2019-12-12T15:58:17","modified_gmt":"2019-12-12T15:58:17","slug":"youth-democracy-academy-conference","status":"publish","type":"post","link":"https:\/\/dypall.com\/pt\/activity\/youth-democracy-academy-conference\/","title":{"rendered":"Confer\u00eancia da Academia da Democracia Juvenil"},"content":{"rendered":"<div class=\"_1pfm\">\n<div id=\"u_0_15\" class=\"_3d9q fixed_elem\">\n<div class=\"_4-u2 _hoc clearfix _4-u8\">\n<div class=\"clearfix\">\n<div id=\"u_0_16\" class=\"lfloat _ohe\">\n<div>\n<div class=\"_5hgz _51xa\">A Rede DYPALL organizou a Confer\u00eancia da Academia da Democracia Juvenil no dia 10 de dezembro de 2019, por ocasi\u00e3o do Dia dos Direitos Humanos, na Representa\u00e7\u00e3o da Comiss\u00e3o Europeia em Portugal, em Lisboa.<\/div>\n<\/div>\n<\/div>\n<\/div>\n<\/div>\n<\/div>\n<\/div>\n<div id=\"content_container\">\n<div id=\"js_16\" class=\"_2pie\" role=\"main\">\n<div class=\"_4-u2 _4784 _2y_h _4-u8\">\n<div>\n<div class=\"_3xgc\">\n<p>A confer\u00eancia reuniu partes interessadas e l\u00edderes juvenis da Gr\u00e9cia, Eslov\u00e1quia, Let\u00f3nia, Espanha, Hungria, Bulg\u00e1ria, Rom\u00e9nia, Su\u00e9cia, It\u00e1lia e Portugal, a fim de debater e refletir sobre estrat\u00e9gias para continuar a desenvolver os trabalhos sobre o aumento da participa\u00e7\u00e3o dos jovens eleitores nas elei\u00e7\u00f5es europeias e a participa\u00e7\u00e3o democr\u00e1tica dos jovens na UE em geral.<\/p>\n<p>Eduarda Marques, Diretora Regional de Lisboa e Vale do Tejo do Instituto Portugu\u00eas da Juventude e do Desporto, abriu a Confer\u00eancia salientando a import\u00e2ncia de preservar a democracia, os direitos humanos e o Estado de direito como pilares das sociedades europeias, seguindo-se o discurso de Bruno Ant\u00f3nio, Coordenador da Rede DYPALL, que salientou o envolvimento dos jovens na tomada de decis\u00f5es a todos os n\u00edveis como condi\u00e7\u00e3o pr\u00e9via para a democracia.<\/p>\n<p>O programa da manh\u00e3 foi dedicado aos dirigentes juvenis de 10 pa\u00edses da UE que apresentaram as \u00abOrienta\u00e7\u00f5es sobre a forma de criar campanhas GOTV (Get-Out-The-Vote) eficazes com os jovens para os jovens\u00bb, que criaram como resultado de \u00ab<a href=\"http:\/\/euisyou.org\">A UE \u00e9 VOC\u00ca<\/a>Campanha dirigida aos eleitores que votam pela primeira vez nas elei\u00e7\u00f5es europeias.<\/p>\n<p>\u00abAs pessoas deslocam-se\u00bb, salientou Stephen Clark, diretor dos Gabinetes de Liga\u00e7\u00e3o do Parlamento Europeu no Parlamento Europeu, que se dirigiu ao p\u00fablico na parte da tarde, partilhando o impacto da campanha \u00abDesta vez eu voto\u00bb e a sua evolu\u00e7\u00e3o para \u00ab<a href=\"https:\/\/europarl.europa.eu\/together\/en\/\">Juntos UE<\/a>&#8220;.<\/p>\n<p>O seu discurso foi seguido por Sofia Colares Alves, chefe da Representa\u00e7\u00e3o da Comiss\u00e3o Europeia em Portugal, que falou sobre o \u00abPacto Ecol\u00f3gico Europeu\u00bb e outras prioridades da nova Comiss\u00e3o.<\/p>\n<p>O programa foi enriquecido pelo contributo de Carina Autengruber, presidente do F\u00f3rum Europeu da Juventude, e pela apresenta\u00e7\u00e3o de \u00ab<a href=\"https:\/\/id-europa.eu\/\">ID Europa<\/a>\u201d por Francisco Ramos, membro do Conselho da Juventude de Portugal.<\/p>\n<p>A parte final da Confer\u00eancia foi dedicada ao debate e aos debates sobre os temas do direito de voto e de ser eleito como um direito humano; a liga\u00e7\u00e3o entre a participa\u00e7\u00e3o dos jovens a n\u00edvel local e europeu; a voz dos jovens sobre as not\u00edcias falsas e o populismo e a Europa e a transi\u00e7\u00e3o para as elei\u00e7\u00f5es europeias de 2024, analisando as oportunidades e os desafios das campanhas GOTV.<\/p>\n<p><em>Esta confer\u00eancia constituiu a segunda parte do evento final do projeto a longo prazo \u00abAcademia para a Democracia dos Jovens\u00bb.\u00a0 A primeira parte do evento teve lugar no dia 9 de dezembro, no Centro da Juventude de Lisboa, e foi dedicada \u00e0 partilha dos resultados e do impacto da campanha EU is YOU entre l\u00edderes de jovens e coordenadores de projetos de 10 pa\u00edses da UE que participaram no projeto.<\/em><\/p>\n<p>A Confer\u00eancia da Academia da Democracia Juvenil foi organizada pela Rede DYPALL em parceria com a Representa\u00e7\u00e3o da Comiss\u00e3o Europeia em Portugal, o Gabinete do Parlamento Europeu em Portugal, o Conselho Portugu\u00eas da Juventude, o Instituto Portugu\u00eas da Juventude e do Desporto e 10 parceiros internacionais do projeto Academia da Democracia Juvenil, com o apoio do programa Erasmus+.<\/p>\n<\/div>\n<\/div>\n<p><img loading=\"lazy\" decoding=\"async\" class=\"aligncenter size-large wp-image-4153\" src=\"http:\/\/dypall.com\/wp-content\/uploads\/2019\/12\/78845135_10157288021927034_323152020796080128_o-1-1024x768.jpg\" alt=\"\" width=\"1024\" height=\"768\" \/><\/p>\n<p data-wp-editing=\"1\"><img loading=\"lazy\" decoding=\"async\" class=\"aligncenter size-large wp-image-4155\" src=\"http:\/\/dypall.com\/wp-content\/uploads\/2019\/12\/DSCN7303-1024x470.jpeg\" alt=\"\" width=\"1024\" height=\"470\" \/><\/p>\n<p data-wp-editing=\"1\"><img loading=\"lazy\" decoding=\"async\" class=\"aligncenter size-large wp-image-4156\" src=\"http:\/\/dypall.com\/wp-content\/uploads\/2019\/12\/DSCN7398-1024x683.jpeg\" alt=\"\" width=\"1024\" height=\"683\" \/><\/p>\n<\/div>\n<div class=\"_4-u2 _4784 _2y_h _4-u8\">\n<p data-wp-editing=\"1\"><img loading=\"lazy\" decoding=\"async\" class=\"aligncenter size-large wp-image-4164\" src=\"http:\/\/dypall.com\/wp-content\/uploads\/2019\/12\/DSCN7385-1-1024x596.jpeg\" alt=\"\" width=\"1024\" height=\"596\" \/><\/p>\n<\/div>\n<\/div>\n<p data-wp-editing=\"1\"><img loading=\"lazy\" decoding=\"async\" class=\"aligncenter size-large wp-image-4157\" src=\"http:\/\/dypall.com\/wp-content\/uploads\/2019\/12\/DSCN7424-1024x768.jpeg\" alt=\"\" width=\"1024\" height=\"768\" \/><\/p>\n<div id=\"js_16\" class=\"_2pie\" role=\"main\">\n<div class=\"_4-u2 _4784 _2y_h _4-u8\">\n<p data-wp-editing=\"1\"><img loading=\"lazy\" decoding=\"async\" class=\"aligncenter size-large wp-image-4158\" src=\"http:\/\/dypall.com\/wp-content\/uploads\/2019\/12\/DSCN7440-1024x524.jpeg\" alt=\"\" width=\"1024\" height=\"524\" \/><\/p>\n<p data-wp-editing=\"1\"><img loading=\"lazy\" decoding=\"async\" class=\"aligncenter size-large wp-image-4159\" src=\"http:\/\/dypall.com\/wp-content\/uploads\/2019\/12\/DSCN7444-1024x662.jpeg\" alt=\"\" width=\"1024\" height=\"662\" \/><\/p>\n<p data-wp-editing=\"1\"><img loading=\"lazy\" decoding=\"async\" class=\"aligncenter size-large wp-image-4160\" src=\"http:\/\/dypall.com\/wp-content\/uploads\/2019\/12\/DSCN7453-1024x673.jpeg\" alt=\"\" width=\"1024\" height=\"673\" \/><\/p>\n<p data-wp-editing=\"1\"><img loading=\"lazy\" decoding=\"async\" class=\"aligncenter size-large wp-image-4161\" src=\"http:\/\/dypall.com\/wp-content\/uploads\/2019\/12\/DSCN7461-1024x946.jpeg\" alt=\"\" width=\"1024\" height=\"946\" \/><\/p>\n<p><img loading=\"lazy\" decoding=\"async\" class=\"aligncenter size-large wp-image-4162\" src=\"http:\/\/dypall.com\/wp-content\/uploads\/2019\/12\/DSCN7465-1024x768.jpeg\" alt=\"\" width=\"1024\" height=\"768\" \/><\/p>\n<\/div>\n<\/div>\n<\/div>","protected":false},"excerpt":{"rendered":"<p>A Rede DYPALL organizou a Confer\u00eancia da Academia da Democracia Juvenil no dia 10 de dezembro de 2019, por ocasi\u00e3o do Dia dos Direitos Humanos, na Representa\u00e7\u00e3o da Comiss\u00e3o Europeia em Portugal, em Lisboa. A confer\u00eancia reuniu partes interessadas e l\u00edderes juvenis da Gr\u00e9cia, Eslov\u00e1quia, Let\u00f3nia, Espanha, Hungria, Bulg\u00e1ria, Rom\u00e9nia, Su\u00e9cia, It\u00e1lia e Portugal para debater e refletir sobre estrat\u00e9gias para... <a class=\"more-link\" href=\"https:\/\/dypall.com\/pt\/activity\/youth-democracy-academy-conference\/\">Continuar a ler <span class=\"screen-reader-text\">Confer\u00eancia da Academia da Democracia Juvenil<\/span><\/a><\/p>","protected":false},"author":1,"featured_media":4162,"comment_status":"closed","ping_status":"open","sticky":false,"template":"","format":"standard","meta":{"_acf_changed":false,"_jetpack_memberships_contains_paid_content":false,"footnotes":""},"categories":[111,112],"tags":[],"class_list":["post-4152","post","type-post","status-publish","format-standard","has-post-thumbnail","hentry","category-activity","category-conference","entry"],"acf":[],"yoast_head":"<!-- This site is optimized with the Yoast SEO plugin v22.8 - https:\/\/yoast.com\/wordpress\/plugins\/seo\/ -->\n<title>Youth Democracy Academy Conference - DYPALL Network<\/title>\n<meta name=\"robots\" content=\"index, follow, max-snippet:-1, max-image-preview:large, max-video-preview:-1\" \/>\n<link rel=\"canonical\" href=\"https:\/\/dypall.com\/pt\/activity\/youth-democracy-academy-conference\/\" \/>\n<meta property=\"og:locale\" content=\"pt_PT\" \/>\n<meta property=\"og:type\" content=\"article\" \/>\n<meta property=\"og:title\" content=\"Youth Democracy Academy Conference - DYPALL Network\" \/>\n<meta property=\"og:description\" content=\"DYPALL Network organised Youth Democracy Academy Conference on 10th December 2019, on the occasion of Human Rights Day, at the Representation of European Commission in Portugal, in Lisbon. The conference brought together stakeholders and youth leaders from Greece, Slovakia, Latvia, Spain, Hungary, Bulgaria, Romania, Sweden, Italy and Portugal to discuss and reflect on strategies to&hellip; Continue a ler Youth Democracy Academy Conference\" \/>\n<meta property=\"og:url\" content=\"https:\/\/dypall.com\/pt\/activity\/youth-democracy-academy-conference\/\" \/>\n<meta property=\"og:site_name\" content=\"DYPALL Network\" \/>\n<meta property=\"article:published_time\" content=\"2019-12-12T15:58:17+00:00\" \/>\n<meta name=\"author\" content=\"DYPALL Network\" \/>\n<meta name=\"twitter:card\" content=\"summary_large_image\" \/>\n<meta name=\"twitter:label1\" content=\"Written by\" \/>\n\t<meta name=\"twitter:data1\" content=\"DYPALL Network\" \/>\n\t<meta name=\"twitter:label2\" content=\"Est. reading time\" \/>\n\t<meta name=\"twitter:data2\" content=\"2 minutos\" \/>\n<script type=\"application\/ld+json\" class=\"yoast-schema-graph\">{\"@context\":\"https:\/\/schema.org\",\"@graph\":[{\"@type\":\"WebPage\",\"@id\":\"https:\/\/dypall.com\/activity\/youth-democracy-academy-conference\/\",\"url\":\"https:\/\/dypall.com\/activity\/youth-democracy-academy-conference\/\",\"name\":\"Youth Democracy Academy Conference - DYPALL Network\",\"isPartOf\":{\"@id\":\"https:\/\/dypall.com\/#website\"},\"primaryImageOfPage\":{\"@id\":\"https:\/\/dypall.com\/activity\/youth-democracy-academy-conference\/#primaryimage\"},\"image\":{\"@id\":\"https:\/\/dypall.com\/activity\/youth-democracy-academy-conference\/#primaryimage\"},\"thumbnailUrl\":\"\",\"datePublished\":\"2019-12-12T15:58:17+00:00\",\"dateModified\":\"2019-12-12T15:58:17+00:00\",\"author\":{\"@id\":\"https:\/\/dypall.com\/#\/schema\/person\/f92e08aa15c8ba711a9d153129f03377\"},\"breadcrumb\":{\"@id\":\"https:\/\/dypall.com\/activity\/youth-democracy-academy-conference\/#breadcrumb\"},\"inLanguage\":\"pt-PT\",\"potentialAction\":[{\"@type\":\"ReadAction\",\"target\":[\"https:\/\/dypall.com\/activity\/youth-democracy-academy-conference\/\"]}]},{\"@type\":\"ImageObject\",\"inLanguage\":\"pt-PT\",\"@id\":\"https:\/\/dypall.com\/activity\/youth-democracy-academy-conference\/#primaryimage\",\"url\":\"\",\"contentUrl\":\"\"},{\"@type\":\"BreadcrumbList\",\"@id\":\"https:\/\/dypall.com\/activity\/youth-democracy-academy-conference\/#breadcrumb\",\"itemListElement\":[{\"@type\":\"ListItem\",\"position\":1,\"name\":\"Home\",\"item\":\"https:\/\/dypall.com\/\"},{\"@type\":\"ListItem\",\"position\":2,\"name\":\"Youth Democracy Academy Conference\"}]},{\"@type\":\"WebSite\",\"@id\":\"https:\/\/dypall.com\/#website\",\"url\":\"https:\/\/dypall.com\/\",\"name\":\"DYPALL Network\",\"description\":\"We are a European network of civil society organisations, municipalities and research institutions dedicated to improving democracy through youth participation.\",\"potentialAction\":[{\"@type\":\"SearchAction\",\"target\":{\"@type\":\"EntryPoint\",\"urlTemplate\":\"https:\/\/dypall.com\/?s={search_term_string}\"},\"query-input\":\"required name=search_term_string\"}],\"inLanguage\":\"pt-PT\"},{\"@type\":\"Person\",\"@id\":\"https:\/\/dypall.com\/#\/schema\/person\/f92e08aa15c8ba711a9d153129f03377\",\"name\":\"DYPALL Network\",\"image\":{\"@type\":\"ImageObject\",\"inLanguage\":\"pt-PT\",\"@id\":\"https:\/\/dypall.com\/#\/schema\/person\/image\/\",\"url\":\"https:\/\/secure.gravatar.com\/avatar\/9c39e299279800c6d69c5e02cf613e7bab060889f373052a03d7ac399e8f0d3c?s=96&d=mm&r=g\",\"contentUrl\":\"https:\/\/secure.gravatar.com\/avatar\/9c39e299279800c6d69c5e02cf613e7bab060889f373052a03d7ac399e8f0d3c?s=96&d=mm&r=g\",\"caption\":\"DYPALL Network\"},\"sameAs\":[\"https:\/\/dypall.com\"],\"url\":\"https:\/\/dypall.com\/pt\/author\/dypall\/\"}]}<\/script>\n<!-- \/ Yoast SEO plugin. -->","yoast_head_json":{"title":"Youth Democracy Academy Conference - DYPALL Network","robots":{"index":"index","follow":"follow","max-snippet":"max-snippet:-1","max-image-preview":"max-image-preview:large","max-video-preview":"max-video-preview:-1"},"canonical":"https:\/\/dypall.com\/pt\/activity\/youth-democracy-academy-conference\/","og_locale":"pt_PT","og_type":"article","og_title":"Youth Democracy Academy Conference - DYPALL Network","og_description":"DYPALL Network organised Youth Democracy Academy Conference on 10th December 2019, on the occasion of Human Rights Day, at the Representation of European Commission in Portugal, in Lisbon. The conference brought together stakeholders and youth leaders from Greece, Slovakia, Latvia, Spain, Hungary, Bulgaria, Romania, Sweden, Italy and Portugal to discuss and reflect on strategies to&hellip; Continue a ler Youth Democracy Academy Conference","og_url":"https:\/\/dypall.com\/pt\/activity\/youth-democracy-academy-conference\/","og_site_name":"DYPALL Network","article_published_time":"2019-12-12T15:58:17+00:00","author":"DYPALL Network","twitter_card":"summary_large_image","twitter_misc":{"Written by":"DYPALL Network","Est. reading time":"2 minutos"},"schema":{"@context":"https:\/\/schema.org","@graph":[{"@type":"WebPage","@id":"https:\/\/dypall.com\/activity\/youth-democracy-academy-conference\/","url":"https:\/\/dypall.com\/activity\/youth-democracy-academy-conference\/","name":"Youth Democracy Academy Conference - DYPALL Network","isPartOf":{"@id":"https:\/\/dypall.com\/#website"},"primaryImageOfPage":{"@id":"https:\/\/dypall.com\/activity\/youth-democracy-academy-conference\/#primaryimage"},"image":{"@id":"https:\/\/dypall.com\/activity\/youth-democracy-academy-conference\/#primaryimage"},"thumbnailUrl":"","datePublished":"2019-12-12T15:58:17+00:00","dateModified":"2019-12-12T15:58:17+00:00","author":{"@id":"https:\/\/dypall.com\/#\/schema\/person\/f92e08aa15c8ba711a9d153129f03377"},"breadcrumb":{"@id":"https:\/\/dypall.com\/activity\/youth-democracy-academy-conference\/#breadcrumb"},"inLanguage":"pt-PT","potentialAction":[{"@type":"ReadAction","target":["https:\/\/dypall.com\/activity\/youth-democracy-academy-conference\/"]}]},{"@type":"ImageObject","inLanguage":"pt-PT","@id":"https:\/\/dypall.com\/activity\/youth-democracy-academy-conference\/#primaryimage","url":"","contentUrl":""},{"@type":"BreadcrumbList","@id":"https:\/\/dypall.com\/activity\/youth-democracy-academy-conference\/#breadcrumb","itemListElement":[{"@type":"ListItem","position":1,"name":"Home","item":"https:\/\/dypall.com\/"},{"@type":"ListItem","position":2,"name":"Youth Democracy Academy Conference"}]},{"@type":"WebSite","@id":"https:\/\/dypall.com\/#website","url":"https:\/\/dypall.com\/","name":"DYPALL Network","description":"We are a European network of civil society organisations, municipalities and research institutions dedicated to improving democracy through youth participation.","potentialAction":[{"@type":"SearchAction","target":{"@type":"EntryPoint","urlTemplate":"https:\/\/dypall.com\/?s={search_term_string}"},"query-input":"required name=search_term_string"}],"inLanguage":"pt-PT"},{"@type":"Person","@id":"https:\/\/dypall.com\/#\/schema\/person\/f92e08aa15c8ba711a9d153129f03377","name":"DYPALL Network","image":{"@type":"ImageObject","inLanguage":"pt-PT","@id":"https:\/\/dypall.com\/#\/schema\/person\/image\/","url":"https:\/\/secure.gravatar.com\/avatar\/9c39e299279800c6d69c5e02cf613e7bab060889f373052a03d7ac399e8f0d3c?s=96&d=mm&r=g","contentUrl":"https:\/\/secure.gravatar.com\/avatar\/9c39e299279800c6d69c5e02cf613e7bab060889f373052a03d7ac399e8f0d3c?s=96&d=mm&r=g","caption":"DYPALL Network"},"sameAs":["https:\/\/dypall.com"],"url":"https:\/\/dypall.com\/pt\/author\/dypall\/"}]}},"jetpack_featured_media_url":"","jetpack_sharing_enabled":true,"_links":{"self":[{"href":"https:\/\/dypall.com\/pt\/wp-json\/wp\/v2\/posts\/4152","targetHints":{"allow":["GET"]}}],"collection":[{"href":"https:\/\/dypall.com\/pt\/wp-json\/wp\/v2\/posts"}],"about":[{"href":"https:\/\/dypall.com\/pt\/wp-json\/wp\/v2\/types\/post"}],"author":[{"embeddable":true,"href":"https:\/\/dypall.com\/pt\/wp-json\/wp\/v2\/users\/1"}],"replies":[{"embeddable":true,"href":"https:\/\/dypall.com\/pt\/wp-json\/wp\/v2\/comments?post=4152"}],"version-history":[{"count":0,"href":"https:\/\/dypall.com\/pt\/wp-json\/wp\/v2\/posts\/4152\/revisions"}],"wp:featuredmedia":[{"embeddable":true,"href":"https:\/\/dypall.com\/pt\/wp-json\/"}],"wp:attachment":[{"href":"https:\/\/dypall.com\/pt\/wp-json\/wp\/v2\/media?parent=4152"}],"wp:term":[{"taxonomy":"category","embeddable":true,"href":"https:\/\/dypall.com\/pt\/wp-json\/wp\/v2\/categories?post=4152"},{"taxonomy":"post_tag","embeddable":true,"href":"https:\/\/dypall.com\/pt\/wp-json\/wp\/v2\/tags?post=4152"}],"curies":[{"name":"wp","href":"https:\/\/api.w.org\/{rel}","templated":true}]}}