{"id":3951,"date":"2019-09-24T12:57:04","date_gmt":"2019-09-24T10:57:04","guid":{"rendered":"http:\/\/dypall.com\/?p=3951"},"modified":"2019-09-24T12:57:04","modified_gmt":"2019-09-24T10:57:04","slug":"partners-meeting-focus-on-youth-service-design-and-co-creation","status":"publish","type":"post","link":"https:\/\/dypall.com\/pt\/activity\/partners-meeting-focus-on-youth-service-design-and-co-creation\/","title":{"rendered":"Reuni\u00e3o dos parceiros \u00abFoco na Juventude: Conce\u00e7\u00e3o e Cocria\u00e7\u00e3o de Servi\u00e7os\u00bb"},"content":{"rendered":"<p>A reuni\u00e3o de parceiros para o projeto da A\u00e7\u00e3o-chave 2 \u00abFoco na Juventude: Service Design and Co-creation\u201d, realizou-se em Portim\u00e3o (Portugal), de 18 a 19 de Setembro.<\/p>\n<p>O cons\u00f3rcio reuniu organiza\u00e7\u00f5es da Noruega, Litu\u00e2nia, Portugal, Eslov\u00e9nia e Pol\u00f3nia, analisando a teoria da conce\u00e7\u00e3o de servi\u00e7os para melhorar a compreens\u00e3o sobre a forma como o trabalho com jovens se move entre diferentes prestadores de servi\u00e7os para jovens e para identificar diferentes pontos de rutura cruciais em que os jovens s\u00e3o deixados em situa\u00e7\u00f5es vulner\u00e1veis com apoio limitado ou sem apoio do sistema de bem-estar.<\/p>\n<p>Durante o projeto, ser\u00e1 realizada investiga\u00e7\u00e3o sobre a forma como o trabalho profissional com jovens e a educa\u00e7\u00e3o n\u00e3o formal podem apoiar os servi\u00e7os e a juventude no desenvolvimento de solu\u00e7\u00f5es para refor\u00e7ar estes pontos de rutura. Os parceiros far\u00e3o um levantamento dos jovens entre os 15 e os 25 anos, utilizando os dados dispon\u00edveis e a metodologia de conce\u00e7\u00e3o de servi\u00e7os, a fim de criar uma melhor e mais hol\u00edstica compreens\u00e3o do percurso dos jovens nesta faixa et\u00e1ria.<\/p>\n<p>Os t\u00e9cnicos de juventude, os facilitadores, os decisores e outros prestadores de servi\u00e7os receber\u00e3o forma\u00e7\u00e3o em conce\u00e7\u00e3o de servi\u00e7os, abordagem n\u00e3o formal da juventude, teoria da participa\u00e7\u00e3o e coopera\u00e7\u00e3o transetorial, a fim de criar espa\u00e7os de cocria\u00e7\u00e3o entre os jovens e aqueles que prestam servi\u00e7os de juventude aos jovens.<\/p>\n<p>Durante o projeto, haver\u00e1 duas a\u00e7\u00f5es de forma\u00e7\u00e3o, a primeira \u00abDesenvolvimento de servi\u00e7os, cocria\u00e7\u00e3o\u00bb ter\u00e1 lugar de 4 a 11 de novembro de 2019 no centro de forma\u00e7\u00e3o de Daugirdiskes (Litu\u00e2nia) e a segunda \u00abDesenvolvimento de coopera\u00e7\u00e3o transetorial\u00bb ter\u00e1 lugar de 2 a 9 de fevereiro de 2020 no centro de forma\u00e7\u00e3o de Daugirdiskes (Litu\u00e2nia).<\/p>\n<p>Ser\u00e1 elaborada uma publica\u00e7\u00e3o com todos os resultados das atividades e com uma an\u00e1lise da realidade de cada pa\u00eds, criando uma forma de mapear e compreender melhor as diferen\u00e7as e semelhan\u00e7as no trabalho orientado para a juventude nos diferentes pa\u00edses europeus.<\/p>\n<p><img loading=\"lazy\" decoding=\"async\" class=\"aligncenter size-large wp-image-3952\" src=\"http:\/\/dypall.com\/wp-content\/uploads\/2019\/09\/WhatsApp-Image-2019-09-18-at-11.18.07-1024x768.jpeg\" alt=\"\" width=\"1024\" height=\"768\" \/><\/p>\n<p><img loading=\"lazy\" decoding=\"async\" class=\"aligncenter size-large wp-image-3953\" src=\"http:\/\/dypall.com\/wp-content\/uploads\/2019\/09\/WhatsApp-Image-2019-09-18-at-11.18.10-1024x767.jpeg\" alt=\"\" width=\"1024\" height=\"767\" \/><\/p>\n<p><img loading=\"lazy\" decoding=\"async\" class=\"aligncenter size-large wp-image-3954\" src=\"http:\/\/dypall.com\/wp-content\/uploads\/2019\/09\/70512308_2417663761648363_586060468066451456_n.jpg\" alt=\"\" width=\"960\" height=\"721\" \/><\/p>\n<p><img loading=\"lazy\" decoding=\"async\" class=\"aligncenter size-large wp-image-3955\" src=\"http:\/\/dypall.com\/wp-content\/uploads\/2019\/09\/71667116_10162347519625437_6723529959085703168_o-1024x772.jpg\" alt=\"\" width=\"1024\" height=\"772\" \/><\/p>","protected":false},"excerpt":{"rendered":"<p>A reuni\u00e3o de parceiros para o projeto da A\u00e7\u00e3o-chave 2 \u00abFoco na Juventude: Service Design and Co-creation\u201d, realizou-se em Portim\u00e3o (Portugal), de 18 a 19 de Setembro. O cons\u00f3rcio reuniu organiza\u00e7\u00f5es da Noruega, Litu\u00e2nia, Portugal, Eslov\u00e9nia e Pol\u00f3nia, analisando a teoria do design de servi\u00e7os para melhorar a compreens\u00e3o sobre como o trabalho com jovens se move entre diferentes prestadores de servi\u00e7os juvenis e... <a class=\"more-link\" href=\"https:\/\/dypall.com\/pt\/activity\/partners-meeting-focus-on-youth-service-design-and-co-creation\/\">Continuar a ler <span class=\"screen-reader-text\">Reuni\u00e3o dos parceiros \u00abFoco na Juventude: Conce\u00e7\u00e3o e Cocria\u00e7\u00e3o de Servi\u00e7os\u00bb<\/span><\/a><\/p>","protected":false},"author":1,"featured_media":3953,"comment_status":"closed","ping_status":"open","sticky":false,"template":"","format":"standard","meta":{"_acf_changed":false,"_jetpack_memberships_contains_paid_content":false,"footnotes":""},"categories":[111],"tags":[],"class_list":["post-3951","post","type-post","status-publish","format-standard","has-post-thumbnail","hentry","category-activity","entry"],"acf":[],"yoast_head":"<!-- This site is optimized with the Yoast SEO plugin v22.8 - https:\/\/yoast.com\/wordpress\/plugins\/seo\/ -->\n<title>Partners meeting &quot;Focus on Youth: Service Design and Co-Creation&quot; - DYPALL Network<\/title>\n<meta name=\"robots\" content=\"index, follow, max-snippet:-1, max-image-preview:large, max-video-preview:-1\" \/>\n<link rel=\"canonical\" href=\"https:\/\/dypall.com\/pt\/activity\/partners-meeting-focus-on-youth-service-design-and-co-creation\/\" \/>\n<meta property=\"og:locale\" content=\"pt_PT\" \/>\n<meta property=\"og:type\" content=\"article\" \/>\n<meta property=\"og:title\" content=\"Partners meeting &quot;Focus on Youth: Service Design and Co-Creation&quot; - DYPALL Network\" \/>\n<meta property=\"og:description\" content=\"The partners meeting for the KA2 project \u201cFocus in Youth: Service Design and Co-creation\u201d, took place in Portim\u00e3o (Portugal), from 18th-19th September. The consortium gathered organisations from Norway, Lithuania, Portugal, Slovenia and Poland, looking into the theory of service design to improve the understanding on how youth work moves between different youth service providers and&hellip; Continue a ler Partners meeting &#8220;Focus on Youth: Service Design and Co-Creation&#8221;\" \/>\n<meta property=\"og:url\" content=\"https:\/\/dypall.com\/pt\/activity\/partners-meeting-focus-on-youth-service-design-and-co-creation\/\" \/>\n<meta property=\"og:site_name\" content=\"DYPALL Network\" \/>\n<meta property=\"article:published_time\" content=\"2019-09-24T10:57:04+00:00\" \/>\n<meta name=\"author\" content=\"DYPALL Network\" \/>\n<meta name=\"twitter:card\" content=\"summary_large_image\" \/>\n<meta name=\"twitter:label1\" content=\"Written by\" \/>\n\t<meta name=\"twitter:data1\" content=\"DYPALL Network\" \/>\n\t<meta name=\"twitter:label2\" content=\"Est. reading time\" \/>\n\t<meta name=\"twitter:data2\" content=\"1 minuto\" \/>\n<script type=\"application\/ld+json\" class=\"yoast-schema-graph\">{\"@context\":\"https:\/\/schema.org\",\"@graph\":[{\"@type\":\"WebPage\",\"@id\":\"https:\/\/dypall.com\/activity\/partners-meeting-focus-on-youth-service-design-and-co-creation\/\",\"url\":\"https:\/\/dypall.com\/activity\/partners-meeting-focus-on-youth-service-design-and-co-creation\/\",\"name\":\"Partners meeting \\\"Focus on Youth: Service Design and Co-Creation\\\" - DYPALL Network\",\"isPartOf\":{\"@id\":\"https:\/\/dypall.com\/#website\"},\"primaryImageOfPage\":{\"@id\":\"https:\/\/dypall.com\/activity\/partners-meeting-focus-on-youth-service-design-and-co-creation\/#primaryimage\"},\"image\":{\"@id\":\"https:\/\/dypall.com\/activity\/partners-meeting-focus-on-youth-service-design-and-co-creation\/#primaryimage\"},\"thumbnailUrl\":\"\",\"datePublished\":\"2019-09-24T10:57:04+00:00\",\"dateModified\":\"2019-09-24T10:57:04+00:00\",\"author\":{\"@id\":\"https:\/\/dypall.com\/#\/schema\/person\/f92e08aa15c8ba711a9d153129f03377\"},\"breadcrumb\":{\"@id\":\"https:\/\/dypall.com\/activity\/partners-meeting-focus-on-youth-service-design-and-co-creation\/#breadcrumb\"},\"inLanguage\":\"pt-PT\",\"potentialAction\":[{\"@type\":\"ReadAction\",\"target\":[\"https:\/\/dypall.com\/activity\/partners-meeting-focus-on-youth-service-design-and-co-creation\/\"]}]},{\"@type\":\"ImageObject\",\"inLanguage\":\"pt-PT\",\"@id\":\"https:\/\/dypall.com\/activity\/partners-meeting-focus-on-youth-service-design-and-co-creation\/#primaryimage\",\"url\":\"\",\"contentUrl\":\"\"},{\"@type\":\"BreadcrumbList\",\"@id\":\"https:\/\/dypall.com\/activity\/partners-meeting-focus-on-youth-service-design-and-co-creation\/#breadcrumb\",\"itemListElement\":[{\"@type\":\"ListItem\",\"position\":1,\"name\":\"Home\",\"item\":\"https:\/\/dypall.com\/\"},{\"@type\":\"ListItem\",\"position\":2,\"name\":\"Partners meeting &#8220;Focus on Youth: Service Design and Co-Creation&#8221;\"}]},{\"@type\":\"WebSite\",\"@id\":\"https:\/\/dypall.com\/#website\",\"url\":\"https:\/\/dypall.com\/\",\"name\":\"DYPALL Network\",\"description\":\"We are a European network of civil society organisations, municipalities and research institutions dedicated to improving democracy through youth participation.\",\"potentialAction\":[{\"@type\":\"SearchAction\",\"target\":{\"@type\":\"EntryPoint\",\"urlTemplate\":\"https:\/\/dypall.com\/?s={search_term_string}\"},\"query-input\":\"required name=search_term_string\"}],\"inLanguage\":\"pt-PT\"},{\"@type\":\"Person\",\"@id\":\"https:\/\/dypall.com\/#\/schema\/person\/f92e08aa15c8ba711a9d153129f03377\",\"name\":\"DYPALL Network\",\"image\":{\"@type\":\"ImageObject\",\"inLanguage\":\"pt-PT\",\"@id\":\"https:\/\/dypall.com\/#\/schema\/person\/image\/\",\"url\":\"https:\/\/secure.gravatar.com\/avatar\/9c39e299279800c6d69c5e02cf613e7bab060889f373052a03d7ac399e8f0d3c?s=96&d=mm&r=g\",\"contentUrl\":\"https:\/\/secure.gravatar.com\/avatar\/9c39e299279800c6d69c5e02cf613e7bab060889f373052a03d7ac399e8f0d3c?s=96&d=mm&r=g\",\"caption\":\"DYPALL Network\"},\"sameAs\":[\"https:\/\/dypall.com\"],\"url\":\"https:\/\/dypall.com\/pt\/author\/dypall\/\"}]}<\/script>\n<!-- \/ Yoast SEO plugin. -->","yoast_head_json":{"title":"Partners meeting \"Focus on Youth: Service Design and Co-Creation\" - DYPALL Network","robots":{"index":"index","follow":"follow","max-snippet":"max-snippet:-1","max-image-preview":"max-image-preview:large","max-video-preview":"max-video-preview:-1"},"canonical":"https:\/\/dypall.com\/pt\/activity\/partners-meeting-focus-on-youth-service-design-and-co-creation\/","og_locale":"pt_PT","og_type":"article","og_title":"Partners meeting \"Focus on Youth: Service Design and Co-Creation\" - DYPALL Network","og_description":"The partners meeting for the KA2 project \u201cFocus in Youth: Service Design and Co-creation\u201d, took place in Portim\u00e3o (Portugal), from 18th-19th September. The consortium gathered organisations from Norway, Lithuania, Portugal, Slovenia and Poland, looking into the theory of service design to improve the understanding on how youth work moves between different youth service providers and&hellip; Continue a ler Partners meeting &#8220;Focus on Youth: Service Design and Co-Creation&#8221;","og_url":"https:\/\/dypall.com\/pt\/activity\/partners-meeting-focus-on-youth-service-design-and-co-creation\/","og_site_name":"DYPALL Network","article_published_time":"2019-09-24T10:57:04+00:00","author":"DYPALL Network","twitter_card":"summary_large_image","twitter_misc":{"Written by":"DYPALL Network","Est. reading time":"1 minuto"},"schema":{"@context":"https:\/\/schema.org","@graph":[{"@type":"WebPage","@id":"https:\/\/dypall.com\/activity\/partners-meeting-focus-on-youth-service-design-and-co-creation\/","url":"https:\/\/dypall.com\/activity\/partners-meeting-focus-on-youth-service-design-and-co-creation\/","name":"Partners meeting \"Focus on Youth: Service Design and Co-Creation\" - DYPALL Network","isPartOf":{"@id":"https:\/\/dypall.com\/#website"},"primaryImageOfPage":{"@id":"https:\/\/dypall.com\/activity\/partners-meeting-focus-on-youth-service-design-and-co-creation\/#primaryimage"},"image":{"@id":"https:\/\/dypall.com\/activity\/partners-meeting-focus-on-youth-service-design-and-co-creation\/#primaryimage"},"thumbnailUrl":"","datePublished":"2019-09-24T10:57:04+00:00","dateModified":"2019-09-24T10:57:04+00:00","author":{"@id":"https:\/\/dypall.com\/#\/schema\/person\/f92e08aa15c8ba711a9d153129f03377"},"breadcrumb":{"@id":"https:\/\/dypall.com\/activity\/partners-meeting-focus-on-youth-service-design-and-co-creation\/#breadcrumb"},"inLanguage":"pt-PT","potentialAction":[{"@type":"ReadAction","target":["https:\/\/dypall.com\/activity\/partners-meeting-focus-on-youth-service-design-and-co-creation\/"]}]},{"@type":"ImageObject","inLanguage":"pt-PT","@id":"https:\/\/dypall.com\/activity\/partners-meeting-focus-on-youth-service-design-and-co-creation\/#primaryimage","url":"","contentUrl":""},{"@type":"BreadcrumbList","@id":"https:\/\/dypall.com\/activity\/partners-meeting-focus-on-youth-service-design-and-co-creation\/#breadcrumb","itemListElement":[{"@type":"ListItem","position":1,"name":"Home","item":"https:\/\/dypall.com\/"},{"@type":"ListItem","position":2,"name":"Partners meeting &#8220;Focus on Youth: Service Design and Co-Creation&#8221;"}]},{"@type":"WebSite","@id":"https:\/\/dypall.com\/#website","url":"https:\/\/dypall.com\/","name":"DYPALL Network","description":"We are a European network of civil society organisations, municipalities and research institutions dedicated to improving democracy through youth participation.","potentialAction":[{"@type":"SearchAction","target":{"@type":"EntryPoint","urlTemplate":"https:\/\/dypall.com\/?s={search_term_string}"},"query-input":"required name=search_term_string"}],"inLanguage":"pt-PT"},{"@type":"Person","@id":"https:\/\/dypall.com\/#\/schema\/person\/f92e08aa15c8ba711a9d153129f03377","name":"DYPALL Network","image":{"@type":"ImageObject","inLanguage":"pt-PT","@id":"https:\/\/dypall.com\/#\/schema\/person\/image\/","url":"https:\/\/secure.gravatar.com\/avatar\/9c39e299279800c6d69c5e02cf613e7bab060889f373052a03d7ac399e8f0d3c?s=96&d=mm&r=g","contentUrl":"https:\/\/secure.gravatar.com\/avatar\/9c39e299279800c6d69c5e02cf613e7bab060889f373052a03d7ac399e8f0d3c?s=96&d=mm&r=g","caption":"DYPALL Network"},"sameAs":["https:\/\/dypall.com"],"url":"https:\/\/dypall.com\/pt\/author\/dypall\/"}]}},"jetpack_featured_media_url":"","jetpack_sharing_enabled":true,"_links":{"self":[{"href":"https:\/\/dypall.com\/pt\/wp-json\/wp\/v2\/posts\/3951","targetHints":{"allow":["GET"]}}],"collection":[{"href":"https:\/\/dypall.com\/pt\/wp-json\/wp\/v2\/posts"}],"about":[{"href":"https:\/\/dypall.com\/pt\/wp-json\/wp\/v2\/types\/post"}],"author":[{"embeddable":true,"href":"https:\/\/dypall.com\/pt\/wp-json\/wp\/v2\/users\/1"}],"replies":[{"embeddable":true,"href":"https:\/\/dypall.com\/pt\/wp-json\/wp\/v2\/comments?post=3951"}],"version-history":[{"count":0,"href":"https:\/\/dypall.com\/pt\/wp-json\/wp\/v2\/posts\/3951\/revisions"}],"wp:featuredmedia":[{"embeddable":true,"href":"https:\/\/dypall.com\/pt\/wp-json\/"}],"wp:attachment":[{"href":"https:\/\/dypall.com\/pt\/wp-json\/wp\/v2\/media?parent=3951"}],"wp:term":[{"taxonomy":"category","embeddable":true,"href":"https:\/\/dypall.com\/pt\/wp-json\/wp\/v2\/categories?post=3951"},{"taxonomy":"post_tag","embeddable":true,"href":"https:\/\/dypall.com\/pt\/wp-json\/wp\/v2\/tags?post=3951"}],"curies":[{"name":"wp","href":"https:\/\/api.w.org\/{rel}","templated":true}]}}