{"id":2730,"date":"2017-12-13T15:04:15","date_gmt":"2017-12-13T14:04:15","guid":{"rendered":"http:\/\/dypall.com\/?p=2730"},"modified":"2017-12-13T15:04:15","modified_gmt":"2017-12-13T14:04:15","slug":"training-course-young-migrant-voices","status":"publish","type":"post","link":"https:\/\/dypall.com\/pt\/activity\/training-course-young-migrant-voices\/","title":{"rendered":"Curso de forma\u00e7\u00e3o \u00abVozes dos Jovens Migrantes\u00bb"},"content":{"rendered":"<p>\u00abVozes dos jovens migrantes: um curso de forma\u00e7\u00e3o para refor\u00e7ar a participa\u00e7\u00e3o dos jovens migrantes nos processos de tomada de decis\u00e3o a n\u00edvel local\u00bb, realizou-se de 3 a 9 de dezembro de 2017, em Lisboa, Portugal. Reuniu 30 t\u00e9cnicos de juventude de dez pa\u00edses diferentes (Alemanha, Pa\u00edses Baixos, Turquia, Maced\u00f3nia, Finl\u00e2ndia, Malta, Rom\u00e9nia, It\u00e1lia, Eslov\u00e1quia e Portugal) para explorar a import\u00e2ncia e os desafios da participa\u00e7\u00e3o dos jovens migrantes e dos jovens oriundos da migra\u00e7\u00e3o a n\u00edvel local.<\/p>\n<p>Durante a forma\u00e7\u00e3o, os participantes tiveram a oportunidade de trocar e promover realidades e boas pr\u00e1ticas em termos de coopera\u00e7\u00e3o entre as autoridades locais e as organiza\u00e7\u00f5es da sociedade civil, para a inclus\u00e3o dos jovens migrantes nos processos de tomada de decis\u00e3o; refor\u00e7ar as suas compet\u00eancias sobre a forma de motivar e envolver ativamente os jovens migrantes e os jovens oriundos da migra\u00e7\u00e3o na melhoria das comunidades onde vivem; como aumentar a participa\u00e7\u00e3o de todas as partes interessadas no processo de integra\u00e7\u00e3o dos jovens migrantes nos processos de tomada de decis\u00e3o e como apoiar a integra\u00e7\u00e3o dos jovens migrantes e desenvolver entre eles um sentimento de perten\u00e7a \u00e0s suas comunidades de acolhimento.<\/p>\n<p>Como parte do programa de forma\u00e7\u00e3o, visit\u00e1mos\u00a0<span style=\"color: #3366ff;\"><a style=\"color: #3366ff;\" href=\"http:\/\/www.acm.gov.pt\/acm\">Alto Comiss\u00e1rio para a Migra\u00e7\u00e3o<\/a><\/span>\u00a0Assim como dois projectos no interior de <span style=\"color: #3366ff;\"><a style=\"color: #3366ff;\" href=\"http:\/\/www.programaescolhas.pt\/\">Programa \u00abEscolhas\u00bb\u00a0<\/a><\/span>, um programa governamental que apoia a inclus\u00e3o social de jovens vulner\u00e1veis, nos bairros de Apela\u00e7\u00e3o e Quinta do Mocho, na zona de Lisboa.<\/p>\n<p>Uma sess\u00e3o de forma\u00e7\u00e3o, integrada na \u00abSemana Aberta\u00bb no Centro da Juventude de Lisboa, onde teve lugar a forma\u00e7\u00e3o, foi a Mesa-Redonda \u00abCoopera\u00e7\u00e3o para a participa\u00e7\u00e3o inclusiva dos jovens\u00bb, que juntou os participantes na forma\u00e7\u00e3o, juntamente com jovens ativistas locais, participantes no campo Boot sobre voluntariado organizado pela Youth Coop.\u00a0 As oradoras convidadas Luisa Magnano (Programa Escolhas), Cristina Silva (Chefe do Departamento da Juventude do Munic\u00edpio de Almada), Ana Morgado (Trabalhadora Jovem), Nuno Loureiro (Conselho Nacional da Juventude) e Ludgero Teixeira apresentaram o seu trabalho de reflex\u00e3o sobre a inclus\u00e3o dos jovens migrantes e dos jovens oriundos da imigra\u00e7\u00e3o e a import\u00e2ncia da sua participa\u00e7\u00e3o ativa para criar um sentimento de perten\u00e7a \u00e0 comunidade e, assim, construir uma sociedade democr\u00e1tica forte e inclusiva.<\/p>\n<p>Esta foi a segunda edi\u00e7\u00e3o do curso de forma\u00e7\u00e3o \u00abYoung migrant voices\u00bb, organizado pela rede DYPALL em parceria com a Migrafrica com o apoio do programa Erasmus+.<\/p>\n<p><img loading=\"lazy\" decoding=\"async\" class=\"alignnone size-full wp-image-2756\" src=\"http:\/\/dypall.com\/wp-content\/uploads\/2017\/12\/IMG_0558-1.jpg\" alt=\"\" width=\"1920\" height=\"1280\" \/><\/p>\n<p><img loading=\"lazy\" decoding=\"async\" class=\"alignnone size-full wp-image-2755\" src=\"http:\/\/dypall.com\/wp-content\/uploads\/2017\/12\/IMG_0514.jpg\" alt=\"\" width=\"1920\" height=\"1280\" \/><\/p>\n<p><img loading=\"lazy\" decoding=\"async\" class=\"alignnone size-full wp-image-2751\" src=\"http:\/\/dypall.com\/wp-content\/uploads\/2017\/12\/IMG_0554-1.jpg\" alt=\"\" width=\"1920\" height=\"1280\" \/><\/p>\n<p><img loading=\"lazy\" decoding=\"async\" class=\"alignnone size-full wp-image-2750\" src=\"http:\/\/dypall.com\/wp-content\/uploads\/2017\/12\/IMG_0513.jpg\" alt=\"\" width=\"1920\" height=\"1280\" \/><\/p>\n<p><img loading=\"lazy\" decoding=\"async\" class=\"alignnone size-full wp-image-2748\" src=\"http:\/\/dypall.com\/wp-content\/uploads\/2017\/12\/IMG_0466-1-1.jpg\" alt=\"\" width=\"1920\" height=\"1280\" \/><\/p>\n<p><img loading=\"lazy\" decoding=\"async\" class=\"alignnone size-full wp-image-2747\" src=\"http:\/\/dypall.com\/wp-content\/uploads\/2017\/12\/IMG_0447-1.jpg\" alt=\"\" width=\"1920\" height=\"1280\" \/><\/p>\n<p><img loading=\"lazy\" decoding=\"async\" class=\"alignnone size-full wp-image-2744\" src=\"http:\/\/dypall.com\/wp-content\/uploads\/2017\/12\/IMG_0508-1.jpg\" alt=\"\" width=\"1920\" height=\"1280\" \/><\/p>\n<p><img loading=\"lazy\" decoding=\"async\" class=\"alignnone size-full wp-image-2743\" src=\"http:\/\/dypall.com\/wp-content\/uploads\/2017\/12\/IMG_0491-1.jpg\" alt=\"\" width=\"1920\" height=\"1280\" \/><\/p>\n<p><img loading=\"lazy\" decoding=\"async\" class=\"alignnone size-full wp-image-2738\" src=\"http:\/\/dypall.com\/wp-content\/uploads\/2017\/12\/YMVK-2-page-001.jpg\" alt=\"\" width=\"3508\" height=\"4961\" \/><\/p>","protected":false},"excerpt":{"rendered":"<p>\u00abVozes dos jovens migrantes: um curso de forma\u00e7\u00e3o para refor\u00e7ar a participa\u00e7\u00e3o dos jovens migrantes nos processos de tomada de decis\u00e3o a n\u00edvel local\u00bb, realizou-se de 3 a 9 de dezembro de 2017, em Lisboa, Portugal. Reuniu 30 t\u00e9cnicos de juventude de dez pa\u00edses diferentes (Alemanha, Pa\u00edses Baixos, Turquia, Maced\u00f3nia, Finl\u00e2ndia, Malta, Rom\u00e9nia, It\u00e1lia, Eslov\u00e1quia e Portugal) para explorar a import\u00e2ncia... <a class=\"more-link\" href=\"https:\/\/dypall.com\/pt\/activity\/training-course-young-migrant-voices\/\">Continuar a ler <span class=\"screen-reader-text\">Curso de forma\u00e7\u00e3o \u00abVozes dos Jovens Migrantes\u00bb<\/span><\/a><\/p>","protected":false},"author":1,"featured_media":2747,"comment_status":"closed","ping_status":"open","sticky":false,"template":"","format":"standard","meta":{"_acf_changed":false,"_jetpack_memberships_contains_paid_content":false,"footnotes":""},"categories":[111,141],"tags":[136],"class_list":["post-2730","post","type-post","status-publish","format-standard","has-post-thumbnail","hentry","category-activity","category-training-course","tag-training-course","entry"],"acf":[],"yoast_head":"<!-- This site is optimized with the Yoast SEO plugin v22.8 - https:\/\/yoast.com\/wordpress\/plugins\/seo\/ -->\n<title>Training Course &quot;Young Migrant Voices&quot; - DYPALL Network<\/title>\n<meta name=\"robots\" content=\"index, follow, max-snippet:-1, max-image-preview:large, max-video-preview:-1\" \/>\n<link rel=\"canonical\" href=\"https:\/\/dypall.com\/pt\/activity\/training-course-young-migrant-voices\/\" \/>\n<meta property=\"og:locale\" content=\"pt_PT\" \/>\n<meta property=\"og:type\" content=\"article\" \/>\n<meta property=\"og:title\" content=\"Training Course &quot;Young Migrant Voices&quot; - DYPALL Network\" \/>\n<meta property=\"og:description\" content=\"&#8220;Young Migrant Voices: a training course for boosting participation of young migrants in decision-making processes at local level&#8221; took place from 3rd &#8211; 9th December 2017 in in Lisbon, Portugal. It brought together 30 youth workers from ten different countries (Germany, Netherlands, Turkey, Macedonia, Finland, Malta, Romania, Italy, Slovakia and Portugal) to explore the importance&hellip; Continue a ler Training Course &#8220;Young Migrant Voices&#8221;\" \/>\n<meta property=\"og:url\" content=\"https:\/\/dypall.com\/pt\/activity\/training-course-young-migrant-voices\/\" \/>\n<meta property=\"og:site_name\" content=\"DYPALL Network\" \/>\n<meta property=\"article:published_time\" content=\"2017-12-13T14:04:15+00:00\" \/>\n<meta name=\"author\" content=\"DYPALL Network\" \/>\n<meta name=\"twitter:card\" content=\"summary_large_image\" \/>\n<meta name=\"twitter:label1\" content=\"Written by\" \/>\n\t<meta name=\"twitter:data1\" content=\"DYPALL Network\" \/>\n\t<meta name=\"twitter:label2\" content=\"Est. reading time\" \/>\n\t<meta name=\"twitter:data2\" content=\"2 minutos\" \/>\n<script type=\"application\/ld+json\" class=\"yoast-schema-graph\">{\"@context\":\"https:\/\/schema.org\",\"@graph\":[{\"@type\":\"WebPage\",\"@id\":\"https:\/\/dypall.com\/activity\/training-course-young-migrant-voices\/\",\"url\":\"https:\/\/dypall.com\/activity\/training-course-young-migrant-voices\/\",\"name\":\"Training Course \\\"Young Migrant Voices\\\" - DYPALL Network\",\"isPartOf\":{\"@id\":\"https:\/\/dypall.com\/#website\"},\"primaryImageOfPage\":{\"@id\":\"https:\/\/dypall.com\/activity\/training-course-young-migrant-voices\/#primaryimage\"},\"image\":{\"@id\":\"https:\/\/dypall.com\/activity\/training-course-young-migrant-voices\/#primaryimage\"},\"thumbnailUrl\":\"\",\"datePublished\":\"2017-12-13T14:04:15+00:00\",\"dateModified\":\"2017-12-13T14:04:15+00:00\",\"author\":{\"@id\":\"https:\/\/dypall.com\/#\/schema\/person\/f92e08aa15c8ba711a9d153129f03377\"},\"breadcrumb\":{\"@id\":\"https:\/\/dypall.com\/activity\/training-course-young-migrant-voices\/#breadcrumb\"},\"inLanguage\":\"pt-PT\",\"potentialAction\":[{\"@type\":\"ReadAction\",\"target\":[\"https:\/\/dypall.com\/activity\/training-course-young-migrant-voices\/\"]}]},{\"@type\":\"ImageObject\",\"inLanguage\":\"pt-PT\",\"@id\":\"https:\/\/dypall.com\/activity\/training-course-young-migrant-voices\/#primaryimage\",\"url\":\"\",\"contentUrl\":\"\"},{\"@type\":\"BreadcrumbList\",\"@id\":\"https:\/\/dypall.com\/activity\/training-course-young-migrant-voices\/#breadcrumb\",\"itemListElement\":[{\"@type\":\"ListItem\",\"position\":1,\"name\":\"Home\",\"item\":\"https:\/\/dypall.com\/\"},{\"@type\":\"ListItem\",\"position\":2,\"name\":\"Training Course &#8220;Young Migrant Voices&#8221;\"}]},{\"@type\":\"WebSite\",\"@id\":\"https:\/\/dypall.com\/#website\",\"url\":\"https:\/\/dypall.com\/\",\"name\":\"DYPALL Network\",\"description\":\"We are a European network of civil society organisations, municipalities and research institutions dedicated to improving democracy through youth participation.\",\"potentialAction\":[{\"@type\":\"SearchAction\",\"target\":{\"@type\":\"EntryPoint\",\"urlTemplate\":\"https:\/\/dypall.com\/?s={search_term_string}\"},\"query-input\":\"required name=search_term_string\"}],\"inLanguage\":\"pt-PT\"},{\"@type\":\"Person\",\"@id\":\"https:\/\/dypall.com\/#\/schema\/person\/f92e08aa15c8ba711a9d153129f03377\",\"name\":\"DYPALL Network\",\"image\":{\"@type\":\"ImageObject\",\"inLanguage\":\"pt-PT\",\"@id\":\"https:\/\/dypall.com\/#\/schema\/person\/image\/\",\"url\":\"https:\/\/secure.gravatar.com\/avatar\/9c39e299279800c6d69c5e02cf613e7bab060889f373052a03d7ac399e8f0d3c?s=96&d=mm&r=g\",\"contentUrl\":\"https:\/\/secure.gravatar.com\/avatar\/9c39e299279800c6d69c5e02cf613e7bab060889f373052a03d7ac399e8f0d3c?s=96&d=mm&r=g\",\"caption\":\"DYPALL Network\"},\"sameAs\":[\"https:\/\/dypall.com\"],\"url\":\"https:\/\/dypall.com\/pt\/author\/dypall\/\"}]}<\/script>\n<!-- \/ Yoast SEO plugin. -->","yoast_head_json":{"title":"Training Course \"Young Migrant Voices\" - DYPALL Network","robots":{"index":"index","follow":"follow","max-snippet":"max-snippet:-1","max-image-preview":"max-image-preview:large","max-video-preview":"max-video-preview:-1"},"canonical":"https:\/\/dypall.com\/pt\/activity\/training-course-young-migrant-voices\/","og_locale":"pt_PT","og_type":"article","og_title":"Training Course \"Young Migrant Voices\" - DYPALL Network","og_description":"&#8220;Young Migrant Voices: a training course for boosting participation of young migrants in decision-making processes at local level&#8221; took place from 3rd &#8211; 9th December 2017 in in Lisbon, Portugal. It brought together 30 youth workers from ten different countries (Germany, Netherlands, Turkey, Macedonia, Finland, Malta, Romania, Italy, Slovakia and Portugal) to explore the importance&hellip; Continue a ler Training Course &#8220;Young Migrant Voices&#8221;","og_url":"https:\/\/dypall.com\/pt\/activity\/training-course-young-migrant-voices\/","og_site_name":"DYPALL Network","article_published_time":"2017-12-13T14:04:15+00:00","author":"DYPALL Network","twitter_card":"summary_large_image","twitter_misc":{"Written by":"DYPALL Network","Est. reading time":"2 minutos"},"schema":{"@context":"https:\/\/schema.org","@graph":[{"@type":"WebPage","@id":"https:\/\/dypall.com\/activity\/training-course-young-migrant-voices\/","url":"https:\/\/dypall.com\/activity\/training-course-young-migrant-voices\/","name":"Training Course \"Young Migrant Voices\" - DYPALL Network","isPartOf":{"@id":"https:\/\/dypall.com\/#website"},"primaryImageOfPage":{"@id":"https:\/\/dypall.com\/activity\/training-course-young-migrant-voices\/#primaryimage"},"image":{"@id":"https:\/\/dypall.com\/activity\/training-course-young-migrant-voices\/#primaryimage"},"thumbnailUrl":"","datePublished":"2017-12-13T14:04:15+00:00","dateModified":"2017-12-13T14:04:15+00:00","author":{"@id":"https:\/\/dypall.com\/#\/schema\/person\/f92e08aa15c8ba711a9d153129f03377"},"breadcrumb":{"@id":"https:\/\/dypall.com\/activity\/training-course-young-migrant-voices\/#breadcrumb"},"inLanguage":"pt-PT","potentialAction":[{"@type":"ReadAction","target":["https:\/\/dypall.com\/activity\/training-course-young-migrant-voices\/"]}]},{"@type":"ImageObject","inLanguage":"pt-PT","@id":"https:\/\/dypall.com\/activity\/training-course-young-migrant-voices\/#primaryimage","url":"","contentUrl":""},{"@type":"BreadcrumbList","@id":"https:\/\/dypall.com\/activity\/training-course-young-migrant-voices\/#breadcrumb","itemListElement":[{"@type":"ListItem","position":1,"name":"Home","item":"https:\/\/dypall.com\/"},{"@type":"ListItem","position":2,"name":"Training Course &#8220;Young Migrant Voices&#8221;"}]},{"@type":"WebSite","@id":"https:\/\/dypall.com\/#website","url":"https:\/\/dypall.com\/","name":"DYPALL Network","description":"We are a European network of civil society organisations, municipalities and research institutions dedicated to improving democracy through youth participation.","potentialAction":[{"@type":"SearchAction","target":{"@type":"EntryPoint","urlTemplate":"https:\/\/dypall.com\/?s={search_term_string}"},"query-input":"required name=search_term_string"}],"inLanguage":"pt-PT"},{"@type":"Person","@id":"https:\/\/dypall.com\/#\/schema\/person\/f92e08aa15c8ba711a9d153129f03377","name":"DYPALL Network","image":{"@type":"ImageObject","inLanguage":"pt-PT","@id":"https:\/\/dypall.com\/#\/schema\/person\/image\/","url":"https:\/\/secure.gravatar.com\/avatar\/9c39e299279800c6d69c5e02cf613e7bab060889f373052a03d7ac399e8f0d3c?s=96&d=mm&r=g","contentUrl":"https:\/\/secure.gravatar.com\/avatar\/9c39e299279800c6d69c5e02cf613e7bab060889f373052a03d7ac399e8f0d3c?s=96&d=mm&r=g","caption":"DYPALL Network"},"sameAs":["https:\/\/dypall.com"],"url":"https:\/\/dypall.com\/pt\/author\/dypall\/"}]}},"jetpack_featured_media_url":"","jetpack_sharing_enabled":true,"_links":{"self":[{"href":"https:\/\/dypall.com\/pt\/wp-json\/wp\/v2\/posts\/2730","targetHints":{"allow":["GET"]}}],"collection":[{"href":"https:\/\/dypall.com\/pt\/wp-json\/wp\/v2\/posts"}],"about":[{"href":"https:\/\/dypall.com\/pt\/wp-json\/wp\/v2\/types\/post"}],"author":[{"embeddable":true,"href":"https:\/\/dypall.com\/pt\/wp-json\/wp\/v2\/users\/1"}],"replies":[{"embeddable":true,"href":"https:\/\/dypall.com\/pt\/wp-json\/wp\/v2\/comments?post=2730"}],"version-history":[{"count":0,"href":"https:\/\/dypall.com\/pt\/wp-json\/wp\/v2\/posts\/2730\/revisions"}],"wp:featuredmedia":[{"embeddable":true,"href":"https:\/\/dypall.com\/pt\/wp-json\/"}],"wp:attachment":[{"href":"https:\/\/dypall.com\/pt\/wp-json\/wp\/v2\/media?parent=2730"}],"wp:term":[{"taxonomy":"category","embeddable":true,"href":"https:\/\/dypall.com\/pt\/wp-json\/wp\/v2\/categories?post=2730"},{"taxonomy":"post_tag","embeddable":true,"href":"https:\/\/dypall.com\/pt\/wp-json\/wp\/v2\/tags?post=2730"}],"curies":[{"name":"wp","href":"https:\/\/api.w.org\/{rel}","templated":true}]}}