{"id":2706,"date":"2017-11-27T19:06:49","date_gmt":"2017-11-27T18:06:49","guid":{"rendered":"http:\/\/dypall.com\/?p=2706"},"modified":"2017-11-27T19:06:49","modified_gmt":"2017-11-27T18:06:49","slug":"an-overview-of-the-first-study-visit-of-the-project-boosting-youth-participation-at-local-level-november-2017-south-of-portugal","status":"publish","type":"post","link":"https:\/\/dypall.com\/pt\/activity\/an-overview-of-the-first-study-visit-of-the-project-boosting-youth-participation-at-local-level-november-2017-south-of-portugal\/","title":{"rendered":"Visita de estudo \u00abImpulsionar a participa\u00e7\u00e3o dos jovens a n\u00edvel local\u00bb a Portim\u00e3o"},"content":{"rendered":"<p>De 13 a 18 de novembro de 2017, <strong>Rede DYPALL<\/strong> em coopera\u00e7\u00e3o com <strong>Puntland Diaspora F\u00f3rum<\/strong> e <strong>Munic\u00edpio de Portim\u00e3o<\/strong> recebeu um grupo de 26 representantes de organiza\u00e7\u00f5es que trabalham com quest\u00f5es relevantes para a juventude e munic\u00edpios, para a visita de estudo \u00abImpulsionar a participa\u00e7\u00e3o dos jovens a n\u00edvel local\u00bb (Impulsionar a Juventude), em Portim\u00e3o (Portugal). Estes participantes eram de Portugal, Su\u00e9cia, Turquia, Eslov\u00e1quia, Rom\u00e9nia, Hungria, Malta, Pa\u00edses Baixos e It\u00e1lia, e a visita ao sul de Portugal foi a primeira fase de execu\u00e7\u00e3o deste projeto.<\/p>\n<p>A promo\u00e7\u00e3o da juventude foi cofinanciada pelo programa Erasmus+ atrav\u00e9s da Ag\u00eancia Sueca para a Juventude e a Sociedade Civil e visa refor\u00e7ar os programas existentes em mat\u00e9ria de participa\u00e7\u00e3o dos jovens em zonas geograficamente isoladas, partilhar pr\u00e1ticas e aproximar as organiza\u00e7\u00f5es da sociedade civil das autoridades e institui\u00e7\u00f5es p\u00fablicas.<\/p>\n<p>O projeto aproximou os participantes dos processos de tomada de decis\u00e3o a n\u00edvel local e contribuiu para melhorar a sua perce\u00e7\u00e3o e participa\u00e7\u00e3o na democracia representativa e participativa. \u00a0Outro resultado foi que os participantes tamb\u00e9m trabalharam em conjunto, estruturando o impacto a longo prazo nas suas pr\u00f3prias realidades.<\/p>\n<p>Mais concretamente, de acordo com as palavras de Violeta Ciuciuc, Gestora de Projetos da <strong>Munic\u00edpio de Dabuleni<\/strong> (Rom\u00e9nia), expressando a sua opini\u00e3o, bem como a de \u0218tefan Zaria (vice-presidente do munic\u00edpio):<\/p>\n<p><em>\u00abFoi uma semana de trabalho intensa em que aprendemos sobre a participa\u00e7\u00e3o dos jovens e vimos muito sobre a forma como algumas coisas s\u00e3o feitas. Foi interessante para mim, mas o que foi mais surpreendente para o vice-presidente da C\u00e2mara foi os diferentes graus de envolvimento de outras pessoas no trabalho pol\u00edtico. Ele veio com uma mudan\u00e7a de opini\u00e3o sobre a participa\u00e7\u00e3o dos jovens, e (n\u00e3o apenas deste ponto de vista), como \u00e9 e pode ser uma coisa extraordin\u00e1ria para os jovens Dabuleni.<\/em><\/p>\n<p><em>Esperemos que algumas das ideias que t\u00ednhamos a\u00ed se materializem e que, na pr\u00f3xima reuni\u00e3o, as coisas melhorem.\u00bb<a href=\"http:\/\/dypall.com\/pt\/2017\/11\/27\/an-overview-of-the-first-study-visit-of-the-project-boosting-youth-participation-at-local-level-november-2017-south-of-portugal\/img_9492\/#main\" rel=\"attachment wp-att-2707\"><img loading=\"lazy\" decoding=\"async\" class=\"aligncenter wp-image-2707\" src=\"http:\/\/dypall.com\/wp-content\/uploads\/2017\/11\/IMG_9492.jpg\" alt=\"\" width=\"1920\" height=\"1280\" \/><\/a><\/em><\/p>\n<p><em> <a href=\"http:\/\/dypall.com\/pt\/2017\/11\/27\/an-overview-of-the-first-study-visit-of-the-project-boosting-youth-participation-at-local-level-november-2017-south-of-portugal\/img_8986\/#main\" rel=\"attachment wp-att-2708\"><img loading=\"lazy\" decoding=\"async\" class=\"aligncenter size-full wp-image-2708\" src=\"http:\/\/dypall.com\/wp-content\/uploads\/2017\/11\/IMG_8986.jpg\" alt=\"\" width=\"1920\" height=\"1280\" \/><\/a><\/em><\/p>\n<p><em> <a href=\"http:\/\/dypall.com\/pt\/2017\/11\/27\/an-overview-of-the-first-study-visit-of-the-project-boosting-youth-participation-at-local-level-november-2017-south-of-portugal\/23559668_2004203559595052_8086517710705140950_n\/#main\" rel=\"attachment wp-att-2709\"><img loading=\"lazy\" decoding=\"async\" class=\"aligncenter size-full wp-image-2709\" src=\"http:\/\/dypall.com\/wp-content\/uploads\/2017\/11\/23559668_2004203559595052_8086517710705140950_n.jpg\" alt=\"\" width=\"960\" height=\"717\" \/><\/a><\/em><\/p>\n<p><em> <a href=\"http:\/\/dypall.com\/pt\/2017\/11\/27\/an-overview-of-the-first-study-visit-of-the-project-boosting-youth-participation-at-local-level-november-2017-south-of-portugal\/23621662_2004204279594980_588875645577009014_n\/#main\" rel=\"attachment wp-att-2710\"><img loading=\"lazy\" decoding=\"async\" class=\"aligncenter size-full wp-image-2710\" src=\"http:\/\/dypall.com\/wp-content\/uploads\/2017\/11\/23621662_2004204279594980_588875645577009014_n.jpg\" alt=\"\" width=\"960\" height=\"717\" \/><\/a><\/em><\/p>\n<p><em> <a href=\"http:\/\/dypall.com\/pt\/2017\/11\/27\/an-overview-of-the-first-study-visit-of-the-project-boosting-youth-participation-at-local-level-november-2017-south-of-portugal\/23559809_2004203552928386_4188660648908589012_n\/#main\" rel=\"attachment wp-att-2712\"><img loading=\"lazy\" decoding=\"async\" class=\"aligncenter size-full wp-image-2712\" src=\"http:\/\/dypall.com\/wp-content\/uploads\/2017\/11\/23559809_2004203552928386_4188660648908589012_n.jpg\" alt=\"\" width=\"960\" height=\"717\" \/><\/a><\/em><\/p>\n<p><em><a href=\"http:\/\/dypall.com\/pt\/2017\/11\/27\/an-overview-of-the-first-study-visit-of-the-project-boosting-youth-participation-at-local-level-november-2017-south-of-portugal\/img_9221\/#main\" rel=\"attachment wp-att-2711\"><img loading=\"lazy\" decoding=\"async\" class=\"aligncenter size-full wp-image-2711\" src=\"http:\/\/dypall.com\/wp-content\/uploads\/2017\/11\/IMG_9221.jpg\" alt=\"\" width=\"1920\" height=\"1280\" \/><\/a><\/em><\/p>\n<p>&nbsp;<\/p>","protected":false},"excerpt":{"rendered":"<p>De 13 a 18 de novembro de 2017, a Rede DYPALL, em coopera\u00e7\u00e3o com o F\u00f3rum da Di\u00e1spora de Puntland e o Munic\u00edpio de Portim\u00e3o, recebeu um grupo de 26 representantes de organiza\u00e7\u00f5es que trabalham com quest\u00f5es e munic\u00edpios relevantes para a juventude, para a visita de estudo \u00abImpulsionar a participa\u00e7\u00e3o dos jovens a n\u00edvel local\u00bb (Impulsionar a Juventude), em Portim\u00e3o (Portugal). Estes participantes eram de Portugal, Su\u00e9cia, Turquia, Eslov\u00e1quia,... <a class=\"more-link\" href=\"https:\/\/dypall.com\/pt\/activity\/an-overview-of-the-first-study-visit-of-the-project-boosting-youth-participation-at-local-level-november-2017-south-of-portugal\/\">Continuar a ler <span class=\"screen-reader-text\">Visita de estudo \u00abImpulsionar a participa\u00e7\u00e3o dos jovens a n\u00edvel local\u00bb a Portim\u00e3o<\/span><\/a><\/p>","protected":false},"author":1,"featured_media":2714,"comment_status":"closed","ping_status":"open","sticky":false,"template":"","format":"standard","meta":{"_acf_changed":false,"_jetpack_memberships_contains_paid_content":false,"footnotes":""},"categories":[111,152],"tags":[129],"class_list":["post-2706","post","type-post","status-publish","format-standard","has-post-thumbnail","hentry","category-activity","category-study-visits","tag-study-visit","entry"],"acf":[],"yoast_head":"<!-- This site is optimized with the Yoast SEO plugin v22.8 - https:\/\/yoast.com\/wordpress\/plugins\/seo\/ -->\n<title>\u201cBoosting Youth Participation at Local Level\u201d Study visit to Portim\u00e3o - DYPALL Network<\/title>\n<meta name=\"robots\" content=\"index, follow, max-snippet:-1, max-image-preview:large, max-video-preview:-1\" \/>\n<link rel=\"canonical\" href=\"https:\/\/dypall.com\/pt\/activity\/an-overview-of-the-first-study-visit-of-the-project-boosting-youth-participation-at-local-level-november-2017-south-of-portugal\/\" \/>\n<meta property=\"og:locale\" content=\"pt_PT\" \/>\n<meta property=\"og:type\" content=\"article\" \/>\n<meta property=\"og:title\" content=\"\u201cBoosting Youth Participation at Local Level\u201d Study visit to Portim\u00e3o - DYPALL Network\" \/>\n<meta property=\"og:description\" content=\"From 13 to 18 November 2017, DYPALL Network in cooperation with Puntland Diaspora Forum and Portim\u00e3o Municipality received a group of 26 representatives from organizations working with youth relevant issues and municipalities, for the study visit \u201cBoosting Youth Participation at Local Level\u201d (Boosting YP) in Portim\u00e3o (Portugal). These participants were from Portugal, Sweden, Turkey, Slovakia,&hellip; Continue a ler \u201cBoosting Youth Participation at Local Level\u201d Study visit to Portim\u00e3o\" \/>\n<meta property=\"og:url\" content=\"https:\/\/dypall.com\/pt\/activity\/an-overview-of-the-first-study-visit-of-the-project-boosting-youth-participation-at-local-level-november-2017-south-of-portugal\/\" \/>\n<meta property=\"og:site_name\" content=\"DYPALL Network\" \/>\n<meta property=\"article:published_time\" content=\"2017-11-27T18:06:49+00:00\" \/>\n<meta name=\"author\" content=\"DYPALL Network\" \/>\n<meta name=\"twitter:card\" content=\"summary_large_image\" \/>\n<meta name=\"twitter:label1\" content=\"Written by\" \/>\n\t<meta name=\"twitter:data1\" content=\"DYPALL Network\" \/>\n\t<meta name=\"twitter:label2\" content=\"Est. reading time\" \/>\n\t<meta name=\"twitter:data2\" content=\"1 minuto\" \/>\n<script type=\"application\/ld+json\" class=\"yoast-schema-graph\">{\"@context\":\"https:\/\/schema.org\",\"@graph\":[{\"@type\":\"WebPage\",\"@id\":\"https:\/\/dypall.com\/activity\/an-overview-of-the-first-study-visit-of-the-project-boosting-youth-participation-at-local-level-november-2017-south-of-portugal\/\",\"url\":\"https:\/\/dypall.com\/activity\/an-overview-of-the-first-study-visit-of-the-project-boosting-youth-participation-at-local-level-november-2017-south-of-portugal\/\",\"name\":\"\u201cBoosting Youth Participation at Local Level\u201d Study visit to Portim\u00e3o - DYPALL Network\",\"isPartOf\":{\"@id\":\"https:\/\/dypall.com\/#website\"},\"primaryImageOfPage\":{\"@id\":\"https:\/\/dypall.com\/activity\/an-overview-of-the-first-study-visit-of-the-project-boosting-youth-participation-at-local-level-november-2017-south-of-portugal\/#primaryimage\"},\"image\":{\"@id\":\"https:\/\/dypall.com\/activity\/an-overview-of-the-first-study-visit-of-the-project-boosting-youth-participation-at-local-level-november-2017-south-of-portugal\/#primaryimage\"},\"thumbnailUrl\":\"\",\"datePublished\":\"2017-11-27T18:06:49+00:00\",\"dateModified\":\"2017-11-27T18:06:49+00:00\",\"author\":{\"@id\":\"https:\/\/dypall.com\/#\/schema\/person\/f92e08aa15c8ba711a9d153129f03377\"},\"breadcrumb\":{\"@id\":\"https:\/\/dypall.com\/activity\/an-overview-of-the-first-study-visit-of-the-project-boosting-youth-participation-at-local-level-november-2017-south-of-portugal\/#breadcrumb\"},\"inLanguage\":\"pt-PT\",\"potentialAction\":[{\"@type\":\"ReadAction\",\"target\":[\"https:\/\/dypall.com\/activity\/an-overview-of-the-first-study-visit-of-the-project-boosting-youth-participation-at-local-level-november-2017-south-of-portugal\/\"]}]},{\"@type\":\"ImageObject\",\"inLanguage\":\"pt-PT\",\"@id\":\"https:\/\/dypall.com\/activity\/an-overview-of-the-first-study-visit-of-the-project-boosting-youth-participation-at-local-level-november-2017-south-of-portugal\/#primaryimage\",\"url\":\"\",\"contentUrl\":\"\"},{\"@type\":\"BreadcrumbList\",\"@id\":\"https:\/\/dypall.com\/activity\/an-overview-of-the-first-study-visit-of-the-project-boosting-youth-participation-at-local-level-november-2017-south-of-portugal\/#breadcrumb\",\"itemListElement\":[{\"@type\":\"ListItem\",\"position\":1,\"name\":\"Home\",\"item\":\"https:\/\/dypall.com\/\"},{\"@type\":\"ListItem\",\"position\":2,\"name\":\"\u201cBoosting Youth Participation at Local Level\u201d Study visit to Portim\u00e3o\"}]},{\"@type\":\"WebSite\",\"@id\":\"https:\/\/dypall.com\/#website\",\"url\":\"https:\/\/dypall.com\/\",\"name\":\"DYPALL Network\",\"description\":\"We are a European network of civil society organisations, municipalities and research institutions dedicated to improving democracy through youth participation.\",\"potentialAction\":[{\"@type\":\"SearchAction\",\"target\":{\"@type\":\"EntryPoint\",\"urlTemplate\":\"https:\/\/dypall.com\/?s={search_term_string}\"},\"query-input\":\"required name=search_term_string\"}],\"inLanguage\":\"pt-PT\"},{\"@type\":\"Person\",\"@id\":\"https:\/\/dypall.com\/#\/schema\/person\/f92e08aa15c8ba711a9d153129f03377\",\"name\":\"DYPALL Network\",\"image\":{\"@type\":\"ImageObject\",\"inLanguage\":\"pt-PT\",\"@id\":\"https:\/\/dypall.com\/#\/schema\/person\/image\/\",\"url\":\"https:\/\/secure.gravatar.com\/avatar\/9c39e299279800c6d69c5e02cf613e7bab060889f373052a03d7ac399e8f0d3c?s=96&d=mm&r=g\",\"contentUrl\":\"https:\/\/secure.gravatar.com\/avatar\/9c39e299279800c6d69c5e02cf613e7bab060889f373052a03d7ac399e8f0d3c?s=96&d=mm&r=g\",\"caption\":\"DYPALL Network\"},\"sameAs\":[\"https:\/\/dypall.com\"],\"url\":\"https:\/\/dypall.com\/pt\/author\/dypall\/\"}]}<\/script>\n<!-- \/ Yoast SEO plugin. -->","yoast_head_json":{"title":"\u201cBoosting Youth Participation at Local Level\u201d Study visit to Portim\u00e3o - DYPALL Network","robots":{"index":"index","follow":"follow","max-snippet":"max-snippet:-1","max-image-preview":"max-image-preview:large","max-video-preview":"max-video-preview:-1"},"canonical":"https:\/\/dypall.com\/pt\/activity\/an-overview-of-the-first-study-visit-of-the-project-boosting-youth-participation-at-local-level-november-2017-south-of-portugal\/","og_locale":"pt_PT","og_type":"article","og_title":"\u201cBoosting Youth Participation at Local Level\u201d Study visit to Portim\u00e3o - DYPALL Network","og_description":"From 13 to 18 November 2017, DYPALL Network in cooperation with Puntland Diaspora Forum and Portim\u00e3o Municipality received a group of 26 representatives from organizations working with youth relevant issues and municipalities, for the study visit \u201cBoosting Youth Participation at Local Level\u201d (Boosting YP) in Portim\u00e3o (Portugal). These participants were from Portugal, Sweden, Turkey, Slovakia,&hellip; Continue a ler \u201cBoosting Youth Participation at Local Level\u201d Study visit to Portim\u00e3o","og_url":"https:\/\/dypall.com\/pt\/activity\/an-overview-of-the-first-study-visit-of-the-project-boosting-youth-participation-at-local-level-november-2017-south-of-portugal\/","og_site_name":"DYPALL Network","article_published_time":"2017-11-27T18:06:49+00:00","author":"DYPALL Network","twitter_card":"summary_large_image","twitter_misc":{"Written by":"DYPALL Network","Est. reading time":"1 minuto"},"schema":{"@context":"https:\/\/schema.org","@graph":[{"@type":"WebPage","@id":"https:\/\/dypall.com\/activity\/an-overview-of-the-first-study-visit-of-the-project-boosting-youth-participation-at-local-level-november-2017-south-of-portugal\/","url":"https:\/\/dypall.com\/activity\/an-overview-of-the-first-study-visit-of-the-project-boosting-youth-participation-at-local-level-november-2017-south-of-portugal\/","name":"\u201cBoosting Youth Participation at Local Level\u201d Study visit to Portim\u00e3o - DYPALL Network","isPartOf":{"@id":"https:\/\/dypall.com\/#website"},"primaryImageOfPage":{"@id":"https:\/\/dypall.com\/activity\/an-overview-of-the-first-study-visit-of-the-project-boosting-youth-participation-at-local-level-november-2017-south-of-portugal\/#primaryimage"},"image":{"@id":"https:\/\/dypall.com\/activity\/an-overview-of-the-first-study-visit-of-the-project-boosting-youth-participation-at-local-level-november-2017-south-of-portugal\/#primaryimage"},"thumbnailUrl":"","datePublished":"2017-11-27T18:06:49+00:00","dateModified":"2017-11-27T18:06:49+00:00","author":{"@id":"https:\/\/dypall.com\/#\/schema\/person\/f92e08aa15c8ba711a9d153129f03377"},"breadcrumb":{"@id":"https:\/\/dypall.com\/activity\/an-overview-of-the-first-study-visit-of-the-project-boosting-youth-participation-at-local-level-november-2017-south-of-portugal\/#breadcrumb"},"inLanguage":"pt-PT","potentialAction":[{"@type":"ReadAction","target":["https:\/\/dypall.com\/activity\/an-overview-of-the-first-study-visit-of-the-project-boosting-youth-participation-at-local-level-november-2017-south-of-portugal\/"]}]},{"@type":"ImageObject","inLanguage":"pt-PT","@id":"https:\/\/dypall.com\/activity\/an-overview-of-the-first-study-visit-of-the-project-boosting-youth-participation-at-local-level-november-2017-south-of-portugal\/#primaryimage","url":"","contentUrl":""},{"@type":"BreadcrumbList","@id":"https:\/\/dypall.com\/activity\/an-overview-of-the-first-study-visit-of-the-project-boosting-youth-participation-at-local-level-november-2017-south-of-portugal\/#breadcrumb","itemListElement":[{"@type":"ListItem","position":1,"name":"Home","item":"https:\/\/dypall.com\/"},{"@type":"ListItem","position":2,"name":"\u201cBoosting Youth Participation at Local Level\u201d Study visit to Portim\u00e3o"}]},{"@type":"WebSite","@id":"https:\/\/dypall.com\/#website","url":"https:\/\/dypall.com\/","name":"DYPALL Network","description":"We are a European network of civil society organisations, municipalities and research institutions dedicated to improving democracy through youth participation.","potentialAction":[{"@type":"SearchAction","target":{"@type":"EntryPoint","urlTemplate":"https:\/\/dypall.com\/?s={search_term_string}"},"query-input":"required name=search_term_string"}],"inLanguage":"pt-PT"},{"@type":"Person","@id":"https:\/\/dypall.com\/#\/schema\/person\/f92e08aa15c8ba711a9d153129f03377","name":"DYPALL Network","image":{"@type":"ImageObject","inLanguage":"pt-PT","@id":"https:\/\/dypall.com\/#\/schema\/person\/image\/","url":"https:\/\/secure.gravatar.com\/avatar\/9c39e299279800c6d69c5e02cf613e7bab060889f373052a03d7ac399e8f0d3c?s=96&d=mm&r=g","contentUrl":"https:\/\/secure.gravatar.com\/avatar\/9c39e299279800c6d69c5e02cf613e7bab060889f373052a03d7ac399e8f0d3c?s=96&d=mm&r=g","caption":"DYPALL Network"},"sameAs":["https:\/\/dypall.com"],"url":"https:\/\/dypall.com\/pt\/author\/dypall\/"}]}},"jetpack_featured_media_url":"","jetpack_sharing_enabled":true,"_links":{"self":[{"href":"https:\/\/dypall.com\/pt\/wp-json\/wp\/v2\/posts\/2706","targetHints":{"allow":["GET"]}}],"collection":[{"href":"https:\/\/dypall.com\/pt\/wp-json\/wp\/v2\/posts"}],"about":[{"href":"https:\/\/dypall.com\/pt\/wp-json\/wp\/v2\/types\/post"}],"author":[{"embeddable":true,"href":"https:\/\/dypall.com\/pt\/wp-json\/wp\/v2\/users\/1"}],"replies":[{"embeddable":true,"href":"https:\/\/dypall.com\/pt\/wp-json\/wp\/v2\/comments?post=2706"}],"version-history":[{"count":0,"href":"https:\/\/dypall.com\/pt\/wp-json\/wp\/v2\/posts\/2706\/revisions"}],"wp:featuredmedia":[{"embeddable":true,"href":"https:\/\/dypall.com\/pt\/wp-json\/"}],"wp:attachment":[{"href":"https:\/\/dypall.com\/pt\/wp-json\/wp\/v2\/media?parent=2706"}],"wp:term":[{"taxonomy":"category","embeddable":true,"href":"https:\/\/dypall.com\/pt\/wp-json\/wp\/v2\/categories?post=2706"},{"taxonomy":"post_tag","embeddable":true,"href":"https:\/\/dypall.com\/pt\/wp-json\/wp\/v2\/tags?post=2706"}],"curies":[{"name":"wp","href":"https:\/\/api.w.org\/{rel}","templated":true}]}}