{"id":2648,"date":"2017-09-20T17:03:41","date_gmt":"2017-09-20T15:03:41","guid":{"rendered":"http:\/\/dypall.com\/?p=2648"},"modified":"2017-09-20T17:03:41","modified_gmt":"2017-09-20T15:03:41","slug":"seed-social-entrepreneurship-and-educational-practices-for-young-people","status":"publish","type":"post","link":"https:\/\/dypall.com\/pt\/activity\/seed-social-entrepreneurship-and-educational-practices-for-young-people\/","title":{"rendered":"SE+ED: Empreendedorismo Social e Pr\u00e1ticas Educativas para Jovens"},"content":{"rendered":"<p>Sobre o 11<sup>th<\/sup>\u00a0de Setembro, no Audit\u00f3rio do Museu de Portim\u00e3o, a Rede DYPALL, em parceria com o Munic\u00edpio de Portim\u00e3o e a Cooperativa ECOS, acolheu a\u00a0<strong>Confer\u00eancia internacional \u00abSE+ED \u2013 Empreendedorismo social e pr\u00e1ticas educativas para jovens\u00bb<\/strong>.<\/p>\n<p>Neste encontro, os participantes tiveram a oportunidade de conhecer a import\u00e2ncia do empreendedorismo social na economia moderna e a sua especial relev\u00e2ncia na economia p\u00f3s-crise. Al\u00e9m disso, esta confer\u00eancia foi utilizada como uma plataforma para partilhar as perspetivas do empreendedorismo social em diferentes pa\u00edses. Discutiu-se e analisou-se a perspectiva de desenvolvimento e os desafios que esta forma de empreendedorismo enfrenta atrav\u00e9s dos stakeholders afetados. Abord\u00e1mos as quest\u00f5es da colabora\u00e7\u00e3o entre o setor empresarial tradicional e o crescente setor das empresas em fase de arranque, bem como a forma como esta liga\u00e7\u00e3o pode ser melhorada.<\/p>\n<p>Esta confer\u00eancia foi a \u00faltima atividade de um projeto de um ano com o mesmo nome: <strong>SE+ED \u2013 Empreendedorismo social e pr\u00e1ticas educativas para os jovens, <\/strong>com o apoio da <strong>Programa Erasmus+<\/strong>, que tinha por objetivo proporcionar uma forma\u00e7\u00e3o metodol\u00f3gica e educativa sobre empreendedorismo social. Vinte e cinco jovens da Gr\u00e9cia, Pol\u00f3nia, \u00c1ustria e Portugal beneficiaram destas atividades baseadas em m\u00e9todos de interc\u00e2mbio e aprendizagem n\u00e3o formal.<\/p>\n<p>Neste projeto, os participantes realizaram uma forma\u00e7\u00e3o intensiva por vozes experientes neste dom\u00ednio e tiveram um f\u00f3rum em que partilharam os seus conhecimentos e experi\u00eancias que trouxeram dos seus pa\u00edses. As atividades e os programas foram carregados para utiliza\u00e7\u00e3o futura no s\u00edtio Web do projeto (<span style=\"color: #0000ff;\"><a style=\"color: #0000ff;\" href=\"https:\/\/www.seed-uom.org\/\">https:\/\/www.seed-uom.org\/<\/a><\/span>). Durante toda a confer\u00eancia, focou-se na cria\u00e7\u00e3o de um ambiente de trabalho com forte senso de comunidade e esp\u00edrito internacional.\u00a0 A confer\u00eancia foi conclu\u00edda com uma avalia\u00e7\u00e3o adequada que pode dar-nos um caminho para a melhoria de projectos futuros deste tipo.<\/p>\n<p>Este evento reuniu empreendedores sociais, especialistas acad\u00e9micos e estudantes de Portugal, Pol\u00f3nia, \u00c1ustria e Gr\u00e9cia, e permitiu-lhes explorar diferentes op\u00e7\u00f5es sobre como o empreendedorismo social pode ser promovido entre os jovens, a n\u00edvel comunit\u00e1rio, bem como a n\u00edvel nacional.<\/p>\n<p>Os resultados do projeto, destacados na confer\u00eancia, foram o interc\u00e2mbio de boas pr\u00e1ticas, mas tamb\u00e9m recomenda\u00e7\u00f5es que permitiriam aos munic\u00edpios analisar melhor o empreendedorismo social e, assim, apoiar melhor os cidad\u00e3os e os jovens, em particular, a iniciarem as suas pr\u00f3prias iniciativas e a tornarem-se mais ativos na procura de solu\u00e7\u00f5es para as suas comunidades.<\/p>\n<p>Todas as atividades do projeto foram desenvolvidas em parceria com a Universidade da Maced\u00f3nia da Gr\u00e9cia, Gain and Sustain da \u00c1ustria, Uniwersytet Rzeszowski da Pol\u00f3nia, ECOS de Portugal e o Centro MBM de Forma\u00e7\u00e3o e Desenvolvimento do Reino Unido.<\/p>\n<p><img loading=\"lazy\" decoding=\"async\" class=\"alignnone size-full wp-image-2649\" src=\"http:\/\/dypall.com\/wp-content\/uploads\/2017\/10\/IMG_20170911_122500.jpg\" alt=\"\" width=\"4160\" height=\"2340\" \/><\/p>","protected":false},"excerpt":{"rendered":"<p>No dia 11 de setembro, no Audit\u00f3rio do Museu de Portim\u00e3o, a Rede DYPALL, em parceria com o Munic\u00edpio de Portim\u00e3o e a Cooperativa ECOS, acolheu a Confer\u00eancia Internacional \u201cSE+ED \u2013 Empreendedorismo Social e Pr\u00e1ticas Educativas para Jovens\u201d. Neste encontro os participantes tiveram a oportunidade de conhecer a import\u00e2ncia do empreendedorismo social na... <a class=\"more-link\" href=\"https:\/\/dypall.com\/pt\/activity\/seed-social-entrepreneurship-and-educational-practices-for-young-people\/\">Continuar a ler <span class=\"screen-reader-text\">SE+ED: Empreendedorismo Social e Pr\u00e1ticas Educativas para Jovens<\/span><\/a><\/p>","protected":false},"author":1,"featured_media":2649,"comment_status":"closed","ping_status":"open","sticky":false,"template":"","format":"standard","meta":{"_acf_changed":false,"_jetpack_memberships_contains_paid_content":false,"footnotes":""},"categories":[111,112],"tags":[113],"class_list":["post-2648","post","type-post","status-publish","format-standard","has-post-thumbnail","hentry","category-activity","category-conference","tag-conference","entry"],"acf":[],"yoast_head":"<!-- This site is optimized with the Yoast SEO plugin v22.8 - https:\/\/yoast.com\/wordpress\/plugins\/seo\/ -->\n<title>SE+ED: Social Entrepreneurship and Educational Practices for Young People - DYPALL Network<\/title>\n<meta name=\"robots\" content=\"index, follow, max-snippet:-1, max-image-preview:large, max-video-preview:-1\" \/>\n<link rel=\"canonical\" href=\"https:\/\/dypall.com\/pt\/activity\/seed-social-entrepreneurship-and-educational-practices-for-young-people\/\" \/>\n<meta property=\"og:locale\" content=\"pt_PT\" \/>\n<meta property=\"og:type\" content=\"article\" \/>\n<meta property=\"og:title\" content=\"SE+ED: Social Entrepreneurship and Educational Practices for Young People - DYPALL Network\" \/>\n<meta property=\"og:description\" content=\"On the 11th\u00a0of September, at the Auditorium of the Museu of Portim\u00e3o, DYPALL Network, partnering with the Municipality of Portim\u00e3o and Cooperative ECOS, hosted the\u00a0International Conference \u201cSE+ED &#8211; Social Entrepreneurship and Educational Practices for Young People\u201d. In this gathering the participants had a chance to learn about the importance of the social entrepreneurship in the&hellip; Continue a ler SE+ED: Social Entrepreneurship and Educational Practices for Young People\" \/>\n<meta property=\"og:url\" content=\"https:\/\/dypall.com\/pt\/activity\/seed-social-entrepreneurship-and-educational-practices-for-young-people\/\" \/>\n<meta property=\"og:site_name\" content=\"DYPALL Network\" \/>\n<meta property=\"article:published_time\" content=\"2017-09-20T15:03:41+00:00\" \/>\n<meta name=\"author\" content=\"DYPALL Network\" \/>\n<meta name=\"twitter:card\" content=\"summary_large_image\" \/>\n<meta name=\"twitter:label1\" content=\"Written by\" \/>\n\t<meta name=\"twitter:data1\" content=\"DYPALL Network\" \/>\n\t<meta name=\"twitter:label2\" content=\"Est. reading time\" \/>\n\t<meta name=\"twitter:data2\" content=\"2 minutos\" \/>\n<script type=\"application\/ld+json\" class=\"yoast-schema-graph\">{\"@context\":\"https:\/\/schema.org\",\"@graph\":[{\"@type\":\"WebPage\",\"@id\":\"https:\/\/dypall.com\/activity\/seed-social-entrepreneurship-and-educational-practices-for-young-people\/\",\"url\":\"https:\/\/dypall.com\/activity\/seed-social-entrepreneurship-and-educational-practices-for-young-people\/\",\"name\":\"SE+ED: Social Entrepreneurship and Educational Practices for Young People - DYPALL Network\",\"isPartOf\":{\"@id\":\"https:\/\/dypall.com\/#website\"},\"primaryImageOfPage\":{\"@id\":\"https:\/\/dypall.com\/activity\/seed-social-entrepreneurship-and-educational-practices-for-young-people\/#primaryimage\"},\"image\":{\"@id\":\"https:\/\/dypall.com\/activity\/seed-social-entrepreneurship-and-educational-practices-for-young-people\/#primaryimage\"},\"thumbnailUrl\":\"\",\"datePublished\":\"2017-09-20T15:03:41+00:00\",\"dateModified\":\"2017-09-20T15:03:41+00:00\",\"author\":{\"@id\":\"https:\/\/dypall.com\/#\/schema\/person\/f92e08aa15c8ba711a9d153129f03377\"},\"breadcrumb\":{\"@id\":\"https:\/\/dypall.com\/activity\/seed-social-entrepreneurship-and-educational-practices-for-young-people\/#breadcrumb\"},\"inLanguage\":\"pt-PT\",\"potentialAction\":[{\"@type\":\"ReadAction\",\"target\":[\"https:\/\/dypall.com\/activity\/seed-social-entrepreneurship-and-educational-practices-for-young-people\/\"]}]},{\"@type\":\"ImageObject\",\"inLanguage\":\"pt-PT\",\"@id\":\"https:\/\/dypall.com\/activity\/seed-social-entrepreneurship-and-educational-practices-for-young-people\/#primaryimage\",\"url\":\"\",\"contentUrl\":\"\"},{\"@type\":\"BreadcrumbList\",\"@id\":\"https:\/\/dypall.com\/activity\/seed-social-entrepreneurship-and-educational-practices-for-young-people\/#breadcrumb\",\"itemListElement\":[{\"@type\":\"ListItem\",\"position\":1,\"name\":\"Home\",\"item\":\"https:\/\/dypall.com\/\"},{\"@type\":\"ListItem\",\"position\":2,\"name\":\"SE+ED: Social Entrepreneurship and Educational Practices for Young People\"}]},{\"@type\":\"WebSite\",\"@id\":\"https:\/\/dypall.com\/#website\",\"url\":\"https:\/\/dypall.com\/\",\"name\":\"DYPALL Network\",\"description\":\"We are a European network of civil society organisations, municipalities and research institutions dedicated to improving democracy through youth participation.\",\"potentialAction\":[{\"@type\":\"SearchAction\",\"target\":{\"@type\":\"EntryPoint\",\"urlTemplate\":\"https:\/\/dypall.com\/?s={search_term_string}\"},\"query-input\":\"required name=search_term_string\"}],\"inLanguage\":\"pt-PT\"},{\"@type\":\"Person\",\"@id\":\"https:\/\/dypall.com\/#\/schema\/person\/f92e08aa15c8ba711a9d153129f03377\",\"name\":\"DYPALL Network\",\"image\":{\"@type\":\"ImageObject\",\"inLanguage\":\"pt-PT\",\"@id\":\"https:\/\/dypall.com\/#\/schema\/person\/image\/\",\"url\":\"https:\/\/secure.gravatar.com\/avatar\/9c39e299279800c6d69c5e02cf613e7bab060889f373052a03d7ac399e8f0d3c?s=96&d=mm&r=g\",\"contentUrl\":\"https:\/\/secure.gravatar.com\/avatar\/9c39e299279800c6d69c5e02cf613e7bab060889f373052a03d7ac399e8f0d3c?s=96&d=mm&r=g\",\"caption\":\"DYPALL Network\"},\"sameAs\":[\"https:\/\/dypall.com\"],\"url\":\"https:\/\/dypall.com\/pt\/author\/dypall\/\"}]}<\/script>\n<!-- \/ Yoast SEO plugin. -->","yoast_head_json":{"title":"SE+ED: Social Entrepreneurship and Educational Practices for Young People - DYPALL Network","robots":{"index":"index","follow":"follow","max-snippet":"max-snippet:-1","max-image-preview":"max-image-preview:large","max-video-preview":"max-video-preview:-1"},"canonical":"https:\/\/dypall.com\/pt\/activity\/seed-social-entrepreneurship-and-educational-practices-for-young-people\/","og_locale":"pt_PT","og_type":"article","og_title":"SE+ED: Social Entrepreneurship and Educational Practices for Young People - DYPALL Network","og_description":"On the 11th\u00a0of September, at the Auditorium of the Museu of Portim\u00e3o, DYPALL Network, partnering with the Municipality of Portim\u00e3o and Cooperative ECOS, hosted the\u00a0International Conference \u201cSE+ED &#8211; Social Entrepreneurship and Educational Practices for Young People\u201d. In this gathering the participants had a chance to learn about the importance of the social entrepreneurship in the&hellip; Continue a ler SE+ED: Social Entrepreneurship and Educational Practices for Young People","og_url":"https:\/\/dypall.com\/pt\/activity\/seed-social-entrepreneurship-and-educational-practices-for-young-people\/","og_site_name":"DYPALL Network","article_published_time":"2017-09-20T15:03:41+00:00","author":"DYPALL Network","twitter_card":"summary_large_image","twitter_misc":{"Written by":"DYPALL Network","Est. reading time":"2 minutos"},"schema":{"@context":"https:\/\/schema.org","@graph":[{"@type":"WebPage","@id":"https:\/\/dypall.com\/activity\/seed-social-entrepreneurship-and-educational-practices-for-young-people\/","url":"https:\/\/dypall.com\/activity\/seed-social-entrepreneurship-and-educational-practices-for-young-people\/","name":"SE+ED: Social Entrepreneurship and Educational Practices for Young People - DYPALL Network","isPartOf":{"@id":"https:\/\/dypall.com\/#website"},"primaryImageOfPage":{"@id":"https:\/\/dypall.com\/activity\/seed-social-entrepreneurship-and-educational-practices-for-young-people\/#primaryimage"},"image":{"@id":"https:\/\/dypall.com\/activity\/seed-social-entrepreneurship-and-educational-practices-for-young-people\/#primaryimage"},"thumbnailUrl":"","datePublished":"2017-09-20T15:03:41+00:00","dateModified":"2017-09-20T15:03:41+00:00","author":{"@id":"https:\/\/dypall.com\/#\/schema\/person\/f92e08aa15c8ba711a9d153129f03377"},"breadcrumb":{"@id":"https:\/\/dypall.com\/activity\/seed-social-entrepreneurship-and-educational-practices-for-young-people\/#breadcrumb"},"inLanguage":"pt-PT","potentialAction":[{"@type":"ReadAction","target":["https:\/\/dypall.com\/activity\/seed-social-entrepreneurship-and-educational-practices-for-young-people\/"]}]},{"@type":"ImageObject","inLanguage":"pt-PT","@id":"https:\/\/dypall.com\/activity\/seed-social-entrepreneurship-and-educational-practices-for-young-people\/#primaryimage","url":"","contentUrl":""},{"@type":"BreadcrumbList","@id":"https:\/\/dypall.com\/activity\/seed-social-entrepreneurship-and-educational-practices-for-young-people\/#breadcrumb","itemListElement":[{"@type":"ListItem","position":1,"name":"Home","item":"https:\/\/dypall.com\/"},{"@type":"ListItem","position":2,"name":"SE+ED: Social Entrepreneurship and Educational Practices for Young People"}]},{"@type":"WebSite","@id":"https:\/\/dypall.com\/#website","url":"https:\/\/dypall.com\/","name":"DYPALL Network","description":"We are a European network of civil society organisations, municipalities and research institutions dedicated to improving democracy through youth participation.","potentialAction":[{"@type":"SearchAction","target":{"@type":"EntryPoint","urlTemplate":"https:\/\/dypall.com\/?s={search_term_string}"},"query-input":"required name=search_term_string"}],"inLanguage":"pt-PT"},{"@type":"Person","@id":"https:\/\/dypall.com\/#\/schema\/person\/f92e08aa15c8ba711a9d153129f03377","name":"DYPALL Network","image":{"@type":"ImageObject","inLanguage":"pt-PT","@id":"https:\/\/dypall.com\/#\/schema\/person\/image\/","url":"https:\/\/secure.gravatar.com\/avatar\/9c39e299279800c6d69c5e02cf613e7bab060889f373052a03d7ac399e8f0d3c?s=96&d=mm&r=g","contentUrl":"https:\/\/secure.gravatar.com\/avatar\/9c39e299279800c6d69c5e02cf613e7bab060889f373052a03d7ac399e8f0d3c?s=96&d=mm&r=g","caption":"DYPALL Network"},"sameAs":["https:\/\/dypall.com"],"url":"https:\/\/dypall.com\/pt\/author\/dypall\/"}]}},"jetpack_featured_media_url":"","jetpack_sharing_enabled":true,"_links":{"self":[{"href":"https:\/\/dypall.com\/pt\/wp-json\/wp\/v2\/posts\/2648","targetHints":{"allow":["GET"]}}],"collection":[{"href":"https:\/\/dypall.com\/pt\/wp-json\/wp\/v2\/posts"}],"about":[{"href":"https:\/\/dypall.com\/pt\/wp-json\/wp\/v2\/types\/post"}],"author":[{"embeddable":true,"href":"https:\/\/dypall.com\/pt\/wp-json\/wp\/v2\/users\/1"}],"replies":[{"embeddable":true,"href":"https:\/\/dypall.com\/pt\/wp-json\/wp\/v2\/comments?post=2648"}],"version-history":[{"count":0,"href":"https:\/\/dypall.com\/pt\/wp-json\/wp\/v2\/posts\/2648\/revisions"}],"wp:featuredmedia":[{"embeddable":true,"href":"https:\/\/dypall.com\/pt\/wp-json\/"}],"wp:attachment":[{"href":"https:\/\/dypall.com\/pt\/wp-json\/wp\/v2\/media?parent=2648"}],"wp:term":[{"taxonomy":"category","embeddable":true,"href":"https:\/\/dypall.com\/pt\/wp-json\/wp\/v2\/categories?post=2648"},{"taxonomy":"post_tag","embeddable":true,"href":"https:\/\/dypall.com\/pt\/wp-json\/wp\/v2\/tags?post=2648"}],"curies":[{"name":"wp","href":"https:\/\/api.w.org\/{rel}","templated":true}]}}