{"id":2149,"date":"2017-06-22T20:18:43","date_gmt":"2017-06-22T18:18:43","guid":{"rendered":"http:\/\/dypall.com\/?p=2149"},"modified":"2017-06-22T20:18:43","modified_gmt":"2017-06-22T18:18:43","slug":"conclusions-from-the-symposium-youth-policy-responses-to-the-contemporary-challenges-faced-by-young-people-12-14-june-prague","status":"publish","type":"post","link":"https:\/\/dypall.com\/pt\/activity\/conclusions-from-the-symposium-youth-policy-responses-to-the-contemporary-challenges-faced-by-young-people-12-14-june-prague\/","title":{"rendered":"Conclus\u00f5es do Simp\u00f3sio \u00abRespostas da pol\u00edtica de juventude aos desafios contempor\u00e2neos enfrentados pelos jovens\u00bb (12-14 de junho, Praga)"},"content":{"rendered":"<p>Elena Ceban, do Centro para o Di\u00e1logo Intercultural na Maced\u00f3nia, e membro da Rede DYPALL partilharam as conclus\u00f5es do <strong>Sy<img loading=\"lazy\" decoding=\"async\" class=\"size-medium wp-image-2152 alignright\" src=\"http:\/\/dypall.com\/wp-content\/uploads\/2017\/06\/19059304_1811740415508035_4880887241793676795_n-300x225.jpg\" alt=\"\" width=\"300\" height=\"225\" \/> mposium \u00abRespostas da pol\u00edtica de juventude aos desafios contempor\u00e2neos enfrentados pelos jovens\u00bb<\/strong> realizada em Praga, de 12 a 14 de junho de 2017:<\/p>\n<p><em>O Simp\u00f3sio, realizado entre 12 e 14 de junho no \u00e2mbito da Presid\u00eancia checa do Comit\u00e9 de Ministros do Conselho da Europa, reuniu 110 representantes de governos, organiza\u00e7\u00f5es n\u00e3o governamentais e internacionais, universidades e institutos de investiga\u00e7\u00e3o, etc., com o objetivo de identificar e debater os desafios que os jovens de toda a Europa enfrentam e de trabalhar em conjunto para identificar poss\u00edveis respostas pol\u00edticas a estes desafios.<\/em><\/p>\n<p><em>O simp\u00f3sio integrou sess\u00f5es plen\u00e1rias, grupos tem\u00e1ticos e redes informais, a fim de facilitar o interc\u00e2mbio de pr\u00e1ticas e ideias. Os seis grupos tem\u00e1ticos trabalharam na identifica\u00e7\u00e3o dos desafios e das respostas pol\u00edticas que os abordam, analisando a perspetiva dos seguintes temas: \u00abpertencente\u00bb, \u00abag\u00eancia e capacita\u00e7\u00e3o\u00bb, \u00abparticipa\u00e7\u00e3o e express\u00e3o\u00bb, \u00abvoluntariado\u00bb, \u00abaprendizagem e forma\u00e7\u00e3o\u00bb e \u00abtrabalho e cria\u00e7\u00e3o\u00bb.<\/em><\/p>\n<p><em><img loading=\"lazy\" decoding=\"async\" class=\"size-medium wp-image-2154 alignleft\" src=\"http:\/\/dypall.com\/wp-content\/uploads\/2017\/06\/board-300x224.jpg\" alt=\"\" width=\"300\" height=\"224\" \/><\/em><\/p>\n<p><em>Na sess\u00e3o plen\u00e1ria de narra\u00e7\u00e3o de hist\u00f3rias, Bruno Antonio (DYPALL) partilhou a sua hist\u00f3ria pessoal como uma poss\u00edvel resposta pol\u00edtica para a juventude, potenciando que a pol\u00edtica de juventude n\u00e3o \u00e9 um desejo \u2013 \u00e9 uma obriga\u00e7\u00e3o, n\u00e3o s\u00f3 para a juventude, mas tamb\u00e9m para a comunidade local. Apresentou o conceito da rede DYPALL no contexto do refor\u00e7o da capacidade dos intervenientes a n\u00edvel local que trabalham em quest\u00f5es relacionadas com a juventude para enfrentar os desafios que a juventude enfrenta.<\/em><\/p>\n<p><em>As principais mensagens compiladas pelos participantes na sequ\u00eancia do brainstorming nos grupos tem\u00e1ticos ser\u00e3o publicadas em breve no s\u00edtio Web oficial do Conselho da Europa. Entretanto, algumas das conclus\u00f5es dos grupos de trabalho podem ser lidas a seguir:<\/em><\/p>\n<ul>\n<li><em>A pol\u00edtica de juventude existe num contexto pol\u00edtico, pelo que a desigualdade tem de ser reconhecida como<img loading=\"lazy\" decoding=\"async\" class=\"size-medium wp-image-2151 alignright\" src=\"http:\/\/dypall.com\/wp-content\/uploads\/2017\/06\/speaker-300x224.jpg\" alt=\"\" width=\"300\" height=\"224\" \/>abordado do ponto de vista pol\u00edtico;<\/em><\/li>\n<li><em>O quadro para o voluntariado necessita de ser revisto e atualizado, tendo em conta as realidades atuais e os diversos quadros nacionais;<\/em><\/li>\n<li><em>A solidariedade desempenha um papel crucial na propaga\u00e7\u00e3o do sentimento de perten\u00e7a e aceita\u00e7\u00e3o de identidades diversas;<\/em><\/li>\n<li><em>O di\u00e1logo estruturado deve ser promovido como uma pr\u00e1tica a realizar a n\u00edvel nacional e local, a fim de alcan\u00e7ar um verdadeiro di\u00e1logo entre os decisores pol\u00edticos e os jovens;<\/em><\/li>\n<li><em>O reconhecimento do trabalho com jovens como uma abordagem na educa\u00e7\u00e3o e da educa\u00e7\u00e3o n\u00e3o formal como uma metodologia contribuiria para a constru\u00e7\u00e3o de uma pol\u00edtica de juventude mais inclusiva e orientada para as necessidades;<\/em><\/li>\n<li><em>Deve ser prestada mais aten\u00e7\u00e3o \u00e0 coopera\u00e7\u00e3o intersetorial e \u00e0 abordagem intergeracional, a fim de combinar metodologias experientes e testadas com ideias novas e inovadoras.<\/em><\/li>\n<\/ul>\n<p><em>Jacob Kornbeck, respons\u00e1vel pela gest\u00e3o de pol\u00edticas na Dire\u00e7\u00e3o-Geral da Educa\u00e7\u00e3o e da Cultura da Comiss\u00e3o Europeia, concluiu o simp\u00f3sio afirmando que os jovens devem estar no centro de todos os processos de elabora\u00e7\u00e3o de pol\u00edticas, porque \u00abSe n\u00e3o estiver \u00e0 mesa, est\u00e1 na ementa\u00bb.<\/em><\/p>\n<p><em>Todos os documentos relevantes relacionados com o simp\u00f3sio podem ser encontrados <a href=\"http:\/\/pjp-eu.coe.int\/en\/web\/youth-partnership\/symposium\">aqui<\/a>.<\/em><\/p>","protected":false},"excerpt":{"rendered":"<p>Elena Ceban, do Centro para o Di\u00e1logo Intercultural na Maced\u00f3nia, e membro da rede DYPALL partilharam as conclus\u00f5es do Simp\u00f3sio \u00abRespostas da pol\u00edtica de juventude aos desafios contempor\u00e2neos enfrentados pelos jovens\u00bb, realizado em Praga, de 12 a 14 de junho de 2017: O Simp\u00f3sio que se realizou entre os dias 12 e 14 de Junho no \u00e2mbito... <a class=\"more-link\" href=\"https:\/\/dypall.com\/pt\/activity\/conclusions-from-the-symposium-youth-policy-responses-to-the-contemporary-challenges-faced-by-young-people-12-14-june-prague\/\">Continuar a ler <span class=\"screen-reader-text\">Conclus\u00f5es do Simp\u00f3sio \u00abRespostas da pol\u00edtica de juventude aos desafios contempor\u00e2neos enfrentados pelos jovens\u00bb (12-14 de junho, Praga)<\/span><\/a><\/p>","protected":false},"author":1,"featured_media":2150,"comment_status":"closed","ping_status":"open","sticky":false,"template":"","format":"standard","meta":{"_acf_changed":false,"_jetpack_memberships_contains_paid_content":false,"footnotes":""},"categories":[111,112],"tags":[113,115],"class_list":["post-2149","post","type-post","status-publish","format-standard","has-post-thumbnail","hentry","category-activity","category-conference","tag-conference","tag-seminar","entry"],"acf":[],"yoast_head":"<!-- This site is optimized with the Yoast SEO plugin v22.8 - https:\/\/yoast.com\/wordpress\/plugins\/seo\/ -->\n<title>Conclusions from the Symposium &#039;Youth Policy Responses to the Contemporary Challenges Faced by Young People\u2019 (12-14 June, Prague) - DYPALL Network<\/title>\n<meta name=\"robots\" content=\"index, follow, max-snippet:-1, max-image-preview:large, max-video-preview:-1\" \/>\n<link rel=\"canonical\" href=\"https:\/\/dypall.com\/pt\/activity\/conclusions-from-the-symposium-youth-policy-responses-to-the-contemporary-challenges-faced-by-young-people-12-14-june-prague\/\" \/>\n<meta property=\"og:locale\" content=\"pt_PT\" \/>\n<meta property=\"og:type\" content=\"article\" \/>\n<meta property=\"og:title\" content=\"Conclusions from the Symposium &#039;Youth Policy Responses to the Contemporary Challenges Faced by Young People\u2019 (12-14 June, Prague) - DYPALL Network\" \/>\n<meta property=\"og:description\" content=\"Elena Ceban, from the Center for Intercultural Dialogue in Macedonia, and a member of DYPALL Network shared the conclusions from the Sy mposium &#8216;Youth Policy Responses to the Contemporary Challenges Faced by Young People\u2019 held in Prague, from 12 to 14 June 2017: The Symposium that was held between 12-14 of June in the framework&hellip; Continue a ler Conclusions from the Symposium &#8216;Youth Policy Responses to the Contemporary Challenges Faced by Young People\u2019 (12-14 June, Prague)\" \/>\n<meta property=\"og:url\" content=\"https:\/\/dypall.com\/pt\/activity\/conclusions-from-the-symposium-youth-policy-responses-to-the-contemporary-challenges-faced-by-young-people-12-14-june-prague\/\" \/>\n<meta property=\"og:site_name\" content=\"DYPALL Network\" \/>\n<meta property=\"article:published_time\" content=\"2017-06-22T18:18:43+00:00\" \/>\n<meta name=\"author\" content=\"DYPALL Network\" \/>\n<meta name=\"twitter:card\" content=\"summary_large_image\" \/>\n<meta name=\"twitter:label1\" content=\"Written by\" \/>\n\t<meta name=\"twitter:data1\" content=\"DYPALL Network\" \/>\n\t<meta name=\"twitter:label2\" content=\"Est. reading time\" \/>\n\t<meta name=\"twitter:data2\" content=\"2 minutos\" \/>\n<script type=\"application\/ld+json\" class=\"yoast-schema-graph\">{\"@context\":\"https:\/\/schema.org\",\"@graph\":[{\"@type\":\"WebPage\",\"@id\":\"https:\/\/dypall.com\/activity\/conclusions-from-the-symposium-youth-policy-responses-to-the-contemporary-challenges-faced-by-young-people-12-14-june-prague\/\",\"url\":\"https:\/\/dypall.com\/activity\/conclusions-from-the-symposium-youth-policy-responses-to-the-contemporary-challenges-faced-by-young-people-12-14-june-prague\/\",\"name\":\"Conclusions from the Symposium 'Youth Policy Responses to the Contemporary Challenges Faced by Young People\u2019 (12-14 June, Prague) - DYPALL Network\",\"isPartOf\":{\"@id\":\"https:\/\/dypall.com\/#website\"},\"primaryImageOfPage\":{\"@id\":\"https:\/\/dypall.com\/activity\/conclusions-from-the-symposium-youth-policy-responses-to-the-contemporary-challenges-faced-by-young-people-12-14-june-prague\/#primaryimage\"},\"image\":{\"@id\":\"https:\/\/dypall.com\/activity\/conclusions-from-the-symposium-youth-policy-responses-to-the-contemporary-challenges-faced-by-young-people-12-14-june-prague\/#primaryimage\"},\"thumbnailUrl\":\"\",\"datePublished\":\"2017-06-22T18:18:43+00:00\",\"dateModified\":\"2017-06-22T18:18:43+00:00\",\"author\":{\"@id\":\"https:\/\/dypall.com\/#\/schema\/person\/f92e08aa15c8ba711a9d153129f03377\"},\"breadcrumb\":{\"@id\":\"https:\/\/dypall.com\/activity\/conclusions-from-the-symposium-youth-policy-responses-to-the-contemporary-challenges-faced-by-young-people-12-14-june-prague\/#breadcrumb\"},\"inLanguage\":\"pt-PT\",\"potentialAction\":[{\"@type\":\"ReadAction\",\"target\":[\"https:\/\/dypall.com\/activity\/conclusions-from-the-symposium-youth-policy-responses-to-the-contemporary-challenges-faced-by-young-people-12-14-june-prague\/\"]}]},{\"@type\":\"ImageObject\",\"inLanguage\":\"pt-PT\",\"@id\":\"https:\/\/dypall.com\/activity\/conclusions-from-the-symposium-youth-policy-responses-to-the-contemporary-challenges-faced-by-young-people-12-14-june-prague\/#primaryimage\",\"url\":\"\",\"contentUrl\":\"\"},{\"@type\":\"BreadcrumbList\",\"@id\":\"https:\/\/dypall.com\/activity\/conclusions-from-the-symposium-youth-policy-responses-to-the-contemporary-challenges-faced-by-young-people-12-14-june-prague\/#breadcrumb\",\"itemListElement\":[{\"@type\":\"ListItem\",\"position\":1,\"name\":\"Home\",\"item\":\"https:\/\/dypall.com\/\"},{\"@type\":\"ListItem\",\"position\":2,\"name\":\"Conclusions from the Symposium &#8216;Youth Policy Responses to the Contemporary Challenges Faced by Young People\u2019 (12-14 June, Prague)\"}]},{\"@type\":\"WebSite\",\"@id\":\"https:\/\/dypall.com\/#website\",\"url\":\"https:\/\/dypall.com\/\",\"name\":\"DYPALL Network\",\"description\":\"We are a European network of civil society organisations, municipalities and research institutions dedicated to improving democracy through youth participation.\",\"potentialAction\":[{\"@type\":\"SearchAction\",\"target\":{\"@type\":\"EntryPoint\",\"urlTemplate\":\"https:\/\/dypall.com\/?s={search_term_string}\"},\"query-input\":\"required name=search_term_string\"}],\"inLanguage\":\"pt-PT\"},{\"@type\":\"Person\",\"@id\":\"https:\/\/dypall.com\/#\/schema\/person\/f92e08aa15c8ba711a9d153129f03377\",\"name\":\"DYPALL Network\",\"image\":{\"@type\":\"ImageObject\",\"inLanguage\":\"pt-PT\",\"@id\":\"https:\/\/dypall.com\/#\/schema\/person\/image\/\",\"url\":\"https:\/\/secure.gravatar.com\/avatar\/9c39e299279800c6d69c5e02cf613e7bab060889f373052a03d7ac399e8f0d3c?s=96&d=mm&r=g\",\"contentUrl\":\"https:\/\/secure.gravatar.com\/avatar\/9c39e299279800c6d69c5e02cf613e7bab060889f373052a03d7ac399e8f0d3c?s=96&d=mm&r=g\",\"caption\":\"DYPALL Network\"},\"sameAs\":[\"https:\/\/dypall.com\"],\"url\":\"https:\/\/dypall.com\/pt\/author\/dypall\/\"}]}<\/script>\n<!-- \/ Yoast SEO plugin. -->","yoast_head_json":{"title":"Conclusions from the Symposium 'Youth Policy Responses to the Contemporary Challenges Faced by Young People\u2019 (12-14 June, Prague) - DYPALL Network","robots":{"index":"index","follow":"follow","max-snippet":"max-snippet:-1","max-image-preview":"max-image-preview:large","max-video-preview":"max-video-preview:-1"},"canonical":"https:\/\/dypall.com\/pt\/activity\/conclusions-from-the-symposium-youth-policy-responses-to-the-contemporary-challenges-faced-by-young-people-12-14-june-prague\/","og_locale":"pt_PT","og_type":"article","og_title":"Conclusions from the Symposium 'Youth Policy Responses to the Contemporary Challenges Faced by Young People\u2019 (12-14 June, Prague) - DYPALL Network","og_description":"Elena Ceban, from the Center for Intercultural Dialogue in Macedonia, and a member of DYPALL Network shared the conclusions from the Sy mposium &#8216;Youth Policy Responses to the Contemporary Challenges Faced by Young People\u2019 held in Prague, from 12 to 14 June 2017: The Symposium that was held between 12-14 of June in the framework&hellip; Continue a ler Conclusions from the Symposium &#8216;Youth Policy Responses to the Contemporary Challenges Faced by Young People\u2019 (12-14 June, Prague)","og_url":"https:\/\/dypall.com\/pt\/activity\/conclusions-from-the-symposium-youth-policy-responses-to-the-contemporary-challenges-faced-by-young-people-12-14-june-prague\/","og_site_name":"DYPALL Network","article_published_time":"2017-06-22T18:18:43+00:00","author":"DYPALL Network","twitter_card":"summary_large_image","twitter_misc":{"Written by":"DYPALL Network","Est. reading time":"2 minutos"},"schema":{"@context":"https:\/\/schema.org","@graph":[{"@type":"WebPage","@id":"https:\/\/dypall.com\/activity\/conclusions-from-the-symposium-youth-policy-responses-to-the-contemporary-challenges-faced-by-young-people-12-14-june-prague\/","url":"https:\/\/dypall.com\/activity\/conclusions-from-the-symposium-youth-policy-responses-to-the-contemporary-challenges-faced-by-young-people-12-14-june-prague\/","name":"Conclusions from the Symposium 'Youth Policy Responses to the Contemporary Challenges Faced by Young People\u2019 (12-14 June, Prague) - DYPALL Network","isPartOf":{"@id":"https:\/\/dypall.com\/#website"},"primaryImageOfPage":{"@id":"https:\/\/dypall.com\/activity\/conclusions-from-the-symposium-youth-policy-responses-to-the-contemporary-challenges-faced-by-young-people-12-14-june-prague\/#primaryimage"},"image":{"@id":"https:\/\/dypall.com\/activity\/conclusions-from-the-symposium-youth-policy-responses-to-the-contemporary-challenges-faced-by-young-people-12-14-june-prague\/#primaryimage"},"thumbnailUrl":"","datePublished":"2017-06-22T18:18:43+00:00","dateModified":"2017-06-22T18:18:43+00:00","author":{"@id":"https:\/\/dypall.com\/#\/schema\/person\/f92e08aa15c8ba711a9d153129f03377"},"breadcrumb":{"@id":"https:\/\/dypall.com\/activity\/conclusions-from-the-symposium-youth-policy-responses-to-the-contemporary-challenges-faced-by-young-people-12-14-june-prague\/#breadcrumb"},"inLanguage":"pt-PT","potentialAction":[{"@type":"ReadAction","target":["https:\/\/dypall.com\/activity\/conclusions-from-the-symposium-youth-policy-responses-to-the-contemporary-challenges-faced-by-young-people-12-14-june-prague\/"]}]},{"@type":"ImageObject","inLanguage":"pt-PT","@id":"https:\/\/dypall.com\/activity\/conclusions-from-the-symposium-youth-policy-responses-to-the-contemporary-challenges-faced-by-young-people-12-14-june-prague\/#primaryimage","url":"","contentUrl":""},{"@type":"BreadcrumbList","@id":"https:\/\/dypall.com\/activity\/conclusions-from-the-symposium-youth-policy-responses-to-the-contemporary-challenges-faced-by-young-people-12-14-june-prague\/#breadcrumb","itemListElement":[{"@type":"ListItem","position":1,"name":"Home","item":"https:\/\/dypall.com\/"},{"@type":"ListItem","position":2,"name":"Conclusions from the Symposium &#8216;Youth Policy Responses to the Contemporary Challenges Faced by Young People\u2019 (12-14 June, Prague)"}]},{"@type":"WebSite","@id":"https:\/\/dypall.com\/#website","url":"https:\/\/dypall.com\/","name":"DYPALL Network","description":"We are a European network of civil society organisations, municipalities and research institutions dedicated to improving democracy through youth participation.","potentialAction":[{"@type":"SearchAction","target":{"@type":"EntryPoint","urlTemplate":"https:\/\/dypall.com\/?s={search_term_string}"},"query-input":"required name=search_term_string"}],"inLanguage":"pt-PT"},{"@type":"Person","@id":"https:\/\/dypall.com\/#\/schema\/person\/f92e08aa15c8ba711a9d153129f03377","name":"DYPALL Network","image":{"@type":"ImageObject","inLanguage":"pt-PT","@id":"https:\/\/dypall.com\/#\/schema\/person\/image\/","url":"https:\/\/secure.gravatar.com\/avatar\/9c39e299279800c6d69c5e02cf613e7bab060889f373052a03d7ac399e8f0d3c?s=96&d=mm&r=g","contentUrl":"https:\/\/secure.gravatar.com\/avatar\/9c39e299279800c6d69c5e02cf613e7bab060889f373052a03d7ac399e8f0d3c?s=96&d=mm&r=g","caption":"DYPALL Network"},"sameAs":["https:\/\/dypall.com"],"url":"https:\/\/dypall.com\/pt\/author\/dypall\/"}]}},"jetpack_featured_media_url":"","jetpack_sharing_enabled":true,"_links":{"self":[{"href":"https:\/\/dypall.com\/pt\/wp-json\/wp\/v2\/posts\/2149","targetHints":{"allow":["GET"]}}],"collection":[{"href":"https:\/\/dypall.com\/pt\/wp-json\/wp\/v2\/posts"}],"about":[{"href":"https:\/\/dypall.com\/pt\/wp-json\/wp\/v2\/types\/post"}],"author":[{"embeddable":true,"href":"https:\/\/dypall.com\/pt\/wp-json\/wp\/v2\/users\/1"}],"replies":[{"embeddable":true,"href":"https:\/\/dypall.com\/pt\/wp-json\/wp\/v2\/comments?post=2149"}],"version-history":[{"count":0,"href":"https:\/\/dypall.com\/pt\/wp-json\/wp\/v2\/posts\/2149\/revisions"}],"wp:featuredmedia":[{"embeddable":true,"href":"https:\/\/dypall.com\/pt\/wp-json\/"}],"wp:attachment":[{"href":"https:\/\/dypall.com\/pt\/wp-json\/wp\/v2\/media?parent=2149"}],"wp:term":[{"taxonomy":"category","embeddable":true,"href":"https:\/\/dypall.com\/pt\/wp-json\/wp\/v2\/categories?post=2149"},{"taxonomy":"post_tag","embeddable":true,"href":"https:\/\/dypall.com\/pt\/wp-json\/wp\/v2\/tags?post=2149"}],"curies":[{"name":"wp","href":"https:\/\/api.w.org\/{rel}","templated":true}]}}