{"id":1484,"date":"2016-04-12T18:12:45","date_gmt":"2016-04-12T16:12:45","guid":{"rendered":"http:\/\/dypall.com\/?p=1484"},"modified":"2016-04-12T18:12:45","modified_gmt":"2016-04-12T16:12:45","slug":"hearyourvoices2","status":"publish","type":"post","link":"https:\/\/dypall.com\/pt\/activity\/hearyourvoices2\/","title":{"rendered":"#hearyourvoices: vislumbres da Confer\u00eancia"},"content":{"rendered":"<p><em><a href=\"http:\/\/dypall.com\/pt\/2016\/04\/12\/hearyourvoices2\/ioana\/#main\" rel=\"attachment wp-att-1487\"><img loading=\"lazy\" decoding=\"async\" class=\"size-medium wp-image-1487 alignleft\" src=\"http:\/\/dypall.com\/wp-content\/uploads\/2016\/11\/Ioana-300x226.png\" alt=\"ioana\" width=\"300\" height=\"226\" \/><\/a>\u00abRepresento o munic\u00edpio de Sal\u00f3nica, na Gr\u00e9cia, na confer\u00eancia internacional \u201cPol\u00edtica de juventude a n\u00edvel local e regional\u201d, organizada pela ECOS e pela rede DYPALL; Sou um membro eleito no munic\u00edpio como conselheiro comunit\u00e1rio.<\/em><em><br \/>\nDurante esta confer\u00eancia, espero conhecer novas pessoas, ver como outros pa\u00edses fazem o trabalho com jovens e como promovem a participa\u00e7\u00e3o dos jovens, e estabelecer liga\u00e7\u00f5es para projetos futuros.<br \/>\n<\/em><\/p>\n<p><em><br \/>\nA participa\u00e7\u00e3o dos jovens \u00e9 uma das coisas mais importantes, sou tamb\u00e9m um jovem e vi pessoas a participar nos processos de tomada de decis\u00e3o, bem como as que n\u00e3o est\u00e3o interessadas, pelo que acredito firmemente que \u00e9 importante que todos nos tornemos mais ativos, mas especialmente os jovens, porque o futuro lhes pertence.\u00a0Na Gr\u00e9cia, \u00e9 mais comum ver pessoas ativas a n\u00edvel regional do que a n\u00edvel local. Em Sal\u00f3nica, o atual presidente do munic\u00edpio ocupa este cargo h\u00e1 seis anos e trabalha muito para promover a participa\u00e7\u00e3o dos jovens, com o resultado de muitos jovens serem eleitos e envolvidos no munic\u00edpio e na c\u00e2mara municipal.\u00bb<\/em><\/p>\n<p><strong>Ioanna Dagdileli, munic\u00edpio de Sal\u00f3nica (Gr\u00e9cia)<\/strong><\/p>\n<p>&nbsp;<\/p>\n<p>Leia sobre a Confer\u00eancia Internacional sobre <a href=\"https:\/\/dypall.com\/pt\/activity\/international-conference-developing-our-territories-through-youth-participation-in-decision-making\/\">\u00abPol\u00edtica de juventude a n\u00edvel local e regional \u2013 Desenvolver os nossos territ\u00f3rios atrav\u00e9s da participa\u00e7\u00e3o dos jovens na tomada de decis\u00f5es\u00bb<\/a> Portim\u00e3o (Portugal) 12-15 de abril de 2016<\/p>","protected":false},"excerpt":{"rendered":"<p>\u00abRepresento o munic\u00edpio de Sal\u00f3nica, na Gr\u00e9cia, na confer\u00eancia internacional \u201cPol\u00edtica de juventude a n\u00edvel local e regional\u201d, organizada pela ECOS e pela rede DYPALL; Sou um membro eleito no munic\u00edpio como conselheiro comunit\u00e1rio. Durante esta confer\u00eancia, espero conhecer novas pessoas, ver como outros pa\u00edses fazem o trabalho com jovens e como eles... <a class=\"more-link\" href=\"https:\/\/dypall.com\/pt\/activity\/hearyourvoices2\/\">Continuar a ler <span class=\"screen-reader-text\">#hearyourvoices: vislumbres da Confer\u00eancia<\/span><\/a><\/p>","protected":false},"author":2,"featured_media":1487,"comment_status":"closed","ping_status":"open","sticky":false,"template":"","format":"standard","meta":{"_acf_changed":false,"_jetpack_memberships_contains_paid_content":false,"footnotes":""},"categories":[111,112],"tags":[113,115,121],"class_list":["post-1484","post","type-post","status-publish","format-standard","has-post-thumbnail","hentry","category-activity","category-conference","tag-conference","tag-seminar","tag-testimony","entry"],"acf":[],"yoast_head":"<!-- This site is optimized with the Yoast SEO plugin v22.8 - https:\/\/yoast.com\/wordpress\/plugins\/seo\/ -->\n<title>#hearyourvoices: glimpses of the Conference - DYPALL Network<\/title>\n<meta name=\"robots\" content=\"index, follow, max-snippet:-1, max-image-preview:large, max-video-preview:-1\" \/>\n<link rel=\"canonical\" href=\"https:\/\/dypall.com\/pt\/activity\/hearyourvoices2\/\" \/>\n<meta property=\"og:locale\" content=\"pt_PT\" \/>\n<meta property=\"og:type\" content=\"article\" \/>\n<meta property=\"og:title\" content=\"#hearyourvoices: glimpses of the Conference - DYPALL Network\" \/>\n<meta property=\"og:description\" content=\"&#8220;I am representing the Municipality of Thessaloniki, Greece, in the International Conference \u201cYouth Policy at Local and Regional level\u201d organized by ECOS and DYPALL Network; I am an elected member in the municipality as a community\u00a0advisor. During this Conference, I expect to meet new people, see how other countries do youth work and how they&hellip; Continue a ler #hearyourvoices: glimpses of the Conference\" \/>\n<meta property=\"og:url\" content=\"https:\/\/dypall.com\/pt\/activity\/hearyourvoices2\/\" \/>\n<meta property=\"og:site_name\" content=\"DYPALL Network\" \/>\n<meta property=\"article:published_time\" content=\"2016-04-12T16:12:45+00:00\" \/>\n<meta name=\"author\" content=\"dypall\" \/>\n<meta name=\"twitter:card\" content=\"summary_large_image\" \/>\n<meta name=\"twitter:label1\" content=\"Written by\" \/>\n\t<meta name=\"twitter:data1\" content=\"dypall\" \/>\n\t<meta name=\"twitter:label2\" content=\"Est. reading time\" \/>\n\t<meta name=\"twitter:data2\" content=\"1 minuto\" \/>\n<script type=\"application\/ld+json\" class=\"yoast-schema-graph\">{\"@context\":\"https:\/\/schema.org\",\"@graph\":[{\"@type\":\"WebPage\",\"@id\":\"https:\/\/dypall.com\/activity\/hearyourvoices2\/\",\"url\":\"https:\/\/dypall.com\/activity\/hearyourvoices2\/\",\"name\":\"#hearyourvoices: glimpses of the Conference - DYPALL Network\",\"isPartOf\":{\"@id\":\"https:\/\/dypall.com\/#website\"},\"primaryImageOfPage\":{\"@id\":\"https:\/\/dypall.com\/activity\/hearyourvoices2\/#primaryimage\"},\"image\":{\"@id\":\"https:\/\/dypall.com\/activity\/hearyourvoices2\/#primaryimage\"},\"thumbnailUrl\":\"\",\"datePublished\":\"2016-04-12T16:12:45+00:00\",\"dateModified\":\"2016-04-12T16:12:45+00:00\",\"author\":{\"@id\":\"https:\/\/dypall.com\/#\/schema\/person\/206350efe851997fcdedef75d118766b\"},\"breadcrumb\":{\"@id\":\"https:\/\/dypall.com\/activity\/hearyourvoices2\/#breadcrumb\"},\"inLanguage\":\"pt-PT\",\"potentialAction\":[{\"@type\":\"ReadAction\",\"target\":[\"https:\/\/dypall.com\/activity\/hearyourvoices2\/\"]}]},{\"@type\":\"ImageObject\",\"inLanguage\":\"pt-PT\",\"@id\":\"https:\/\/dypall.com\/activity\/hearyourvoices2\/#primaryimage\",\"url\":\"\",\"contentUrl\":\"\"},{\"@type\":\"BreadcrumbList\",\"@id\":\"https:\/\/dypall.com\/activity\/hearyourvoices2\/#breadcrumb\",\"itemListElement\":[{\"@type\":\"ListItem\",\"position\":1,\"name\":\"Home\",\"item\":\"https:\/\/dypall.com\/\"},{\"@type\":\"ListItem\",\"position\":2,\"name\":\"#hearyourvoices: glimpses of the Conference\"}]},{\"@type\":\"WebSite\",\"@id\":\"https:\/\/dypall.com\/#website\",\"url\":\"https:\/\/dypall.com\/\",\"name\":\"DYPALL Network\",\"description\":\"We are a European network of civil society organisations, municipalities and research institutions dedicated to improving democracy through youth participation.\",\"potentialAction\":[{\"@type\":\"SearchAction\",\"target\":{\"@type\":\"EntryPoint\",\"urlTemplate\":\"https:\/\/dypall.com\/?s={search_term_string}\"},\"query-input\":\"required name=search_term_string\"}],\"inLanguage\":\"pt-PT\"},{\"@type\":\"Person\",\"@id\":\"https:\/\/dypall.com\/#\/schema\/person\/206350efe851997fcdedef75d118766b\",\"name\":\"dypall\",\"image\":{\"@type\":\"ImageObject\",\"inLanguage\":\"pt-PT\",\"@id\":\"https:\/\/dypall.com\/#\/schema\/person\/image\/\",\"url\":\"https:\/\/secure.gravatar.com\/avatar\/14e8d3d8841cd0bdf69915120bcf9fcfac1567f1dc7035664907322ac47efe29?s=96&d=mm&r=g\",\"contentUrl\":\"https:\/\/secure.gravatar.com\/avatar\/14e8d3d8841cd0bdf69915120bcf9fcfac1567f1dc7035664907322ac47efe29?s=96&d=mm&r=g\",\"caption\":\"dypall\"},\"url\":\"https:\/\/dypall.com\/pt\/author\/dypall_info\/\"}]}<\/script>\n<!-- \/ Yoast SEO plugin. -->","yoast_head_json":{"title":"#hearyourvoices: glimpses of the Conference - DYPALL Network","robots":{"index":"index","follow":"follow","max-snippet":"max-snippet:-1","max-image-preview":"max-image-preview:large","max-video-preview":"max-video-preview:-1"},"canonical":"https:\/\/dypall.com\/pt\/activity\/hearyourvoices2\/","og_locale":"pt_PT","og_type":"article","og_title":"#hearyourvoices: glimpses of the Conference - DYPALL Network","og_description":"&#8220;I am representing the Municipality of Thessaloniki, Greece, in the International Conference \u201cYouth Policy at Local and Regional level\u201d organized by ECOS and DYPALL Network; I am an elected member in the municipality as a community\u00a0advisor. During this Conference, I expect to meet new people, see how other countries do youth work and how they&hellip; Continue a ler #hearyourvoices: glimpses of the Conference","og_url":"https:\/\/dypall.com\/pt\/activity\/hearyourvoices2\/","og_site_name":"DYPALL Network","article_published_time":"2016-04-12T16:12:45+00:00","author":"dypall","twitter_card":"summary_large_image","twitter_misc":{"Written by":"dypall","Est. reading time":"1 minuto"},"schema":{"@context":"https:\/\/schema.org","@graph":[{"@type":"WebPage","@id":"https:\/\/dypall.com\/activity\/hearyourvoices2\/","url":"https:\/\/dypall.com\/activity\/hearyourvoices2\/","name":"#hearyourvoices: glimpses of the Conference - DYPALL Network","isPartOf":{"@id":"https:\/\/dypall.com\/#website"},"primaryImageOfPage":{"@id":"https:\/\/dypall.com\/activity\/hearyourvoices2\/#primaryimage"},"image":{"@id":"https:\/\/dypall.com\/activity\/hearyourvoices2\/#primaryimage"},"thumbnailUrl":"","datePublished":"2016-04-12T16:12:45+00:00","dateModified":"2016-04-12T16:12:45+00:00","author":{"@id":"https:\/\/dypall.com\/#\/schema\/person\/206350efe851997fcdedef75d118766b"},"breadcrumb":{"@id":"https:\/\/dypall.com\/activity\/hearyourvoices2\/#breadcrumb"},"inLanguage":"pt-PT","potentialAction":[{"@type":"ReadAction","target":["https:\/\/dypall.com\/activity\/hearyourvoices2\/"]}]},{"@type":"ImageObject","inLanguage":"pt-PT","@id":"https:\/\/dypall.com\/activity\/hearyourvoices2\/#primaryimage","url":"","contentUrl":""},{"@type":"BreadcrumbList","@id":"https:\/\/dypall.com\/activity\/hearyourvoices2\/#breadcrumb","itemListElement":[{"@type":"ListItem","position":1,"name":"Home","item":"https:\/\/dypall.com\/"},{"@type":"ListItem","position":2,"name":"#hearyourvoices: glimpses of the Conference"}]},{"@type":"WebSite","@id":"https:\/\/dypall.com\/#website","url":"https:\/\/dypall.com\/","name":"DYPALL Network","description":"We are a European network of civil society organisations, municipalities and research institutions dedicated to improving democracy through youth participation.","potentialAction":[{"@type":"SearchAction","target":{"@type":"EntryPoint","urlTemplate":"https:\/\/dypall.com\/?s={search_term_string}"},"query-input":"required name=search_term_string"}],"inLanguage":"pt-PT"},{"@type":"Person","@id":"https:\/\/dypall.com\/#\/schema\/person\/206350efe851997fcdedef75d118766b","name":"dypall","image":{"@type":"ImageObject","inLanguage":"pt-PT","@id":"https:\/\/dypall.com\/#\/schema\/person\/image\/","url":"https:\/\/secure.gravatar.com\/avatar\/14e8d3d8841cd0bdf69915120bcf9fcfac1567f1dc7035664907322ac47efe29?s=96&d=mm&r=g","contentUrl":"https:\/\/secure.gravatar.com\/avatar\/14e8d3d8841cd0bdf69915120bcf9fcfac1567f1dc7035664907322ac47efe29?s=96&d=mm&r=g","caption":"dypall"},"url":"https:\/\/dypall.com\/pt\/author\/dypall_info\/"}]}},"jetpack_featured_media_url":"","jetpack_sharing_enabled":true,"_links":{"self":[{"href":"https:\/\/dypall.com\/pt\/wp-json\/wp\/v2\/posts\/1484","targetHints":{"allow":["GET"]}}],"collection":[{"href":"https:\/\/dypall.com\/pt\/wp-json\/wp\/v2\/posts"}],"about":[{"href":"https:\/\/dypall.com\/pt\/wp-json\/wp\/v2\/types\/post"}],"author":[{"embeddable":true,"href":"https:\/\/dypall.com\/pt\/wp-json\/wp\/v2\/users\/2"}],"replies":[{"embeddable":true,"href":"https:\/\/dypall.com\/pt\/wp-json\/wp\/v2\/comments?post=1484"}],"version-history":[{"count":0,"href":"https:\/\/dypall.com\/pt\/wp-json\/wp\/v2\/posts\/1484\/revisions"}],"wp:featuredmedia":[{"embeddable":true,"href":"https:\/\/dypall.com\/pt\/wp-json\/"}],"wp:attachment":[{"href":"https:\/\/dypall.com\/pt\/wp-json\/wp\/v2\/media?parent=1484"}],"wp:term":[{"taxonomy":"category","embeddable":true,"href":"https:\/\/dypall.com\/pt\/wp-json\/wp\/v2\/categories?post=1484"},{"taxonomy":"post_tag","embeddable":true,"href":"https:\/\/dypall.com\/pt\/wp-json\/wp\/v2\/tags?post=1484"}],"curies":[{"name":"wp","href":"https:\/\/api.w.org\/{rel}","templated":true}]}}