{"id":1477,"date":"2016-04-12T15:02:24","date_gmt":"2016-04-12T13:02:24","guid":{"rendered":"http:\/\/dypall.com\/?p=1477"},"modified":"2016-04-12T15:02:24","modified_gmt":"2016-04-12T13:02:24","slug":"hearyourvoices","status":"publish","type":"post","link":"https:\/\/dypall.com\/pt\/activity\/hearyourvoices\/","title":{"rendered":"#hearyourvoices : vislumbres da Confer\u00eancia"},"content":{"rendered":"<p><em>&#8220;<a href=\"http:\/\/dypall.com\/pt\/2016\/04\/12\/hearyourvoices\/natalia\/#main\" rel=\"attachment wp-att-1480\"><img loading=\"lazy\" decoding=\"async\" class=\"size-medium wp-image-1480 alignleft\" src=\"http:\/\/dypall.com\/wp-content\/uploads\/2016\/11\/NAtalia-300x188.png\" alt=\"natalia\" width=\"300\" height=\"188\" \/><\/a>Vim a Portim\u00e3o para a Confer\u00eancia Internacional \u201cPol\u00edtica de Juventude a N\u00edvel Local e Regional\u201d, organizada pela ECOS e pela Rede DYPALL, uma vez que a CAT \u00e9 um dos membros da Rede. Uma vez que recebemos o convite, sab\u00edamos que era muito importante estarmos aqui.<\/em><\/p>\n<p><em>Gostaria de saber mais sobre como mostrar aos jovens que a participa\u00e7\u00e3o dos jovens \u00e9 muito importante, especialmente para eles e para todos n\u00f3s, enquanto sociedade. Os jovens t\u00eam as suas ideias e t\u00eam a sua vis\u00e3o peculiar sobre muitos assuntos. Tamb\u00e9m quero aprender novas ferramentas de participa\u00e7\u00e3o e fazer algumas parcerias para projectos futuros.<\/em><\/p>\n<p><em>A participa\u00e7\u00e3o dos jovens para mim est\u00e1 a ser activa. Podemos falar muito sobre o n\u00edvel europeu e o n\u00edvel global, mas vivemos na nossa sociedade local, por isso, se quisermos mudar algo, devemos concentrar-nos primeiro na nossa realidade local e podemos fazer a diferen\u00e7a a n\u00edvel local e depois podemos mudar o resto.<\/em>&#8221;<\/p>\n<p><strong>Milena Nadolna-Dr\u00f3\u017cd\u017c, <\/strong>vice-presidente da <a href=\"http:\/\/www.fundacja-cat.pl\/home.php\"><strong>Fundacja Centrum Aktywno\u015bci Tw\u00f3rczej<\/strong> <strong>(CAT)<\/strong><\/a> <strong> (Pol\u00f3nia)<\/strong><\/p>\n<p>&nbsp;<\/p>\n<p>Leia sobre a Confer\u00eancia Internacional sobre <a href=\"https:\/\/dypall.com\/pt\/activity\/international-conference-developing-our-territories-through-youth-participation-in-decision-making\/\">\u00abPol\u00edtica de juventude a n\u00edvel local e regional \u2013 Desenvolver os nossos territ\u00f3rios atrav\u00e9s da participa\u00e7\u00e3o dos jovens na tomada de decis\u00f5es\u00bb<\/a> Portim\u00e3o (Portugal) 12-15 de abril de 2016<\/p>","protected":false},"excerpt":{"rendered":"<p>\u00abVim a Portim\u00e3o para a Confer\u00eancia Internacional \u201cPol\u00edtica de Juventude a N\u00edvel Local e Regional\u201d, organizada pela ECOS e pela Rede DYPALL, uma vez que a CAT \u00e9 um dos membros da Rede. Uma vez que recebemos o convite, sab\u00edamos que era muito importante estarmos aqui. Gostaria de saber mais sobre como... <a class=\"more-link\" href=\"https:\/\/dypall.com\/pt\/activity\/hearyourvoices\/\">Continuar a ler <span class=\"screen-reader-text\">#hearyourvoices : vislumbres da Confer\u00eancia<\/span><\/a><\/p>","protected":false},"author":2,"featured_media":1480,"comment_status":"closed","ping_status":"open","sticky":false,"template":"","format":"standard","meta":{"_acf_changed":false,"_jetpack_memberships_contains_paid_content":false,"footnotes":""},"categories":[111,112],"tags":[113,115,121],"class_list":["post-1477","post","type-post","status-publish","format-standard","has-post-thumbnail","hentry","category-activity","category-conference","tag-conference","tag-seminar","tag-testimony","entry"],"acf":[],"yoast_head":"<!-- This site is optimized with the Yoast SEO plugin v22.8 - https:\/\/yoast.com\/wordpress\/plugins\/seo\/ -->\n<title>#hearyourvoices : glimpses of the Conference - DYPALL Network<\/title>\n<meta name=\"robots\" content=\"index, follow, max-snippet:-1, max-image-preview:large, max-video-preview:-1\" \/>\n<link rel=\"canonical\" href=\"https:\/\/dypall.com\/pt\/activity\/hearyourvoices\/\" \/>\n<meta property=\"og:locale\" content=\"pt_PT\" \/>\n<meta property=\"og:type\" content=\"article\" \/>\n<meta property=\"og:title\" content=\"#hearyourvoices : glimpses of the Conference - DYPALL Network\" \/>\n<meta property=\"og:description\" content=\"&#8220;I came to Portim\u00e3o for the International Conference \u201cYouth Policy at Local and Regional level\u201d organized by ECOS and DYPALL Network, as CAT is one of the members of the Network. Once we received the invitation we knew it was very important for us to be here. I wish to learn more on how to&hellip; Continue a ler #hearyourvoices : glimpses of the Conference\" \/>\n<meta property=\"og:url\" content=\"https:\/\/dypall.com\/pt\/activity\/hearyourvoices\/\" \/>\n<meta property=\"og:site_name\" content=\"DYPALL Network\" \/>\n<meta property=\"article:published_time\" content=\"2016-04-12T13:02:24+00:00\" \/>\n<meta name=\"author\" content=\"dypall\" \/>\n<meta name=\"twitter:card\" content=\"summary_large_image\" \/>\n<meta name=\"twitter:label1\" content=\"Written by\" \/>\n\t<meta name=\"twitter:data1\" content=\"dypall\" \/>\n\t<meta name=\"twitter:label2\" content=\"Est. reading time\" \/>\n\t<meta name=\"twitter:data2\" content=\"1 minuto\" \/>\n<script type=\"application\/ld+json\" class=\"yoast-schema-graph\">{\"@context\":\"https:\/\/schema.org\",\"@graph\":[{\"@type\":\"WebPage\",\"@id\":\"https:\/\/dypall.com\/activity\/hearyourvoices\/\",\"url\":\"https:\/\/dypall.com\/activity\/hearyourvoices\/\",\"name\":\"#hearyourvoices : glimpses of the Conference - DYPALL Network\",\"isPartOf\":{\"@id\":\"https:\/\/dypall.com\/#website\"},\"primaryImageOfPage\":{\"@id\":\"https:\/\/dypall.com\/activity\/hearyourvoices\/#primaryimage\"},\"image\":{\"@id\":\"https:\/\/dypall.com\/activity\/hearyourvoices\/#primaryimage\"},\"thumbnailUrl\":\"\",\"datePublished\":\"2016-04-12T13:02:24+00:00\",\"dateModified\":\"2016-04-12T13:02:24+00:00\",\"author\":{\"@id\":\"https:\/\/dypall.com\/#\/schema\/person\/206350efe851997fcdedef75d118766b\"},\"breadcrumb\":{\"@id\":\"https:\/\/dypall.com\/activity\/hearyourvoices\/#breadcrumb\"},\"inLanguage\":\"pt-PT\",\"potentialAction\":[{\"@type\":\"ReadAction\",\"target\":[\"https:\/\/dypall.com\/activity\/hearyourvoices\/\"]}]},{\"@type\":\"ImageObject\",\"inLanguage\":\"pt-PT\",\"@id\":\"https:\/\/dypall.com\/activity\/hearyourvoices\/#primaryimage\",\"url\":\"\",\"contentUrl\":\"\"},{\"@type\":\"BreadcrumbList\",\"@id\":\"https:\/\/dypall.com\/activity\/hearyourvoices\/#breadcrumb\",\"itemListElement\":[{\"@type\":\"ListItem\",\"position\":1,\"name\":\"Home\",\"item\":\"https:\/\/dypall.com\/\"},{\"@type\":\"ListItem\",\"position\":2,\"name\":\"#hearyourvoices : glimpses of the Conference\"}]},{\"@type\":\"WebSite\",\"@id\":\"https:\/\/dypall.com\/#website\",\"url\":\"https:\/\/dypall.com\/\",\"name\":\"DYPALL Network\",\"description\":\"We are a European network of civil society organisations, municipalities and research institutions dedicated to improving democracy through youth participation.\",\"potentialAction\":[{\"@type\":\"SearchAction\",\"target\":{\"@type\":\"EntryPoint\",\"urlTemplate\":\"https:\/\/dypall.com\/?s={search_term_string}\"},\"query-input\":\"required name=search_term_string\"}],\"inLanguage\":\"pt-PT\"},{\"@type\":\"Person\",\"@id\":\"https:\/\/dypall.com\/#\/schema\/person\/206350efe851997fcdedef75d118766b\",\"name\":\"dypall\",\"image\":{\"@type\":\"ImageObject\",\"inLanguage\":\"pt-PT\",\"@id\":\"https:\/\/dypall.com\/#\/schema\/person\/image\/\",\"url\":\"https:\/\/secure.gravatar.com\/avatar\/14e8d3d8841cd0bdf69915120bcf9fcfac1567f1dc7035664907322ac47efe29?s=96&d=mm&r=g\",\"contentUrl\":\"https:\/\/secure.gravatar.com\/avatar\/14e8d3d8841cd0bdf69915120bcf9fcfac1567f1dc7035664907322ac47efe29?s=96&d=mm&r=g\",\"caption\":\"dypall\"},\"url\":\"https:\/\/dypall.com\/pt\/author\/dypall_info\/\"}]}<\/script>\n<!-- \/ Yoast SEO plugin. -->","yoast_head_json":{"title":"#hearyourvoices : glimpses of the Conference - DYPALL Network","robots":{"index":"index","follow":"follow","max-snippet":"max-snippet:-1","max-image-preview":"max-image-preview:large","max-video-preview":"max-video-preview:-1"},"canonical":"https:\/\/dypall.com\/pt\/activity\/hearyourvoices\/","og_locale":"pt_PT","og_type":"article","og_title":"#hearyourvoices : glimpses of the Conference - DYPALL Network","og_description":"&#8220;I came to Portim\u00e3o for the International Conference \u201cYouth Policy at Local and Regional level\u201d organized by ECOS and DYPALL Network, as CAT is one of the members of the Network. Once we received the invitation we knew it was very important for us to be here. I wish to learn more on how to&hellip; Continue a ler #hearyourvoices : glimpses of the Conference","og_url":"https:\/\/dypall.com\/pt\/activity\/hearyourvoices\/","og_site_name":"DYPALL Network","article_published_time":"2016-04-12T13:02:24+00:00","author":"dypall","twitter_card":"summary_large_image","twitter_misc":{"Written by":"dypall","Est. reading time":"1 minuto"},"schema":{"@context":"https:\/\/schema.org","@graph":[{"@type":"WebPage","@id":"https:\/\/dypall.com\/activity\/hearyourvoices\/","url":"https:\/\/dypall.com\/activity\/hearyourvoices\/","name":"#hearyourvoices : glimpses of the Conference - DYPALL Network","isPartOf":{"@id":"https:\/\/dypall.com\/#website"},"primaryImageOfPage":{"@id":"https:\/\/dypall.com\/activity\/hearyourvoices\/#primaryimage"},"image":{"@id":"https:\/\/dypall.com\/activity\/hearyourvoices\/#primaryimage"},"thumbnailUrl":"","datePublished":"2016-04-12T13:02:24+00:00","dateModified":"2016-04-12T13:02:24+00:00","author":{"@id":"https:\/\/dypall.com\/#\/schema\/person\/206350efe851997fcdedef75d118766b"},"breadcrumb":{"@id":"https:\/\/dypall.com\/activity\/hearyourvoices\/#breadcrumb"},"inLanguage":"pt-PT","potentialAction":[{"@type":"ReadAction","target":["https:\/\/dypall.com\/activity\/hearyourvoices\/"]}]},{"@type":"ImageObject","inLanguage":"pt-PT","@id":"https:\/\/dypall.com\/activity\/hearyourvoices\/#primaryimage","url":"","contentUrl":""},{"@type":"BreadcrumbList","@id":"https:\/\/dypall.com\/activity\/hearyourvoices\/#breadcrumb","itemListElement":[{"@type":"ListItem","position":1,"name":"Home","item":"https:\/\/dypall.com\/"},{"@type":"ListItem","position":2,"name":"#hearyourvoices : glimpses of the Conference"}]},{"@type":"WebSite","@id":"https:\/\/dypall.com\/#website","url":"https:\/\/dypall.com\/","name":"DYPALL Network","description":"We are a European network of civil society organisations, municipalities and research institutions dedicated to improving democracy through youth participation.","potentialAction":[{"@type":"SearchAction","target":{"@type":"EntryPoint","urlTemplate":"https:\/\/dypall.com\/?s={search_term_string}"},"query-input":"required name=search_term_string"}],"inLanguage":"pt-PT"},{"@type":"Person","@id":"https:\/\/dypall.com\/#\/schema\/person\/206350efe851997fcdedef75d118766b","name":"dypall","image":{"@type":"ImageObject","inLanguage":"pt-PT","@id":"https:\/\/dypall.com\/#\/schema\/person\/image\/","url":"https:\/\/secure.gravatar.com\/avatar\/14e8d3d8841cd0bdf69915120bcf9fcfac1567f1dc7035664907322ac47efe29?s=96&d=mm&r=g","contentUrl":"https:\/\/secure.gravatar.com\/avatar\/14e8d3d8841cd0bdf69915120bcf9fcfac1567f1dc7035664907322ac47efe29?s=96&d=mm&r=g","caption":"dypall"},"url":"https:\/\/dypall.com\/pt\/author\/dypall_info\/"}]}},"jetpack_featured_media_url":"","jetpack_sharing_enabled":true,"_links":{"self":[{"href":"https:\/\/dypall.com\/pt\/wp-json\/wp\/v2\/posts\/1477","targetHints":{"allow":["GET"]}}],"collection":[{"href":"https:\/\/dypall.com\/pt\/wp-json\/wp\/v2\/posts"}],"about":[{"href":"https:\/\/dypall.com\/pt\/wp-json\/wp\/v2\/types\/post"}],"author":[{"embeddable":true,"href":"https:\/\/dypall.com\/pt\/wp-json\/wp\/v2\/users\/2"}],"replies":[{"embeddable":true,"href":"https:\/\/dypall.com\/pt\/wp-json\/wp\/v2\/comments?post=1477"}],"version-history":[{"count":0,"href":"https:\/\/dypall.com\/pt\/wp-json\/wp\/v2\/posts\/1477\/revisions"}],"wp:featuredmedia":[{"embeddable":true,"href":"https:\/\/dypall.com\/pt\/wp-json\/"}],"wp:attachment":[{"href":"https:\/\/dypall.com\/pt\/wp-json\/wp\/v2\/media?parent=1477"}],"wp:term":[{"taxonomy":"category","embeddable":true,"href":"https:\/\/dypall.com\/pt\/wp-json\/wp\/v2\/categories?post=1477"},{"taxonomy":"post_tag","embeddable":true,"href":"https:\/\/dypall.com\/pt\/wp-json\/wp\/v2\/tags?post=1477"}],"curies":[{"name":"wp","href":"https:\/\/api.w.org\/{rel}","templated":true}]}}