{"id":8196,"date":"2025-01-24T11:12:33","date_gmt":"2025-01-24T11:12:33","guid":{"rendered":"https:\/\/dypall.com\/?p=8196"},"modified":"2025-01-24T11:12:33","modified_gmt":"2025-01-24T11:12:33","slug":"winter-democracy-academy-2nd-editionyouth-and-democracy-bridging-the-gap","status":"publish","type":"post","link":"https:\/\/dypall.com\/pl\/activity\/winter-democracy-academy-2nd-editionyouth-and-democracy-bridging-the-gap\/","title":{"rendered":"Zimowa Akademia Demokracji \u2013 2. edycja \u201eM\u0142odzie\u017c i demokracja, niwelowanie r\u00f3\u017cnic\u201d"},"content":{"rendered":"<p>Druga edycja <strong>Akademia Demokracji Winder (WDA)<\/strong> odby\u0142o si\u0119 w dniach 8\u201315 grudnia 2024 r. w Lizbonie (Portugalia). Zosta\u0142 on wsp\u00f3\u0142organizowany przez sie\u0107 DYPALL, Portugalski Instytut Sportu i M\u0142odzie\u017cy, Lizbo\u0144skie Centrum M\u0142odzie\u017cy, Biuro Kontaktowe Parlamentu Europejskiego w Portugalii oraz Przedstawicielstwo Komisji Europejskiej w Portugalii. By\u0142a to przestrze\u0144 do dyskusji, wsp\u00f3\u0142pracy i dialogu na temat uczestnictwa m\u0142odzie\u017cy w demokracji lokalnej. WDA obejmuje kilka dzia\u0142a\u0144 odbywaj\u0105cych si\u0119 r\u00f3wnolegle przez ca\u0142y tydzie\u0144, a poni\u017cej znajduj\u0105 si\u0119 niekt\u00f3re z najwa\u017cniejszych wydarze\u0144 tegorocznej edycji.<\/p>\n\n\n\n<p>Z okazji 10 grudnia, Mi\u0119dzynarodowego Dnia Praw Cz\u0142owieka, konferencja <strong>\u201eM\u0142odzie\u017c i demokracja \u2013 niwelowanie r\u00f3\u017cnic\u201d<\/strong> by\u0142 punktem kulminacyjnym Zimowej Akademii Demokracji, jako wsp\u00f3lnego momentu, skupiaj\u0105cego uczestnik\u00f3w wszystkich dzia\u0142a\u0144. Po powitalnych s\u0142owach Bruno Antonio, dyrektora wykonawczego sieci DYPALL, szefowa przedstawicielstwa Komisji Europejskiej w Portugalii Sofia Moreira de Sousa otworzy\u0142a konferencj\u0119 przem\u00f3wieniem, w kt\u00f3rym podkre\u015bli\u0142a znaczenie uczestnictwa m\u0142odzie\u017cy i jej zaanga\u017cowania w demokracj\u0119. Wspomnia\u0142a o wyborach europejskich w 2024 r., w kt\u00f3rych po raz pierwszy g\u0142osowa\u0142o 30 mln m\u0142odych ludzi, oraz o celu dialogu politycznego z m\u0142odzie\u017c\u0105, jakim jest promowanie interakcji mi\u0119dzy m\u0142odymi lud\u017ami a decydentami politycznymi.&nbsp;<\/p>\n\n\n\n<p>Filipe Silva Fernandes z Centrum Bada\u0144 Nauk Politycznych na Uniwersytecie w Minho (Portugalia) zwr\u00f3ci\u0142 uwag\u0119 na potrzeb\u0119 zaanga\u017cowania m\u0142odzie\u017cy i swoje obawy dotycz\u0105ce spadku uczestnictwa w instytucjach. Dyskusja przy okr\u0105g\u0142ym stole pt. \u201eZmiana ukierunkowana na m\u0142odzie\u017c: Bridging the Gap\u201d zawiera\u0142a spostrze\u017cenia prelegent\u00f3w, takich jak Aida Clarke Stavdal, przewodnicz\u0105ca rady m\u0142odzie\u017cowej gminy Kristiansand z Norwegii i Dimitris Manoukas z Uniwersytetu Panteion w Atenach z Grecji. Uczestnicy podkre\u015blili, \u017ce instytucje musz\u0105 nawi\u0105zywa\u0107 kontakty z m\u0142odzie\u017c\u0105, zw\u0142aszcza na obszarach oddalonych, oraz tworzy\u0107 dost\u0119pne przestrzenie i mo\u017cliwo\u015bci zaanga\u017cowania. Kluczowe tematy obejmowa\u0142y alternatywne metody uczestnictwa, szacunek i nieformalno\u015b\u0107 w zaanga\u017cowaniu m\u0142odzie\u017cy. W programie zaprezentowano r\u00f3wnie\u017c prezentacj\u0119 na temat Nagrody im. Sacharowa 2024 i przedstawiono innowacyjne praktyki anga\u017cowania m\u0142odych ludzi, takie jak projekt \u201eOs 230\u201d, projekt Phygital oraz cenne spostrze\u017cenia paryskiej Rady M\u0142odzie\u017cy.<\/p>\n\n\n\n<p>W przedmiocie <strong>Szkolenie \u201eLokalne rady m\u0142odzie\u017cowe na rzecz wysokiej jako\u015bci demokracji lokalnych\u201d<\/strong>, zgromadzi\u0142a 30 uczestnik\u00f3w z siedmiu kraj\u00f3w (Norwegii, Finlandii, Francji, Chorwacji, Portugalii, Estonii i Turcji). Jego celem by\u0142o wzmocnienie lokalnych rad m\u0142odzie\u017cowych poprzez wspieranie odporno\u015bci, inkluzywno\u015bci i standard\u00f3w jako\u015bci w celu lepszego zaspokojenia potrzeb m\u0142odych ludzi w ich spo\u0142eczno\u015bciach.<\/p>\n\n\n\n<p>Uczestnicy ocenili swoje LYC za pomoc\u0105 DYPALL <a href=\"https:\/\/drive.google.com\/file\/d\/1wmZgWujqUUvix5NTesulcZt8h4w9IHRY\/view\">\u201eKarta jako\u015bci dotycz\u0105ca partycypacyjnych i inkluzywnych lokalnych rad m\u0142odzie\u017cowych\u201d<\/a> oraz okre\u015bli\u0142a obszary wymagaj\u0105ce poprawy przy jednoczesnym dzieleniu si\u0119 najlepszymi praktykami. Zastanowili si\u0119 r\u00f3wnie\u017c nad zagro\u017ceniami dla demokracji i opracowali wykonalne strategie maj\u0105ce na celu wzmocnienie ich d\u0142ugoterminowych \u0142a\u0144cuch\u00f3w dostaw, koncentruj\u0105c si\u0119 na skutkach kr\u00f3tko- i d\u0142ugoterminowych. Kluczowe wyniki obejmowa\u0142y rozw\u00f3j europejskiej sieci lokalnych rad m\u0142odzie\u017cowych, kt\u00f3rej celem jest zwi\u0119kszenie zaanga\u017cowania m\u0142odzie\u017cy w sprawowanie rz\u0105d\u00f3w na szczeblu lokalnym w ca\u0142ej Europie. W ramach szkole\u0144 zapewniono narz\u0119dzia, wiedz\u0119 i mo\u017cliwo\u015bci wsp\u00f3\u0142pracy, aby wzmocni\u0107 pozycj\u0119 uczestnik\u00f3w jako obro\u0144c\u00f3w demokratycznego i znacz\u0105cego uczestnictwa m\u0142odzie\u017cy. Uczestnicy mieli r\u00f3wnie\u017c okazj\u0119 odwiedzi\u0107 gmin\u0119 Cascais, a tak\u017ce Przedstawicielstwo Komisji Europejskiej w Portugalii i Biuro Kontaktowe Parlamentu Europejskiego w Lizbonie, gdzie aktywnie zaanga\u017cowali si\u0119 w gr\u0119 symulacyjn\u0105 typu role-play, kt\u00f3ra pozwoli\u0142a im zrozumie\u0107 demokratyczny proces decyzyjny UE. Nast\u0119pnie dowiedzieli si\u0119 wi\u0119cej o UE dzi\u0119ki zabawnej i interaktywnej grze planszowej \u201eValues that Move Me\u201d stworzonej przez Biuro Kontaktowe Parlamentu Europejskiego w Portugalii. Wizyta ta dostarczy\u0142a istotnych do\u015bwiadcze\u0144 edukacyjnych na temat Unii Europejskiej i jej zasad. Pod koniec dzia\u0142ania uczestnicy zastanawiali si\u0119 nad obecnymi zagro\u017ceniami dla demokracji i zastanawiali si\u0119, w jaki spos\u00f3b mog\u0105 aktywnie anga\u017cowa\u0107 si\u0119 jako rzecznicy w swoich spo\u0142eczno\u015bciach lokalnych w celu sprostania tym wyzwaniom, przedstawiaj\u0105c te zagro\u017cenia od szczebla lokalnego po globalny i omawiaj\u0105c je za pomoc\u0105 symulacji debaty.<\/p>\n\n\n\n<p>Kurs szkoleniowy zosta\u0142 zorganizowany przez DYPALL Network we wsp\u00f3\u0142pracy z gmin\u0105 Kristiansand, finansowany w ramach programu Erasmus + za po\u015brednictwem Norweskiej Agencji Narodowej.<\/p>\n\n\n\n<p>Kolejnym dzia\u0142aniem koordynowanym przez DYPALL Network podczas WDA by\u0142 kurs szkoleniowy <strong>\u201eFigitalne uczestnictwo m\u0142odzie\u017cy \u2013 innowacje cyfrowe na rzecz silniejszych demokracji lokalnych\u201d <\/strong>kt\u00f3ra zgromadzi\u0142a osoby pracuj\u0105ce z m\u0142odzie\u017c\u0105 z gmin w Belgii, S\u0142owenii i Portugalii w celu zbadania \u201efizycznego\u201d narz\u0119dzia \u0142\u0105cz\u0105cego elementy cyfrowe z dzia\u0142aniami osobistymi, maj\u0105cego na celu zaanga\u017cowanie m\u0142odych ludzi w kszta\u0142towanie polityki lokalnej.<\/p>\n\n\n\n<p>Uczestnicy podzielili si\u0119 do\u015bwiadczeniami z pierwszej fazy testowania, podczas kt\u00f3rej narz\u0119dzie to by\u0142o wykorzystywane podczas wybor\u00f3w europejskich w 2024 r. Opracowali r\u00f3wnie\u017c plany dzia\u0142ania w celu wdro\u017cenia tego narz\u0119dzia w swoich gminach w ramach procesu \u201eDialogu m\u0142odzie\u017cowego 2.0\u201d, kt\u00f3ry ma si\u0119 odby\u0107 w 2025 r. Dyskusje koncentrowa\u0142y si\u0119 na wyci\u0105gni\u0119tych wnioskach, zapewnieniu wysokiej jako\u015bci uczestnictwa m\u0142odzie\u017cy oraz rozwijaniu umiej\u0119tno\u015bci i warto\u015bci niezb\u0119dnych do skutecznej fizycznej pracy z m\u0142odzie\u017c\u0105.<\/p>\n\n\n\n<p>Szkolenie to by\u0142o cz\u0119\u015bci\u0105 dwuletniego projektu Erasmus+ KA2, koordynowanego przez Tree Company (Belgia) i DYPALL Network, we wsp\u00f3\u0142pracy z Levuur (Belgia) Danes Je Nov Dan (S\u0142owenia) i gmin\u0105 Sint-Niklaas (Belgia), finansowanego przez belgijsk\u0105 agencj\u0119 narodow\u0105 JINT. Projekt zosta\u0142 zaprezentowany podczas konferencji WDA pt. \u201eM\u0142odzie\u017c i demokracja, niwelowanie r\u00f3\u017cnic\u201d jako innowacyjna praktyka europejskiej pracy z m\u0142odzie\u017c\u0105.<\/p>\n\n\n\n<p>Sie\u0107 DYPALL <strong>Grupa steruj\u0105ca<\/strong> Spotkali si\u0119 8 grudnia w Lizbonie, aby podzieli\u0107 si\u0119 aktualizacjami i przedyskutowa\u0107 przysz\u0142e plany. Cz\u0142onkowie podkre\u015blili niedawne dzia\u0142ania, takie jak udzia\u0142 w konferencjach mi\u0119dzynarodowych i reprezentowanie sieci w odpowiednich przestrzeniach europejskich. Wielu z nich wnios\u0142o sw\u00f3j wk\u0142ad, organizuj\u0105c wydarzenia i prowadz\u0105c projekty maj\u0105ce na celu promowanie uczestnictwa i integracji m\u0142odzie\u017cy.&nbsp;<\/p>\n\n\n\n<p>Kluczowym punktem dyskusji by\u0142y zmienione kryteria cz\u0142onkostwa wprowadzone na pocz\u0105tku roku. W\u0142\u0105czenie instytucji badawczych do nowej kategorii by\u0142o szczeg\u00f3lnie istotne w celu wzmocnienia partnerstw i zwi\u0119kszenia zdolno\u015bci sieci. Grupa steruj\u0105ca dokona\u0142a r\u00f3wnie\u017c przegl\u0105du planu dzia\u0142ania na 2025 r., a niekt\u00f3rzy cz\u0142onkowie wyst\u0105pili, aby poprowadzi\u0107 r\u00f3\u017cne sesje podczas zgromadzenia cz\u0142onk\u00f3w, koncentruj\u0105c si\u0119 na strategiach tworzenia sieci kontakt\u00f3w i komunikacji. Podkre\u015blono nadchodz\u0105ce wydarzenia i mo\u017cliwo\u015bci, takie jak II konferencja paktu na rzecz obszar\u00f3w wiejskich i Europejski Tydzie\u0144 Region\u00f3w. Spotkanie mia\u0142o na celu zaoferowanie platformy, kt\u00f3ra wspiera wsp\u00f3\u0142prac\u0119, dzieli si\u0119 wiedz\u0105 fachow\u0105 i zapewnia jasny plan przysz\u0142ych inicjatyw w ramach sieci DYPALL.<\/p>\n\n\n\n<p>Sie\u0107 DYPALL <strong>Zgromadzenie Cz\u0142onk\u00f3w<\/strong> 9 grudnia odby\u0142o si\u0119 spotkanie cz\u0142onk\u00f3w, kt\u00f3rego celem by\u0142o zaj\u0119cie si\u0119 kluczowymi priorytetami sieci i zacie\u015bnienie wsp\u00f3\u0142pracy. Wydarzenie to obejmowa\u0142o aktualizacje plan\u00f3w prac na lata 2024\u20132025 oraz przegl\u0105d bie\u017c\u0105cych projekt\u00f3w sieci DYPALL w czterech obszarach programu.&nbsp;<\/p>\n\n\n\n<p>Uczestnicy wzi\u0119li udzia\u0142 w grupach roboczych w celu opracowania strategii komunikacyjnej i priorytet\u00f3w strategicznych sieci DYPALL na lata 2026\u20132030. Dyskusje te podkre\u015bli\u0142y potrzeb\u0119 jednolitej kampanii rzeczniczej, lepszej komunikacji wewn\u0119trznej, budowania zdolno\u015bci i \u015brodk\u00f3w stabilno\u015bci finansowej, takich jak finansowanie dotacji i programy mentorskie dla nowszych cz\u0142onk\u00f3w. Sesja networkingowa umo\u017cliwi\u0142a dzielenie si\u0119 pomys\u0142ami na projekty, badanie wsp\u00f3\u0142pracy i budowanie silniejszych powi\u0105za\u0144 wzmacniaj\u0105cych poczucie wsp\u00f3lnoty w sieci.<\/p>\n\n\n\n<p>Zgromadzenie podkre\u015bli\u0142o warto\u015b\u0107 bie\u017c\u0105cej wsp\u00f3\u0142pracy i okre\u015bli\u0142o plan przysz\u0142ych dzia\u0142a\u0144, w tym sesji studyjnych i kurs\u00f3w szkoleniowych. S\u0142u\u017cy\u0142a ona jako platforma wymiany pomys\u0142\u00f3w, opracowywania strategii i wzmacniania zaanga\u017cowania sieci na rzecz uczestnictwa m\u0142odzie\u017cy i demokracji.<\/p>\n\n\n\n<p>Tygodniowa Zimowa Akademia Demokracji oferowa\u0142a r\u00f3\u017cnorodne dzia\u0142ania, podkre\u015blaj\u0105c znaczenie anga\u017cowania m\u0142odych ludzi w procesy demokratyczne i promowania zr\u00f3wnowa\u017conych demokracji poprzez wzmocnienie lokalnej polityki m\u0142odzie\u017cowej. Tegoroczna edycja<strong> <\/strong>zosta\u0142a zorganizowana we wsp\u00f3\u0142pracy z Portugalskim Instytutem Sportu i M\u0142odzie\u017cy, Lizbo\u0144skim Centrum M\u0142odzie\u017cy (CJL), biurem kontaktowym Parlamentu Europejskiego w Portugalii oraz przedstawicielstwem Komisji Europejskiej w Portugalii przy wsparciu programu Erasmus+ za po\u015brednictwem portugalskiej agencji narodowej i Komisji Europejskiej.<\/p>\n\n\n\n<figure class=\"wp-block-gallery has-nested-images columns-default is-cropped wp-block-gallery-1 is-layout-flex wp-block-gallery-is-layout-flex\">\n<figure class=\"wp-block-image size-large\"><img loading=\"lazy\" decoding=\"async\" width=\"2560\" height=\"1703\" data-id=\"8208\" src=\"https:\/\/dypall.com\/wp-content\/uploads\/2025\/01\/DSC_5659-scaled.jpg\" alt=\"\" class=\"wp-image-8208\" srcset=\"https:\/\/dypall.com\/wp-content\/uploads\/2025\/01\/DSC_5659-scaled.jpg 2560w, https:\/\/dypall.com\/wp-content\/uploads\/2025\/01\/DSC_5659-768x511.jpg 768w, https:\/\/dypall.com\/wp-content\/uploads\/2025\/01\/DSC_5659-1536x1022.jpg 1536w, https:\/\/dypall.com\/wp-content\/uploads\/2025\/01\/DSC_5659-2048x1363.jpg 2048w, https:\/\/dypall.com\/wp-content\/uploads\/2025\/01\/DSC_5659-1568x1043.jpg 1568w\" sizes=\"auto, (max-width: 2560px) 100vw, 2560px\" \/><\/figure>\n\n\n\n<figure class=\"wp-block-image size-large\"><img loading=\"lazy\" decoding=\"async\" width=\"2560\" height=\"1703\" data-id=\"8213\" src=\"https:\/\/dypall.com\/wp-content\/uploads\/2025\/01\/DSC_5540-1-scaled.jpg\" alt=\"\" class=\"wp-image-8213\" srcset=\"https:\/\/dypall.com\/wp-content\/uploads\/2025\/01\/DSC_5540-1-scaled.jpg 2560w, https:\/\/dypall.com\/wp-content\/uploads\/2025\/01\/DSC_5540-1-768x511.jpg 768w, https:\/\/dypall.com\/wp-content\/uploads\/2025\/01\/DSC_5540-1-1536x1022.jpg 1536w, https:\/\/dypall.com\/wp-content\/uploads\/2025\/01\/DSC_5540-1-2048x1363.jpg 2048w, https:\/\/dypall.com\/wp-content\/uploads\/2025\/01\/DSC_5540-1-1568x1043.jpg 1568w\" sizes=\"auto, (max-width: 2560px) 100vw, 2560px\" \/><\/figure>\n\n\n\n<figure class=\"wp-block-image size-large\"><img loading=\"lazy\" decoding=\"async\" width=\"2560\" height=\"1703\" data-id=\"8214\" src=\"https:\/\/dypall.com\/wp-content\/uploads\/2025\/01\/DSC_5679-1-scaled.jpg\" alt=\"\" class=\"wp-image-8214\" srcset=\"https:\/\/dypall.com\/wp-content\/uploads\/2025\/01\/DSC_5679-1-scaled.jpg 2560w, https:\/\/dypall.com\/wp-content\/uploads\/2025\/01\/DSC_5679-1-768x511.jpg 768w, https:\/\/dypall.com\/wp-content\/uploads\/2025\/01\/DSC_5679-1-1536x1022.jpg 1536w, https:\/\/dypall.com\/wp-content\/uploads\/2025\/01\/DSC_5679-1-2048x1363.jpg 2048w, https:\/\/dypall.com\/wp-content\/uploads\/2025\/01\/DSC_5679-1-1568x1043.jpg 1568w\" sizes=\"auto, (max-width: 2560px) 100vw, 2560px\" \/><\/figure>\n<\/figure>\n\n\n\n<figure class=\"wp-block-gallery has-nested-images columns-default is-cropped wp-block-gallery-2 is-layout-flex wp-block-gallery-is-layout-flex\">\n<figure class=\"wp-block-image size-large\"><img loading=\"lazy\" decoding=\"async\" width=\"2560\" height=\"1703\" data-id=\"8215\" src=\"https:\/\/dypall.com\/wp-content\/uploads\/2025\/01\/DSC_5831-scaled.jpg\" alt=\"\" class=\"wp-image-8215\" srcset=\"https:\/\/dypall.com\/wp-content\/uploads\/2025\/01\/DSC_5831-scaled.jpg 2560w, https:\/\/dypall.com\/wp-content\/uploads\/2025\/01\/DSC_5831-768x511.jpg 768w, https:\/\/dypall.com\/wp-content\/uploads\/2025\/01\/DSC_5831-1536x1022.jpg 1536w, https:\/\/dypall.com\/wp-content\/uploads\/2025\/01\/DSC_5831-2048x1363.jpg 2048w, https:\/\/dypall.com\/wp-content\/uploads\/2025\/01\/DSC_5831-1568x1043.jpg 1568w\" sizes=\"auto, (max-width: 2560px) 100vw, 2560px\" \/><\/figure>\n\n\n\n<figure class=\"wp-block-image size-large\"><img loading=\"lazy\" decoding=\"async\" width=\"2560\" height=\"1703\" data-id=\"8207\" src=\"https:\/\/dypall.com\/wp-content\/uploads\/2025\/01\/DSC_5587-1-scaled.jpg\" alt=\"\" class=\"wp-image-8207\" srcset=\"https:\/\/dypall.com\/wp-content\/uploads\/2025\/01\/DSC_5587-1-scaled.jpg 2560w, https:\/\/dypall.com\/wp-content\/uploads\/2025\/01\/DSC_5587-1-768x511.jpg 768w, https:\/\/dypall.com\/wp-content\/uploads\/2025\/01\/DSC_5587-1-1536x1022.jpg 1536w, https:\/\/dypall.com\/wp-content\/uploads\/2025\/01\/DSC_5587-1-2048x1363.jpg 2048w, https:\/\/dypall.com\/wp-content\/uploads\/2025\/01\/DSC_5587-1-1568x1043.jpg 1568w\" sizes=\"auto, (max-width: 2560px) 100vw, 2560px\" \/><\/figure>\n\n\n\n<figure class=\"wp-block-image size-large\"><img loading=\"lazy\" decoding=\"async\" width=\"2560\" height=\"1703\" data-id=\"8209\" src=\"https:\/\/dypall.com\/wp-content\/uploads\/2025\/01\/DSC_5903-scaled.jpg\" alt=\"\" class=\"wp-image-8209\" srcset=\"https:\/\/dypall.com\/wp-content\/uploads\/2025\/01\/DSC_5903-scaled.jpg 2560w, https:\/\/dypall.com\/wp-content\/uploads\/2025\/01\/DSC_5903-768x511.jpg 768w, https:\/\/dypall.com\/wp-content\/uploads\/2025\/01\/DSC_5903-1536x1022.jpg 1536w, https:\/\/dypall.com\/wp-content\/uploads\/2025\/01\/DSC_5903-2048x1363.jpg 2048w, https:\/\/dypall.com\/wp-content\/uploads\/2025\/01\/DSC_5903-1568x1043.jpg 1568w\" sizes=\"auto, (max-width: 2560px) 100vw, 2560px\" \/><\/figure>\n\n\n\n<figure class=\"wp-block-image size-large\"><img loading=\"lazy\" decoding=\"async\" width=\"2560\" height=\"1703\" data-id=\"8212\" src=\"https:\/\/dypall.com\/wp-content\/uploads\/2025\/01\/DSC_5330-scaled.jpg\" alt=\"\" class=\"wp-image-8212\" srcset=\"https:\/\/dypall.com\/wp-content\/uploads\/2025\/01\/DSC_5330-scaled.jpg 2560w, https:\/\/dypall.com\/wp-content\/uploads\/2025\/01\/DSC_5330-768x511.jpg 768w, https:\/\/dypall.com\/wp-content\/uploads\/2025\/01\/DSC_5330-1536x1022.jpg 1536w, https:\/\/dypall.com\/wp-content\/uploads\/2025\/01\/DSC_5330-2048x1363.jpg 2048w, https:\/\/dypall.com\/wp-content\/uploads\/2025\/01\/DSC_5330-1568x1043.jpg 1568w\" sizes=\"auto, (max-width: 2560px) 100vw, 2560px\" \/><\/figure>\n\n\n\n<figure class=\"wp-block-image size-large\"><img loading=\"lazy\" decoding=\"async\" width=\"2560\" height=\"1703\" data-id=\"8211\" src=\"https:\/\/dypall.com\/wp-content\/uploads\/2025\/01\/DSC_5281-scaled.jpg\" alt=\"\" class=\"wp-image-8211\" srcset=\"https:\/\/dypall.com\/wp-content\/uploads\/2025\/01\/DSC_5281-scaled.jpg 2560w, https:\/\/dypall.com\/wp-content\/uploads\/2025\/01\/DSC_5281-768x511.jpg 768w, https:\/\/dypall.com\/wp-content\/uploads\/2025\/01\/DSC_5281-1536x1022.jpg 1536w, https:\/\/dypall.com\/wp-content\/uploads\/2025\/01\/DSC_5281-2048x1363.jpg 2048w, https:\/\/dypall.com\/wp-content\/uploads\/2025\/01\/DSC_5281-1568x1043.jpg 1568w\" sizes=\"auto, (max-width: 2560px) 100vw, 2560px\" \/><\/figure>\n\n\n\n<figure class=\"wp-block-image size-large\"><img loading=\"lazy\" decoding=\"async\" width=\"2560\" height=\"1703\" data-id=\"8210\" src=\"https:\/\/dypall.com\/wp-content\/uploads\/2025\/01\/DSC_5269-scaled.jpg\" alt=\"\" class=\"wp-image-8210\" srcset=\"https:\/\/dypall.com\/wp-content\/uploads\/2025\/01\/DSC_5269-scaled.jpg 2560w, https:\/\/dypall.com\/wp-content\/uploads\/2025\/01\/DSC_5269-768x511.jpg 768w, https:\/\/dypall.com\/wp-content\/uploads\/2025\/01\/DSC_5269-1536x1022.jpg 1536w, https:\/\/dypall.com\/wp-content\/uploads\/2025\/01\/DSC_5269-2048x1363.jpg 2048w, https:\/\/dypall.com\/wp-content\/uploads\/2025\/01\/DSC_5269-1568x1043.jpg 1568w\" sizes=\"auto, (max-width: 2560px) 100vw, 2560px\" \/><\/figure>\n\n\n\n<figure class=\"wp-block-image size-large\"><img loading=\"lazy\" decoding=\"async\" width=\"2560\" height=\"1703\" data-id=\"8206\" src=\"https:\/\/dypall.com\/wp-content\/uploads\/2025\/01\/DSC_6363-1-scaled.jpg\" alt=\"\" class=\"wp-image-8206\" srcset=\"https:\/\/dypall.com\/wp-content\/uploads\/2025\/01\/DSC_6363-1-scaled.jpg 2560w, https:\/\/dypall.com\/wp-content\/uploads\/2025\/01\/DSC_6363-1-768x511.jpg 768w, https:\/\/dypall.com\/wp-content\/uploads\/2025\/01\/DSC_6363-1-1536x1022.jpg 1536w, https:\/\/dypall.com\/wp-content\/uploads\/2025\/01\/DSC_6363-1-2048x1363.jpg 2048w, https:\/\/dypall.com\/wp-content\/uploads\/2025\/01\/DSC_6363-1-1568x1043.jpg 1568w\" sizes=\"auto, (max-width: 2560px) 100vw, 2560px\" \/><\/figure>\n\n\n\n<figure class=\"wp-block-image size-large\"><img loading=\"lazy\" decoding=\"async\" width=\"2560\" height=\"1703\" data-id=\"8204\" src=\"https:\/\/dypall.com\/wp-content\/uploads\/2025\/01\/DSC_6281-1-scaled.jpg\" alt=\"\" class=\"wp-image-8204\" srcset=\"https:\/\/dypall.com\/wp-content\/uploads\/2025\/01\/DSC_6281-1-scaled.jpg 2560w, https:\/\/dypall.com\/wp-content\/uploads\/2025\/01\/DSC_6281-1-768x511.jpg 768w, https:\/\/dypall.com\/wp-content\/uploads\/2025\/01\/DSC_6281-1-1536x1022.jpg 1536w, https:\/\/dypall.com\/wp-content\/uploads\/2025\/01\/DSC_6281-1-2048x1363.jpg 2048w, https:\/\/dypall.com\/wp-content\/uploads\/2025\/01\/DSC_6281-1-1568x1043.jpg 1568w\" sizes=\"auto, (max-width: 2560px) 100vw, 2560px\" \/><\/figure>\n\n\n\n<figure class=\"wp-block-image size-large\"><img loading=\"lazy\" decoding=\"async\" width=\"2560\" height=\"1703\" data-id=\"8205\" src=\"https:\/\/dypall.com\/wp-content\/uploads\/2025\/01\/DSC_6376-scaled.jpg\" alt=\"\" class=\"wp-image-8205\" srcset=\"https:\/\/dypall.com\/wp-content\/uploads\/2025\/01\/DSC_6376-scaled.jpg 2560w, https:\/\/dypall.com\/wp-content\/uploads\/2025\/01\/DSC_6376-768x511.jpg 768w, https:\/\/dypall.com\/wp-content\/uploads\/2025\/01\/DSC_6376-1536x1022.jpg 1536w, https:\/\/dypall.com\/wp-content\/uploads\/2025\/01\/DSC_6376-2048x1363.jpg 2048w, https:\/\/dypall.com\/wp-content\/uploads\/2025\/01\/DSC_6376-1568x1043.jpg 1568w\" sizes=\"auto, (max-width: 2560px) 100vw, 2560px\" \/><\/figure>\n\n\n\n<figure class=\"wp-block-image size-large\"><img loading=\"lazy\" decoding=\"async\" width=\"2560\" height=\"1703\" data-id=\"8203\" src=\"https:\/\/dypall.com\/wp-content\/uploads\/2025\/01\/Copy-of-DSC_6004-1-scaled.jpg\" alt=\"\" class=\"wp-image-8203\" srcset=\"https:\/\/dypall.com\/wp-content\/uploads\/2025\/01\/Copy-of-DSC_6004-1-scaled.jpg 2560w, https:\/\/dypall.com\/wp-content\/uploads\/2025\/01\/Copy-of-DSC_6004-1-768x511.jpg 768w, https:\/\/dypall.com\/wp-content\/uploads\/2025\/01\/Copy-of-DSC_6004-1-1536x1022.jpg 1536w, https:\/\/dypall.com\/wp-content\/uploads\/2025\/01\/Copy-of-DSC_6004-1-2048x1363.jpg 2048w, https:\/\/dypall.com\/wp-content\/uploads\/2025\/01\/Copy-of-DSC_6004-1-1568x1043.jpg 1568w\" sizes=\"auto, (max-width: 2560px) 100vw, 2560px\" \/><\/figure>\n\n\n\n<figure class=\"wp-block-image size-large\"><img loading=\"lazy\" decoding=\"async\" width=\"2560\" height=\"1703\" data-id=\"8201\" src=\"https:\/\/dypall.com\/wp-content\/uploads\/2025\/01\/Copy-of-DSC_6247-1-scaled.jpg\" alt=\"\" class=\"wp-image-8201\" srcset=\"https:\/\/dypall.com\/wp-content\/uploads\/2025\/01\/Copy-of-DSC_6247-1-scaled.jpg 2560w, https:\/\/dypall.com\/wp-content\/uploads\/2025\/01\/Copy-of-DSC_6247-1-768x511.jpg 768w, https:\/\/dypall.com\/wp-content\/uploads\/2025\/01\/Copy-of-DSC_6247-1-1536x1022.jpg 1536w, https:\/\/dypall.com\/wp-content\/uploads\/2025\/01\/Copy-of-DSC_6247-1-2048x1363.jpg 2048w, https:\/\/dypall.com\/wp-content\/uploads\/2025\/01\/Copy-of-DSC_6247-1-1568x1043.jpg 1568w\" sizes=\"auto, (max-width: 2560px) 100vw, 2560px\" \/><\/figure>\n\n\n\n<figure class=\"wp-block-image size-large\"><img loading=\"lazy\" decoding=\"async\" width=\"2560\" height=\"1703\" data-id=\"8202\" src=\"https:\/\/dypall.com\/wp-content\/uploads\/2025\/01\/Copy-of-DSC_6080-scaled.jpg\" alt=\"\" class=\"wp-image-8202\" srcset=\"https:\/\/dypall.com\/wp-content\/uploads\/2025\/01\/Copy-of-DSC_6080-scaled.jpg 2560w, https:\/\/dypall.com\/wp-content\/uploads\/2025\/01\/Copy-of-DSC_6080-768x511.jpg 768w, https:\/\/dypall.com\/wp-content\/uploads\/2025\/01\/Copy-of-DSC_6080-1536x1022.jpg 1536w, https:\/\/dypall.com\/wp-content\/uploads\/2025\/01\/Copy-of-DSC_6080-2048x1363.jpg 2048w, https:\/\/dypall.com\/wp-content\/uploads\/2025\/01\/Copy-of-DSC_6080-1568x1043.jpg 1568w\" sizes=\"auto, (max-width: 2560px) 100vw, 2560px\" \/><\/figure>\n\n\n\n<figure class=\"wp-block-image size-large\"><img loading=\"lazy\" decoding=\"async\" width=\"2560\" height=\"1703\" data-id=\"8200\" src=\"https:\/\/dypall.com\/wp-content\/uploads\/2025\/01\/Copy-of-DSC_6228-1-scaled.jpg\" alt=\"\" class=\"wp-image-8200\" srcset=\"https:\/\/dypall.com\/wp-content\/uploads\/2025\/01\/Copy-of-DSC_6228-1-scaled.jpg 2560w, https:\/\/dypall.com\/wp-content\/uploads\/2025\/01\/Copy-of-DSC_6228-1-768x511.jpg 768w, https:\/\/dypall.com\/wp-content\/uploads\/2025\/01\/Copy-of-DSC_6228-1-1536x1022.jpg 1536w, https:\/\/dypall.com\/wp-content\/uploads\/2025\/01\/Copy-of-DSC_6228-1-2048x1363.jpg 2048w, https:\/\/dypall.com\/wp-content\/uploads\/2025\/01\/Copy-of-DSC_6228-1-1568x1043.jpg 1568w\" sizes=\"auto, (max-width: 2560px) 100vw, 2560px\" \/><\/figure>\n\n\n\n<figure class=\"wp-block-image size-large\"><img loading=\"lazy\" decoding=\"async\" width=\"2560\" height=\"1703\" data-id=\"8199\" src=\"https:\/\/dypall.com\/wp-content\/uploads\/2025\/01\/Copy-of-DSC_6414-1-scaled.jpg\" alt=\"\" class=\"wp-image-8199\" srcset=\"https:\/\/dypall.com\/wp-content\/uploads\/2025\/01\/Copy-of-DSC_6414-1-scaled.jpg 2560w, https:\/\/dypall.com\/wp-content\/uploads\/2025\/01\/Copy-of-DSC_6414-1-768x511.jpg 768w, https:\/\/dypall.com\/wp-content\/uploads\/2025\/01\/Copy-of-DSC_6414-1-1536x1022.jpg 1536w, https:\/\/dypall.com\/wp-content\/uploads\/2025\/01\/Copy-of-DSC_6414-1-2048x1363.jpg 2048w, https:\/\/dypall.com\/wp-content\/uploads\/2025\/01\/Copy-of-DSC_6414-1-1568x1043.jpg 1568w\" sizes=\"auto, (max-width: 2560px) 100vw, 2560px\" \/><\/figure>\n\n\n\n<figure class=\"wp-block-image size-large\"><img loading=\"lazy\" decoding=\"async\" width=\"2560\" height=\"1703\" data-id=\"8198\" src=\"https:\/\/dypall.com\/wp-content\/uploads\/2025\/01\/Copy-of-DSC_6459-1-scaled.jpg\" alt=\"\" class=\"wp-image-8198\" srcset=\"https:\/\/dypall.com\/wp-content\/uploads\/2025\/01\/Copy-of-DSC_6459-1-scaled.jpg 2560w, https:\/\/dypall.com\/wp-content\/uploads\/2025\/01\/Copy-of-DSC_6459-1-768x511.jpg 768w, https:\/\/dypall.com\/wp-content\/uploads\/2025\/01\/Copy-of-DSC_6459-1-1536x1022.jpg 1536w, https:\/\/dypall.com\/wp-content\/uploads\/2025\/01\/Copy-of-DSC_6459-1-2048x1363.jpg 2048w, https:\/\/dypall.com\/wp-content\/uploads\/2025\/01\/Copy-of-DSC_6459-1-1568x1043.jpg 1568w\" sizes=\"auto, (max-width: 2560px) 100vw, 2560px\" \/><\/figure>\n\n\n\n<figure class=\"wp-block-image size-large\"><img loading=\"lazy\" decoding=\"async\" width=\"2560\" height=\"1703\" data-id=\"8197\" src=\"https:\/\/dypall.com\/wp-content\/uploads\/2025\/01\/Copy-of-DSC_6568-1-scaled.jpg\" alt=\"\" class=\"wp-image-8197\" srcset=\"https:\/\/dypall.com\/wp-content\/uploads\/2025\/01\/Copy-of-DSC_6568-1-scaled.jpg 2560w, https:\/\/dypall.com\/wp-content\/uploads\/2025\/01\/Copy-of-DSC_6568-1-768x511.jpg 768w, https:\/\/dypall.com\/wp-content\/uploads\/2025\/01\/Copy-of-DSC_6568-1-1536x1022.jpg 1536w, https:\/\/dypall.com\/wp-content\/uploads\/2025\/01\/Copy-of-DSC_6568-1-2048x1363.jpg 2048w, https:\/\/dypall.com\/wp-content\/uploads\/2025\/01\/Copy-of-DSC_6568-1-1568x1043.jpg 1568w\" sizes=\"auto, (max-width: 2560px) 100vw, 2560px\" \/><\/figure>\n<\/figure>","protected":false},"excerpt":{"rendered":"<p>Druga edycja Winder Democracy Academy (WDA) odby\u0142a si\u0119 w dniach 8\u201315 grudnia 2024 r. w Lizbonie (Portugalia). Zosta\u0142 on wsp\u00f3\u0142organizowany przez sie\u0107 DYPALL, Portugalski Instytut Sportu i M\u0142odzie\u017cy, Lizbo\u0144skie Centrum M\u0142odzie\u017cy, Biuro Kontaktowe Parlamentu Europejskiego w Portugalii oraz Przedstawicielstwo Komisji Europejskiej w Portugalii. By\u0142a to przestrze\u0144 do dyskusji,... <a class=\"more-link\" href=\"https:\/\/dypall.com\/pl\/activity\/winter-democracy-academy-2nd-editionyouth-and-democracy-bridging-the-gap\/\">Czytaj dalej <span class=\"screen-reader-text\">Zimowa Akademia Demokracji \u2013 2. edycja \u201eM\u0142odzie\u017c i demokracja, niwelowanie r\u00f3\u017cnic\u201d<\/span><\/a><\/p>","protected":false},"author":5,"featured_media":8208,"comment_status":"closed","ping_status":"open","sticky":false,"template":"","format":"standard","meta":{"_acf_changed":false,"_jetpack_memberships_contains_paid_content":false,"footnotes":""},"categories":[111],"tags":[],"class_list":["post-8196","post","type-post","status-publish","format-standard","has-post-thumbnail","hentry","category-activity","entry"],"acf":[],"yoast_head":"<!-- This site is optimized with the Yoast SEO plugin v22.8 - https:\/\/yoast.com\/wordpress\/plugins\/seo\/ -->\n<title>Winter Democracy Academy - 2nd edition\u201cYouth and Democracy, Bridging the Gap\u201d - DYPALL Network<\/title>\n<meta name=\"robots\" content=\"index, follow, max-snippet:-1, max-image-preview:large, max-video-preview:-1\" \/>\n<link rel=\"canonical\" href=\"https:\/\/dypall.com\/pl\/activity\/winter-democracy-academy-2nd-editionyouth-and-democracy-bridging-the-gap\/\" \/>\n<meta property=\"og:locale\" content=\"pl_PL\" \/>\n<meta property=\"og:type\" content=\"article\" \/>\n<meta property=\"og:title\" content=\"Winter Democracy Academy - 2nd edition\u201cYouth and Democracy, Bridging the Gap\u201d - DYPALL Network\" \/>\n<meta property=\"og:description\" content=\"The second edition of the Winder Democracy Academy (WDA) took place from 8th &#8211; 15th December 2024 in Lisbon, Portugal. It was co-organised by DYPALL Network, Portuguese Institute for Sports and Youth, Lisbon Youth Center, the European Parliament Liaison Office in Portugal and the European Commission Representation in Portugal. It was a space to discuss,&hellip; Czytaj dalej Winter Democracy Academy &#8211; 2nd edition\u201cYouth and Democracy, Bridging the Gap\u201d\" \/>\n<meta property=\"og:url\" content=\"https:\/\/dypall.com\/pl\/activity\/winter-democracy-academy-2nd-editionyouth-and-democracy-bridging-the-gap\/\" \/>\n<meta property=\"og:site_name\" content=\"DYPALL Network\" \/>\n<meta property=\"article:published_time\" content=\"2025-01-24T11:12:33+00:00\" \/>\n<meta property=\"og:image\" content=\"https:\/\/dypall.com\/wp-content\/uploads\/2025\/01\/DSC_5659-scaled.jpg\" \/>\n\t<meta property=\"og:image:width\" content=\"2560\" \/>\n\t<meta property=\"og:image:height\" content=\"1703\" \/>\n\t<meta property=\"og:image:type\" content=\"image\/jpeg\" \/>\n<meta name=\"author\" content=\"DYPALL Network\" \/>\n<meta name=\"twitter:card\" content=\"summary_large_image\" \/>\n<meta name=\"twitter:label1\" content=\"Written by\" \/>\n\t<meta name=\"twitter:data1\" content=\"DYPALL Network\" \/>\n\t<meta name=\"twitter:label2\" content=\"Est. reading time\" \/>\n\t<meta name=\"twitter:data2\" content=\"10 minut\" \/>\n<script type=\"application\/ld+json\" class=\"yoast-schema-graph\">{\"@context\":\"https:\/\/schema.org\",\"@graph\":[{\"@type\":\"WebPage\",\"@id\":\"https:\/\/dypall.com\/activity\/winter-democracy-academy-2nd-editionyouth-and-democracy-bridging-the-gap\/\",\"url\":\"https:\/\/dypall.com\/activity\/winter-democracy-academy-2nd-editionyouth-and-democracy-bridging-the-gap\/\",\"name\":\"Winter Democracy Academy - 2nd edition\u201cYouth and Democracy, Bridging the Gap\u201d - DYPALL Network\",\"isPartOf\":{\"@id\":\"https:\/\/dypall.com\/#website\"},\"primaryImageOfPage\":{\"@id\":\"https:\/\/dypall.com\/activity\/winter-democracy-academy-2nd-editionyouth-and-democracy-bridging-the-gap\/#primaryimage\"},\"image\":{\"@id\":\"https:\/\/dypall.com\/activity\/winter-democracy-academy-2nd-editionyouth-and-democracy-bridging-the-gap\/#primaryimage\"},\"thumbnailUrl\":\"https:\/\/dypall.com\/wp-content\/uploads\/2025\/01\/DSC_5659-scaled.jpg\",\"datePublished\":\"2025-01-24T11:12:33+00:00\",\"dateModified\":\"2025-01-24T11:12:33+00:00\",\"author\":{\"@id\":\"https:\/\/dypall.com\/#\/schema\/person\/e87206094ce8bcf88449b35f00e40fb1\"},\"breadcrumb\":{\"@id\":\"https:\/\/dypall.com\/activity\/winter-democracy-academy-2nd-editionyouth-and-democracy-bridging-the-gap\/#breadcrumb\"},\"inLanguage\":\"pl-PL\",\"potentialAction\":[{\"@type\":\"ReadAction\",\"target\":[\"https:\/\/dypall.com\/activity\/winter-democracy-academy-2nd-editionyouth-and-democracy-bridging-the-gap\/\"]}]},{\"@type\":\"ImageObject\",\"inLanguage\":\"pl-PL\",\"@id\":\"https:\/\/dypall.com\/activity\/winter-democracy-academy-2nd-editionyouth-and-democracy-bridging-the-gap\/#primaryimage\",\"url\":\"https:\/\/dypall.com\/wp-content\/uploads\/2025\/01\/DSC_5659-scaled.jpg\",\"contentUrl\":\"https:\/\/dypall.com\/wp-content\/uploads\/2025\/01\/DSC_5659-scaled.jpg\",\"width\":2560,\"height\":1703},{\"@type\":\"BreadcrumbList\",\"@id\":\"https:\/\/dypall.com\/activity\/winter-democracy-academy-2nd-editionyouth-and-democracy-bridging-the-gap\/#breadcrumb\",\"itemListElement\":[{\"@type\":\"ListItem\",\"position\":1,\"name\":\"Home\",\"item\":\"https:\/\/dypall.com\/\"},{\"@type\":\"ListItem\",\"position\":2,\"name\":\"Winter Democracy Academy &#8211; 2nd edition\u201cYouth and Democracy, Bridging the Gap\u201d\"}]},{\"@type\":\"WebSite\",\"@id\":\"https:\/\/dypall.com\/#website\",\"url\":\"https:\/\/dypall.com\/\",\"name\":\"DYPALL Network\",\"description\":\"We are a European network of civil society organisations, municipalities and research institutions dedicated to improving democracy through youth participation.\",\"potentialAction\":[{\"@type\":\"SearchAction\",\"target\":{\"@type\":\"EntryPoint\",\"urlTemplate\":\"https:\/\/dypall.com\/?s={search_term_string}\"},\"query-input\":\"required name=search_term_string\"}],\"inLanguage\":\"pl-PL\"},{\"@type\":\"Person\",\"@id\":\"https:\/\/dypall.com\/#\/schema\/person\/e87206094ce8bcf88449b35f00e40fb1\",\"name\":\"DYPALL Network\",\"image\":{\"@type\":\"ImageObject\",\"inLanguage\":\"pl-PL\",\"@id\":\"https:\/\/dypall.com\/#\/schema\/person\/image\/\",\"url\":\"https:\/\/secure.gravatar.com\/avatar\/1061d2d4c9b4f1a9b496774795b5deac1200dfd1d3abecb8f85cf8b580e6963b?s=96&d=mm&r=g\",\"contentUrl\":\"https:\/\/secure.gravatar.com\/avatar\/1061d2d4c9b4f1a9b496774795b5deac1200dfd1d3abecb8f85cf8b580e6963b?s=96&d=mm&r=g\",\"caption\":\"DYPALL Network\"},\"sameAs\":[\"https:\/\/dypall.com\/\"],\"url\":\"https:\/\/dypall.com\/pl\/author\/dypallonsteroids\/\"}]}<\/script>\n<!-- \/ Yoast SEO plugin. -->","yoast_head_json":{"title":"Winter Democracy Academy - 2nd edition\u201cYouth and Democracy, Bridging the Gap\u201d - DYPALL Network","robots":{"index":"index","follow":"follow","max-snippet":"max-snippet:-1","max-image-preview":"max-image-preview:large","max-video-preview":"max-video-preview:-1"},"canonical":"https:\/\/dypall.com\/pl\/activity\/winter-democracy-academy-2nd-editionyouth-and-democracy-bridging-the-gap\/","og_locale":"pl_PL","og_type":"article","og_title":"Winter Democracy Academy - 2nd edition\u201cYouth and Democracy, Bridging the Gap\u201d - DYPALL Network","og_description":"The second edition of the Winder Democracy Academy (WDA) took place from 8th &#8211; 15th December 2024 in Lisbon, Portugal. It was co-organised by DYPALL Network, Portuguese Institute for Sports and Youth, Lisbon Youth Center, the European Parliament Liaison Office in Portugal and the European Commission Representation in Portugal. It was a space to discuss,&hellip; Czytaj dalej Winter Democracy Academy &#8211; 2nd edition\u201cYouth and Democracy, Bridging the Gap\u201d","og_url":"https:\/\/dypall.com\/pl\/activity\/winter-democracy-academy-2nd-editionyouth-and-democracy-bridging-the-gap\/","og_site_name":"DYPALL Network","article_published_time":"2025-01-24T11:12:33+00:00","og_image":[{"width":2560,"height":1703,"url":"https:\/\/dypall.com\/wp-content\/uploads\/2025\/01\/DSC_5659-scaled.jpg","type":"image\/jpeg"}],"author":"DYPALL Network","twitter_card":"summary_large_image","twitter_misc":{"Written by":"DYPALL Network","Est. reading time":"10 minut"},"schema":{"@context":"https:\/\/schema.org","@graph":[{"@type":"WebPage","@id":"https:\/\/dypall.com\/activity\/winter-democracy-academy-2nd-editionyouth-and-democracy-bridging-the-gap\/","url":"https:\/\/dypall.com\/activity\/winter-democracy-academy-2nd-editionyouth-and-democracy-bridging-the-gap\/","name":"Winter Democracy Academy - 2nd edition\u201cYouth and Democracy, Bridging the Gap\u201d - DYPALL Network","isPartOf":{"@id":"https:\/\/dypall.com\/#website"},"primaryImageOfPage":{"@id":"https:\/\/dypall.com\/activity\/winter-democracy-academy-2nd-editionyouth-and-democracy-bridging-the-gap\/#primaryimage"},"image":{"@id":"https:\/\/dypall.com\/activity\/winter-democracy-academy-2nd-editionyouth-and-democracy-bridging-the-gap\/#primaryimage"},"thumbnailUrl":"https:\/\/dypall.com\/wp-content\/uploads\/2025\/01\/DSC_5659-scaled.jpg","datePublished":"2025-01-24T11:12:33+00:00","dateModified":"2025-01-24T11:12:33+00:00","author":{"@id":"https:\/\/dypall.com\/#\/schema\/person\/e87206094ce8bcf88449b35f00e40fb1"},"breadcrumb":{"@id":"https:\/\/dypall.com\/activity\/winter-democracy-academy-2nd-editionyouth-and-democracy-bridging-the-gap\/#breadcrumb"},"inLanguage":"pl-PL","potentialAction":[{"@type":"ReadAction","target":["https:\/\/dypall.com\/activity\/winter-democracy-academy-2nd-editionyouth-and-democracy-bridging-the-gap\/"]}]},{"@type":"ImageObject","inLanguage":"pl-PL","@id":"https:\/\/dypall.com\/activity\/winter-democracy-academy-2nd-editionyouth-and-democracy-bridging-the-gap\/#primaryimage","url":"https:\/\/dypall.com\/wp-content\/uploads\/2025\/01\/DSC_5659-scaled.jpg","contentUrl":"https:\/\/dypall.com\/wp-content\/uploads\/2025\/01\/DSC_5659-scaled.jpg","width":2560,"height":1703},{"@type":"BreadcrumbList","@id":"https:\/\/dypall.com\/activity\/winter-democracy-academy-2nd-editionyouth-and-democracy-bridging-the-gap\/#breadcrumb","itemListElement":[{"@type":"ListItem","position":1,"name":"Home","item":"https:\/\/dypall.com\/"},{"@type":"ListItem","position":2,"name":"Winter Democracy Academy &#8211; 2nd edition\u201cYouth and Democracy, Bridging the Gap\u201d"}]},{"@type":"WebSite","@id":"https:\/\/dypall.com\/#website","url":"https:\/\/dypall.com\/","name":"DYPALL Network","description":"We are a European network of civil society organisations, municipalities and research institutions dedicated to improving democracy through youth participation.","potentialAction":[{"@type":"SearchAction","target":{"@type":"EntryPoint","urlTemplate":"https:\/\/dypall.com\/?s={search_term_string}"},"query-input":"required name=search_term_string"}],"inLanguage":"pl-PL"},{"@type":"Person","@id":"https:\/\/dypall.com\/#\/schema\/person\/e87206094ce8bcf88449b35f00e40fb1","name":"DYPALL Network","image":{"@type":"ImageObject","inLanguage":"pl-PL","@id":"https:\/\/dypall.com\/#\/schema\/person\/image\/","url":"https:\/\/secure.gravatar.com\/avatar\/1061d2d4c9b4f1a9b496774795b5deac1200dfd1d3abecb8f85cf8b580e6963b?s=96&d=mm&r=g","contentUrl":"https:\/\/secure.gravatar.com\/avatar\/1061d2d4c9b4f1a9b496774795b5deac1200dfd1d3abecb8f85cf8b580e6963b?s=96&d=mm&r=g","caption":"DYPALL Network"},"sameAs":["https:\/\/dypall.com\/"],"url":"https:\/\/dypall.com\/pl\/author\/dypallonsteroids\/"}]}},"jetpack_featured_media_url":"https:\/\/dypall.com\/wp-content\/uploads\/2025\/01\/DSC_5659-scaled.jpg","jetpack_sharing_enabled":true,"_links":{"self":[{"href":"https:\/\/dypall.com\/pl\/wp-json\/wp\/v2\/posts\/8196","targetHints":{"allow":["GET"]}}],"collection":[{"href":"https:\/\/dypall.com\/pl\/wp-json\/wp\/v2\/posts"}],"about":[{"href":"https:\/\/dypall.com\/pl\/wp-json\/wp\/v2\/types\/post"}],"author":[{"embeddable":true,"href":"https:\/\/dypall.com\/pl\/wp-json\/wp\/v2\/users\/5"}],"replies":[{"embeddable":true,"href":"https:\/\/dypall.com\/pl\/wp-json\/wp\/v2\/comments?post=8196"}],"version-history":[{"count":1,"href":"https:\/\/dypall.com\/pl\/wp-json\/wp\/v2\/posts\/8196\/revisions"}],"predecessor-version":[{"id":8216,"href":"https:\/\/dypall.com\/pl\/wp-json\/wp\/v2\/posts\/8196\/revisions\/8216"}],"wp:featuredmedia":[{"embeddable":true,"href":"https:\/\/dypall.com\/pl\/wp-json\/wp\/v2\/media\/8208"}],"wp:attachment":[{"href":"https:\/\/dypall.com\/pl\/wp-json\/wp\/v2\/media?parent=8196"}],"wp:term":[{"taxonomy":"category","embeddable":true,"href":"https:\/\/dypall.com\/pl\/wp-json\/wp\/v2\/categories?post=8196"},{"taxonomy":"post_tag","embeddable":true,"href":"https:\/\/dypall.com\/pl\/wp-json\/wp\/v2\/tags?post=8196"}],"curies":[{"name":"wp","href":"https:\/\/api.w.org\/{rel}","templated":true}]}}