{"id":8154,"date":"2024-12-20T12:13:22","date_gmt":"2024-12-20T12:13:22","guid":{"rendered":"https:\/\/dypall.com\/?p=8154"},"modified":"2024-12-20T12:13:23","modified_gmt":"2024-12-20T12:13:23","slug":"climbing-the-ladder-fostering-a-culture-of-youth-engagement-cl-ye-advisory-group-meeting-in-brussels-belgium","status":"publish","type":"post","link":"https:\/\/dypall.com\/pl\/activity\/climbing-the-ladder-fostering-a-culture-of-youth-engagement-cl-ye-advisory-group-meeting-in-brussels-belgium\/","title":{"rendered":"\u201eWspinaczka po drabinie: wspieranie kultury zaanga\u017cowania m\u0142odzie\u017cy (CL-YE)\u201d posiedzenie grupy doradczej w Brukseli (Belgia)"},"content":{"rendered":"<p>Pierwsze osobiste spotkanie grupy doradczej projektu CL-YE odby\u0142o si\u0119 w dniach 3\u20136 grudnia 2024 r. w Brukseli (Belgia). Grupa doradcza ds. zaanga\u017cowania m\u0142odzie\u017cy to grupa 12 ekspert\u00f3w z r\u00f3\u017cnych kraj\u00f3w Europy posiadaj\u0105cych konkretne do\u015bwiadczenie w zakresie mechanizm\u00f3w, struktur i modeli zaanga\u017cowania m\u0142odzie\u017cy, kt\u00f3rej misj\u0105 jest wspieranie konsorcjum projektu CL-YE w planowaniu, badaniu i dostarczaniu g\u0142\u00f3wnych produkt\u00f3w projektu.<\/p>\n\n\n\n<p>Spotkanie grupy doradczej pod przewodnictwem sieci DYPALL, kt\u00f3rego gospodarzem by\u0142a AER, by\u0142o dla ekspert\u00f3w przestrzeni\u0105 do dyskusji i dzielenia si\u0119 wsp\u00f3lnymi podstawami i do\u015bwiadczeniami, poniewa\u017c zag\u0142\u0119biali si\u0119 oni w r\u00f3\u017cne mechanizmy uczestnictwa m\u0142odzie\u017cy w ca\u0142ej Europie. Sp\u0119dzili du\u017co czasu na rozwa\u017caniu mocnych stron i obserwacji, kluczowych wska\u017anik\u00f3w sukcesu i wska\u017anik\u00f3w jako\u015bci r\u00f3\u017cnych mechanizm\u00f3w \u2013 m.in. rad m\u0142odzie\u017cowych, ambasador\u00f3w m\u0142odzie\u017cy, m\u0142odzie\u017cowych grup doradczych, m\u0142odzie\u017cowych grup steruj\u0105cych i bada\u0144 prowadzonych przez m\u0142odzie\u017c.<\/p>\n\n\n\n<p>G\u0142\u00f3wnym celem tego spotkania by\u0142o zebranie opinii ekspert\u00f3w na temat wytycznych jako\u015bciowych, publikacji, kt\u00f3ra ma zosta\u0107 opracowana w ramach projektu i kt\u00f3ra zapewni co najmniej 8 r\u00f3\u017cnych wytycznych (plan\u00f3w krok po kroku) dotycz\u0105cych r\u00f3\u017cnych mechanizm\u00f3w zaanga\u017cowania m\u0142odzie\u017cy, kt\u00f3re maj\u0105 pom\u00f3c praktykom, decydentom politycznym i innym zainteresowanym stronom w opracowaniu i ustanowieniu takich modeli zaanga\u017cowania m\u0142odzie\u017cy w drodze przejrzystego, inkluzywnego i partycypacyjnego procesu, zgodnie z dobrymi praktykami i zaleceniami w dziedzinie m\u0142odzie\u017cy. Przeprowadzono r\u00f3wnie\u017c konsultacje z cz\u0142onkami grupy doradczej na platformie, kt\u00f3ra zostanie opracowana w 2025 r., aby pom\u00f3c praktykom i decydentom w ustanowieniu mechanizm\u00f3w anga\u017cowania m\u0142odych ludzi.<\/p>\n\n\n\n<p>Grupa doradcza do\u0142\u0105czy\u0142a r\u00f3wnie\u017c do cz\u0119\u015bci programu CL-YE, kt\u00f3ra odbywa\u0142a si\u0119 r\u00f3wnolegle, aby odwiedzi\u0107 europejskie organy i instytucje decyzyjne i dowiedzie\u0107 si\u0119 wi\u0119cej na ich temat.<\/p>\n\n\n\n<p>Projekt jest prowadzony przez DYPALL Network we wsp\u00f3\u0142pracy z<a href=\"https:\/\/www.facebook.com\/europiamo?__cft__[0]=AZUrCBx7yuD2ePUamvkzam3K-rvPXN1m8UTwIMGTqBuqBn1ul0YddQPYMpRhoiDaeww3In5J_eFDtiOQBnbDgec1-3kt6QJ0ILzeOPO-zR_AL9BPz6T7-l1flfd9HTFumzcRTY9gbptZdDbxaZzeABE28eUxrCkGb4kHGO4sm-eWjw&amp;__tn__=-]K-R\"> Europiamo ETS<\/a> (W\u0142ochy),<a href=\"https:\/\/www.facebook.com\/YEPPEUROPE?__cft__[0]=AZUrCBx7yuD2ePUamvkzam3K-rvPXN1m8UTwIMGTqBuqBn1ul0YddQPYMpRhoiDaeww3In5J_eFDtiOQBnbDgec1-3kt6QJ0ILzeOPO-zR_AL9BPz6T7-l1flfd9HTFumzcRTY9gbptZdDbxaZzeABE28eUxrCkGb4kHGO4sm-eWjw&amp;__tn__=-]K-R\"> YEPP EUROPE<\/a> (Niemcy),<a href=\"https:\/\/www.facebook.com\/Nordlandfylke?__cft__[0]=AZUrCBx7yuD2ePUamvkzam3K-rvPXN1m8UTwIMGTqBuqBn1ul0YddQPYMpRhoiDaeww3In5J_eFDtiOQBnbDgec1-3kt6QJ0ILzeOPO-zR_AL9BPz6T7-l1flfd9HTFumzcRTY9gbptZdDbxaZzeABE28eUxrCkGb4kHGO4sm-eWjw&amp;__tn__=-]K-R\"> Nordland fylkeskommune<\/a> (Norwegia),<a href=\"https:\/\/www.facebook.com\/@weareedyn\/?__cft__[0]=AZUrCBx7yuD2ePUamvkzam3K-rvPXN1m8UTwIMGTqBuqBn1ul0YddQPYMpRhoiDaeww3In5J_eFDtiOQBnbDgec1-3kt6QJ0ILzeOPO-zR_AL9BPz6T7-l1flfd9HTFumzcRTY9gbptZdDbxaZzeABE28eUxrCkGb4kHGO4sm-eWjw&amp;__tn__=-]K-R\"> EDYN<\/a> (S\u0142owacja), @<a href=\"https:\/\/www.facebook.com\/EuropeanRegions?__cft__[0]=AZUrCBx7yuD2ePUamvkzam3K-rvPXN1m8UTwIMGTqBuqBn1ul0YddQPYMpRhoiDaeww3In5J_eFDtiOQBnbDgec1-3kt6QJ0ILzeOPO-zR_AL9BPz6T7-l1flfd9HTFumzcRTY9gbptZdDbxaZzeABE28eUxrCkGb4kHGO4sm-eWjw&amp;__tn__=-]K-R\">Zgromadzenie Region\u00f3w Europy \u2013 AER<\/a> (Francja),<a href=\"https:\/\/www.facebook.com\/sqlearngr?__cft__[0]=AZUrCBx7yuD2ePUamvkzam3K-rvPXN1m8UTwIMGTqBuqBn1ul0YddQPYMpRhoiDaeww3In5J_eFDtiOQBnbDgec1-3kt6QJ0ILzeOPO-zR_AL9BPz6T7-l1flfd9HTFumzcRTY9gbptZdDbxaZzeABE28eUxrCkGb4kHGO4sm-eWjw&amp;__tn__=-]K-R\"> SQLearn<\/a> (Grecja) finansowany w ramach programu Erasmus+ \u201eEuropejska m\u0142odzie\u017c razem\u201d.&nbsp;<\/p>\n\n\n\n<figure class=\"wp-block-image size-full\"><img loading=\"lazy\" decoding=\"async\" width=\"2048\" height=\"1536\" src=\"https:\/\/dypall.com\/wp-content\/uploads\/2024\/12\/WhatsApp-Image-2024-12-20-at-12.09.44.jpeg\" alt=\"\" class=\"wp-image-8155\" srcset=\"https:\/\/dypall.com\/wp-content\/uploads\/2024\/12\/WhatsApp-Image-2024-12-20-at-12.09.44.jpeg 2048w, https:\/\/dypall.com\/wp-content\/uploads\/2024\/12\/WhatsApp-Image-2024-12-20-at-12.09.44-768x576.jpeg 768w, https:\/\/dypall.com\/wp-content\/uploads\/2024\/12\/WhatsApp-Image-2024-12-20-at-12.09.44-1536x1152.jpeg 1536w, https:\/\/dypall.com\/wp-content\/uploads\/2024\/12\/WhatsApp-Image-2024-12-20-at-12.09.44-1568x1176.jpeg 1568w\" sizes=\"auto, (max-width: 2048px) 100vw, 2048px\" \/><\/figure>","protected":false},"excerpt":{"rendered":"<p>Pierwsze osobiste spotkanie grupy doradczej projektu CL-YE odby\u0142o si\u0119 w dniach 3\u20136 grudnia 2024 r. w Brukseli (Belgia). Grupa Doradcza ds. Zaanga\u017cowania M\u0142odzie\u017cy to grupa 12 ekspert\u00f3w z r\u00f3\u017cnych kraj\u00f3w Europy z konkretnym do\u015bwiadczeniem w zakresie mechanizm\u00f3w, struktur i modeli zaanga\u017cowania m\u0142odzie\u017cy, kt\u00f3rej misj\u0105 jest wspieranie konsorcjum CL-YE. <a class=\"more-link\" href=\"https:\/\/dypall.com\/pl\/activity\/climbing-the-ladder-fostering-a-culture-of-youth-engagement-cl-ye-advisory-group-meeting-in-brussels-belgium\/\">Czytaj dalej <span class=\"screen-reader-text\">\u201eWspinaczka po drabinie: wspieranie kultury zaanga\u017cowania m\u0142odzie\u017cy (CL-YE)\u201d posiedzenie grupy doradczej w Brukseli (Belgia)<\/span><\/a><\/p>","protected":false},"author":5,"featured_media":8155,"comment_status":"open","ping_status":"open","sticky":false,"template":"","format":"standard","meta":{"_acf_changed":false,"_jetpack_memberships_contains_paid_content":false,"footnotes":""},"categories":[111],"tags":[],"class_list":["post-8154","post","type-post","status-publish","format-standard","has-post-thumbnail","hentry","category-activity","entry"],"acf":[],"yoast_head":"<!-- This site is optimized with the Yoast SEO plugin v22.8 - https:\/\/yoast.com\/wordpress\/plugins\/seo\/ -->\n<title>\u201cClimbing the Ladder: fostering a culture of Youth Engagement (CL-YE)\u201d Advisory group meeting in Brussels, Belgium - DYPALL Network<\/title>\n<meta name=\"robots\" content=\"index, follow, max-snippet:-1, max-image-preview:large, max-video-preview:-1\" \/>\n<link rel=\"canonical\" href=\"https:\/\/dypall.com\/pl\/activity\/climbing-the-ladder-fostering-a-culture-of-youth-engagement-cl-ye-advisory-group-meeting-in-brussels-belgium\/\" \/>\n<meta property=\"og:locale\" content=\"pl_PL\" \/>\n<meta property=\"og:type\" content=\"article\" \/>\n<meta property=\"og:title\" content=\"\u201cClimbing the Ladder: fostering a culture of Youth Engagement (CL-YE)\u201d Advisory group meeting in Brussels, Belgium - DYPALL Network\" \/>\n<meta property=\"og:description\" content=\"Advisory group of CL-YE project had its first in-person meeting from 3rd-6th December 2024 in Brussels, Belgium. The Advisory Group on Youth Engagement is a group of 12 experts from different countries in Europe with concrete experience in mechanisms, structures, and models of youth engagement with a mission to support the consortium of the CL-YE&hellip; Czytaj dalej \u201cClimbing the Ladder: fostering a culture of Youth Engagement (CL-YE)\u201d Advisory group meeting in Brussels, Belgium\" \/>\n<meta property=\"og:url\" content=\"https:\/\/dypall.com\/pl\/activity\/climbing-the-ladder-fostering-a-culture-of-youth-engagement-cl-ye-advisory-group-meeting-in-brussels-belgium\/\" \/>\n<meta property=\"og:site_name\" content=\"DYPALL Network\" \/>\n<meta property=\"article:published_time\" content=\"2024-12-20T12:13:22+00:00\" \/>\n<meta property=\"article:modified_time\" content=\"2024-12-20T12:13:23+00:00\" \/>\n<meta property=\"og:image\" content=\"https:\/\/dypall.com\/wp-content\/uploads\/2024\/12\/WhatsApp-Image-2024-12-20-at-12.09.44.jpeg\" \/>\n\t<meta property=\"og:image:width\" content=\"2048\" \/>\n\t<meta property=\"og:image:height\" content=\"1536\" \/>\n\t<meta property=\"og:image:type\" content=\"image\/jpeg\" \/>\n<meta name=\"author\" content=\"DYPALL Network\" \/>\n<meta name=\"twitter:card\" content=\"summary_large_image\" \/>\n<meta name=\"twitter:label1\" content=\"Written by\" \/>\n\t<meta name=\"twitter:data1\" content=\"DYPALL Network\" \/>\n\t<meta name=\"twitter:label2\" content=\"Est. reading time\" \/>\n\t<meta name=\"twitter:data2\" content=\"2 minuty\" \/>\n<script type=\"application\/ld+json\" class=\"yoast-schema-graph\">{\"@context\":\"https:\/\/schema.org\",\"@graph\":[{\"@type\":\"WebPage\",\"@id\":\"https:\/\/dypall.com\/activity\/climbing-the-ladder-fostering-a-culture-of-youth-engagement-cl-ye-advisory-group-meeting-in-brussels-belgium\/\",\"url\":\"https:\/\/dypall.com\/activity\/climbing-the-ladder-fostering-a-culture-of-youth-engagement-cl-ye-advisory-group-meeting-in-brussels-belgium\/\",\"name\":\"\u201cClimbing the Ladder: fostering a culture of Youth Engagement (CL-YE)\u201d Advisory group meeting in Brussels, Belgium - DYPALL Network\",\"isPartOf\":{\"@id\":\"https:\/\/dypall.com\/#website\"},\"primaryImageOfPage\":{\"@id\":\"https:\/\/dypall.com\/activity\/climbing-the-ladder-fostering-a-culture-of-youth-engagement-cl-ye-advisory-group-meeting-in-brussels-belgium\/#primaryimage\"},\"image\":{\"@id\":\"https:\/\/dypall.com\/activity\/climbing-the-ladder-fostering-a-culture-of-youth-engagement-cl-ye-advisory-group-meeting-in-brussels-belgium\/#primaryimage\"},\"thumbnailUrl\":\"https:\/\/dypall.com\/wp-content\/uploads\/2024\/12\/WhatsApp-Image-2024-12-20-at-12.09.44.jpeg\",\"datePublished\":\"2024-12-20T12:13:22+00:00\",\"dateModified\":\"2024-12-20T12:13:23+00:00\",\"author\":{\"@id\":\"https:\/\/dypall.com\/#\/schema\/person\/e87206094ce8bcf88449b35f00e40fb1\"},\"breadcrumb\":{\"@id\":\"https:\/\/dypall.com\/activity\/climbing-the-ladder-fostering-a-culture-of-youth-engagement-cl-ye-advisory-group-meeting-in-brussels-belgium\/#breadcrumb\"},\"inLanguage\":\"pl-PL\",\"potentialAction\":[{\"@type\":\"ReadAction\",\"target\":[\"https:\/\/dypall.com\/activity\/climbing-the-ladder-fostering-a-culture-of-youth-engagement-cl-ye-advisory-group-meeting-in-brussels-belgium\/\"]}]},{\"@type\":\"ImageObject\",\"inLanguage\":\"pl-PL\",\"@id\":\"https:\/\/dypall.com\/activity\/climbing-the-ladder-fostering-a-culture-of-youth-engagement-cl-ye-advisory-group-meeting-in-brussels-belgium\/#primaryimage\",\"url\":\"https:\/\/dypall.com\/wp-content\/uploads\/2024\/12\/WhatsApp-Image-2024-12-20-at-12.09.44.jpeg\",\"contentUrl\":\"https:\/\/dypall.com\/wp-content\/uploads\/2024\/12\/WhatsApp-Image-2024-12-20-at-12.09.44.jpeg\",\"width\":2048,\"height\":1536},{\"@type\":\"BreadcrumbList\",\"@id\":\"https:\/\/dypall.com\/activity\/climbing-the-ladder-fostering-a-culture-of-youth-engagement-cl-ye-advisory-group-meeting-in-brussels-belgium\/#breadcrumb\",\"itemListElement\":[{\"@type\":\"ListItem\",\"position\":1,\"name\":\"Home\",\"item\":\"https:\/\/dypall.com\/\"},{\"@type\":\"ListItem\",\"position\":2,\"name\":\"\u201cClimbing the Ladder: fostering a culture of Youth Engagement (CL-YE)\u201d Advisory group meeting in Brussels, Belgium\"}]},{\"@type\":\"WebSite\",\"@id\":\"https:\/\/dypall.com\/#website\",\"url\":\"https:\/\/dypall.com\/\",\"name\":\"DYPALL Network\",\"description\":\"We are a European network of civil society organisations, municipalities and research institutions dedicated to improving democracy through youth participation.\",\"potentialAction\":[{\"@type\":\"SearchAction\",\"target\":{\"@type\":\"EntryPoint\",\"urlTemplate\":\"https:\/\/dypall.com\/?s={search_term_string}\"},\"query-input\":\"required name=search_term_string\"}],\"inLanguage\":\"pl-PL\"},{\"@type\":\"Person\",\"@id\":\"https:\/\/dypall.com\/#\/schema\/person\/e87206094ce8bcf88449b35f00e40fb1\",\"name\":\"DYPALL Network\",\"image\":{\"@type\":\"ImageObject\",\"inLanguage\":\"pl-PL\",\"@id\":\"https:\/\/dypall.com\/#\/schema\/person\/image\/\",\"url\":\"https:\/\/secure.gravatar.com\/avatar\/1061d2d4c9b4f1a9b496774795b5deac1200dfd1d3abecb8f85cf8b580e6963b?s=96&d=mm&r=g\",\"contentUrl\":\"https:\/\/secure.gravatar.com\/avatar\/1061d2d4c9b4f1a9b496774795b5deac1200dfd1d3abecb8f85cf8b580e6963b?s=96&d=mm&r=g\",\"caption\":\"DYPALL Network\"},\"sameAs\":[\"https:\/\/dypall.com\/\"],\"url\":\"https:\/\/dypall.com\/pl\/author\/dypallonsteroids\/\"}]}<\/script>\n<!-- \/ Yoast SEO plugin. -->","yoast_head_json":{"title":"\u201cClimbing the Ladder: fostering a culture of Youth Engagement (CL-YE)\u201d Advisory group meeting in Brussels, Belgium - DYPALL Network","robots":{"index":"index","follow":"follow","max-snippet":"max-snippet:-1","max-image-preview":"max-image-preview:large","max-video-preview":"max-video-preview:-1"},"canonical":"https:\/\/dypall.com\/pl\/activity\/climbing-the-ladder-fostering-a-culture-of-youth-engagement-cl-ye-advisory-group-meeting-in-brussels-belgium\/","og_locale":"pl_PL","og_type":"article","og_title":"\u201cClimbing the Ladder: fostering a culture of Youth Engagement (CL-YE)\u201d Advisory group meeting in Brussels, Belgium - DYPALL Network","og_description":"Advisory group of CL-YE project had its first in-person meeting from 3rd-6th December 2024 in Brussels, Belgium. The Advisory Group on Youth Engagement is a group of 12 experts from different countries in Europe with concrete experience in mechanisms, structures, and models of youth engagement with a mission to support the consortium of the CL-YE&hellip; Czytaj dalej \u201cClimbing the Ladder: fostering a culture of Youth Engagement (CL-YE)\u201d Advisory group meeting in Brussels, Belgium","og_url":"https:\/\/dypall.com\/pl\/activity\/climbing-the-ladder-fostering-a-culture-of-youth-engagement-cl-ye-advisory-group-meeting-in-brussels-belgium\/","og_site_name":"DYPALL Network","article_published_time":"2024-12-20T12:13:22+00:00","article_modified_time":"2024-12-20T12:13:23+00:00","og_image":[{"width":2048,"height":1536,"url":"https:\/\/dypall.com\/wp-content\/uploads\/2024\/12\/WhatsApp-Image-2024-12-20-at-12.09.44.jpeg","type":"image\/jpeg"}],"author":"DYPALL Network","twitter_card":"summary_large_image","twitter_misc":{"Written by":"DYPALL Network","Est. reading time":"2 minuty"},"schema":{"@context":"https:\/\/schema.org","@graph":[{"@type":"WebPage","@id":"https:\/\/dypall.com\/activity\/climbing-the-ladder-fostering-a-culture-of-youth-engagement-cl-ye-advisory-group-meeting-in-brussels-belgium\/","url":"https:\/\/dypall.com\/activity\/climbing-the-ladder-fostering-a-culture-of-youth-engagement-cl-ye-advisory-group-meeting-in-brussels-belgium\/","name":"\u201cClimbing the Ladder: fostering a culture of Youth Engagement (CL-YE)\u201d Advisory group meeting in Brussels, Belgium - DYPALL Network","isPartOf":{"@id":"https:\/\/dypall.com\/#website"},"primaryImageOfPage":{"@id":"https:\/\/dypall.com\/activity\/climbing-the-ladder-fostering-a-culture-of-youth-engagement-cl-ye-advisory-group-meeting-in-brussels-belgium\/#primaryimage"},"image":{"@id":"https:\/\/dypall.com\/activity\/climbing-the-ladder-fostering-a-culture-of-youth-engagement-cl-ye-advisory-group-meeting-in-brussels-belgium\/#primaryimage"},"thumbnailUrl":"https:\/\/dypall.com\/wp-content\/uploads\/2024\/12\/WhatsApp-Image-2024-12-20-at-12.09.44.jpeg","datePublished":"2024-12-20T12:13:22+00:00","dateModified":"2024-12-20T12:13:23+00:00","author":{"@id":"https:\/\/dypall.com\/#\/schema\/person\/e87206094ce8bcf88449b35f00e40fb1"},"breadcrumb":{"@id":"https:\/\/dypall.com\/activity\/climbing-the-ladder-fostering-a-culture-of-youth-engagement-cl-ye-advisory-group-meeting-in-brussels-belgium\/#breadcrumb"},"inLanguage":"pl-PL","potentialAction":[{"@type":"ReadAction","target":["https:\/\/dypall.com\/activity\/climbing-the-ladder-fostering-a-culture-of-youth-engagement-cl-ye-advisory-group-meeting-in-brussels-belgium\/"]}]},{"@type":"ImageObject","inLanguage":"pl-PL","@id":"https:\/\/dypall.com\/activity\/climbing-the-ladder-fostering-a-culture-of-youth-engagement-cl-ye-advisory-group-meeting-in-brussels-belgium\/#primaryimage","url":"https:\/\/dypall.com\/wp-content\/uploads\/2024\/12\/WhatsApp-Image-2024-12-20-at-12.09.44.jpeg","contentUrl":"https:\/\/dypall.com\/wp-content\/uploads\/2024\/12\/WhatsApp-Image-2024-12-20-at-12.09.44.jpeg","width":2048,"height":1536},{"@type":"BreadcrumbList","@id":"https:\/\/dypall.com\/activity\/climbing-the-ladder-fostering-a-culture-of-youth-engagement-cl-ye-advisory-group-meeting-in-brussels-belgium\/#breadcrumb","itemListElement":[{"@type":"ListItem","position":1,"name":"Home","item":"https:\/\/dypall.com\/"},{"@type":"ListItem","position":2,"name":"\u201cClimbing the Ladder: fostering a culture of Youth Engagement (CL-YE)\u201d Advisory group meeting in Brussels, Belgium"}]},{"@type":"WebSite","@id":"https:\/\/dypall.com\/#website","url":"https:\/\/dypall.com\/","name":"DYPALL Network","description":"We are a European network of civil society organisations, municipalities and research institutions dedicated to improving democracy through youth participation.","potentialAction":[{"@type":"SearchAction","target":{"@type":"EntryPoint","urlTemplate":"https:\/\/dypall.com\/?s={search_term_string}"},"query-input":"required name=search_term_string"}],"inLanguage":"pl-PL"},{"@type":"Person","@id":"https:\/\/dypall.com\/#\/schema\/person\/e87206094ce8bcf88449b35f00e40fb1","name":"DYPALL Network","image":{"@type":"ImageObject","inLanguage":"pl-PL","@id":"https:\/\/dypall.com\/#\/schema\/person\/image\/","url":"https:\/\/secure.gravatar.com\/avatar\/1061d2d4c9b4f1a9b496774795b5deac1200dfd1d3abecb8f85cf8b580e6963b?s=96&d=mm&r=g","contentUrl":"https:\/\/secure.gravatar.com\/avatar\/1061d2d4c9b4f1a9b496774795b5deac1200dfd1d3abecb8f85cf8b580e6963b?s=96&d=mm&r=g","caption":"DYPALL Network"},"sameAs":["https:\/\/dypall.com\/"],"url":"https:\/\/dypall.com\/pl\/author\/dypallonsteroids\/"}]}},"jetpack_featured_media_url":"https:\/\/dypall.com\/wp-content\/uploads\/2024\/12\/WhatsApp-Image-2024-12-20-at-12.09.44.jpeg","jetpack_sharing_enabled":true,"_links":{"self":[{"href":"https:\/\/dypall.com\/pl\/wp-json\/wp\/v2\/posts\/8154","targetHints":{"allow":["GET"]}}],"collection":[{"href":"https:\/\/dypall.com\/pl\/wp-json\/wp\/v2\/posts"}],"about":[{"href":"https:\/\/dypall.com\/pl\/wp-json\/wp\/v2\/types\/post"}],"author":[{"embeddable":true,"href":"https:\/\/dypall.com\/pl\/wp-json\/wp\/v2\/users\/5"}],"replies":[{"embeddable":true,"href":"https:\/\/dypall.com\/pl\/wp-json\/wp\/v2\/comments?post=8154"}],"version-history":[{"count":1,"href":"https:\/\/dypall.com\/pl\/wp-json\/wp\/v2\/posts\/8154\/revisions"}],"predecessor-version":[{"id":8156,"href":"https:\/\/dypall.com\/pl\/wp-json\/wp\/v2\/posts\/8154\/revisions\/8156"}],"wp:featuredmedia":[{"embeddable":true,"href":"https:\/\/dypall.com\/pl\/wp-json\/wp\/v2\/media\/8155"}],"wp:attachment":[{"href":"https:\/\/dypall.com\/pl\/wp-json\/wp\/v2\/media?parent=8154"}],"wp:term":[{"taxonomy":"category","embeddable":true,"href":"https:\/\/dypall.com\/pl\/wp-json\/wp\/v2\/categories?post=8154"},{"taxonomy":"post_tag","embeddable":true,"href":"https:\/\/dypall.com\/pl\/wp-json\/wp\/v2\/tags?post=8154"}],"curies":[{"name":"wp","href":"https:\/\/api.w.org\/{rel}","templated":true}]}}