{"id":8132,"date":"2024-12-18T15:39:15","date_gmt":"2024-12-18T15:39:15","guid":{"rendered":"https:\/\/dypall.com\/?p=8132"},"modified":"2024-12-19T14:22:07","modified_gmt":"2024-12-19T14:22:07","slug":"participation-forum-2024-advancing-democratic-participation-through-erasmus-andeuropean-solidarity-corps","status":"publish","type":"post","link":"https:\/\/dypall.com\/pl\/conference\/participation-forum-2024-advancing-democratic-participation-through-erasmus-andeuropean-solidarity-corps\/","title":{"rendered":"Forum uczestnictwa 2024: Zwi\u0119kszanie uczestnictwa demokratycznego dzi\u0119ki programowi Erasmus+ i Europejskiemu Korpusowi Solidarno\u015bci"},"content":{"rendered":"<p>W dniach 27 i 28 listopada 2024 r. sie\u0107 DYPALL uczestniczy\u0142a w <strong>Forum uczestnictwa 2024<\/strong>, w <strong>Tallin, Estonia<\/strong> \u2013 kluczowe wydarzenie maj\u0105ce na celu wspieranie dialogu i refleksji na temat roli programu Erasmus+ i Europejskiego Korpusu Solidarno\u015bci w promowaniu demokratycznego uczestnictwa i zaanga\u017cowania obywatelskiego. W forum wzi\u0119\u0142o udzia\u0142 150 uczestnik\u00f3w, w tym przedstawiciele agencji narodowych Erasmus+ i Europejskiego Korpusu Solidarno\u015bci, organizacji spo\u0142ecze\u0144stwa obywatelskiego i UE.<br>instytucje.<br><\/p>\n\n\n\n<p>Forum stanowi\u0142o ustrukturyzowan\u0105 okazj\u0119 do oceny post\u0119p\u00f3w program\u00f3w w perspektywie \u015brednioterminowej i zbadania strategii maj\u0105cych na celu zwi\u0119kszenie ich wp\u0142ywu na uczestnictwo demokratyczne, zaanga\u017cowanie obywatelskie i promowanie wsp\u00f3lnych warto\u015bci europejskich. Dyskusje koncentrowa\u0142y si\u0119 na tym, w jaki spos\u00f3b programy te przyczyniaj\u0105 si\u0119 do aktywnego obywatelstwa i anga\u017cuj\u0105 m\u0142odych ludzi i organizacje w procesy demokratyczne na szczeblu lokalnym, krajowym i europejskim. <\/p>\n\n\n\n<p>Uczestnicy zaanga\u017cowali si\u0119 w dyskusje panelowe i warsztaty, podczas kt\u00f3rych podkre\u015blono zar\u00f3wno osi\u0105gni\u0119cia, jak i obszary wymagaj\u0105ce poprawy w realizacji program\u00f3w. Wydarzenie to zapewni\u0142o r\u00f3wnie\u017c przestrze\u0144 do wsp\u00f3\u0142pracy w celu wymiany dobrych praktyk i innowacyjnych podej\u015b\u0107 do wzmacniania uczestnictwa, a tak\u017ce zapoznania si\u0119 z <span style=\"text-decoration: underline;\"><a href=\"https:\/\/participationpool.eu\/resource\/youth-participation-strategy\/\"><strong>Strategia uczestnictwa m\u0142odzie\u017cy<\/strong><\/a><\/span>. <\/p>\n\n\n\n<p>G\u0142\u00f3wnym celem forum by\u0142o opracowanie zalece\u0144 dla agencji krajowych, organizacji spo\u0142ecze\u0144stwa obywatelskiego oraz centrum zasob\u00f3w informacyjnych SALTO. Zalecenia te maj\u0105 na celu skuteczniejsze dostosowanie wysi\u0142k\u00f3w i zasob\u00f3w, aby osi\u0105gn\u0105\u0107 wsp\u00f3lny cel, jakim jest wspieranie aktywnego uczestnictwa w \u017cyciu demokratycznym. <\/p>\n\n\n\n<p>Wydarzenie zosta\u0142o zorganizowane przez SALTO Participation &amp; Information.<\/p>\n\n\n\n<figure class=\"wp-block-gallery has-nested-images columns-default is-cropped wp-block-gallery-1 is-layout-flex wp-block-gallery-is-layout-flex\">\n<figure class=\"wp-block-image size-large\"><img loading=\"lazy\" decoding=\"async\" width=\"2560\" height=\"1707\" data-id=\"8133\" src=\"https:\/\/dypall.com\/wp-content\/uploads\/2024\/12\/b-57-scaled.jpg\" alt=\"\" class=\"wp-image-8133\" srcset=\"https:\/\/dypall.com\/wp-content\/uploads\/2024\/12\/b-57-scaled.jpg 2560w, https:\/\/dypall.com\/wp-content\/uploads\/2024\/12\/b-57-768x512.jpg 768w, https:\/\/dypall.com\/wp-content\/uploads\/2024\/12\/b-57-1536x1024.jpg 1536w, https:\/\/dypall.com\/wp-content\/uploads\/2024\/12\/b-57-2048x1365.jpg 2048w, https:\/\/dypall.com\/wp-content\/uploads\/2024\/12\/b-57-1568x1045.jpg 1568w\" sizes=\"auto, (max-width: 2560px) 100vw, 2560px\" \/><\/figure>\n\n\n\n<figure class=\"wp-block-image size-large\"><img loading=\"lazy\" decoding=\"async\" width=\"2560\" height=\"1707\" data-id=\"8134\" src=\"https:\/\/dypall.com\/wp-content\/uploads\/2024\/12\/b-71-scaled.jpg\" alt=\"\" class=\"wp-image-8134\" srcset=\"https:\/\/dypall.com\/wp-content\/uploads\/2024\/12\/b-71-scaled.jpg 2560w, https:\/\/dypall.com\/wp-content\/uploads\/2024\/12\/b-71-768x512.jpg 768w, https:\/\/dypall.com\/wp-content\/uploads\/2024\/12\/b-71-1536x1024.jpg 1536w, https:\/\/dypall.com\/wp-content\/uploads\/2024\/12\/b-71-2048x1365.jpg 2048w, https:\/\/dypall.com\/wp-content\/uploads\/2024\/12\/b-71-1568x1045.jpg 1568w\" sizes=\"auto, (max-width: 2560px) 100vw, 2560px\" \/><\/figure>\n\n\n\n<figure class=\"wp-block-image size-large\"><img loading=\"lazy\" decoding=\"async\" width=\"2560\" height=\"1707\" data-id=\"8137\" src=\"https:\/\/dypall.com\/wp-content\/uploads\/2024\/12\/c-29-scaled.jpg\" alt=\"\" class=\"wp-image-8137\" srcset=\"https:\/\/dypall.com\/wp-content\/uploads\/2024\/12\/c-29-scaled.jpg 2560w, https:\/\/dypall.com\/wp-content\/uploads\/2024\/12\/c-29-768x512.jpg 768w, https:\/\/dypall.com\/wp-content\/uploads\/2024\/12\/c-29-1536x1024.jpg 1536w, https:\/\/dypall.com\/wp-content\/uploads\/2024\/12\/c-29-2048x1365.jpg 2048w, https:\/\/dypall.com\/wp-content\/uploads\/2024\/12\/c-29-1568x1045.jpg 1568w\" sizes=\"auto, (max-width: 2560px) 100vw, 2560px\" \/><\/figure>\n\n\n\n<figure class=\"wp-block-image size-large\"><img loading=\"lazy\" decoding=\"async\" width=\"2560\" height=\"1707\" data-id=\"8136\" src=\"https:\/\/dypall.com\/wp-content\/uploads\/2024\/12\/c-35-scaled.jpg\" alt=\"\" class=\"wp-image-8136\" srcset=\"https:\/\/dypall.com\/wp-content\/uploads\/2024\/12\/c-35-scaled.jpg 2560w, https:\/\/dypall.com\/wp-content\/uploads\/2024\/12\/c-35-768x512.jpg 768w, https:\/\/dypall.com\/wp-content\/uploads\/2024\/12\/c-35-1536x1024.jpg 1536w, https:\/\/dypall.com\/wp-content\/uploads\/2024\/12\/c-35-2048x1365.jpg 2048w, https:\/\/dypall.com\/wp-content\/uploads\/2024\/12\/c-35-1568x1045.jpg 1568w\" sizes=\"auto, (max-width: 2560px) 100vw, 2560px\" \/><\/figure>\n\n\n\n<figure class=\"wp-block-image size-large\"><img loading=\"lazy\" decoding=\"async\" width=\"2560\" height=\"1534\" data-id=\"8138\" src=\"https:\/\/dypall.com\/wp-content\/uploads\/2024\/12\/b-94-scaled.jpg\" alt=\"\" class=\"wp-image-8138\" srcset=\"https:\/\/dypall.com\/wp-content\/uploads\/2024\/12\/b-94-scaled.jpg 2560w, https:\/\/dypall.com\/wp-content\/uploads\/2024\/12\/b-94-768x460.jpg 768w, https:\/\/dypall.com\/wp-content\/uploads\/2024\/12\/b-94-1536x921.jpg 1536w, https:\/\/dypall.com\/wp-content\/uploads\/2024\/12\/b-94-2048x1227.jpg 2048w, https:\/\/dypall.com\/wp-content\/uploads\/2024\/12\/b-94-1568x940.jpg 1568w\" sizes=\"auto, (max-width: 2560px) 100vw, 2560px\" \/><\/figure>\n<\/figure>","protected":false},"excerpt":{"rendered":"<p>27 i 28 listopada 2024 r. sie\u0107 DYPALL uczestniczy\u0142a w forum uczestnictwa 2024 w Tallinie (Estonia) \u2013 kluczowym wydarzeniu maj\u0105cym na celu wspieranie dialogu i refleksji na temat roli programu Erasmus+ i Europejskiego Korpusu Solidarno\u015bci w promowaniu demokratycznego uczestnictwa i zaanga\u017cowania obywatelskiego. Forum zgromadzi\u0142o 150 uczestnik\u00f3w, w tym przedstawicieli Erasmus+ i... <a class=\"more-link\" href=\"https:\/\/dypall.com\/pl\/conference\/participation-forum-2024-advancing-democratic-participation-through-erasmus-andeuropean-solidarity-corps\/\">Czytaj dalej <span class=\"screen-reader-text\">Forum uczestnictwa 2024: Zwi\u0119kszanie uczestnictwa demokratycznego dzi\u0119ki programowi Erasmus+ i Europejskiemu Korpusowi Solidarno\u015bci<\/span><\/a><\/p>","protected":false},"author":5,"featured_media":8138,"comment_status":"open","ping_status":"open","sticky":false,"template":"","format":"standard","meta":{"_acf_changed":false,"_jetpack_memberships_contains_paid_content":false,"footnotes":""},"categories":[112],"tags":[],"class_list":["post-8132","post","type-post","status-publish","format-standard","has-post-thumbnail","hentry","category-conference","entry"],"acf":[],"yoast_head":"<!-- This site is optimized with the Yoast SEO plugin v22.8 - https:\/\/yoast.com\/wordpress\/plugins\/seo\/ -->\n<title>Participation Forum 2024: Advancing Democratic Participation Through Erasmus+ andEuropean Solidarity Corps - DYPALL Network<\/title>\n<meta name=\"robots\" content=\"index, follow, max-snippet:-1, max-image-preview:large, max-video-preview:-1\" \/>\n<link rel=\"canonical\" href=\"https:\/\/dypall.com\/pl\/conference\/participation-forum-2024-advancing-democratic-participation-through-erasmus-andeuropean-solidarity-corps\/\" \/>\n<meta property=\"og:locale\" content=\"pl_PL\" \/>\n<meta property=\"og:type\" content=\"article\" \/>\n<meta property=\"og:title\" content=\"Participation Forum 2024: Advancing Democratic Participation Through Erasmus+ andEuropean Solidarity Corps - DYPALL Network\" \/>\n<meta property=\"og:description\" content=\"On 27 and 28 November 2024, DYPALL Network participated in the Participation Forum 2024, in Tallin, Estonia &#8211; a key event aimed at fostering dialogue and reflection on the role of Erasmus+ and the European Solidarity Corps in promoting democratic participation and civic engagement. The forum brought together 150 participants, including representatives from Erasmus+ and&hellip; Czytaj dalej Participation Forum 2024: Advancing Democratic Participation Through Erasmus+ andEuropean Solidarity Corps\" \/>\n<meta property=\"og:url\" content=\"https:\/\/dypall.com\/pl\/conference\/participation-forum-2024-advancing-democratic-participation-through-erasmus-andeuropean-solidarity-corps\/\" \/>\n<meta property=\"og:site_name\" content=\"DYPALL Network\" \/>\n<meta property=\"article:published_time\" content=\"2024-12-18T15:39:15+00:00\" \/>\n<meta property=\"article:modified_time\" content=\"2024-12-19T14:22:07+00:00\" \/>\n<meta property=\"og:image\" content=\"https:\/\/dypall.com\/wp-content\/uploads\/2024\/12\/b-94-scaled.jpg\" \/>\n\t<meta property=\"og:image:width\" content=\"2560\" \/>\n\t<meta property=\"og:image:height\" content=\"1534\" \/>\n\t<meta property=\"og:image:type\" content=\"image\/jpeg\" \/>\n<meta name=\"author\" content=\"DYPALL Network\" \/>\n<meta name=\"twitter:card\" content=\"summary_large_image\" \/>\n<meta name=\"twitter:label1\" content=\"Written by\" \/>\n\t<meta name=\"twitter:data1\" content=\"DYPALL Network\" \/>\n\t<meta name=\"twitter:label2\" content=\"Est. reading time\" \/>\n\t<meta name=\"twitter:data2\" content=\"3 minuty\" \/>\n<script type=\"application\/ld+json\" class=\"yoast-schema-graph\">{\"@context\":\"https:\/\/schema.org\",\"@graph\":[{\"@type\":\"WebPage\",\"@id\":\"https:\/\/dypall.com\/conference\/participation-forum-2024-advancing-democratic-participation-through-erasmus-andeuropean-solidarity-corps\/\",\"url\":\"https:\/\/dypall.com\/conference\/participation-forum-2024-advancing-democratic-participation-through-erasmus-andeuropean-solidarity-corps\/\",\"name\":\"Participation Forum 2024: Advancing Democratic Participation Through Erasmus+ andEuropean Solidarity Corps - DYPALL Network\",\"isPartOf\":{\"@id\":\"https:\/\/dypall.com\/#website\"},\"primaryImageOfPage\":{\"@id\":\"https:\/\/dypall.com\/conference\/participation-forum-2024-advancing-democratic-participation-through-erasmus-andeuropean-solidarity-corps\/#primaryimage\"},\"image\":{\"@id\":\"https:\/\/dypall.com\/conference\/participation-forum-2024-advancing-democratic-participation-through-erasmus-andeuropean-solidarity-corps\/#primaryimage\"},\"thumbnailUrl\":\"https:\/\/dypall.com\/wp-content\/uploads\/2024\/12\/b-94-scaled.jpg\",\"datePublished\":\"2024-12-18T15:39:15+00:00\",\"dateModified\":\"2024-12-19T14:22:07+00:00\",\"author\":{\"@id\":\"https:\/\/dypall.com\/#\/schema\/person\/e87206094ce8bcf88449b35f00e40fb1\"},\"breadcrumb\":{\"@id\":\"https:\/\/dypall.com\/conference\/participation-forum-2024-advancing-democratic-participation-through-erasmus-andeuropean-solidarity-corps\/#breadcrumb\"},\"inLanguage\":\"pl-PL\",\"potentialAction\":[{\"@type\":\"ReadAction\",\"target\":[\"https:\/\/dypall.com\/conference\/participation-forum-2024-advancing-democratic-participation-through-erasmus-andeuropean-solidarity-corps\/\"]}]},{\"@type\":\"ImageObject\",\"inLanguage\":\"pl-PL\",\"@id\":\"https:\/\/dypall.com\/conference\/participation-forum-2024-advancing-democratic-participation-through-erasmus-andeuropean-solidarity-corps\/#primaryimage\",\"url\":\"https:\/\/dypall.com\/wp-content\/uploads\/2024\/12\/b-94-scaled.jpg\",\"contentUrl\":\"https:\/\/dypall.com\/wp-content\/uploads\/2024\/12\/b-94-scaled.jpg\",\"width\":2560,\"height\":1534},{\"@type\":\"BreadcrumbList\",\"@id\":\"https:\/\/dypall.com\/conference\/participation-forum-2024-advancing-democratic-participation-through-erasmus-andeuropean-solidarity-corps\/#breadcrumb\",\"itemListElement\":[{\"@type\":\"ListItem\",\"position\":1,\"name\":\"Home\",\"item\":\"https:\/\/dypall.com\/\"},{\"@type\":\"ListItem\",\"position\":2,\"name\":\"Participation Forum 2024: Advancing Democratic Participation Through Erasmus+ andEuropean Solidarity Corps\"}]},{\"@type\":\"WebSite\",\"@id\":\"https:\/\/dypall.com\/#website\",\"url\":\"https:\/\/dypall.com\/\",\"name\":\"DYPALL Network\",\"description\":\"We are a European network of civil society organisations, municipalities and research institutions dedicated to improving democracy through youth participation.\",\"potentialAction\":[{\"@type\":\"SearchAction\",\"target\":{\"@type\":\"EntryPoint\",\"urlTemplate\":\"https:\/\/dypall.com\/?s={search_term_string}\"},\"query-input\":\"required name=search_term_string\"}],\"inLanguage\":\"pl-PL\"},{\"@type\":\"Person\",\"@id\":\"https:\/\/dypall.com\/#\/schema\/person\/e87206094ce8bcf88449b35f00e40fb1\",\"name\":\"DYPALL Network\",\"image\":{\"@type\":\"ImageObject\",\"inLanguage\":\"pl-PL\",\"@id\":\"https:\/\/dypall.com\/#\/schema\/person\/image\/\",\"url\":\"https:\/\/secure.gravatar.com\/avatar\/1061d2d4c9b4f1a9b496774795b5deac1200dfd1d3abecb8f85cf8b580e6963b?s=96&d=mm&r=g\",\"contentUrl\":\"https:\/\/secure.gravatar.com\/avatar\/1061d2d4c9b4f1a9b496774795b5deac1200dfd1d3abecb8f85cf8b580e6963b?s=96&d=mm&r=g\",\"caption\":\"DYPALL Network\"},\"sameAs\":[\"https:\/\/dypall.com\/\"],\"url\":\"https:\/\/dypall.com\/pl\/author\/dypallonsteroids\/\"}]}<\/script>\n<!-- \/ Yoast SEO plugin. -->","yoast_head_json":{"title":"Participation Forum 2024: Advancing Democratic Participation Through Erasmus+ andEuropean Solidarity Corps - DYPALL Network","robots":{"index":"index","follow":"follow","max-snippet":"max-snippet:-1","max-image-preview":"max-image-preview:large","max-video-preview":"max-video-preview:-1"},"canonical":"https:\/\/dypall.com\/pl\/conference\/participation-forum-2024-advancing-democratic-participation-through-erasmus-andeuropean-solidarity-corps\/","og_locale":"pl_PL","og_type":"article","og_title":"Participation Forum 2024: Advancing Democratic Participation Through Erasmus+ andEuropean Solidarity Corps - DYPALL Network","og_description":"On 27 and 28 November 2024, DYPALL Network participated in the Participation Forum 2024, in Tallin, Estonia &#8211; a key event aimed at fostering dialogue and reflection on the role of Erasmus+ and the European Solidarity Corps in promoting democratic participation and civic engagement. The forum brought together 150 participants, including representatives from Erasmus+ and&hellip; Czytaj dalej Participation Forum 2024: Advancing Democratic Participation Through Erasmus+ andEuropean Solidarity Corps","og_url":"https:\/\/dypall.com\/pl\/conference\/participation-forum-2024-advancing-democratic-participation-through-erasmus-andeuropean-solidarity-corps\/","og_site_name":"DYPALL Network","article_published_time":"2024-12-18T15:39:15+00:00","article_modified_time":"2024-12-19T14:22:07+00:00","og_image":[{"width":2560,"height":1534,"url":"https:\/\/dypall.com\/wp-content\/uploads\/2024\/12\/b-94-scaled.jpg","type":"image\/jpeg"}],"author":"DYPALL Network","twitter_card":"summary_large_image","twitter_misc":{"Written by":"DYPALL Network","Est. reading time":"3 minuty"},"schema":{"@context":"https:\/\/schema.org","@graph":[{"@type":"WebPage","@id":"https:\/\/dypall.com\/conference\/participation-forum-2024-advancing-democratic-participation-through-erasmus-andeuropean-solidarity-corps\/","url":"https:\/\/dypall.com\/conference\/participation-forum-2024-advancing-democratic-participation-through-erasmus-andeuropean-solidarity-corps\/","name":"Participation Forum 2024: Advancing Democratic Participation Through Erasmus+ andEuropean Solidarity Corps - DYPALL Network","isPartOf":{"@id":"https:\/\/dypall.com\/#website"},"primaryImageOfPage":{"@id":"https:\/\/dypall.com\/conference\/participation-forum-2024-advancing-democratic-participation-through-erasmus-andeuropean-solidarity-corps\/#primaryimage"},"image":{"@id":"https:\/\/dypall.com\/conference\/participation-forum-2024-advancing-democratic-participation-through-erasmus-andeuropean-solidarity-corps\/#primaryimage"},"thumbnailUrl":"https:\/\/dypall.com\/wp-content\/uploads\/2024\/12\/b-94-scaled.jpg","datePublished":"2024-12-18T15:39:15+00:00","dateModified":"2024-12-19T14:22:07+00:00","author":{"@id":"https:\/\/dypall.com\/#\/schema\/person\/e87206094ce8bcf88449b35f00e40fb1"},"breadcrumb":{"@id":"https:\/\/dypall.com\/conference\/participation-forum-2024-advancing-democratic-participation-through-erasmus-andeuropean-solidarity-corps\/#breadcrumb"},"inLanguage":"pl-PL","potentialAction":[{"@type":"ReadAction","target":["https:\/\/dypall.com\/conference\/participation-forum-2024-advancing-democratic-participation-through-erasmus-andeuropean-solidarity-corps\/"]}]},{"@type":"ImageObject","inLanguage":"pl-PL","@id":"https:\/\/dypall.com\/conference\/participation-forum-2024-advancing-democratic-participation-through-erasmus-andeuropean-solidarity-corps\/#primaryimage","url":"https:\/\/dypall.com\/wp-content\/uploads\/2024\/12\/b-94-scaled.jpg","contentUrl":"https:\/\/dypall.com\/wp-content\/uploads\/2024\/12\/b-94-scaled.jpg","width":2560,"height":1534},{"@type":"BreadcrumbList","@id":"https:\/\/dypall.com\/conference\/participation-forum-2024-advancing-democratic-participation-through-erasmus-andeuropean-solidarity-corps\/#breadcrumb","itemListElement":[{"@type":"ListItem","position":1,"name":"Home","item":"https:\/\/dypall.com\/"},{"@type":"ListItem","position":2,"name":"Participation Forum 2024: Advancing Democratic Participation Through Erasmus+ andEuropean Solidarity Corps"}]},{"@type":"WebSite","@id":"https:\/\/dypall.com\/#website","url":"https:\/\/dypall.com\/","name":"DYPALL Network","description":"We are a European network of civil society organisations, municipalities and research institutions dedicated to improving democracy through youth participation.","potentialAction":[{"@type":"SearchAction","target":{"@type":"EntryPoint","urlTemplate":"https:\/\/dypall.com\/?s={search_term_string}"},"query-input":"required name=search_term_string"}],"inLanguage":"pl-PL"},{"@type":"Person","@id":"https:\/\/dypall.com\/#\/schema\/person\/e87206094ce8bcf88449b35f00e40fb1","name":"DYPALL Network","image":{"@type":"ImageObject","inLanguage":"pl-PL","@id":"https:\/\/dypall.com\/#\/schema\/person\/image\/","url":"https:\/\/secure.gravatar.com\/avatar\/1061d2d4c9b4f1a9b496774795b5deac1200dfd1d3abecb8f85cf8b580e6963b?s=96&d=mm&r=g","contentUrl":"https:\/\/secure.gravatar.com\/avatar\/1061d2d4c9b4f1a9b496774795b5deac1200dfd1d3abecb8f85cf8b580e6963b?s=96&d=mm&r=g","caption":"DYPALL Network"},"sameAs":["https:\/\/dypall.com\/"],"url":"https:\/\/dypall.com\/pl\/author\/dypallonsteroids\/"}]}},"jetpack_featured_media_url":"https:\/\/dypall.com\/wp-content\/uploads\/2024\/12\/b-94-scaled.jpg","jetpack_sharing_enabled":true,"_links":{"self":[{"href":"https:\/\/dypall.com\/pl\/wp-json\/wp\/v2\/posts\/8132","targetHints":{"allow":["GET"]}}],"collection":[{"href":"https:\/\/dypall.com\/pl\/wp-json\/wp\/v2\/posts"}],"about":[{"href":"https:\/\/dypall.com\/pl\/wp-json\/wp\/v2\/types\/post"}],"author":[{"embeddable":true,"href":"https:\/\/dypall.com\/pl\/wp-json\/wp\/v2\/users\/5"}],"replies":[{"embeddable":true,"href":"https:\/\/dypall.com\/pl\/wp-json\/wp\/v2\/comments?post=8132"}],"version-history":[{"count":1,"href":"https:\/\/dypall.com\/pl\/wp-json\/wp\/v2\/posts\/8132\/revisions"}],"predecessor-version":[{"id":8140,"href":"https:\/\/dypall.com\/pl\/wp-json\/wp\/v2\/posts\/8132\/revisions\/8140"}],"wp:featuredmedia":[{"embeddable":true,"href":"https:\/\/dypall.com\/pl\/wp-json\/wp\/v2\/media\/8138"}],"wp:attachment":[{"href":"https:\/\/dypall.com\/pl\/wp-json\/wp\/v2\/media?parent=8132"}],"wp:term":[{"taxonomy":"category","embeddable":true,"href":"https:\/\/dypall.com\/pl\/wp-json\/wp\/v2\/categories?post=8132"},{"taxonomy":"post_tag","embeddable":true,"href":"https:\/\/dypall.com\/pl\/wp-json\/wp\/v2\/tags?post=8132"}],"curies":[{"name":"wp","href":"https:\/\/api.w.org\/{rel}","templated":true}]}}