{"id":8007,"date":"2024-11-08T16:37:31","date_gmt":"2024-11-08T16:37:31","guid":{"rendered":"https:\/\/dypall.com\/?p=8007"},"modified":"2024-11-08T17:11:13","modified_gmt":"2024-11-08T17:11:13","slug":"study-session-youth-democracy-academy-for-young-policy-makers-at-the-european-youth-centre-strasbourg-eycs","status":"publish","type":"post","link":"https:\/\/dypall.com\/pl\/study-session\/study-session-youth-democracy-academy-for-young-policy-makers-at-the-european-youth-centre-strasbourg-eycs\/","title":{"rendered":"Sesja studyjna pt. \u201eAkademia demokracji m\u0142odzie\u017cy dla m\u0142odych decydent\u00f3w politycznych\u201d w Europejskim Centrum M\u0142odzie\u017cy w Strasburgu (EYCS)"},"content":{"rendered":"<p>W przedmiocie <strong>Sesja studyjna<\/strong> <strong>\u201eAkademia Demokracji M\u0142odzie\u017cy dla m\u0142odych decydent\u00f3w politycznych\u201d<\/strong> organizowane przez DYPALL Network we wsp\u00f3\u0142pracy z <a href=\"https:\/\/www.coe.int\/en\/web\/youth\">Departament M\u0142odzie\u017cy Rady Europy<\/a>, kt\u00f3re odby\u0142o si\u0119 w dniach 27 pa\u017adziernika \u2013 1 listopada w <a href=\"https:\/\/www.coe.int\/en\/web\/youth\/eyc-strasbourg\">Europejskie Centrum M\u0142odzie\u017cy w Strasburgu (EYCS)<\/a>, Francja.\u00a0<\/p>\n\n\n\n<p>Celem sesji studyjnej by\u0142o wzmocnienie umiej\u0119tno\u015bci uczestnik\u00f3w w zakresie o\u017cywienia demokracji i skutecznego anga\u017cowania m\u0142odych ludzi w procesy partycypacyjne na szczeblu lokalnym. Wzi\u0119\u0142o w nim udzia\u0142 20 m\u0142odych ludzi z 16 pa\u0144stw cz\u0142onkowskich Rady Europy, w tym cz\u0142onkowie lokalnych rad m\u0142odzie\u017cowych i partii politycznych, liderzy m\u0142odzie\u017cowi, pracownicy komunalni i wybrani przedstawiciele. Dzia\u0142anie opiera\u0142o si\u0119 na podej\u015bciu opartym na edukacji pozaformalnej i by\u0142o realizowane w ramach r\u00f3\u017cnych sesji prowadzonych r\u00f3\u017cnymi metodami, takimi jak symulacje, odgrywanie r\u00f3l, dyskusje plenarne, prezentacje i \u0107wiczenia grupowe.<\/p>\n\n\n\n<p>Przez ca\u0142y tydzie\u0144 uczestnicy zag\u0142\u0119biali si\u0119 w koncepcje demokracji i uczestnictwa m\u0142odzie\u017cy, zastanawiaj\u0105c si\u0119 nad obecnymi mo\u017cliwo\u015bciami i zagro\u017ceniami dla demokracji oraz nad tym, w jaki spos\u00f3b mog\u0105 aktywnie stawi\u0107 czo\u0142a tym wyzwaniom na szczeblu lokalnym. Mieli okazj\u0119 zbada\u0107 w\u0142asne praktyki uczestnictwa m\u0142odzie\u017cy, a tak\u017ce zbada\u0107 niekonwencjonalne i innowacyjne metody konsultacji z m\u0142odzie\u017c\u0105. Sesja studyjna zako\u0144czy\u0142a si\u0119 skupieniem si\u0119 na kryteriach i wska\u017anikach, kt\u00f3re tworz\u0105 wysokiej jako\u015bci lokalne rady m\u0142odzie\u017cowe. Uczestnicy wdro\u017cyli \u201e<a previewlistener=\"true\" href=\"https:\/\/drive.google.com\/file\/d\/1wmZgWujqUUvix5NTesulcZt8h4w9IHRY\/view\">Karta jako\u015bci dotycz\u0105ca partycypacyjnych i integracyjnych lokalnych rad m\u0142odzie\u017cowych<\/a>\u201enarz\u0119dzie oceny opracowane przez sie\u0107 DYPALL, maj\u0105ce na celu ocen\u0119 struktury i funkcjonowania lokalnych rad m\u0142odzie\u017cowych, ze szczeg\u00f3lnym uwzgl\u0119dnieniem wzmocnienia ich partycypacyjnego i integracyjnego charakteru oraz zwi\u0119kszenia ich wp\u0142ywu. Jednym z g\u0142\u00f3wnych wynik\u00f3w sesji studyjnej by\u0142o stworzenie kompleksowej mapy my\u015bli w oparciu o wk\u0142ad uzyskany w ci\u0105gu tygodnia, wraz z planowaniem dzia\u0142a\u0144 nast\u0119pczych i refleksj\u0105 nad kluczowym pierwszym krokiem do podj\u0119cia w celu zbudowania sieci wsparcia dla LYC, kt\u00f3ra zostanie uruchomiona i utrzymana jako kontynuacja dzia\u0142ania sieci DYPALL w grudniu.&nbsp;<\/p>\n\n\n\n<p>W programie znalaz\u0142y si\u0119 r\u00f3wnie\u017c nast\u0119puj\u0105ce wnikliwe momenty:<\/p>\n\n\n\n<ul class=\"wp-block-list\">\n<li><strong>Dyskusja plenarna na temat struktur wsp\u00f3\u0142zarz\u0105dzania i zasad demokracji w Reykjaviku<\/strong>: Uczestnicy mieli okazj\u0119 wys\u0142ucha\u0107 spostrze\u017ce\u0144 i nawi\u0105za\u0107 otwarty dialog z ekspertami Tobiasem Flessenkemperem, kierownikiem Departamentu ds. M\u0142odzie\u017cy Rady Europy, oraz Ev\u0105 Kotnik, cz\u0142onkini\u0105 Komitetu Doradczego ds. M\u0142odzie\u017cy Rady Europy.&nbsp;<\/li>\n\n\n\n<li><strong>Prezentacja pt. \u201eM\u0142odzie\u017c przeciwko rasizmowi \u2013 zwi\u0119kszanie szans w naszych spo\u0142eczno\u015bciach\u201d<\/strong>: Prowadzony przez zaproszonego prelegenta Serpila Temiza Unvara, kt\u00f3ry zapewni\u0142 interaktywny dialog i wyj\u0105tkow\u0105 okazj\u0119 dla m\u0142odych uczestnik\u00f3w do uczenia si\u0119 od wp\u0142ywowego g\u0142osu w rzecznictwie antyrasistowskim i prawach cz\u0142owieka zar\u00f3wno na szczeblu lokalnym, jak i europejskim, podkre\u015blaj\u0105c rol\u0119 m\u0142odzie\u017cy w budowaniu spo\u0142eczno\u015bci integracyjnych oraz to, w jaki spos\u00f3b uczestnictwo mo\u017ce mie\u0107 wiele kszta\u0142t\u00f3w i wywiera\u0107 wp\u0142yw na r\u00f3\u017cne sposoby.<\/li>\n\n\n\n<li><strong>Prezentacja na temat Europejskiej Fundacji M\u0142odzie\u017cy (EYF)<\/strong>: Uczestnicy odkryli mo\u017cliwo\u015bci aktywnego rozwijania lokalnych plan\u00f3w zainicjowania istotnych zmian w swoich spo\u0142eczno\u015bciach dotycz\u0105cych demokracji.&nbsp;<\/li>\n\n\n\n<li><strong>Wizyta w Kongresie W\u0142adz Lokalnych i Regionalnych<\/strong>: Wizyta ta umo\u017cliwi\u0142a wymian\u0119 dobrych praktyk i lepsze zrozumienie przez uczestnik\u00f3w wk\u0142adu Kongresu w uczestnictwo m\u0142odzie\u017cy i kszta\u0142towanie polityki m\u0142odzie\u017cowej.<\/li>\n<\/ul>\n\n\n\n<p>Dzia\u0142anie to z powodzeniem osi\u0105gn\u0119\u0142o sw\u00f3j cel, jakim jest wzmocnienie pozycji m\u0142odych decydent\u00f3w politycznych dzi\u0119ki kompetencjom i narz\u0119dziom umo\u017cliwiaj\u0105cym anga\u017cowanie i reprezentowanie m\u0142odzie\u017cy w procesach decyzyjnych. W ten spos\u00f3b bezpo\u015brednio dostosowa\u0142a si\u0119 do kr\u00f3tko- i d\u0142ugoterminowych cel\u00f3w i priorytet\u00f3w sieci DYPALL, wspieraj\u0105c wzrost zaanga\u017cowania m\u0142odzie\u017cy w ramach lokalnych struktur zarz\u0105dzania.<\/p>\n\n\n\n<figure class=\"wp-block-gallery has-nested-images columns-default is-cropped wp-block-gallery-1 is-layout-flex wp-block-gallery-is-layout-flex\">\n<figure class=\"wp-block-image size-large\"><img loading=\"lazy\" decoding=\"async\" width=\"2560\" height=\"1707\" data-id=\"8062\" src=\"https:\/\/dypall.com\/wp-content\/uploads\/2024\/11\/DSC_0084-scaled.jpg\" alt=\"\" class=\"wp-image-8062\" srcset=\"https:\/\/dypall.com\/wp-content\/uploads\/2024\/11\/DSC_0084-scaled.jpg 2560w, https:\/\/dypall.com\/wp-content\/uploads\/2024\/11\/DSC_0084-768x512.jpg 768w, https:\/\/dypall.com\/wp-content\/uploads\/2024\/11\/DSC_0084-1536x1024.jpg 1536w, https:\/\/dypall.com\/wp-content\/uploads\/2024\/11\/DSC_0084-2048x1365.jpg 2048w, https:\/\/dypall.com\/wp-content\/uploads\/2024\/11\/DSC_0084-1568x1045.jpg 1568w\" sizes=\"auto, (max-width: 2560px) 100vw, 2560px\" \/><\/figure>\n\n\n\n<figure class=\"wp-block-image size-large\"><img loading=\"lazy\" decoding=\"async\" width=\"2560\" height=\"1707\" data-id=\"8061\" src=\"https:\/\/dypall.com\/wp-content\/uploads\/2024\/11\/DSC_0088-scaled.jpg\" alt=\"\" class=\"wp-image-8061\" srcset=\"https:\/\/dypall.com\/wp-content\/uploads\/2024\/11\/DSC_0088-scaled.jpg 2560w, https:\/\/dypall.com\/wp-content\/uploads\/2024\/11\/DSC_0088-768x512.jpg 768w, https:\/\/dypall.com\/wp-content\/uploads\/2024\/11\/DSC_0088-1536x1024.jpg 1536w, https:\/\/dypall.com\/wp-content\/uploads\/2024\/11\/DSC_0088-2048x1365.jpg 2048w, https:\/\/dypall.com\/wp-content\/uploads\/2024\/11\/DSC_0088-1568x1045.jpg 1568w\" sizes=\"auto, (max-width: 2560px) 100vw, 2560px\" \/><\/figure>\n\n\n\n<figure class=\"wp-block-image size-large\"><img loading=\"lazy\" decoding=\"async\" width=\"2560\" height=\"1707\" data-id=\"8059\" src=\"https:\/\/dypall.com\/wp-content\/uploads\/2024\/11\/DSC_0096-scaled.jpg\" alt=\"\" class=\"wp-image-8059\" srcset=\"https:\/\/dypall.com\/wp-content\/uploads\/2024\/11\/DSC_0096-scaled.jpg 2560w, https:\/\/dypall.com\/wp-content\/uploads\/2024\/11\/DSC_0096-768x512.jpg 768w, https:\/\/dypall.com\/wp-content\/uploads\/2024\/11\/DSC_0096-1536x1024.jpg 1536w, https:\/\/dypall.com\/wp-content\/uploads\/2024\/11\/DSC_0096-2048x1365.jpg 2048w, https:\/\/dypall.com\/wp-content\/uploads\/2024\/11\/DSC_0096-1568x1045.jpg 1568w\" sizes=\"auto, (max-width: 2560px) 100vw, 2560px\" \/><\/figure>\n\n\n\n<figure class=\"wp-block-image size-large\"><img loading=\"lazy\" decoding=\"async\" width=\"2560\" height=\"1707\" data-id=\"8058\" src=\"https:\/\/dypall.com\/wp-content\/uploads\/2024\/11\/DSC_0120-scaled.jpg\" alt=\"\" class=\"wp-image-8058\" srcset=\"https:\/\/dypall.com\/wp-content\/uploads\/2024\/11\/DSC_0120-scaled.jpg 2560w, https:\/\/dypall.com\/wp-content\/uploads\/2024\/11\/DSC_0120-768x512.jpg 768w, https:\/\/dypall.com\/wp-content\/uploads\/2024\/11\/DSC_0120-1536x1024.jpg 1536w, https:\/\/dypall.com\/wp-content\/uploads\/2024\/11\/DSC_0120-2048x1365.jpg 2048w, https:\/\/dypall.com\/wp-content\/uploads\/2024\/11\/DSC_0120-1568x1045.jpg 1568w\" sizes=\"auto, (max-width: 2560px) 100vw, 2560px\" \/><\/figure>\n\n\n\n<figure class=\"wp-block-image size-large\"><img loading=\"lazy\" decoding=\"async\" width=\"2560\" height=\"1707\" data-id=\"8057\" src=\"https:\/\/dypall.com\/wp-content\/uploads\/2024\/11\/DSC_0121-scaled.jpg\" alt=\"\" class=\"wp-image-8057\" srcset=\"https:\/\/dypall.com\/wp-content\/uploads\/2024\/11\/DSC_0121-scaled.jpg 2560w, https:\/\/dypall.com\/wp-content\/uploads\/2024\/11\/DSC_0121-768x512.jpg 768w, https:\/\/dypall.com\/wp-content\/uploads\/2024\/11\/DSC_0121-1536x1024.jpg 1536w, https:\/\/dypall.com\/wp-content\/uploads\/2024\/11\/DSC_0121-2048x1365.jpg 2048w, https:\/\/dypall.com\/wp-content\/uploads\/2024\/11\/DSC_0121-1568x1045.jpg 1568w\" sizes=\"auto, (max-width: 2560px) 100vw, 2560px\" \/><\/figure>\n\n\n\n<figure class=\"wp-block-image size-large\"><img loading=\"lazy\" decoding=\"async\" width=\"2560\" height=\"1707\" data-id=\"8051\" src=\"https:\/\/dypall.com\/wp-content\/uploads\/2024\/11\/DSC_0149-1-scaled.jpg\" alt=\"\" class=\"wp-image-8051\" srcset=\"https:\/\/dypall.com\/wp-content\/uploads\/2024\/11\/DSC_0149-1-scaled.jpg 2560w, https:\/\/dypall.com\/wp-content\/uploads\/2024\/11\/DSC_0149-1-768x512.jpg 768w, https:\/\/dypall.com\/wp-content\/uploads\/2024\/11\/DSC_0149-1-1536x1024.jpg 1536w, https:\/\/dypall.com\/wp-content\/uploads\/2024\/11\/DSC_0149-1-2048x1365.jpg 2048w, https:\/\/dypall.com\/wp-content\/uploads\/2024\/11\/DSC_0149-1-1568x1045.jpg 1568w\" sizes=\"auto, (max-width: 2560px) 100vw, 2560px\" \/><\/figure>\n\n\n\n<figure class=\"wp-block-image size-large\"><img loading=\"lazy\" decoding=\"async\" width=\"2560\" height=\"1707\" data-id=\"8050\" src=\"https:\/\/dypall.com\/wp-content\/uploads\/2024\/11\/DSC_0150-scaled.jpg\" alt=\"\" class=\"wp-image-8050\" srcset=\"https:\/\/dypall.com\/wp-content\/uploads\/2024\/11\/DSC_0150-scaled.jpg 2560w, https:\/\/dypall.com\/wp-content\/uploads\/2024\/11\/DSC_0150-768x512.jpg 768w, https:\/\/dypall.com\/wp-content\/uploads\/2024\/11\/DSC_0150-1536x1024.jpg 1536w, https:\/\/dypall.com\/wp-content\/uploads\/2024\/11\/DSC_0150-2048x1365.jpg 2048w, https:\/\/dypall.com\/wp-content\/uploads\/2024\/11\/DSC_0150-1568x1045.jpg 1568w\" sizes=\"auto, (max-width: 2560px) 100vw, 2560px\" \/><\/figure>\n\n\n\n<figure class=\"wp-block-image size-large\"><img loading=\"lazy\" decoding=\"async\" width=\"2560\" height=\"1707\" data-id=\"8049\" src=\"https:\/\/dypall.com\/wp-content\/uploads\/2024\/11\/DSC_0163-scaled.jpg\" alt=\"\" class=\"wp-image-8049\" srcset=\"https:\/\/dypall.com\/wp-content\/uploads\/2024\/11\/DSC_0163-scaled.jpg 2560w, https:\/\/dypall.com\/wp-content\/uploads\/2024\/11\/DSC_0163-768x512.jpg 768w, https:\/\/dypall.com\/wp-content\/uploads\/2024\/11\/DSC_0163-1536x1024.jpg 1536w, https:\/\/dypall.com\/wp-content\/uploads\/2024\/11\/DSC_0163-2048x1365.jpg 2048w, https:\/\/dypall.com\/wp-content\/uploads\/2024\/11\/DSC_0163-1568x1045.jpg 1568w\" sizes=\"auto, (max-width: 2560px) 100vw, 2560px\" \/><\/figure>\n\n\n\n<figure class=\"wp-block-image size-large\"><img loading=\"lazy\" decoding=\"async\" width=\"2560\" height=\"1707\" data-id=\"8048\" src=\"https:\/\/dypall.com\/wp-content\/uploads\/2024\/11\/DSC_0164-scaled.jpg\" alt=\"\" class=\"wp-image-8048\" srcset=\"https:\/\/dypall.com\/wp-content\/uploads\/2024\/11\/DSC_0164-scaled.jpg 2560w, https:\/\/dypall.com\/wp-content\/uploads\/2024\/11\/DSC_0164-768x512.jpg 768w, https:\/\/dypall.com\/wp-content\/uploads\/2024\/11\/DSC_0164-1536x1024.jpg 1536w, https:\/\/dypall.com\/wp-content\/uploads\/2024\/11\/DSC_0164-2048x1365.jpg 2048w, https:\/\/dypall.com\/wp-content\/uploads\/2024\/11\/DSC_0164-1568x1045.jpg 1568w\" sizes=\"auto, (max-width: 2560px) 100vw, 2560px\" \/><\/figure>\n\n\n\n<figure class=\"wp-block-image size-large\"><img loading=\"lazy\" decoding=\"async\" width=\"2560\" height=\"1707\" data-id=\"8046\" src=\"https:\/\/dypall.com\/wp-content\/uploads\/2024\/11\/DSC_0175-scaled.jpg\" alt=\"\" class=\"wp-image-8046\" srcset=\"https:\/\/dypall.com\/wp-content\/uploads\/2024\/11\/DSC_0175-scaled.jpg 2560w, https:\/\/dypall.com\/wp-content\/uploads\/2024\/11\/DSC_0175-768x512.jpg 768w, https:\/\/dypall.com\/wp-content\/uploads\/2024\/11\/DSC_0175-1536x1024.jpg 1536w, https:\/\/dypall.com\/wp-content\/uploads\/2024\/11\/DSC_0175-2048x1365.jpg 2048w, https:\/\/dypall.com\/wp-content\/uploads\/2024\/11\/DSC_0175-1568x1045.jpg 1568w\" sizes=\"auto, (max-width: 2560px) 100vw, 2560px\" \/><\/figure>\n\n\n\n<figure class=\"wp-block-image size-large\"><img loading=\"lazy\" decoding=\"async\" width=\"2560\" height=\"1707\" data-id=\"8043\" src=\"https:\/\/dypall.com\/wp-content\/uploads\/2024\/11\/DSC_0193-scaled.jpg\" alt=\"\" class=\"wp-image-8043\" srcset=\"https:\/\/dypall.com\/wp-content\/uploads\/2024\/11\/DSC_0193-scaled.jpg 2560w, https:\/\/dypall.com\/wp-content\/uploads\/2024\/11\/DSC_0193-768x512.jpg 768w, https:\/\/dypall.com\/wp-content\/uploads\/2024\/11\/DSC_0193-1536x1024.jpg 1536w, https:\/\/dypall.com\/wp-content\/uploads\/2024\/11\/DSC_0193-2048x1365.jpg 2048w, https:\/\/dypall.com\/wp-content\/uploads\/2024\/11\/DSC_0193-1568x1045.jpg 1568w\" sizes=\"auto, (max-width: 2560px) 100vw, 2560px\" \/><\/figure>\n\n\n\n<figure class=\"wp-block-image size-large\"><img loading=\"lazy\" decoding=\"async\" width=\"2560\" height=\"1707\" data-id=\"8041\" src=\"https:\/\/dypall.com\/wp-content\/uploads\/2024\/11\/DSC_0205-scaled.jpg\" alt=\"\" class=\"wp-image-8041\" srcset=\"https:\/\/dypall.com\/wp-content\/uploads\/2024\/11\/DSC_0205-scaled.jpg 2560w, https:\/\/dypall.com\/wp-content\/uploads\/2024\/11\/DSC_0205-768x512.jpg 768w, https:\/\/dypall.com\/wp-content\/uploads\/2024\/11\/DSC_0205-1536x1024.jpg 1536w, https:\/\/dypall.com\/wp-content\/uploads\/2024\/11\/DSC_0205-2048x1365.jpg 2048w, https:\/\/dypall.com\/wp-content\/uploads\/2024\/11\/DSC_0205-1568x1045.jpg 1568w\" sizes=\"auto, (max-width: 2560px) 100vw, 2560px\" \/><\/figure>\n\n\n\n<figure class=\"wp-block-image size-large\"><img loading=\"lazy\" decoding=\"async\" width=\"2560\" height=\"1707\" data-id=\"8040\" src=\"https:\/\/dypall.com\/wp-content\/uploads\/2024\/11\/DSC_0218-scaled.jpg\" alt=\"\" class=\"wp-image-8040\" srcset=\"https:\/\/dypall.com\/wp-content\/uploads\/2024\/11\/DSC_0218-scaled.jpg 2560w, https:\/\/dypall.com\/wp-content\/uploads\/2024\/11\/DSC_0218-768x512.jpg 768w, https:\/\/dypall.com\/wp-content\/uploads\/2024\/11\/DSC_0218-1536x1024.jpg 1536w, https:\/\/dypall.com\/wp-content\/uploads\/2024\/11\/DSC_0218-2048x1365.jpg 2048w, https:\/\/dypall.com\/wp-content\/uploads\/2024\/11\/DSC_0218-1568x1045.jpg 1568w\" sizes=\"auto, (max-width: 2560px) 100vw, 2560px\" \/><\/figure>\n\n\n\n<figure class=\"wp-block-image size-large\"><img loading=\"lazy\" decoding=\"async\" width=\"2560\" height=\"1707\" data-id=\"8038\" src=\"https:\/\/dypall.com\/wp-content\/uploads\/2024\/11\/DSC_0245-scaled.jpg\" alt=\"\" class=\"wp-image-8038\" srcset=\"https:\/\/dypall.com\/wp-content\/uploads\/2024\/11\/DSC_0245-scaled.jpg 2560w, https:\/\/dypall.com\/wp-content\/uploads\/2024\/11\/DSC_0245-768x512.jpg 768w, https:\/\/dypall.com\/wp-content\/uploads\/2024\/11\/DSC_0245-1536x1024.jpg 1536w, https:\/\/dypall.com\/wp-content\/uploads\/2024\/11\/DSC_0245-2048x1365.jpg 2048w, https:\/\/dypall.com\/wp-content\/uploads\/2024\/11\/DSC_0245-1568x1045.jpg 1568w\" sizes=\"auto, (max-width: 2560px) 100vw, 2560px\" \/><\/figure>\n\n\n\n<figure class=\"wp-block-image size-large\"><img loading=\"lazy\" decoding=\"async\" width=\"2560\" height=\"1707\" data-id=\"8034\" src=\"https:\/\/dypall.com\/wp-content\/uploads\/2024\/11\/DSC_0221-scaled.jpg\" alt=\"\" class=\"wp-image-8034\" srcset=\"https:\/\/dypall.com\/wp-content\/uploads\/2024\/11\/DSC_0221-scaled.jpg 2560w, https:\/\/dypall.com\/wp-content\/uploads\/2024\/11\/DSC_0221-768x512.jpg 768w, https:\/\/dypall.com\/wp-content\/uploads\/2024\/11\/DSC_0221-1536x1024.jpg 1536w, https:\/\/dypall.com\/wp-content\/uploads\/2024\/11\/DSC_0221-2048x1365.jpg 2048w, https:\/\/dypall.com\/wp-content\/uploads\/2024\/11\/DSC_0221-1568x1045.jpg 1568w\" sizes=\"auto, (max-width: 2560px) 100vw, 2560px\" \/><\/figure>\n\n\n\n<figure class=\"wp-block-image size-large\"><img loading=\"lazy\" decoding=\"async\" width=\"2560\" height=\"1920\" data-id=\"8033\" src=\"https:\/\/dypall.com\/wp-content\/uploads\/2024\/11\/20241030_101019-scaled.jpg\" alt=\"\" class=\"wp-image-8033\" srcset=\"https:\/\/dypall.com\/wp-content\/uploads\/2024\/11\/20241030_101019-scaled.jpg 2560w, https:\/\/dypall.com\/wp-content\/uploads\/2024\/11\/20241030_101019-768x576.jpg 768w, https:\/\/dypall.com\/wp-content\/uploads\/2024\/11\/20241030_101019-1536x1152.jpg 1536w, https:\/\/dypall.com\/wp-content\/uploads\/2024\/11\/20241030_101019-2048x1536.jpg 2048w, https:\/\/dypall.com\/wp-content\/uploads\/2024\/11\/20241030_101019-1568x1176.jpg 1568w\" sizes=\"auto, (max-width: 2560px) 100vw, 2560px\" \/><\/figure>\n\n\n\n<figure class=\"wp-block-image size-large\"><img loading=\"lazy\" decoding=\"async\" width=\"2560\" height=\"1707\" data-id=\"8030\" src=\"https:\/\/dypall.com\/wp-content\/uploads\/2024\/11\/DSC_0469-scaled.jpg\" alt=\"\" class=\"wp-image-8030\" srcset=\"https:\/\/dypall.com\/wp-content\/uploads\/2024\/11\/DSC_0469-scaled.jpg 2560w, https:\/\/dypall.com\/wp-content\/uploads\/2024\/11\/DSC_0469-768x512.jpg 768w, https:\/\/dypall.com\/wp-content\/uploads\/2024\/11\/DSC_0469-1536x1024.jpg 1536w, https:\/\/dypall.com\/wp-content\/uploads\/2024\/11\/DSC_0469-2048x1365.jpg 2048w, https:\/\/dypall.com\/wp-content\/uploads\/2024\/11\/DSC_0469-1568x1045.jpg 1568w\" sizes=\"auto, (max-width: 2560px) 100vw, 2560px\" \/><\/figure>\n\n\n\n<figure class=\"wp-block-image size-large\"><img loading=\"lazy\" decoding=\"async\" width=\"2256\" height=\"1496\" data-id=\"8026\" src=\"https:\/\/dypall.com\/wp-content\/uploads\/2024\/11\/DSC_6896.jpg\" alt=\"\" class=\"wp-image-8026\" srcset=\"https:\/\/dypall.com\/wp-content\/uploads\/2024\/11\/DSC_6896.jpg 2256w, https:\/\/dypall.com\/wp-content\/uploads\/2024\/11\/DSC_6896-768x509.jpg 768w, https:\/\/dypall.com\/wp-content\/uploads\/2024\/11\/DSC_6896-1536x1019.jpg 1536w, https:\/\/dypall.com\/wp-content\/uploads\/2024\/11\/DSC_6896-2048x1358.jpg 2048w, https:\/\/dypall.com\/wp-content\/uploads\/2024\/11\/DSC_6896-1568x1040.jpg 1568w\" sizes=\"auto, (max-width: 2256px) 100vw, 2256px\" \/><\/figure>\n\n\n\n<figure class=\"wp-block-image size-large\"><img loading=\"lazy\" decoding=\"async\" width=\"2256\" height=\"1496\" data-id=\"8025\" src=\"https:\/\/dypall.com\/wp-content\/uploads\/2024\/11\/DSC_6910.jpg\" alt=\"\" class=\"wp-image-8025\" srcset=\"https:\/\/dypall.com\/wp-content\/uploads\/2024\/11\/DSC_6910.jpg 2256w, https:\/\/dypall.com\/wp-content\/uploads\/2024\/11\/DSC_6910-768x509.jpg 768w, https:\/\/dypall.com\/wp-content\/uploads\/2024\/11\/DSC_6910-1536x1019.jpg 1536w, https:\/\/dypall.com\/wp-content\/uploads\/2024\/11\/DSC_6910-2048x1358.jpg 2048w, https:\/\/dypall.com\/wp-content\/uploads\/2024\/11\/DSC_6910-1568x1040.jpg 1568w\" sizes=\"auto, (max-width: 2256px) 100vw, 2256px\" \/><\/figure>\n\n\n\n<figure class=\"wp-block-image size-large\"><img loading=\"lazy\" decoding=\"async\" width=\"2256\" height=\"1496\" data-id=\"8021\" src=\"https:\/\/dypall.com\/wp-content\/uploads\/2024\/11\/DSC_6960.jpg\" alt=\"\" class=\"wp-image-8021\" srcset=\"https:\/\/dypall.com\/wp-content\/uploads\/2024\/11\/DSC_6960.jpg 2256w, https:\/\/dypall.com\/wp-content\/uploads\/2024\/11\/DSC_6960-768x509.jpg 768w, https:\/\/dypall.com\/wp-content\/uploads\/2024\/11\/DSC_6960-1536x1019.jpg 1536w, https:\/\/dypall.com\/wp-content\/uploads\/2024\/11\/DSC_6960-2048x1358.jpg 2048w, https:\/\/dypall.com\/wp-content\/uploads\/2024\/11\/DSC_6960-1568x1040.jpg 1568w\" sizes=\"auto, (max-width: 2256px) 100vw, 2256px\" \/><\/figure>\n\n\n\n<figure class=\"wp-block-image size-large\"><img loading=\"lazy\" decoding=\"async\" width=\"2256\" height=\"1496\" data-id=\"8020\" src=\"https:\/\/dypall.com\/wp-content\/uploads\/2024\/11\/DSC_6963.jpg\" alt=\"\" class=\"wp-image-8020\" srcset=\"https:\/\/dypall.com\/wp-content\/uploads\/2024\/11\/DSC_6963.jpg 2256w, https:\/\/dypall.com\/wp-content\/uploads\/2024\/11\/DSC_6963-768x509.jpg 768w, https:\/\/dypall.com\/wp-content\/uploads\/2024\/11\/DSC_6963-1536x1019.jpg 1536w, https:\/\/dypall.com\/wp-content\/uploads\/2024\/11\/DSC_6963-2048x1358.jpg 2048w, https:\/\/dypall.com\/wp-content\/uploads\/2024\/11\/DSC_6963-1568x1040.jpg 1568w\" sizes=\"auto, (max-width: 2256px) 100vw, 2256px\" \/><\/figure>\n\n\n\n<figure class=\"wp-block-image size-large\"><img loading=\"lazy\" decoding=\"async\" width=\"2256\" height=\"1496\" data-id=\"8018\" src=\"https:\/\/dypall.com\/wp-content\/uploads\/2024\/11\/DSC_6977.jpg\" alt=\"\" class=\"wp-image-8018\" srcset=\"https:\/\/dypall.com\/wp-content\/uploads\/2024\/11\/DSC_6977.jpg 2256w, https:\/\/dypall.com\/wp-content\/uploads\/2024\/11\/DSC_6977-768x509.jpg 768w, https:\/\/dypall.com\/wp-content\/uploads\/2024\/11\/DSC_6977-1536x1019.jpg 1536w, https:\/\/dypall.com\/wp-content\/uploads\/2024\/11\/DSC_6977-2048x1358.jpg 2048w, https:\/\/dypall.com\/wp-content\/uploads\/2024\/11\/DSC_6977-1568x1040.jpg 1568w\" sizes=\"auto, (max-width: 2256px) 100vw, 2256px\" \/><\/figure>\n\n\n\n<figure class=\"wp-block-image size-large\"><img loading=\"lazy\" decoding=\"async\" width=\"2560\" height=\"1702\" data-id=\"8015\" src=\"https:\/\/dypall.com\/wp-content\/uploads\/2024\/11\/DSC_7043-scaled.jpg\" alt=\"\" class=\"wp-image-8015\" srcset=\"https:\/\/dypall.com\/wp-content\/uploads\/2024\/11\/DSC_7043-scaled.jpg 2560w, https:\/\/dypall.com\/wp-content\/uploads\/2024\/11\/DSC_7043-768x511.jpg 768w, https:\/\/dypall.com\/wp-content\/uploads\/2024\/11\/DSC_7043-1536x1021.jpg 1536w, https:\/\/dypall.com\/wp-content\/uploads\/2024\/11\/DSC_7043-2048x1362.jpg 2048w, https:\/\/dypall.com\/wp-content\/uploads\/2024\/11\/DSC_7043-1568x1043.jpg 1568w\" sizes=\"auto, (max-width: 2560px) 100vw, 2560px\" \/><\/figure>\n\n\n\n<figure class=\"wp-block-image size-large\"><img loading=\"lazy\" decoding=\"async\" width=\"2560\" height=\"1702\" data-id=\"8010\" src=\"https:\/\/dypall.com\/wp-content\/uploads\/2024\/11\/DSC_7073-scaled.jpg\" alt=\"\" class=\"wp-image-8010\" srcset=\"https:\/\/dypall.com\/wp-content\/uploads\/2024\/11\/DSC_7073-scaled.jpg 2560w, https:\/\/dypall.com\/wp-content\/uploads\/2024\/11\/DSC_7073-768x511.jpg 768w, https:\/\/dypall.com\/wp-content\/uploads\/2024\/11\/DSC_7073-1536x1021.jpg 1536w, https:\/\/dypall.com\/wp-content\/uploads\/2024\/11\/DSC_7073-2048x1362.jpg 2048w, https:\/\/dypall.com\/wp-content\/uploads\/2024\/11\/DSC_7073-1568x1043.jpg 1568w\" sizes=\"auto, (max-width: 2560px) 100vw, 2560px\" \/><\/figure>\n<\/figure>\n\n\n\n<p><\/p>","protected":false},"excerpt":{"rendered":"<p>Sesja studyjna \u201eAkademia demokracji m\u0142odzie\u017cy dla m\u0142odych decydent\u00f3w politycznych\u201d zorganizowana przez sie\u0107 DYPALL we wsp\u00f3\u0142pracy z Departamentem ds. M\u0142odzie\u017cy Rady Europy odby\u0142a si\u0119 w dniach 27 pa\u017adziernika \u2013 1 listopada w Europejskim Centrum M\u0142odzie\u017cy w Strasburgu (EYCS) we Francji.\u00a0 Sesja studyjna mia\u0142a na celu wzmocnienie umiej\u0119tno\u015bci uczestnik\u00f3w, aby o\u017cywi\u0107 demokracj\u0119 i skutecznie zaanga\u017cowa\u0107... <a class=\"more-link\" href=\"https:\/\/dypall.com\/pl\/study-session\/study-session-youth-democracy-academy-for-young-policy-makers-at-the-european-youth-centre-strasbourg-eycs\/\">Czytaj dalej <span class=\"screen-reader-text\">Sesja studyjna pt. \u201eAkademia demokracji m\u0142odzie\u017cy dla m\u0142odych decydent\u00f3w politycznych\u201d w Europejskim Centrum M\u0142odzie\u017cy w Strasburgu (EYCS)<\/span><\/a><\/p>","protected":false},"author":5,"featured_media":8033,"comment_status":"open","ping_status":"open","sticky":false,"template":"","format":"standard","meta":{"_acf_changed":false,"_jetpack_memberships_contains_paid_content":false,"footnotes":""},"categories":[132],"tags":[],"class_list":["post-8007","post","type-post","status-publish","format-standard","has-post-thumbnail","hentry","category-study-session","entry"],"acf":[],"yoast_head":"<!-- This site is optimized with the Yoast SEO plugin v22.8 - https:\/\/yoast.com\/wordpress\/plugins\/seo\/ -->\n<title>Study Session \u201cYouth Democracy Academy for young policy-makers\u201d at the European Youth Centre Strasbourg (EYCS) - DYPALL Network<\/title>\n<meta name=\"robots\" content=\"index, follow, max-snippet:-1, max-image-preview:large, max-video-preview:-1\" \/>\n<link rel=\"canonical\" href=\"https:\/\/dypall.com\/pl\/study-session\/study-session-youth-democracy-academy-for-young-policy-makers-at-the-european-youth-centre-strasbourg-eycs\/\" \/>\n<meta property=\"og:locale\" content=\"pl_PL\" \/>\n<meta property=\"og:type\" content=\"article\" \/>\n<meta property=\"og:title\" content=\"Study Session \u201cYouth Democracy Academy for young policy-makers\u201d at the European Youth Centre Strasbourg (EYCS) - DYPALL Network\" \/>\n<meta property=\"og:description\" content=\"The Study Session \u201cYouth Democracy Academy for young policy-makers\u201d organised by DYPALL Network in co-operation with the Youth Department of the Council of Europe, took place from October 27th to November 1st at the European Youth Centre Strasbourg (EYCS), France.\u00a0 The Study Session aimed to empower participants with skills to revitalise democracy and effectively engage&hellip; Czytaj dalej Study Session \u201cYouth Democracy Academy for young policy-makers\u201d at the European Youth Centre Strasbourg (EYCS)\" \/>\n<meta property=\"og:url\" content=\"https:\/\/dypall.com\/pl\/study-session\/study-session-youth-democracy-academy-for-young-policy-makers-at-the-european-youth-centre-strasbourg-eycs\/\" \/>\n<meta property=\"og:site_name\" content=\"DYPALL Network\" \/>\n<meta property=\"article:published_time\" content=\"2024-11-08T16:37:31+00:00\" \/>\n<meta property=\"article:modified_time\" content=\"2024-11-08T17:11:13+00:00\" \/>\n<meta property=\"og:image\" content=\"https:\/\/dypall.com\/wp-content\/uploads\/2024\/11\/20241030_101019-scaled.jpg\" \/>\n\t<meta property=\"og:image:width\" content=\"2560\" \/>\n\t<meta property=\"og:image:height\" content=\"1920\" \/>\n\t<meta property=\"og:image:type\" content=\"image\/jpeg\" \/>\n<meta name=\"author\" content=\"DYPALL Network\" \/>\n<meta name=\"twitter:card\" content=\"summary_large_image\" \/>\n<meta name=\"twitter:label1\" content=\"Written by\" \/>\n\t<meta name=\"twitter:data1\" content=\"DYPALL Network\" \/>\n\t<meta name=\"twitter:label2\" content=\"Est. reading time\" \/>\n\t<meta name=\"twitter:data2\" content=\"8 minut\" \/>\n<script type=\"application\/ld+json\" class=\"yoast-schema-graph\">{\"@context\":\"https:\/\/schema.org\",\"@graph\":[{\"@type\":\"WebPage\",\"@id\":\"https:\/\/dypall.com\/study-session\/study-session-youth-democracy-academy-for-young-policy-makers-at-the-european-youth-centre-strasbourg-eycs\/\",\"url\":\"https:\/\/dypall.com\/study-session\/study-session-youth-democracy-academy-for-young-policy-makers-at-the-european-youth-centre-strasbourg-eycs\/\",\"name\":\"Study Session \u201cYouth Democracy Academy for young policy-makers\u201d at the European Youth Centre Strasbourg (EYCS) - DYPALL Network\",\"isPartOf\":{\"@id\":\"https:\/\/dypall.com\/#website\"},\"primaryImageOfPage\":{\"@id\":\"https:\/\/dypall.com\/study-session\/study-session-youth-democracy-academy-for-young-policy-makers-at-the-european-youth-centre-strasbourg-eycs\/#primaryimage\"},\"image\":{\"@id\":\"https:\/\/dypall.com\/study-session\/study-session-youth-democracy-academy-for-young-policy-makers-at-the-european-youth-centre-strasbourg-eycs\/#primaryimage\"},\"thumbnailUrl\":\"https:\/\/dypall.com\/wp-content\/uploads\/2024\/11\/20241030_101019-scaled.jpg\",\"datePublished\":\"2024-11-08T16:37:31+00:00\",\"dateModified\":\"2024-11-08T17:11:13+00:00\",\"author\":{\"@id\":\"https:\/\/dypall.com\/#\/schema\/person\/e87206094ce8bcf88449b35f00e40fb1\"},\"breadcrumb\":{\"@id\":\"https:\/\/dypall.com\/study-session\/study-session-youth-democracy-academy-for-young-policy-makers-at-the-european-youth-centre-strasbourg-eycs\/#breadcrumb\"},\"inLanguage\":\"pl-PL\",\"potentialAction\":[{\"@type\":\"ReadAction\",\"target\":[\"https:\/\/dypall.com\/study-session\/study-session-youth-democracy-academy-for-young-policy-makers-at-the-european-youth-centre-strasbourg-eycs\/\"]}]},{\"@type\":\"ImageObject\",\"inLanguage\":\"pl-PL\",\"@id\":\"https:\/\/dypall.com\/study-session\/study-session-youth-democracy-academy-for-young-policy-makers-at-the-european-youth-centre-strasbourg-eycs\/#primaryimage\",\"url\":\"https:\/\/dypall.com\/wp-content\/uploads\/2024\/11\/20241030_101019-scaled.jpg\",\"contentUrl\":\"https:\/\/dypall.com\/wp-content\/uploads\/2024\/11\/20241030_101019-scaled.jpg\",\"width\":2560,\"height\":1920},{\"@type\":\"BreadcrumbList\",\"@id\":\"https:\/\/dypall.com\/study-session\/study-session-youth-democracy-academy-for-young-policy-makers-at-the-european-youth-centre-strasbourg-eycs\/#breadcrumb\",\"itemListElement\":[{\"@type\":\"ListItem\",\"position\":1,\"name\":\"Home\",\"item\":\"https:\/\/dypall.com\/\"},{\"@type\":\"ListItem\",\"position\":2,\"name\":\"Study Session \u201cYouth Democracy Academy for young policy-makers\u201d at the European Youth Centre Strasbourg (EYCS)\"}]},{\"@type\":\"WebSite\",\"@id\":\"https:\/\/dypall.com\/#website\",\"url\":\"https:\/\/dypall.com\/\",\"name\":\"DYPALL Network\",\"description\":\"We are a European network of civil society organisations, municipalities and research institutions dedicated to improving democracy through youth participation.\",\"potentialAction\":[{\"@type\":\"SearchAction\",\"target\":{\"@type\":\"EntryPoint\",\"urlTemplate\":\"https:\/\/dypall.com\/?s={search_term_string}\"},\"query-input\":\"required name=search_term_string\"}],\"inLanguage\":\"pl-PL\"},{\"@type\":\"Person\",\"@id\":\"https:\/\/dypall.com\/#\/schema\/person\/e87206094ce8bcf88449b35f00e40fb1\",\"name\":\"DYPALL Network\",\"image\":{\"@type\":\"ImageObject\",\"inLanguage\":\"pl-PL\",\"@id\":\"https:\/\/dypall.com\/#\/schema\/person\/image\/\",\"url\":\"https:\/\/secure.gravatar.com\/avatar\/1061d2d4c9b4f1a9b496774795b5deac1200dfd1d3abecb8f85cf8b580e6963b?s=96&d=mm&r=g\",\"contentUrl\":\"https:\/\/secure.gravatar.com\/avatar\/1061d2d4c9b4f1a9b496774795b5deac1200dfd1d3abecb8f85cf8b580e6963b?s=96&d=mm&r=g\",\"caption\":\"DYPALL Network\"},\"sameAs\":[\"https:\/\/dypall.com\/\"],\"url\":\"https:\/\/dypall.com\/pl\/author\/dypallonsteroids\/\"}]}<\/script>\n<!-- \/ Yoast SEO plugin. -->","yoast_head_json":{"title":"Study Session \u201cYouth Democracy Academy for young policy-makers\u201d at the European Youth Centre Strasbourg (EYCS) - DYPALL Network","robots":{"index":"index","follow":"follow","max-snippet":"max-snippet:-1","max-image-preview":"max-image-preview:large","max-video-preview":"max-video-preview:-1"},"canonical":"https:\/\/dypall.com\/pl\/study-session\/study-session-youth-democracy-academy-for-young-policy-makers-at-the-european-youth-centre-strasbourg-eycs\/","og_locale":"pl_PL","og_type":"article","og_title":"Study Session \u201cYouth Democracy Academy for young policy-makers\u201d at the European Youth Centre Strasbourg (EYCS) - DYPALL Network","og_description":"The Study Session \u201cYouth Democracy Academy for young policy-makers\u201d organised by DYPALL Network in co-operation with the Youth Department of the Council of Europe, took place from October 27th to November 1st at the European Youth Centre Strasbourg (EYCS), France.\u00a0 The Study Session aimed to empower participants with skills to revitalise democracy and effectively engage&hellip; Czytaj dalej Study Session \u201cYouth Democracy Academy for young policy-makers\u201d at the European Youth Centre Strasbourg (EYCS)","og_url":"https:\/\/dypall.com\/pl\/study-session\/study-session-youth-democracy-academy-for-young-policy-makers-at-the-european-youth-centre-strasbourg-eycs\/","og_site_name":"DYPALL Network","article_published_time":"2024-11-08T16:37:31+00:00","article_modified_time":"2024-11-08T17:11:13+00:00","og_image":[{"width":2560,"height":1920,"url":"https:\/\/dypall.com\/wp-content\/uploads\/2024\/11\/20241030_101019-scaled.jpg","type":"image\/jpeg"}],"author":"DYPALL Network","twitter_card":"summary_large_image","twitter_misc":{"Written by":"DYPALL Network","Est. reading time":"8 minut"},"schema":{"@context":"https:\/\/schema.org","@graph":[{"@type":"WebPage","@id":"https:\/\/dypall.com\/study-session\/study-session-youth-democracy-academy-for-young-policy-makers-at-the-european-youth-centre-strasbourg-eycs\/","url":"https:\/\/dypall.com\/study-session\/study-session-youth-democracy-academy-for-young-policy-makers-at-the-european-youth-centre-strasbourg-eycs\/","name":"Study Session \u201cYouth Democracy Academy for young policy-makers\u201d at the European Youth Centre Strasbourg (EYCS) - DYPALL Network","isPartOf":{"@id":"https:\/\/dypall.com\/#website"},"primaryImageOfPage":{"@id":"https:\/\/dypall.com\/study-session\/study-session-youth-democracy-academy-for-young-policy-makers-at-the-european-youth-centre-strasbourg-eycs\/#primaryimage"},"image":{"@id":"https:\/\/dypall.com\/study-session\/study-session-youth-democracy-academy-for-young-policy-makers-at-the-european-youth-centre-strasbourg-eycs\/#primaryimage"},"thumbnailUrl":"https:\/\/dypall.com\/wp-content\/uploads\/2024\/11\/20241030_101019-scaled.jpg","datePublished":"2024-11-08T16:37:31+00:00","dateModified":"2024-11-08T17:11:13+00:00","author":{"@id":"https:\/\/dypall.com\/#\/schema\/person\/e87206094ce8bcf88449b35f00e40fb1"},"breadcrumb":{"@id":"https:\/\/dypall.com\/study-session\/study-session-youth-democracy-academy-for-young-policy-makers-at-the-european-youth-centre-strasbourg-eycs\/#breadcrumb"},"inLanguage":"pl-PL","potentialAction":[{"@type":"ReadAction","target":["https:\/\/dypall.com\/study-session\/study-session-youth-democracy-academy-for-young-policy-makers-at-the-european-youth-centre-strasbourg-eycs\/"]}]},{"@type":"ImageObject","inLanguage":"pl-PL","@id":"https:\/\/dypall.com\/study-session\/study-session-youth-democracy-academy-for-young-policy-makers-at-the-european-youth-centre-strasbourg-eycs\/#primaryimage","url":"https:\/\/dypall.com\/wp-content\/uploads\/2024\/11\/20241030_101019-scaled.jpg","contentUrl":"https:\/\/dypall.com\/wp-content\/uploads\/2024\/11\/20241030_101019-scaled.jpg","width":2560,"height":1920},{"@type":"BreadcrumbList","@id":"https:\/\/dypall.com\/study-session\/study-session-youth-democracy-academy-for-young-policy-makers-at-the-european-youth-centre-strasbourg-eycs\/#breadcrumb","itemListElement":[{"@type":"ListItem","position":1,"name":"Home","item":"https:\/\/dypall.com\/"},{"@type":"ListItem","position":2,"name":"Study Session \u201cYouth Democracy Academy for young policy-makers\u201d at the European Youth Centre Strasbourg (EYCS)"}]},{"@type":"WebSite","@id":"https:\/\/dypall.com\/#website","url":"https:\/\/dypall.com\/","name":"DYPALL Network","description":"We are a European network of civil society organisations, municipalities and research institutions dedicated to improving democracy through youth participation.","potentialAction":[{"@type":"SearchAction","target":{"@type":"EntryPoint","urlTemplate":"https:\/\/dypall.com\/?s={search_term_string}"},"query-input":"required name=search_term_string"}],"inLanguage":"pl-PL"},{"@type":"Person","@id":"https:\/\/dypall.com\/#\/schema\/person\/e87206094ce8bcf88449b35f00e40fb1","name":"DYPALL Network","image":{"@type":"ImageObject","inLanguage":"pl-PL","@id":"https:\/\/dypall.com\/#\/schema\/person\/image\/","url":"https:\/\/secure.gravatar.com\/avatar\/1061d2d4c9b4f1a9b496774795b5deac1200dfd1d3abecb8f85cf8b580e6963b?s=96&d=mm&r=g","contentUrl":"https:\/\/secure.gravatar.com\/avatar\/1061d2d4c9b4f1a9b496774795b5deac1200dfd1d3abecb8f85cf8b580e6963b?s=96&d=mm&r=g","caption":"DYPALL Network"},"sameAs":["https:\/\/dypall.com\/"],"url":"https:\/\/dypall.com\/pl\/author\/dypallonsteroids\/"}]}},"jetpack_featured_media_url":"https:\/\/dypall.com\/wp-content\/uploads\/2024\/11\/20241030_101019-scaled.jpg","jetpack_sharing_enabled":true,"_links":{"self":[{"href":"https:\/\/dypall.com\/pl\/wp-json\/wp\/v2\/posts\/8007","targetHints":{"allow":["GET"]}}],"collection":[{"href":"https:\/\/dypall.com\/pl\/wp-json\/wp\/v2\/posts"}],"about":[{"href":"https:\/\/dypall.com\/pl\/wp-json\/wp\/v2\/types\/post"}],"author":[{"embeddable":true,"href":"https:\/\/dypall.com\/pl\/wp-json\/wp\/v2\/users\/5"}],"replies":[{"embeddable":true,"href":"https:\/\/dypall.com\/pl\/wp-json\/wp\/v2\/comments?post=8007"}],"version-history":[{"count":2,"href":"https:\/\/dypall.com\/pl\/wp-json\/wp\/v2\/posts\/8007\/revisions"}],"predecessor-version":[{"id":8066,"href":"https:\/\/dypall.com\/pl\/wp-json\/wp\/v2\/posts\/8007\/revisions\/8066"}],"wp:featuredmedia":[{"embeddable":true,"href":"https:\/\/dypall.com\/pl\/wp-json\/wp\/v2\/media\/8033"}],"wp:attachment":[{"href":"https:\/\/dypall.com\/pl\/wp-json\/wp\/v2\/media?parent=8007"}],"wp:term":[{"taxonomy":"category","embeddable":true,"href":"https:\/\/dypall.com\/pl\/wp-json\/wp\/v2\/categories?post=8007"},{"taxonomy":"post_tag","embeddable":true,"href":"https:\/\/dypall.com\/pl\/wp-json\/wp\/v2\/tags?post=8007"}],"curies":[{"name":"wp","href":"https:\/\/api.w.org\/{rel}","templated":true}]}}