{"id":7951,"date":"2024-10-29T15:08:55","date_gmt":"2024-10-29T15:08:55","guid":{"rendered":"https:\/\/dypall.com\/?p=7951"},"modified":"2024-10-29T15:11:41","modified_gmt":"2024-10-29T15:11:41","slug":"climbing-the-ladder-fostering-a-culture-of-youth-engagement-cl-ye-study-visit-in-slovakia-and-austria-bridging-pathways-to-youth-engagement","status":"publish","type":"post","link":"https:\/\/dypall.com\/pl\/study-visits\/climbing-the-ladder-fostering-a-culture-of-youth-engagement-cl-ye-study-visit-in-slovakia-and-austria-bridging-pathways-to-youth-engagement\/","title":{"rendered":"\u201eWspinaczka po drabinie: wspieranie kultury zaanga\u017cowania m\u0142odzie\u017cy (CL-YE)\u201d Wizyta studyjna na S\u0142owacji i w Austrii: \u0141\u0105czenie \u015bcie\u017cek do zaanga\u017cowania m\u0142odzie\u017cy\u00a0"},"content":{"rendered":"<p>W dniach 7\u201311 pa\u017adziernika 2024 r. EDYN by\u0142 gospodarzem <em>&#8220;<strong>Wspinaczka po drabinie: wspieranie kultury zaanga\u017cowania m\u0142odzie\u017cy (CL-YE)\u201d <\/strong><\/em>Drugi projekt <strong>Wizyta studyjna<\/strong> kt\u00f3re odby\u0142o si\u0119 w Bratys\u0142awie na S\u0142owacji oraz w Wiedniu w Austrii. Wizyta zgromadzi\u0142a konsorcjum kluczowych zainteresowanych stron w celu om\u00f3wienia skutecznych strategii na rzecz zwi\u0119kszenia znacz\u0105cego uczestnictwa i zaanga\u017cowania m\u0142odzie\u017cy w procesy obywatelskie.<\/p>\n\n\n\n<p>Wizyta studyjna rozpocz\u0119\u0142a si\u0119 w Bratys\u0142awie anga\u017cuj\u0105c\u0105 sesj\u0105 pod przewodnictwem <strong>M\u0142odzi liderzy EDYN<\/strong> ze S\u0142owacji. Dyskusja zgromadzi\u0142a znacz\u0105ce g\u0142osy, w tym <strong>Radka Wagingerowa<\/strong>, ambasadora EDYN i m\u0142odego polityka oraz <strong>Dominik Porvaznik<\/strong>, dyplomata w s\u0142owackim Ministerstwie Spraw Zagranicznych. Grupa zbada\u0142a obecny stan zaanga\u017cowania m\u0142odzie\u017cy w polityk\u0119 i dyplomacj\u0119 na S\u0142owacji.<\/p>\n\n\n\n<p>Nast\u0119pnie uczestnicy odwiedzili <strong>Przedstawicielstwo Komisji Europejskiej <\/strong>na S\u0142owacji. <strong>Vladim\u00edr \u0160ucha<\/strong>, szef przedstawicielstwa<strong>,<\/strong> om\u00f3wi\u0142a bie\u017c\u0105ce wysi\u0142ki Komisji Europejskiej na rzecz wspierania zaanga\u017cowania m\u0142odzie\u017cy w procesy decyzyjne UE. Podczas tego spotkania podkre\u015blono wizj\u0119 Komisji dotycz\u0105c\u0105 wzmocnienia pozycji m\u0142odych ludzi, aby mogli oni odgrywa\u0107 kluczow\u0105 rol\u0119 w kszta\u0142towaniu przysz\u0142o\u015bci Europy.<\/p>\n\n\n\n<p>Nast\u0119pnie grupa odwiedzi\u0142a <strong>GLOBSEC<\/strong>, s\u0142owacki o\u015brodek analityczny zajmuj\u0105cy si\u0119 polityk\u0105 globaln\u0105 i kwestiami bezpiecze\u0144stwa. <strong>Katarina Schachtschneider<\/strong>, Koordynator projektu w Centrum Globalnego Wymiaru Europy GLOBSEC przedstawi\u0142 cenne spostrze\u017cenia na temat pracy organizacji nad wzmocnieniem pozycji m\u0142odzie\u017cy i wsp\u00f3\u0142prac\u0105 mi\u0119dzynarodow\u0105.<\/p>\n\n\n\n<p>Nast\u0119pnego dnia uwaga skupi\u0142a si\u0119 na krajowej polityce m\u0142odzie\u017cowej na S\u0142owacji. Dzie\u0144 rozpocz\u0105\u0142 si\u0119 od spotkania z <strong>Narodowy Instytut Edukacji i M\u0142odzie\u017cy<\/strong>, gdzie <strong>Martina Fiabanova<\/strong>, krajowy korespondent ds. s\u0142owackiej polityki m\u0142odzie\u017cowej, przedstawi\u0142 przegl\u0105d inicjatyw maj\u0105cych na celu zwi\u0119kszenie uczestnictwa m\u0142odzie\u017cy w edukacji i \u017cyciu obywatelskim.<\/p>\n\n\n\n<p>Nast\u0119pnie odby\u0142a si\u0119 inspiruj\u0105ca sesja z <strong>Sofia \u0160illerov\u00e1<\/strong>, m\u0142odzie\u017cowego delegata ONZ ze S\u0142owacji. Dyskusja dotyczy\u0142a roli s\u0142owackiej m\u0142odzie\u017cy w stawianiu czo\u0142a globalnym wyzwaniom, zw\u0142aszcza w kontek\u015bcie cel\u00f3w zr\u00f3wnowa\u017conego rozwoju ONZ.<\/p>\n\n\n\n<p>Grupa spotka\u0142a si\u0119 r\u00f3wnie\u017c z <strong>S\u0142owacka Rada M\u0142odzie\u017cy<\/strong>, reprezentowana przez dyrektora, <strong>Juraj Lizak<\/strong>. Dyskusja koncentrowa\u0142a si\u0119 na misji Rady polegaj\u0105cej na wspieraniu interes\u00f3w m\u0142odych ludzi i zapewnianiu, by ich g\u0142os by\u0142 s\u0142yszalny w procesie kszta\u0142towania polityki.<\/p>\n\n\n\n<p>Podobnie jak poprzedniego dnia, zaj\u0119cia zako\u0144czy\u0142y si\u0119 sesj\u0105 refleksji i dyskusji, umo\u017cliwiaj\u0105c uczestnikom dzielenie si\u0119 swoimi do\u015bwiadczeniami i perspektywami.<\/p>\n\n\n\n<p>10 pa\u017adziernika konsorcjum uda\u0142o si\u0119 do Wiednia na ostatni dzie\u0144 wizyty studyjnej. Po przybyciu do <strong>Junges Wien<\/strong>, uczestnicy zaanga\u017cowani w <strong>Alexandra Beweis<\/strong> oraz <strong>Nada Taha Ali Mohamed<\/strong>. Prelegenci przedstawili wiede\u0144ski projekt bud\u017cetowania partycypacyjnego, kt\u00f3ry umo\u017cliwia dzieciom i m\u0142odzie\u017cy aktywny g\u0142os w decydowaniu o sposobie przydzielania funduszy publicznych, sprzyjaj\u0105c wi\u0119kszemu zaanga\u017cowaniu obywatelskiemu w\u015br\u00f3d m\u0142odych ludzi.<\/p>\n\n\n\n<p>Kolejnym etapem by\u0142o spotkanie z <strong>Markus Wainde<\/strong>, M\u0142odzie\u017cowy Delegat ONZ z Austrii, kt\u00f3ry odby\u0142 si\u0119 w <strong>Austriacka Krajowa Rada M\u0142odzie\u017cy<\/strong>. W dyskusjach podkre\u015blono austriackie strategie anga\u017cowania m\u0142odych ludzi zar\u00f3wno w platformy lokalne, jak i globalne, a tak\u017ce kluczow\u0105 rol\u0119, jak\u0105 m\u0142odzie\u017c odgrywa we wdra\u017caniu mi\u0119dzynarodowych ram, takich jak cele zr\u00f3wnowa\u017conego rozwoju.<\/p>\n\n\n\n<p>Wizyta studyjna zako\u0144czy\u0142a si\u0119 spotkaniem w <strong>Austriacka Krajowa Rada M\u0142odzie\u017cy<\/strong>, om\u00f3wienie bie\u017c\u0105cych wysi\u0142k\u00f3w Rady na rzecz w\u0142\u0105czenia perspektywy m\u0142odzie\u017cy w kszta\u0142towanie polityki krajowej. Uczestnicy zastanawiali si\u0119 nad podobie\u0144stwami i r\u00f3\u017cnicami mi\u0119dzy strategiami zaanga\u017cowania m\u0142odzie\u017cy na S\u0142owacji i w Austrii oraz nad tym, w jaki spos\u00f3b wnioski z obu kraj\u00f3w mog\u0142yby wspiera\u0107 przysz\u0142e projekty w innych regionach.<\/p>\n\n\n\n<p>Wizyta studyjna CL-YE w Bratys\u0142awie i Wiedniu stanowi\u0142a cenn\u0105 platform\u0119 wymiany pomys\u0142\u00f3w i najlepszych praktyk w zakresie znacz\u0105cego uczestnictwa m\u0142odzie\u017cy. Dzi\u0119ki zaanga\u017cowaniu szerokiego grona zainteresowanych stron, od m\u0142odych lider\u00f3w i dyplomat\u00f3w po organizacje krajowe i mi\u0119dzynarodowe, uczestnicy zyskali g\u0142\u0119bsze zrozumienie wyzwa\u0144 i mo\u017cliwo\u015bci, przed kt\u00f3rymi stoi dzisiejsza m\u0142odzie\u017c. Podczas wydarzenia podkre\u015blono r\u00f3wnie\u017c znaczenie wsp\u00f3\u0142pracy transgranicznej w celu zapewnienia, aby m\u0142odzi ludzie byli aktywnie zaanga\u017cowani w kszta\u0142towanie swojej przysz\u0142o\u015bci. <\/p>\n\n\n\n<p><strong><em>Wspinaczka po drabinie: wspieranie kultury zaanga\u017cowania m\u0142odzie\u017cy (CL-YE)<\/em><\/strong> jest prowadzony przez DYPALL Network we wsp\u00f3\u0142pracy z <a previewlistener=\"true\" href=\"https:\/\/www.europiamo.org\/en\/\">Europiamo <\/a>(W\u0142ochy), <a previewlistener=\"true\" href=\"https:\/\/www.nfk.no\/\">Nordland fylkeskommune<\/a> (Norwegia), <a previewlistener=\"true\" href=\"https:\/\/edyn.eu\/\">EDYN <\/a>(S\u0142owacja), <a previewlistener=\"true\" href=\"https:\/\/yeppeurope.org\/\">YEPP Europe<\/a> (Niemcy), <a previewlistener=\"true\" href=\"https:\/\/aer.eu\/\">Assembl\u00e9e des R\u00e9gions d\u2019Europe \u2013 AER<\/a> (Francja) oraz <a previewlistener=\"true\" href=\"https:\/\/www.sqlearn.com\/\">SQ Dowiedz si\u0119 <\/a>(Grecja), w ramach programu Erasmus+.<\/p>\n\n\n\n<p><\/p>\n\n\n\n<figure class=\"wp-block-gallery has-nested-images columns-default is-cropped wp-block-gallery-1 is-layout-flex wp-block-gallery-is-layout-flex\">\n<figure class=\"wp-block-image size-large\"><img loading=\"lazy\" decoding=\"async\" width=\"2048\" height=\"1536\" data-id=\"7956\" src=\"https:\/\/dypall.com\/wp-content\/uploads\/2024\/10\/1000151388.jpg\" alt=\"\" class=\"wp-image-7956\" srcset=\"https:\/\/dypall.com\/wp-content\/uploads\/2024\/10\/1000151388.jpg 2048w, https:\/\/dypall.com\/wp-content\/uploads\/2024\/10\/1000151388-768x576.jpg 768w, https:\/\/dypall.com\/wp-content\/uploads\/2024\/10\/1000151388-1536x1152.jpg 1536w, https:\/\/dypall.com\/wp-content\/uploads\/2024\/10\/1000151388-1568x1176.jpg 1568w\" sizes=\"auto, (max-width: 2048px) 100vw, 2048px\" \/><\/figure>\n\n\n\n<figure class=\"wp-block-image size-large\"><img loading=\"lazy\" decoding=\"async\" width=\"2048\" height=\"1536\" data-id=\"7955\" src=\"https:\/\/dypall.com\/wp-content\/uploads\/2024\/10\/1000151382.jpg\" alt=\"\" class=\"wp-image-7955\" srcset=\"https:\/\/dypall.com\/wp-content\/uploads\/2024\/10\/1000151382.jpg 2048w, https:\/\/dypall.com\/wp-content\/uploads\/2024\/10\/1000151382-768x576.jpg 768w, https:\/\/dypall.com\/wp-content\/uploads\/2024\/10\/1000151382-1536x1152.jpg 1536w, https:\/\/dypall.com\/wp-content\/uploads\/2024\/10\/1000151382-1568x1176.jpg 1568w\" sizes=\"auto, (max-width: 2048px) 100vw, 2048px\" \/><\/figure>\n<\/figure>\n\n\n\n<figure class=\"wp-block-gallery has-nested-images columns-default is-cropped wp-block-gallery-2 is-layout-flex wp-block-gallery-is-layout-flex\">\n<figure class=\"wp-block-image size-large\"><img loading=\"lazy\" decoding=\"async\" width=\"1536\" height=\"2048\" data-id=\"7953\" src=\"https:\/\/dypall.com\/wp-content\/uploads\/2024\/10\/1000151385.jpg\" alt=\"\" class=\"wp-image-7953\" srcset=\"https:\/\/dypall.com\/wp-content\/uploads\/2024\/10\/1000151385.jpg 1536w, https:\/\/dypall.com\/wp-content\/uploads\/2024\/10\/1000151385-768x1024.jpg 768w, https:\/\/dypall.com\/wp-content\/uploads\/2024\/10\/1000151385-1152x1536.jpg 1152w\" sizes=\"auto, (max-width: 1536px) 100vw, 1536px\" \/><\/figure>\n\n\n\n<figure class=\"wp-block-image size-large\"><img loading=\"lazy\" decoding=\"async\" width=\"901\" height=\"1600\" data-id=\"7952\" src=\"https:\/\/dypall.com\/wp-content\/uploads\/2024\/10\/1000151346.jpg\" alt=\"\" class=\"wp-image-7952\" srcset=\"https:\/\/dypall.com\/wp-content\/uploads\/2024\/10\/1000151346.jpg 901w, https:\/\/dypall.com\/wp-content\/uploads\/2024\/10\/1000151346-768x1364.jpg 768w, https:\/\/dypall.com\/wp-content\/uploads\/2024\/10\/1000151346-865x1536.jpg 865w\" sizes=\"auto, (max-width: 901px) 100vw, 901px\" \/><\/figure>\n<\/figure>","protected":false},"excerpt":{"rendered":"<p>W dniach 7\u201311 pa\u017adziernika 2024 r. EDYN go\u015bci\u0142 wystaw\u0119 \u201eWspinaczka po drabinie: wspieranie kultury zaanga\u017cowania m\u0142odzie\u017cy (CL-YE)\u201d \u2013 druga wizyta studyjna w ramach projektu, kt\u00f3ra odby\u0142a si\u0119 w Bratys\u0142awie (S\u0142owacja) i Wiedniu (Austria). Wizyta zgromadzi\u0142a konsorcjum kluczowych zainteresowanych stron w celu om\u00f3wienia skutecznych strategii na rzecz zwi\u0119kszenia znacz\u0105cego uczestnictwa i zaanga\u017cowania m\u0142odzie\u017cy w procesy obywatelskie. O tym, \u017ce... <a class=\"more-link\" href=\"https:\/\/dypall.com\/pl\/study-visits\/climbing-the-ladder-fostering-a-culture-of-youth-engagement-cl-ye-study-visit-in-slovakia-and-austria-bridging-pathways-to-youth-engagement\/\">Czytaj dalej <span class=\"screen-reader-text\">\u201eWspinaczka po drabinie: wspieranie kultury zaanga\u017cowania m\u0142odzie\u017cy (CL-YE)\u201d Wizyta studyjna na S\u0142owacji i w Austrii: \u0141\u0105czenie \u015bcie\u017cek do zaanga\u017cowania m\u0142odzie\u017cy\u00a0<\/span><\/a><\/p>","protected":false},"author":5,"featured_media":7957,"comment_status":"open","ping_status":"open","sticky":false,"template":"","format":"standard","meta":{"_acf_changed":false,"_jetpack_memberships_contains_paid_content":false,"footnotes":""},"categories":[152],"tags":[],"class_list":["post-7951","post","type-post","status-publish","format-standard","has-post-thumbnail","hentry","category-study-visits","entry"],"acf":[],"yoast_head":"<!-- This site is optimized with the Yoast SEO plugin v22.8 - https:\/\/yoast.com\/wordpress\/plugins\/seo\/ -->\n<title>&quot;Climbing the Ladder: fostering a culture of Youth Engagement (CL-YE)&quot; Study Visit in Slovakia and Austria: Bridging pathways to youth engagement\u00a0 - DYPALL Network<\/title>\n<meta name=\"robots\" content=\"index, follow, max-snippet:-1, max-image-preview:large, max-video-preview:-1\" \/>\n<link rel=\"canonical\" href=\"https:\/\/dypall.com\/pl\/study-visits\/climbing-the-ladder-fostering-a-culture-of-youth-engagement-cl-ye-study-visit-in-slovakia-and-austria-bridging-pathways-to-youth-engagement\/\" \/>\n<meta property=\"og:locale\" content=\"pl_PL\" \/>\n<meta property=\"og:type\" content=\"article\" \/>\n<meta property=\"og:title\" content=\"&quot;Climbing the Ladder: fostering a culture of Youth Engagement (CL-YE)&quot; Study Visit in Slovakia and Austria: Bridging pathways to youth engagement\u00a0 - DYPALL Network\" \/>\n<meta property=\"og:description\" content=\"From 7th &#8211; 11th October 2024, EDYN hosted the &#8220;Climbing the Ladder: fostering a culture of Youth Engagement (CL-YE)&#8221; project\u2019s second Study Visit that was held in Bratislava, Slovakia, and Vienna, Austria. The visit gathered a consortium of key stakeholders to discuss effective strategies for enhancing meaningful youth participation and engagement in civic processes. The&hellip; Czytaj dalej &#8220;Climbing the Ladder: fostering a culture of Youth Engagement (CL-YE)&#8221; Study Visit in Slovakia and Austria: Bridging pathways to youth engagement\u00a0\" \/>\n<meta property=\"og:url\" content=\"https:\/\/dypall.com\/pl\/study-visits\/climbing-the-ladder-fostering-a-culture-of-youth-engagement-cl-ye-study-visit-in-slovakia-and-austria-bridging-pathways-to-youth-engagement\/\" \/>\n<meta property=\"og:site_name\" content=\"DYPALL Network\" \/>\n<meta property=\"article:published_time\" content=\"2024-10-29T15:08:55+00:00\" \/>\n<meta property=\"article:modified_time\" content=\"2024-10-29T15:11:41+00:00\" \/>\n<meta property=\"og:image\" content=\"https:\/\/dypall.com\/wp-content\/uploads\/2024\/10\/IMG_6596-scaled-e1730214319293.jpg\" \/>\n\t<meta property=\"og:image:width\" content=\"1920\" \/>\n\t<meta property=\"og:image:height\" content=\"1544\" \/>\n\t<meta property=\"og:image:type\" content=\"image\/jpeg\" \/>\n<meta name=\"author\" content=\"DYPALL Network\" \/>\n<meta name=\"twitter:card\" content=\"summary_large_image\" \/>\n<meta name=\"twitter:label1\" content=\"Written by\" \/>\n\t<meta name=\"twitter:data1\" content=\"DYPALL Network\" \/>\n\t<meta name=\"twitter:label2\" content=\"Est. reading time\" \/>\n\t<meta name=\"twitter:data2\" content=\"4 minuty\" \/>\n<script type=\"application\/ld+json\" class=\"yoast-schema-graph\">{\"@context\":\"https:\/\/schema.org\",\"@graph\":[{\"@type\":\"WebPage\",\"@id\":\"https:\/\/dypall.com\/study-visits\/climbing-the-ladder-fostering-a-culture-of-youth-engagement-cl-ye-study-visit-in-slovakia-and-austria-bridging-pathways-to-youth-engagement\/\",\"url\":\"https:\/\/dypall.com\/study-visits\/climbing-the-ladder-fostering-a-culture-of-youth-engagement-cl-ye-study-visit-in-slovakia-and-austria-bridging-pathways-to-youth-engagement\/\",\"name\":\"\\\"Climbing the Ladder: fostering a culture of Youth Engagement (CL-YE)\\\" Study Visit in Slovakia and Austria: Bridging pathways to youth engagement\u00a0 - DYPALL Network\",\"isPartOf\":{\"@id\":\"https:\/\/dypall.com\/#website\"},\"primaryImageOfPage\":{\"@id\":\"https:\/\/dypall.com\/study-visits\/climbing-the-ladder-fostering-a-culture-of-youth-engagement-cl-ye-study-visit-in-slovakia-and-austria-bridging-pathways-to-youth-engagement\/#primaryimage\"},\"image\":{\"@id\":\"https:\/\/dypall.com\/study-visits\/climbing-the-ladder-fostering-a-culture-of-youth-engagement-cl-ye-study-visit-in-slovakia-and-austria-bridging-pathways-to-youth-engagement\/#primaryimage\"},\"thumbnailUrl\":\"https:\/\/dypall.com\/wp-content\/uploads\/2024\/10\/IMG_6596-scaled-e1730214319293.jpg\",\"datePublished\":\"2024-10-29T15:08:55+00:00\",\"dateModified\":\"2024-10-29T15:11:41+00:00\",\"author\":{\"@id\":\"https:\/\/dypall.com\/#\/schema\/person\/e87206094ce8bcf88449b35f00e40fb1\"},\"breadcrumb\":{\"@id\":\"https:\/\/dypall.com\/study-visits\/climbing-the-ladder-fostering-a-culture-of-youth-engagement-cl-ye-study-visit-in-slovakia-and-austria-bridging-pathways-to-youth-engagement\/#breadcrumb\"},\"inLanguage\":\"pl-PL\",\"potentialAction\":[{\"@type\":\"ReadAction\",\"target\":[\"https:\/\/dypall.com\/study-visits\/climbing-the-ladder-fostering-a-culture-of-youth-engagement-cl-ye-study-visit-in-slovakia-and-austria-bridging-pathways-to-youth-engagement\/\"]}]},{\"@type\":\"ImageObject\",\"inLanguage\":\"pl-PL\",\"@id\":\"https:\/\/dypall.com\/study-visits\/climbing-the-ladder-fostering-a-culture-of-youth-engagement-cl-ye-study-visit-in-slovakia-and-austria-bridging-pathways-to-youth-engagement\/#primaryimage\",\"url\":\"https:\/\/dypall.com\/wp-content\/uploads\/2024\/10\/IMG_6596-scaled-e1730214319293.jpg\",\"contentUrl\":\"https:\/\/dypall.com\/wp-content\/uploads\/2024\/10\/IMG_6596-scaled-e1730214319293.jpg\",\"width\":1920,\"height\":1544},{\"@type\":\"BreadcrumbList\",\"@id\":\"https:\/\/dypall.com\/study-visits\/climbing-the-ladder-fostering-a-culture-of-youth-engagement-cl-ye-study-visit-in-slovakia-and-austria-bridging-pathways-to-youth-engagement\/#breadcrumb\",\"itemListElement\":[{\"@type\":\"ListItem\",\"position\":1,\"name\":\"Home\",\"item\":\"https:\/\/dypall.com\/\"},{\"@type\":\"ListItem\",\"position\":2,\"name\":\"&#8220;Climbing the Ladder: fostering a culture of Youth Engagement (CL-YE)&#8221; Study Visit in Slovakia and Austria: Bridging pathways to youth engagement\u00a0\"}]},{\"@type\":\"WebSite\",\"@id\":\"https:\/\/dypall.com\/#website\",\"url\":\"https:\/\/dypall.com\/\",\"name\":\"DYPALL Network\",\"description\":\"We are a European network of civil society organisations, municipalities and research institutions dedicated to improving democracy through youth participation.\",\"potentialAction\":[{\"@type\":\"SearchAction\",\"target\":{\"@type\":\"EntryPoint\",\"urlTemplate\":\"https:\/\/dypall.com\/?s={search_term_string}\"},\"query-input\":\"required name=search_term_string\"}],\"inLanguage\":\"pl-PL\"},{\"@type\":\"Person\",\"@id\":\"https:\/\/dypall.com\/#\/schema\/person\/e87206094ce8bcf88449b35f00e40fb1\",\"name\":\"DYPALL Network\",\"image\":{\"@type\":\"ImageObject\",\"inLanguage\":\"pl-PL\",\"@id\":\"https:\/\/dypall.com\/#\/schema\/person\/image\/\",\"url\":\"https:\/\/secure.gravatar.com\/avatar\/1061d2d4c9b4f1a9b496774795b5deac1200dfd1d3abecb8f85cf8b580e6963b?s=96&d=mm&r=g\",\"contentUrl\":\"https:\/\/secure.gravatar.com\/avatar\/1061d2d4c9b4f1a9b496774795b5deac1200dfd1d3abecb8f85cf8b580e6963b?s=96&d=mm&r=g\",\"caption\":\"DYPALL Network\"},\"sameAs\":[\"https:\/\/dypall.com\/\"],\"url\":\"https:\/\/dypall.com\/pl\/author\/dypallonsteroids\/\"}]}<\/script>\n<!-- \/ Yoast SEO plugin. -->","yoast_head_json":{"title":"\"Climbing the Ladder: fostering a culture of Youth Engagement (CL-YE)\" Study Visit in Slovakia and Austria: Bridging pathways to youth engagement\u00a0 - DYPALL Network","robots":{"index":"index","follow":"follow","max-snippet":"max-snippet:-1","max-image-preview":"max-image-preview:large","max-video-preview":"max-video-preview:-1"},"canonical":"https:\/\/dypall.com\/pl\/study-visits\/climbing-the-ladder-fostering-a-culture-of-youth-engagement-cl-ye-study-visit-in-slovakia-and-austria-bridging-pathways-to-youth-engagement\/","og_locale":"pl_PL","og_type":"article","og_title":"\"Climbing the Ladder: fostering a culture of Youth Engagement (CL-YE)\" Study Visit in Slovakia and Austria: Bridging pathways to youth engagement\u00a0 - DYPALL Network","og_description":"From 7th &#8211; 11th October 2024, EDYN hosted the &#8220;Climbing the Ladder: fostering a culture of Youth Engagement (CL-YE)&#8221; project\u2019s second Study Visit that was held in Bratislava, Slovakia, and Vienna, Austria. The visit gathered a consortium of key stakeholders to discuss effective strategies for enhancing meaningful youth participation and engagement in civic processes. The&hellip; Czytaj dalej &#8220;Climbing the Ladder: fostering a culture of Youth Engagement (CL-YE)&#8221; Study Visit in Slovakia and Austria: Bridging pathways to youth engagement\u00a0","og_url":"https:\/\/dypall.com\/pl\/study-visits\/climbing-the-ladder-fostering-a-culture-of-youth-engagement-cl-ye-study-visit-in-slovakia-and-austria-bridging-pathways-to-youth-engagement\/","og_site_name":"DYPALL Network","article_published_time":"2024-10-29T15:08:55+00:00","article_modified_time":"2024-10-29T15:11:41+00:00","og_image":[{"width":1920,"height":1544,"url":"https:\/\/dypall.com\/wp-content\/uploads\/2024\/10\/IMG_6596-scaled-e1730214319293.jpg","type":"image\/jpeg"}],"author":"DYPALL Network","twitter_card":"summary_large_image","twitter_misc":{"Written by":"DYPALL Network","Est. reading time":"4 minuty"},"schema":{"@context":"https:\/\/schema.org","@graph":[{"@type":"WebPage","@id":"https:\/\/dypall.com\/study-visits\/climbing-the-ladder-fostering-a-culture-of-youth-engagement-cl-ye-study-visit-in-slovakia-and-austria-bridging-pathways-to-youth-engagement\/","url":"https:\/\/dypall.com\/study-visits\/climbing-the-ladder-fostering-a-culture-of-youth-engagement-cl-ye-study-visit-in-slovakia-and-austria-bridging-pathways-to-youth-engagement\/","name":"\"Climbing the Ladder: fostering a culture of Youth Engagement (CL-YE)\" Study Visit in Slovakia and Austria: Bridging pathways to youth engagement\u00a0 - DYPALL Network","isPartOf":{"@id":"https:\/\/dypall.com\/#website"},"primaryImageOfPage":{"@id":"https:\/\/dypall.com\/study-visits\/climbing-the-ladder-fostering-a-culture-of-youth-engagement-cl-ye-study-visit-in-slovakia-and-austria-bridging-pathways-to-youth-engagement\/#primaryimage"},"image":{"@id":"https:\/\/dypall.com\/study-visits\/climbing-the-ladder-fostering-a-culture-of-youth-engagement-cl-ye-study-visit-in-slovakia-and-austria-bridging-pathways-to-youth-engagement\/#primaryimage"},"thumbnailUrl":"https:\/\/dypall.com\/wp-content\/uploads\/2024\/10\/IMG_6596-scaled-e1730214319293.jpg","datePublished":"2024-10-29T15:08:55+00:00","dateModified":"2024-10-29T15:11:41+00:00","author":{"@id":"https:\/\/dypall.com\/#\/schema\/person\/e87206094ce8bcf88449b35f00e40fb1"},"breadcrumb":{"@id":"https:\/\/dypall.com\/study-visits\/climbing-the-ladder-fostering-a-culture-of-youth-engagement-cl-ye-study-visit-in-slovakia-and-austria-bridging-pathways-to-youth-engagement\/#breadcrumb"},"inLanguage":"pl-PL","potentialAction":[{"@type":"ReadAction","target":["https:\/\/dypall.com\/study-visits\/climbing-the-ladder-fostering-a-culture-of-youth-engagement-cl-ye-study-visit-in-slovakia-and-austria-bridging-pathways-to-youth-engagement\/"]}]},{"@type":"ImageObject","inLanguage":"pl-PL","@id":"https:\/\/dypall.com\/study-visits\/climbing-the-ladder-fostering-a-culture-of-youth-engagement-cl-ye-study-visit-in-slovakia-and-austria-bridging-pathways-to-youth-engagement\/#primaryimage","url":"https:\/\/dypall.com\/wp-content\/uploads\/2024\/10\/IMG_6596-scaled-e1730214319293.jpg","contentUrl":"https:\/\/dypall.com\/wp-content\/uploads\/2024\/10\/IMG_6596-scaled-e1730214319293.jpg","width":1920,"height":1544},{"@type":"BreadcrumbList","@id":"https:\/\/dypall.com\/study-visits\/climbing-the-ladder-fostering-a-culture-of-youth-engagement-cl-ye-study-visit-in-slovakia-and-austria-bridging-pathways-to-youth-engagement\/#breadcrumb","itemListElement":[{"@type":"ListItem","position":1,"name":"Home","item":"https:\/\/dypall.com\/"},{"@type":"ListItem","position":2,"name":"&#8220;Climbing the Ladder: fostering a culture of Youth Engagement (CL-YE)&#8221; Study Visit in Slovakia and Austria: Bridging pathways to youth engagement\u00a0"}]},{"@type":"WebSite","@id":"https:\/\/dypall.com\/#website","url":"https:\/\/dypall.com\/","name":"DYPALL Network","description":"We are a European network of civil society organisations, municipalities and research institutions dedicated to improving democracy through youth participation.","potentialAction":[{"@type":"SearchAction","target":{"@type":"EntryPoint","urlTemplate":"https:\/\/dypall.com\/?s={search_term_string}"},"query-input":"required name=search_term_string"}],"inLanguage":"pl-PL"},{"@type":"Person","@id":"https:\/\/dypall.com\/#\/schema\/person\/e87206094ce8bcf88449b35f00e40fb1","name":"DYPALL Network","image":{"@type":"ImageObject","inLanguage":"pl-PL","@id":"https:\/\/dypall.com\/#\/schema\/person\/image\/","url":"https:\/\/secure.gravatar.com\/avatar\/1061d2d4c9b4f1a9b496774795b5deac1200dfd1d3abecb8f85cf8b580e6963b?s=96&d=mm&r=g","contentUrl":"https:\/\/secure.gravatar.com\/avatar\/1061d2d4c9b4f1a9b496774795b5deac1200dfd1d3abecb8f85cf8b580e6963b?s=96&d=mm&r=g","caption":"DYPALL Network"},"sameAs":["https:\/\/dypall.com\/"],"url":"https:\/\/dypall.com\/pl\/author\/dypallonsteroids\/"}]}},"jetpack_featured_media_url":"https:\/\/dypall.com\/wp-content\/uploads\/2024\/10\/IMG_6596-scaled-e1730214319293.jpg","jetpack_sharing_enabled":true,"_links":{"self":[{"href":"https:\/\/dypall.com\/pl\/wp-json\/wp\/v2\/posts\/7951","targetHints":{"allow":["GET"]}}],"collection":[{"href":"https:\/\/dypall.com\/pl\/wp-json\/wp\/v2\/posts"}],"about":[{"href":"https:\/\/dypall.com\/pl\/wp-json\/wp\/v2\/types\/post"}],"author":[{"embeddable":true,"href":"https:\/\/dypall.com\/pl\/wp-json\/wp\/v2\/users\/5"}],"replies":[{"embeddable":true,"href":"https:\/\/dypall.com\/pl\/wp-json\/wp\/v2\/comments?post=7951"}],"version-history":[{"count":3,"href":"https:\/\/dypall.com\/pl\/wp-json\/wp\/v2\/posts\/7951\/revisions"}],"predecessor-version":[{"id":7961,"href":"https:\/\/dypall.com\/pl\/wp-json\/wp\/v2\/posts\/7951\/revisions\/7961"}],"wp:featuredmedia":[{"embeddable":true,"href":"https:\/\/dypall.com\/pl\/wp-json\/wp\/v2\/media\/7957"}],"wp:attachment":[{"href":"https:\/\/dypall.com\/pl\/wp-json\/wp\/v2\/media?parent=7951"}],"wp:term":[{"taxonomy":"category","embeddable":true,"href":"https:\/\/dypall.com\/pl\/wp-json\/wp\/v2\/categories?post=7951"},{"taxonomy":"post_tag","embeddable":true,"href":"https:\/\/dypall.com\/pl\/wp-json\/wp\/v2\/tags?post=7951"}],"curies":[{"name":"wp","href":"https:\/\/api.w.org\/{rel}","templated":true}]}}