{"id":7009,"date":"2024-03-15T15:03:43","date_gmt":"2024-03-15T15:03:43","guid":{"rendered":"https:\/\/dypall.com\/?p=7009"},"modified":"2024-06-06T11:19:22","modified_gmt":"2024-06-06T11:19:22","slug":"local-youth-councils-at-international-scale-lycis-third-transnational-project-meeting-and-final-conference","status":"publish","type":"post","link":"https:\/\/dypall.com\/pl\/activity\/local-youth-councils-at-international-scale-lycis-third-transnational-project-meeting-and-final-conference\/","title":{"rendered":"Trzecie ponadnarodowe spotkanie projektowe i konferencja ko\u0144cowa \u201eLokalne rady m\u0142odzie\u017cowe w skali mi\u0119dzynarodowej (LYCIS)\u201d"},"content":{"rendered":"<p>W dniach 3\u20138 marca 2024 r. sie\u0107 DYPALL uczestniczy\u0142a w trzecim transnarodowym spotkaniu projektowym i konferencji ko\u0144cowej na temat <strong>\u201eLokalne rady m\u0142odzie\u017cowe w skali mi\u0119dzynarodowej (LYCIS)\u201d<\/strong> projekt. Obydwa wydarzenia zosta\u0142y zorganizowane i zorganizowane przez Europiamo w Turynie we W\u0142oszech.<\/p>\n<p>W ci\u0105gu pierwszych 2 dni koordynatorzy projektu i przedstawiciele partner\u00f3w w ramach konsorcjum projektu spotkali si\u0119 na ostatnim spotkaniu osobistym, aby oceni\u0107 post\u0119py projektu i zaplanowa\u0107 ostateczne kroki.<\/p>\n<p>W dniach 6 i 7 marca, <strong>Konferencja ko\u0144cowa<\/strong>, <em><strong>\u201eW kierunku bardziej integracyjnego spo\u0142ecze\u0144stwa na \u015bwiecie \u2013 pocz\u0105wszy od lokalnych rad m\u0142odzie\u017cowych\u201d, <\/strong><\/em>odby\u0142o si\u0119 jako wydarzenie upowszechniaj\u0105ce na du\u017c\u0105 skal\u0119 wyniki projektu, gromadz\u0105ce 40 uczestnik\u00f3w, w tym kilku uczestnik\u00f3w mi\u0119dzynarodowych w charakterze przedstawicieli partner\u00f3w projektu i zainteresowanych stron z kraj\u00f3w partnerskich projektu, wraz z lokalnymi zainteresowanymi stronami z W\u0142och. Poprzez wydarzenia w stylu konferencyjnym, a tak\u017ce warsztaty z metodami edukacji pozaformalnej, przedstawiono uczestnikom nast\u0119puj\u0105ce wyniki projektu: <a href=\"https:\/\/u.pcloud.link\/publink\/show?code=XZQjvGVZjLaH4TBVhVVhBtFEuzOLuSEyprEk\"><em><strong>Karta jako\u015bci dotycz\u0105ca partycypacyjnych i integracyjnych lokalnych rad m\u0142odzie\u017cowych<\/strong><\/em><\/a>, <a href=\"https:\/\/u.pcloud.link\/publink\/show?code=XZQXkaVZMQmGoAjmT27DbPDC2d4U2VIHls7y\"><em><strong>Zestaw narz\u0119dzi s\u0142u\u017c\u0105cych modernizacji lokalnych rad m\u0142odzie\u017cowych<\/strong><\/em><\/a> oraz <a href=\"https:\/\/l.facebook.com\/l.php?u=https%3A%2F%2Fhop.salto-youth.net%2Fcourses%2FYouthParticipationLocalCouncils%3Ffbclid%3DIwAR0ZPQSxbgYYmHjaeWrgDkpWFv42LT-H8DDHaUkVI7_sNmsHplzpRTsrJDk&amp;h=AT1fLQO34wiona9ykQTlz-5JydI6C4DeP8lbRJkFi9kpFjlcs-XIxegVFbQQFjhGnfo3bTo1ol5sh69PFT6zgC58U0VTgFewcQPy6eC6BE4ON66sQEOnDU4_JKOS_0zUw9kAU5o&amp;__tn__=-UK-R&amp;c[0]=AT0_03LmBNSbhJJ3lni5vTt5l3YdL4Z8h0gxwJLoCLis3O4NfEqpR6F4TrGP8EtOn_JTaW0j6tpPT6Z_-emgSQ02c6JAEkiwpfNsTnY_xAf4gbGHW0CKGtv_9RkYzX2O5Yn8sqpxoL2TZKA4w5FdJ6k406sFJlva3JH7pJGhAPx6BvRHgggqkIpeq3jyfWGGa7x7XFtwYaOy\"><em><strong>MOOC w sprawie uczestnictwa m\u0142odzie\u017cy i lokalnych rad m\u0142odzie\u017cowych<\/strong><\/em><\/a>.<\/p>\n<p>Konferencja s\u0142u\u017cy\u0142a r\u00f3wnie\u017c jako przestrze\u0144 wymiany i dzielenia si\u0119 praktykami zwi\u0105zanymi z uczestnictwem m\u0142odzie\u017cy w podejmowaniu decyzji na szczeblu lokalnym mi\u0119dzy m\u0142odymi lud\u017ami z r\u00f3\u017cnych cz\u0119\u015bci \u015bwiata. M\u0142odzi ludzie, kt\u00f3rzy uczestniczyli w <strong>dzia\u0142ania zwi\u0105zane z obserwacj\u0105 pracy (job shadowing)<\/strong> lub <strong>Mi\u0119dzynarodowe szkolenia dla m\u0142odych \u015brodowisk opiniotw\u00f3rczych<\/strong> a nast\u0119pnie zorganizowali lokalne szkolenie, byli obecni na konferencji i podzielili si\u0119 swoimi do\u015bwiadczeniami z pierwszej r\u0119ki.<\/p>\n<p>W przedmiocie <strong>\u201eLokalne rady m\u0142odzie\u017cowe w skali mi\u0119dzynarodowej (LYCIS)\u201d<\/strong> Projekt jest koordynowany przez DYPALL Network we wsp\u00f3\u0142pracy z\u00a0 <a href=\"https:\/\/www.europiamo.org\/\">Europiamo ETS<\/a> \u00a0(W\u0142ochy), <a href=\"https:\/\/youthonboard.com.mk\/\">M\u0142odzie\u017c na pok\u0142adzie<\/a> (Macedonia P\u00f3\u0142nocna), <a href=\"https:\/\/ysfi.ps\/En\/index.php\/en\/\">Instytut Forum Studenckiego<\/a> (Palestyna), <a href=\"https:\/\/www.facebook.com\/fjmtm\">Forum M\u0142odych Maroka\u0144czyk\u00f3w na rzecz Trzeciego Tysi\u0105clecia<\/a> (Maroko), <a href=\"https:\/\/www.facebook.com\/Fhird.tn\/\">Farhat Hached Instytut Bada\u0144 i Demokracji<\/a> (Tunezja). Jest on finansowany w ramach programu Erasmus+ \u201eBudowanie potencja\u0142u w dziedzinie m\u0142odzie\u017cy\u201d przez Europejsk\u0105 Agencj\u0119 Wykonawcz\u0105 ds. Edukacji i Kultury.<\/p>\n<p><a href=\"https:\/\/dypall.com\/pl\/2024\/03\/15\/local-youth-councils-at-international-scale-lycis-third-transnational-project-meeting-and-final-conference\/image_20240304_171513_596\/#main\" rel=\"attachment wp-att-7010\"><img loading=\"lazy\" decoding=\"async\" class=\"wp-image-7010 aligncenter\" src=\"https:\/\/dypall.com\/wp-content\/uploads\/2024\/03\/Image_20240304_171513_596-scaled.jpeg\" alt=\"\" width=\"1208\" height=\"906\" \/><\/a><\/p>\n<p><a href=\"https:\/\/dypall.com\/pl\/2024\/03\/15\/local-youth-councils-at-international-scale-lycis-third-transnational-project-meeting-and-final-conference\/image_20240304_171514_041\/#main\" rel=\"attachment wp-att-7011\"><img loading=\"lazy\" decoding=\"async\" class=\"wp-image-7011 aligncenter\" src=\"https:\/\/dypall.com\/wp-content\/uploads\/2024\/03\/Image_20240304_171514_041-scaled.jpeg\" alt=\"\" width=\"1207\" height=\"1609\" \/><\/a><\/p>\n<p><a href=\"https:\/\/dypall.com\/pl\/2024\/03\/15\/local-youth-councils-at-international-scale-lycis-third-transnational-project-meeting-and-final-conference\/image_20240305_161113_358-1\/#main\" rel=\"attachment wp-att-7012\"><img loading=\"lazy\" decoding=\"async\" class=\"wp-image-7012 aligncenter\" src=\"https:\/\/dypall.com\/wp-content\/uploads\/2024\/03\/Image_20240305_161113_358-1-scaled.jpeg\" alt=\"\" width=\"1190\" height=\"892\" \/><\/a><\/p>\n<p><a href=\"https:\/\/dypall.com\/pl\/2024\/03\/15\/local-youth-councils-at-international-scale-lycis-third-transnational-project-meeting-and-final-conference\/img_3053\/#main\" rel=\"attachment wp-att-7014\"><img loading=\"lazy\" decoding=\"async\" class=\"wp-image-7014 aligncenter\" src=\"https:\/\/dypall.com\/wp-content\/uploads\/2024\/03\/IMG_3053.jpeg\" alt=\"\" width=\"1192\" height=\"894\" \/><\/a><\/p>\n<p><a href=\"https:\/\/dypall.com\/pl\/2024\/03\/15\/local-youth-councils-at-international-scale-lycis-third-transnational-project-meeting-and-final-conference\/img_3132\/#main\" rel=\"attachment wp-att-7015\"><img loading=\"lazy\" decoding=\"async\" class=\"wp-image-7015 aligncenter\" src=\"https:\/\/dypall.com\/wp-content\/uploads\/2024\/03\/IMG_3132.jpeg\" alt=\"\" width=\"1189\" height=\"1585\" \/><\/a><\/p>\n<p><a href=\"https:\/\/dypall.com\/pl\/2024\/03\/15\/local-youth-councils-at-international-scale-lycis-third-transnational-project-meeting-and-final-conference\/img_3183\/#main\" rel=\"attachment wp-att-7016\"><img loading=\"lazy\" decoding=\"async\" class=\"wp-image-7016 aligncenter\" src=\"https:\/\/dypall.com\/wp-content\/uploads\/2024\/03\/IMG_3183.jpeg\" alt=\"\" width=\"1183\" height=\"1578\" \/><\/a><\/p>\n<p><a href=\"https:\/\/dypall.com\/pl\/2024\/03\/15\/local-youth-councils-at-international-scale-lycis-third-transnational-project-meeting-and-final-conference\/img_3196\/#main\" rel=\"attachment wp-att-7017\"><img loading=\"lazy\" decoding=\"async\" class=\"wp-image-7017 aligncenter\" src=\"https:\/\/dypall.com\/wp-content\/uploads\/2024\/03\/IMG_3196.jpeg\" alt=\"\" width=\"1183\" height=\"1577\" \/><\/a><\/p>\n<p><a href=\"https:\/\/dypall.com\/pl\/2024\/03\/15\/local-youth-councils-at-international-scale-lycis-third-transnational-project-meeting-and-final-conference\/img_3278\/#main\" rel=\"attachment wp-att-7019\"><img loading=\"lazy\" decoding=\"async\" class=\"wp-image-7019 aligncenter\" src=\"https:\/\/dypall.com\/wp-content\/uploads\/2024\/03\/IMG_3278.jpeg\" alt=\"\" width=\"1178\" height=\"1570\" \/><\/a><\/p>\n<p><a href=\"https:\/\/dypall.com\/pl\/2024\/03\/15\/local-youth-councils-at-international-scale-lycis-third-transnational-project-meeting-and-final-conference\/img_3295-2\/#main\" rel=\"attachment wp-att-7020\"><img loading=\"lazy\" decoding=\"async\" class=\"wp-image-7020 aligncenter\" src=\"https:\/\/dypall.com\/wp-content\/uploads\/2024\/03\/IMG_3295.jpeg\" alt=\"\" width=\"1170\" height=\"1560\" \/><\/a><\/p>\n<p><a href=\"https:\/\/dypall.com\/pl\/2024\/03\/15\/local-youth-councils-at-international-scale-lycis-third-transnational-project-meeting-and-final-conference\/img_3337\/#main\" rel=\"attachment wp-att-7022\"><img loading=\"lazy\" decoding=\"async\" class=\"wp-image-7022 aligncenter\" src=\"https:\/\/dypall.com\/wp-content\/uploads\/2024\/03\/IMG_3337.jpeg\" alt=\"\" width=\"1169\" height=\"877\" \/><\/a><\/p>\n<p><a href=\"https:\/\/dypall.com\/pl\/2024\/03\/15\/local-youth-councils-at-international-scale-lycis-third-transnational-project-meeting-and-final-conference\/img_3346\/#main\" rel=\"attachment wp-att-7024\"><img loading=\"lazy\" decoding=\"async\" class=\"wp-image-7024 aligncenter\" src=\"https:\/\/dypall.com\/wp-content\/uploads\/2024\/03\/IMG_3346.jpeg\" alt=\"\" width=\"1160\" height=\"870\" \/><\/a><\/p>\n<p><a href=\"https:\/\/dypall.com\/pl\/2024\/03\/15\/local-youth-councils-at-international-scale-lycis-third-transnational-project-meeting-and-final-conference\/img_3516-2\/#main\" rel=\"attachment wp-att-7026\"><img loading=\"lazy\" decoding=\"async\" class=\"wp-image-7026 aligncenter\" src=\"https:\/\/dypall.com\/wp-content\/uploads\/2024\/03\/IMG_3516.jpeg\" alt=\"\" width=\"1143\" height=\"857\" \/><\/a><\/p>\n<p><a href=\"https:\/\/dypall.com\/pl\/2024\/03\/15\/local-youth-councils-at-international-scale-lycis-third-transnational-project-meeting-and-final-conference\/img_3528\/#main\" rel=\"attachment wp-att-7027\"><img loading=\"lazy\" decoding=\"async\" class=\"wp-image-7027 aligncenter\" src=\"https:\/\/dypall.com\/wp-content\/uploads\/2024\/03\/IMG_3528.jpeg\" alt=\"\" width=\"1140\" height=\"1520\" \/><\/a><\/p>","protected":false},"excerpt":{"rendered":"<p>Sie\u0107 DYPALL uczestniczy\u0142a w dniach 3\u20138 marca 2024 r. w trzecim ponadnarodowym spotkaniu projektowym i konferencji ko\u0144cowej projektu \u201eLokalne rady m\u0142odzie\u017cowe w skali mi\u0119dzynarodowej (LYCIS)\u201d. Obydwa wydarzenia zosta\u0142y zorganizowane i zorganizowane przez Europiamo w Turynie we W\u0142oszech. W ci\u0105gu pierwszych 2 dni koordynatorzy projektu oraz przedstawiciele partner\u00f3w w ramach projektu... <a class=\"more-link\" href=\"https:\/\/dypall.com\/pl\/activity\/local-youth-councils-at-international-scale-lycis-third-transnational-project-meeting-and-final-conference\/\">Czytaj dalej <span class=\"screen-reader-text\">Trzecie ponadnarodowe spotkanie projektowe i konferencja ko\u0144cowa \u201eLokalne rady m\u0142odzie\u017cowe w skali mi\u0119dzynarodowej (LYCIS)\u201d<\/span><\/a><\/p>","protected":false},"author":1,"featured_media":7131,"comment_status":"closed","ping_status":"open","sticky":false,"template":"","format":"standard","meta":{"_acf_changed":false,"_jetpack_memberships_contains_paid_content":false,"footnotes":""},"categories":[111],"tags":[],"class_list":["post-7009","post","type-post","status-publish","format-standard","has-post-thumbnail","hentry","category-activity","entry"],"acf":[],"yoast_head":"<!-- This site is optimized with the Yoast SEO plugin v22.8 - https:\/\/yoast.com\/wordpress\/plugins\/seo\/ -->\n<title>\u2018Local Youth Councils at International Scale (LYCIS)\u2019 Third Transnational Project Meeting and Final Conference - DYPALL Network<\/title>\n<meta name=\"robots\" content=\"index, follow, max-snippet:-1, max-image-preview:large, max-video-preview:-1\" \/>\n<link rel=\"canonical\" href=\"https:\/\/dypall.com\/pl\/activity\/local-youth-councils-at-international-scale-lycis-third-transnational-project-meeting-and-final-conference\/\" \/>\n<meta property=\"og:locale\" content=\"pl_PL\" \/>\n<meta property=\"og:type\" content=\"article\" \/>\n<meta property=\"og:title\" content=\"\u2018Local Youth Councils at International Scale (LYCIS)\u2019 Third Transnational Project Meeting and Final Conference - DYPALL Network\" \/>\n<meta property=\"og:description\" content=\"DYPALL Network participated from 3rd &#8211; 8th March 2024, in the Third Transnational Project Meeting and Final Conference for the \u2018Local Youth Councils at International Scale (LYCIS)\u2019 project. Both events were organised and hosted by Europiamo in Turin, Italy. During the first 2 days, the project coordinators and the representatives of the partners within the&hellip; Czytaj dalej \u2018Local Youth Councils at International Scale (LYCIS)\u2019 Third Transnational Project Meeting and Final Conference\" \/>\n<meta property=\"og:url\" content=\"https:\/\/dypall.com\/pl\/activity\/local-youth-councils-at-international-scale-lycis-third-transnational-project-meeting-and-final-conference\/\" \/>\n<meta property=\"og:site_name\" content=\"DYPALL Network\" \/>\n<meta property=\"article:published_time\" content=\"2024-03-15T15:03:43+00:00\" \/>\n<meta property=\"article:modified_time\" content=\"2024-06-06T11:19:22+00:00\" \/>\n<meta property=\"og:image\" content=\"https:\/\/dypall.com\/wp-content\/uploads\/2024\/03\/IMG_3196-1.jpeg\" \/>\n\t<meta property=\"og:image:width\" content=\"1536\" \/>\n\t<meta property=\"og:image:height\" content=\"2048\" \/>\n\t<meta property=\"og:image:type\" content=\"image\/jpeg\" \/>\n<meta name=\"author\" content=\"DYPALL Network\" \/>\n<meta name=\"twitter:card\" content=\"summary_large_image\" \/>\n<meta name=\"twitter:label1\" content=\"Written by\" \/>\n\t<meta name=\"twitter:data1\" content=\"DYPALL Network\" \/>\n\t<meta name=\"twitter:label2\" content=\"Est. reading time\" \/>\n\t<meta name=\"twitter:data2\" content=\"2 minuty\" \/>\n<script type=\"application\/ld+json\" class=\"yoast-schema-graph\">{\"@context\":\"https:\/\/schema.org\",\"@graph\":[{\"@type\":\"WebPage\",\"@id\":\"https:\/\/dypall.com\/activity\/local-youth-councils-at-international-scale-lycis-third-transnational-project-meeting-and-final-conference\/\",\"url\":\"https:\/\/dypall.com\/activity\/local-youth-councils-at-international-scale-lycis-third-transnational-project-meeting-and-final-conference\/\",\"name\":\"\u2018Local Youth Councils at International Scale (LYCIS)\u2019 Third Transnational Project Meeting and Final Conference - DYPALL Network\",\"isPartOf\":{\"@id\":\"https:\/\/dypall.com\/#website\"},\"primaryImageOfPage\":{\"@id\":\"https:\/\/dypall.com\/activity\/local-youth-councils-at-international-scale-lycis-third-transnational-project-meeting-and-final-conference\/#primaryimage\"},\"image\":{\"@id\":\"https:\/\/dypall.com\/activity\/local-youth-councils-at-international-scale-lycis-third-transnational-project-meeting-and-final-conference\/#primaryimage\"},\"thumbnailUrl\":\"https:\/\/dypall.com\/wp-content\/uploads\/2024\/03\/IMG_3196-1.jpeg\",\"datePublished\":\"2024-03-15T15:03:43+00:00\",\"dateModified\":\"2024-06-06T11:19:22+00:00\",\"author\":{\"@id\":\"https:\/\/dypall.com\/#\/schema\/person\/f92e08aa15c8ba711a9d153129f03377\"},\"breadcrumb\":{\"@id\":\"https:\/\/dypall.com\/activity\/local-youth-councils-at-international-scale-lycis-third-transnational-project-meeting-and-final-conference\/#breadcrumb\"},\"inLanguage\":\"pl-PL\",\"potentialAction\":[{\"@type\":\"ReadAction\",\"target\":[\"https:\/\/dypall.com\/activity\/local-youth-councils-at-international-scale-lycis-third-transnational-project-meeting-and-final-conference\/\"]}]},{\"@type\":\"ImageObject\",\"inLanguage\":\"pl-PL\",\"@id\":\"https:\/\/dypall.com\/activity\/local-youth-councils-at-international-scale-lycis-third-transnational-project-meeting-and-final-conference\/#primaryimage\",\"url\":\"https:\/\/dypall.com\/wp-content\/uploads\/2024\/03\/IMG_3196-1.jpeg\",\"contentUrl\":\"https:\/\/dypall.com\/wp-content\/uploads\/2024\/03\/IMG_3196-1.jpeg\",\"width\":1536,\"height\":2048},{\"@type\":\"BreadcrumbList\",\"@id\":\"https:\/\/dypall.com\/activity\/local-youth-councils-at-international-scale-lycis-third-transnational-project-meeting-and-final-conference\/#breadcrumb\",\"itemListElement\":[{\"@type\":\"ListItem\",\"position\":1,\"name\":\"Home\",\"item\":\"https:\/\/dypall.com\/\"},{\"@type\":\"ListItem\",\"position\":2,\"name\":\"\u2018Local Youth Councils at International Scale (LYCIS)\u2019 Third Transnational Project Meeting and Final Conference\"}]},{\"@type\":\"WebSite\",\"@id\":\"https:\/\/dypall.com\/#website\",\"url\":\"https:\/\/dypall.com\/\",\"name\":\"DYPALL Network\",\"description\":\"We are a European network of civil society organisations, municipalities and research institutions dedicated to improving democracy through youth participation.\",\"potentialAction\":[{\"@type\":\"SearchAction\",\"target\":{\"@type\":\"EntryPoint\",\"urlTemplate\":\"https:\/\/dypall.com\/?s={search_term_string}\"},\"query-input\":\"required name=search_term_string\"}],\"inLanguage\":\"pl-PL\"},{\"@type\":\"Person\",\"@id\":\"https:\/\/dypall.com\/#\/schema\/person\/f92e08aa15c8ba711a9d153129f03377\",\"name\":\"DYPALL Network\",\"image\":{\"@type\":\"ImageObject\",\"inLanguage\":\"pl-PL\",\"@id\":\"https:\/\/dypall.com\/#\/schema\/person\/image\/\",\"url\":\"https:\/\/secure.gravatar.com\/avatar\/9c39e299279800c6d69c5e02cf613e7bab060889f373052a03d7ac399e8f0d3c?s=96&d=mm&r=g\",\"contentUrl\":\"https:\/\/secure.gravatar.com\/avatar\/9c39e299279800c6d69c5e02cf613e7bab060889f373052a03d7ac399e8f0d3c?s=96&d=mm&r=g\",\"caption\":\"DYPALL Network\"},\"sameAs\":[\"https:\/\/dypall.com\"],\"url\":\"https:\/\/dypall.com\/pl\/author\/dypall\/\"}]}<\/script>\n<!-- \/ Yoast SEO plugin. -->","yoast_head_json":{"title":"\u2018Local Youth Councils at International Scale (LYCIS)\u2019 Third Transnational Project Meeting and Final Conference - DYPALL Network","robots":{"index":"index","follow":"follow","max-snippet":"max-snippet:-1","max-image-preview":"max-image-preview:large","max-video-preview":"max-video-preview:-1"},"canonical":"https:\/\/dypall.com\/pl\/activity\/local-youth-councils-at-international-scale-lycis-third-transnational-project-meeting-and-final-conference\/","og_locale":"pl_PL","og_type":"article","og_title":"\u2018Local Youth Councils at International Scale (LYCIS)\u2019 Third Transnational Project Meeting and Final Conference - DYPALL Network","og_description":"DYPALL Network participated from 3rd &#8211; 8th March 2024, in the Third Transnational Project Meeting and Final Conference for the \u2018Local Youth Councils at International Scale (LYCIS)\u2019 project. Both events were organised and hosted by Europiamo in Turin, Italy. During the first 2 days, the project coordinators and the representatives of the partners within the&hellip; Czytaj dalej \u2018Local Youth Councils at International Scale (LYCIS)\u2019 Third Transnational Project Meeting and Final Conference","og_url":"https:\/\/dypall.com\/pl\/activity\/local-youth-councils-at-international-scale-lycis-third-transnational-project-meeting-and-final-conference\/","og_site_name":"DYPALL Network","article_published_time":"2024-03-15T15:03:43+00:00","article_modified_time":"2024-06-06T11:19:22+00:00","og_image":[{"width":1536,"height":2048,"url":"https:\/\/dypall.com\/wp-content\/uploads\/2024\/03\/IMG_3196-1.jpeg","type":"image\/jpeg"}],"author":"DYPALL Network","twitter_card":"summary_large_image","twitter_misc":{"Written by":"DYPALL Network","Est. reading time":"2 minuty"},"schema":{"@context":"https:\/\/schema.org","@graph":[{"@type":"WebPage","@id":"https:\/\/dypall.com\/activity\/local-youth-councils-at-international-scale-lycis-third-transnational-project-meeting-and-final-conference\/","url":"https:\/\/dypall.com\/activity\/local-youth-councils-at-international-scale-lycis-third-transnational-project-meeting-and-final-conference\/","name":"\u2018Local Youth Councils at International Scale (LYCIS)\u2019 Third Transnational Project Meeting and Final Conference - DYPALL Network","isPartOf":{"@id":"https:\/\/dypall.com\/#website"},"primaryImageOfPage":{"@id":"https:\/\/dypall.com\/activity\/local-youth-councils-at-international-scale-lycis-third-transnational-project-meeting-and-final-conference\/#primaryimage"},"image":{"@id":"https:\/\/dypall.com\/activity\/local-youth-councils-at-international-scale-lycis-third-transnational-project-meeting-and-final-conference\/#primaryimage"},"thumbnailUrl":"https:\/\/dypall.com\/wp-content\/uploads\/2024\/03\/IMG_3196-1.jpeg","datePublished":"2024-03-15T15:03:43+00:00","dateModified":"2024-06-06T11:19:22+00:00","author":{"@id":"https:\/\/dypall.com\/#\/schema\/person\/f92e08aa15c8ba711a9d153129f03377"},"breadcrumb":{"@id":"https:\/\/dypall.com\/activity\/local-youth-councils-at-international-scale-lycis-third-transnational-project-meeting-and-final-conference\/#breadcrumb"},"inLanguage":"pl-PL","potentialAction":[{"@type":"ReadAction","target":["https:\/\/dypall.com\/activity\/local-youth-councils-at-international-scale-lycis-third-transnational-project-meeting-and-final-conference\/"]}]},{"@type":"ImageObject","inLanguage":"pl-PL","@id":"https:\/\/dypall.com\/activity\/local-youth-councils-at-international-scale-lycis-third-transnational-project-meeting-and-final-conference\/#primaryimage","url":"https:\/\/dypall.com\/wp-content\/uploads\/2024\/03\/IMG_3196-1.jpeg","contentUrl":"https:\/\/dypall.com\/wp-content\/uploads\/2024\/03\/IMG_3196-1.jpeg","width":1536,"height":2048},{"@type":"BreadcrumbList","@id":"https:\/\/dypall.com\/activity\/local-youth-councils-at-international-scale-lycis-third-transnational-project-meeting-and-final-conference\/#breadcrumb","itemListElement":[{"@type":"ListItem","position":1,"name":"Home","item":"https:\/\/dypall.com\/"},{"@type":"ListItem","position":2,"name":"\u2018Local Youth Councils at International Scale (LYCIS)\u2019 Third Transnational Project Meeting and Final Conference"}]},{"@type":"WebSite","@id":"https:\/\/dypall.com\/#website","url":"https:\/\/dypall.com\/","name":"DYPALL Network","description":"We are a European network of civil society organisations, municipalities and research institutions dedicated to improving democracy through youth participation.","potentialAction":[{"@type":"SearchAction","target":{"@type":"EntryPoint","urlTemplate":"https:\/\/dypall.com\/?s={search_term_string}"},"query-input":"required name=search_term_string"}],"inLanguage":"pl-PL"},{"@type":"Person","@id":"https:\/\/dypall.com\/#\/schema\/person\/f92e08aa15c8ba711a9d153129f03377","name":"DYPALL Network","image":{"@type":"ImageObject","inLanguage":"pl-PL","@id":"https:\/\/dypall.com\/#\/schema\/person\/image\/","url":"https:\/\/secure.gravatar.com\/avatar\/9c39e299279800c6d69c5e02cf613e7bab060889f373052a03d7ac399e8f0d3c?s=96&d=mm&r=g","contentUrl":"https:\/\/secure.gravatar.com\/avatar\/9c39e299279800c6d69c5e02cf613e7bab060889f373052a03d7ac399e8f0d3c?s=96&d=mm&r=g","caption":"DYPALL Network"},"sameAs":["https:\/\/dypall.com"],"url":"https:\/\/dypall.com\/pl\/author\/dypall\/"}]}},"jetpack_featured_media_url":"https:\/\/dypall.com\/wp-content\/uploads\/2024\/03\/IMG_3196-1.jpeg","jetpack_sharing_enabled":true,"_links":{"self":[{"href":"https:\/\/dypall.com\/pl\/wp-json\/wp\/v2\/posts\/7009","targetHints":{"allow":["GET"]}}],"collection":[{"href":"https:\/\/dypall.com\/pl\/wp-json\/wp\/v2\/posts"}],"about":[{"href":"https:\/\/dypall.com\/pl\/wp-json\/wp\/v2\/types\/post"}],"author":[{"embeddable":true,"href":"https:\/\/dypall.com\/pl\/wp-json\/wp\/v2\/users\/1"}],"replies":[{"embeddable":true,"href":"https:\/\/dypall.com\/pl\/wp-json\/wp\/v2\/comments?post=7009"}],"version-history":[{"count":2,"href":"https:\/\/dypall.com\/pl\/wp-json\/wp\/v2\/posts\/7009\/revisions"}],"predecessor-version":[{"id":7228,"href":"https:\/\/dypall.com\/pl\/wp-json\/wp\/v2\/posts\/7009\/revisions\/7228"}],"wp:featuredmedia":[{"embeddable":true,"href":"https:\/\/dypall.com\/pl\/wp-json\/wp\/v2\/media\/7131"}],"wp:attachment":[{"href":"https:\/\/dypall.com\/pl\/wp-json\/wp\/v2\/media?parent=7009"}],"wp:term":[{"taxonomy":"category","embeddable":true,"href":"https:\/\/dypall.com\/pl\/wp-json\/wp\/v2\/categories?post=7009"},{"taxonomy":"post_tag","embeddable":true,"href":"https:\/\/dypall.com\/pl\/wp-json\/wp\/v2\/tags?post=7009"}],"curies":[{"name":"wp","href":"https:\/\/api.w.org\/{rel}","templated":true}]}}