{"id":6855,"date":"2024-01-09T14:29:53","date_gmt":"2024-01-09T14:29:53","guid":{"rendered":"https:\/\/dypall.com\/?p=6855"},"modified":"2024-10-31T09:57:17","modified_gmt":"2024-10-31T09:57:17","slug":"winter-democracy-academy-a-week-long-focus-on-youth-participation-for-stronger-local-democracies","status":"publish","type":"post","link":"https:\/\/dypall.com\/pl\/activity\/winter-democracy-academy-a-week-long-focus-on-youth-participation-for-stronger-local-democracies\/","title":{"rendered":"Zimowa Akademia Demokracji: Tygodniowe wydarzenie po\u015bwi\u0119cone uczestnictwu m\u0142odzie\u017cy na rzecz silniejszych demokracji lokalnych"},"content":{"rendered":"<p><span style=\"font-weight: 400;\">Pierwsza edycja <em><strong>Zimowa Akademia Demokracji<\/strong><\/em><strong> (WDA)<\/strong> odby\u0142o si\u0119 w dniach 10\u201316 grudnia 2023 r. w Lizbonie (Portugalia). Zosta\u0142a ona zorganizowana przez sie\u0107 DYPALL i Lizbo\u0144skie Centrum M\u0142odzie\u017cy we wsp\u00f3\u0142pracy z kilkoma instytucjami, kt\u00f3re prowadz\u0105 wa\u017cn\u0105 prac\u0119 nad uczestnictwem m\u0142odzie\u017cy jako jednym z filar\u00f3w demokracji lokalnej. WDA d\u0105\u017cy\u0142a do tego, aby sta\u0107 si\u0119 wydarzeniem referencyjnym dla os\u00f3b pracuj\u0105cych z m\u0142odzie\u017c\u0105, decydent\u00f3w, ekspert\u00f3w w tej dziedzinie i przedstawicieli instytucjonalnych, zapewniaj\u0105c im wszystkim przestrze\u0144 do spotka\u0144, debaty, budowania swoich zdolno\u015bci i wsp\u00f3\u0142pracy w kwestiach uczestnictwa m\u0142odzie\u017cy. Aby osi\u0105gn\u0105\u0107 ten ambitny cel, wydarzenie obejmowa\u0142o kilka dzia\u0142a\u0144, kt\u00f3re odby\u0142y si\u0119 jednocze\u015bnie.\u00a0<\/span><\/p>\n<p><span style=\"font-weight: 400;\">W przedmiocie <strong>Europejska Grupa Steruj\u0105ca DYPALL Network<\/strong> oraz <strong>Spotkanie cz\u0142onk\u00f3w sieci<\/strong> Mia\u0142o to miejsce w pierwszych dniach wydarzenia. Posiedzenie grupy steruj\u0105cej rozpocz\u0119\u0142o si\u0119 przegl\u0105dem prac sieci DYPALL w 2023 r., kt\u00f3ry obejmuje r\u00f3\u017cne projekty mi\u0119dzynarodowe, w tym dzia\u0142ania takie jak kursy szkoleniowe, mi\u0119dzynarodowa konferencja, wizyty studyjne, dzia\u0142ania na rzecz budowania partnerstwa, wymiany m\u0142odzie\u017cy, sesja studyjna itp. <\/span><span style=\"font-weight: 400;\">Dyskusje podczas spotkania podkre\u015bla\u0142y znaczenie dostosowania projekt\u00f3w, optymalizacji zasob\u00f3w i pomiaru wp\u0142ywu na interesariuszy i kszta\u0142towanie polityki. Cz\u0142onkowie grupy steruj\u0105cej podkre\u015blili znaczenie standaryzacji metod oceny, poprawy \u0142\u0105czno\u015bci projektu i \u015bledzenia wp\u0142ywu poprzez informacje zwrotne i wysokiej jako\u015bci planowanie wydarze\u0144.<\/span><span style=\"font-weight: 400;\"> I<\/span><span style=\"font-weight: 400;\">W 2024 r. sie\u0107 DYPALL ma na celu zorganizowanie dodatkowych konferencji internetowych, rozszerzenie wizyt studyjnych i wdro\u017cenie planu dzia\u0142ania na rzecz \u015brodowiska koncentruj\u0105cego si\u0119 na warsztatach na temat zr\u00f3wnowa\u017conego rozwoju, aby zwi\u0119kszy\u0107 nasze dzia\u0142ania informacyjne i oddzia\u0142ywanie.<\/span><\/p>\n<p><span style=\"font-weight: 400;\">Podczas <strong>Zgromadzenie Cz\u0142onk\u00f3w<\/strong> 12 grudnia koordynator sieci DYPALL Bruno Antonio podkre\u015bli\u0142 sta\u0142e zaanga\u017cowanie organizacji w promowanie zaanga\u017cowania m\u0142odzie\u017cy i promowanie demokracji na szczeblu lokalnym. Wysi\u0142ki obejmowa\u0142y m.in. tworzenie publikacji na temat uczestnictwa migrant\u00f3w w\u015br\u00f3d m\u0142odzie\u017cy oraz lokalnych rad m\u0142odzie\u017cowych w celu utworzenia miast przyjaznych migrantom i zwi\u0119kszenia przestrzeni zaanga\u017cowania m\u0142odzie\u017cy. Nacisk po\u0142o\u017cono r\u00f3wnie\u017c na partnerskie projekty edukacyjne, takie jak EU Influencers i wizyty studyjne, jako skuteczne mo\u017cliwo\u015bci budowania zdolno\u015bci. Inicjatywy strukturalne sieci DYPALL mia\u0142y na celu wzmocnienie demokracji, wzmocnienie pozycji m\u0142odzie\u017cy i \u015bci\u015blejsz\u0105 wsp\u00f3\u0142prac\u0119 z portugalskimi gminami w celu poprawy lokalnej polityki m\u0142odzie\u017cowej.\u00a0<\/span><span style=\"font-weight: 400;\">Cz\u0142onkowie zaprezentowali r\u00f3\u017cnorodne projekty i zaanga\u017cowali si\u0119 w sesje podkre\u015blaj\u0105ce uczestnictwo m\u0142odzie\u017cy i zr\u00f3wnowa\u017cone demokracje, wspieraj\u0105c dyskusje w celu wzmocnienia mi\u0119dzynarodowych wydarze\u0144 sieci i podkre\u015blaj\u0105c integracyjne procesy w ramach sieci DYPALL.<\/span><\/p>\n<p><span style=\"font-weight: 400;\">W przedmiocie <strong>Dzia\u0142alno\u015b\u0107 zwi\u0105zana z budowaniem partnerstwa (PBA) <em>\u201eBudowanie synergii na rzecz zr\u00f3wnowa\u017conych demokracji lokalnych\u201d<\/em><\/strong> Odbywa\u0142y si\u0119 one przez ca\u0142y tydzie\u0144, r\u00f3wnolegle z innymi zaj\u0119ciami. PBA zgromadzi\u0142o 24 uczestnik\u00f3w z Norwegii, Turcji, Chorwacji, Hiszpanii, Macedonii P\u00f3\u0142nocnej, S\u0142owacji, Grecji, Portugalii, Armenii, Gruzji, Serbii, Cypru i W\u0142och, kt\u00f3rzy mieli wsp\u00f3lny cel: wzmocnienie roli m\u0142odych ludzi w kszta\u0142towaniu zr\u00f3wnowa\u017conych demokracji. Poprzez seri\u0119 sesji opartych na metodach edukacji pozaformalnej uczestnicy badali r\u00f3\u017cne aspekty uczestnictwa m\u0142odzie\u017cy, programu Erasmus + oraz metod i narz\u0119dzi wsp\u00f3\u0142pracy w celu tworzenia zr\u00f3wnowa\u017conych projekt\u00f3w. Kluczowe sesje obejmowa\u0142y wsp\u00f3ln\u0105 dyskusj\u0119 koncentruj\u0105c\u0105 si\u0119 na integracji r\u00f3\u017cnych perspektyw organizacyjnych i kulturowych w celu zaj\u0119cia si\u0119 udzia\u0142em m\u0142odzie\u017cy i jej rol\u0105 w budowaniu zr\u00f3wnowa\u017conych demokracji.\u00a0<\/span><span style=\"font-weight: 400;\">W ramach dzia\u0142ania przedstawiono r\u00f3wnie\u017c prezentacje projekt\u00f3w, podkre\u015blaj\u0105c innowacyjne inicjatywy maj\u0105ce na celu zwi\u0119kszenie jako\u015bci g\u0142osowania i frekwencji oraz popraw\u0119 edukacji r\u00f3wie\u015bniczej. Ka\u017cdy projekt wykaza\u0142 zaanga\u017cowanie uczestnik\u00f3w w tworzenie znacz\u0105cych zmian w ich spo\u0142eczno\u015bciach.<\/span><\/p>\n<p><span style=\"font-weight: 400;\">Ponadto <strong>konferencja mi\u0119dzynarodowa<\/strong>, <em><strong>\u201eDzisiejsze wyzwania zwi\u0105zane z demokracj\u0105\u201d,<\/strong><\/em> odby\u0142a si\u0119 13 grudnia, zapewniaj\u0105c przestrze\u0144 do refleksji i wymiany mi\u0119dzy liderami m\u0142odzie\u017cowymi, naukowcami, przedstawicielami organizacji spo\u0142ecze\u0144stwa obywatelskiego i w\u0142adzami lokalnymi. Podczas konferencji, jego <strong>przem\u00f3wienie inauguracyjne<\/strong>, zatytu\u0142owany <em><strong>\u201eDzisiejsze wyzwania zwi\u0105zane z demokracj\u0105\u201d,<\/strong><\/em>\u00a0zosta\u0142 dostarczony przez <strong>Sofia Serra-Silva<\/strong>, politolog i profesor na Uniwersytecie w Lizbonie. W swojej prezentacji wyja\u015bni\u0142a poj\u0119cie \u201epatologii politycznych\u201d, \u201edeficytu demokracji\u201d i kryzysu legitymizacji zagra\u017caj\u0105cego wsp\u00f3\u0142czesnym demokracjom. Nast\u0119pnie liderzy m\u0142odzie\u017cowi mieli przestrze\u0144 do debaty na temat stanu wsp\u00f3\u0142czesnych demokracji i miejsca m\u0142odzie\u017cy w nich podczas <strong>obrady okr\u0105g\u0142ego sto\u0142u<\/strong> <em><strong>\u201eNowe rozwi\u0105zania dla wyzwa\u0144 zwi\u0105zanych z uczestnictwem m\u0142odzie\u017cy\u201d<\/strong><\/em>. Konferencja zako\u0144czy\u0142a si\u0119 wraz z <strong>cykl prezentacji pracy z m\u0142odzie\u017c\u0105 w praktyce<\/strong>: <strong>\u201eProjekty i praktyki europejskie\u201d<\/strong>, w kt\u00f3rym przedstawiono trzy projekty partycypacyjne: <em><strong>M\u00f3j polis<\/strong><\/em>, <em><strong>Transformatory<\/strong><\/em>, oraz <em><strong>Akademia nowej generacji<\/strong><\/em>.\u00a0<\/span><\/p>\n<p><span style=\"font-weight: 400;\">Konferencj\u0119 kontynuowano z <strong>Wizyta studyjna<\/strong>, <em><strong>\u201eExploring Successful Lisbon Youth Work Practices\u201d [Badanie udanych lizbo\u0144skich praktyk pracy z m\u0142odzie\u017c\u0105],<\/strong><\/em>\u00a0do <strong>Centrum m\u0142odzie\u017cowe<\/strong> w <strong>Almada (gmina)<\/strong>. Wizyta studyjna ilustrowa\u0142a praktyczne wyzwania zwi\u0105zane z anga\u017cowaniem m\u0142odych ludzi w procesy demokratyczne. Dyskusje i spostrze\u017cenia z tej konferencji dostarczaj\u0105 cennych perspektyw dla przysz\u0142ych inicjatyw maj\u0105cych na celu zwi\u0119kszenie demokratycznego uczestnictwa i sprostanie obecnym wyzwaniom.\u00a0<\/span><\/p>\n<p><span style=\"font-weight: 400;\">Og\u00f3lnie rzecz bior\u0105c, tygodniowa Zimowa Akademia Demokracji obejmowa\u0142a r\u00f3\u017cnorodne dzia\u0142ania i podkre\u015bli\u0142a znaczenie anga\u017cowania m\u0142odzie\u017cy w procesy demokratyczne i wspierania zr\u00f3wnowa\u017conych demokracji poprzez wzmocnienie lokalnej polityki m\u0142odzie\u017cowej. W przedmiocie <strong>Zimowy Tydzie\u0144 Akademii Demokracji<\/strong> oraz <strong>Mi\u0119dzynarodowa konferencja \u201eDzisiejsze wyzwania dla demokracji\u201d<\/strong> zosta\u0142a zorganizowana przy wsparciu programu Erasmus+ za po\u015brednictwem portugalskiej agencji narodowej i Komisji Europejskiej, we wsp\u00f3\u0142pracy z: <a href=\"https:\/\/cjl.ipdj.gov.pt\/\">Lizbo\u0144skie Centrum M\u0142odzie\u017cy (CJL)<\/a> z dnia <a href=\"https:\/\/ipdj.gov.pt\/\">Portugalski Instytut Sportu i M\u0142odzie\u017cy<\/a>.<\/span><\/p>\n<p><em><span style=\"font-weight: 400;\">Finansowane przez Uni\u0119 Europejsk\u0105. Wyra\u017cone pogl\u0105dy i opinie s\u0105 jednak wy\u0142\u0105cznie pogl\u0105dami autora (autor\u00f3w) i niekoniecznie odzwierciedlaj\u0105 pogl\u0105dy Unii Europejskiej lub Komisji Europejskiej. Ani Unia Europejska, ani organ przyznaj\u0105cy pomoc nie mog\u0105 ponosi\u0107 za nie odpowiedzialno\u015bci.<\/span><\/em><\/p>\n<p>\u00a0<\/p>\n\n\n<figure class=\"wp-block-gallery has-nested-images columns-default is-cropped wp-block-gallery-1 is-layout-flex wp-block-gallery-is-layout-flex\">\n<figure class=\"wp-block-image size-large\"><img loading=\"lazy\" decoding=\"async\" width=\"2560\" height=\"1707\" data-id=\"7984\" src=\"https:\/\/dypall.com\/wp-content\/uploads\/2024\/01\/DSC_0020-min-1-scaled.jpg\" alt=\"\" class=\"wp-image-7984\" srcset=\"https:\/\/dypall.com\/wp-content\/uploads\/2024\/01\/DSC_0020-min-1-scaled.jpg 2560w, https:\/\/dypall.com\/wp-content\/uploads\/2024\/01\/DSC_0020-min-1-768x512.jpg 768w, https:\/\/dypall.com\/wp-content\/uploads\/2024\/01\/DSC_0020-min-1-1536x1024.jpg 1536w, https:\/\/dypall.com\/wp-content\/uploads\/2024\/01\/DSC_0020-min-1-2048x1365.jpg 2048w, https:\/\/dypall.com\/wp-content\/uploads\/2024\/01\/DSC_0020-min-1-1568x1045.jpg 1568w\" sizes=\"auto, (max-width: 2560px) 100vw, 2560px\" \/><\/figure>\n\n\n\n<figure class=\"wp-block-image size-large\"><img loading=\"lazy\" decoding=\"async\" width=\"2560\" height=\"1707\" data-id=\"7985\" src=\"https:\/\/dypall.com\/wp-content\/uploads\/2024\/01\/DSC_0023-min-1-scaled.jpg\" alt=\"\" class=\"wp-image-7985\" srcset=\"https:\/\/dypall.com\/wp-content\/uploads\/2024\/01\/DSC_0023-min-1-scaled.jpg 2560w, https:\/\/dypall.com\/wp-content\/uploads\/2024\/01\/DSC_0023-min-1-768x512.jpg 768w, https:\/\/dypall.com\/wp-content\/uploads\/2024\/01\/DSC_0023-min-1-1536x1024.jpg 1536w, https:\/\/dypall.com\/wp-content\/uploads\/2024\/01\/DSC_0023-min-1-2048x1365.jpg 2048w, https:\/\/dypall.com\/wp-content\/uploads\/2024\/01\/DSC_0023-min-1-1568x1045.jpg 1568w\" sizes=\"auto, (max-width: 2560px) 100vw, 2560px\" \/><\/figure>\n\n\n\n<figure class=\"wp-block-image size-large\"><img loading=\"lazy\" decoding=\"async\" width=\"2560\" height=\"1707\" data-id=\"7986\" src=\"https:\/\/dypall.com\/wp-content\/uploads\/2024\/01\/DSC_0052-min-1-scaled.jpg\" alt=\"\" class=\"wp-image-7986\" srcset=\"https:\/\/dypall.com\/wp-content\/uploads\/2024\/01\/DSC_0052-min-1-scaled.jpg 2560w, https:\/\/dypall.com\/wp-content\/uploads\/2024\/01\/DSC_0052-min-1-768x512.jpg 768w, https:\/\/dypall.com\/wp-content\/uploads\/2024\/01\/DSC_0052-min-1-1536x1024.jpg 1536w, https:\/\/dypall.com\/wp-content\/uploads\/2024\/01\/DSC_0052-min-1-2048x1365.jpg 2048w, https:\/\/dypall.com\/wp-content\/uploads\/2024\/01\/DSC_0052-min-1-1568x1045.jpg 1568w\" sizes=\"auto, (max-width: 2560px) 100vw, 2560px\" \/><\/figure>\n\n\n\n<figure class=\"wp-block-image size-large\"><img loading=\"lazy\" decoding=\"async\" width=\"2560\" height=\"1707\" data-id=\"7987\" src=\"https:\/\/dypall.com\/wp-content\/uploads\/2024\/01\/DSC_0917-min-2-scaled.jpg\" alt=\"\" class=\"wp-image-7987\" srcset=\"https:\/\/dypall.com\/wp-content\/uploads\/2024\/01\/DSC_0917-min-2-scaled.jpg 2560w, https:\/\/dypall.com\/wp-content\/uploads\/2024\/01\/DSC_0917-min-2-768x512.jpg 768w, https:\/\/dypall.com\/wp-content\/uploads\/2024\/01\/DSC_0917-min-2-1536x1024.jpg 1536w, https:\/\/dypall.com\/wp-content\/uploads\/2024\/01\/DSC_0917-min-2-2048x1365.jpg 2048w, https:\/\/dypall.com\/wp-content\/uploads\/2024\/01\/DSC_0917-min-2-1568x1045.jpg 1568w\" sizes=\"auto, (max-width: 2560px) 100vw, 2560px\" \/><\/figure>\n<\/figure>","protected":false},"excerpt":{"rendered":"<p>Pierwsza edycja Zimowej Akademii Demokracji (WDA) odby\u0142a si\u0119 w dniach 10\u201316 grudnia 2023 r. w Lizbonie w Portugalii. Zosta\u0142a ona zorganizowana przez sie\u0107 DYPALL i Lizbo\u0144skie Centrum M\u0142odzie\u017cy we wsp\u00f3\u0142pracy z kilkoma instytucjami, kt\u00f3re prowadz\u0105 wa\u017cn\u0105 prac\u0119 nad uczestnictwem m\u0142odzie\u017cy jako jednym z filar\u00f3w demokracji lokalnej. WDA d\u0105\u017cy\u0142o do tego, by sta\u0107 si\u0119 wydarzeniem referencyjnym... <a class=\"more-link\" href=\"https:\/\/dypall.com\/pl\/activity\/winter-democracy-academy-a-week-long-focus-on-youth-participation-for-stronger-local-democracies\/\">Czytaj dalej <span class=\"screen-reader-text\">Zimowa Akademia Demokracji: Tygodniowe wydarzenie po\u015bwi\u0119cone uczestnictwu m\u0142odzie\u017cy na rzecz silniejszych demokracji lokalnych<\/span><\/a><\/p>","protected":false},"author":1,"featured_media":7167,"comment_status":"closed","ping_status":"open","sticky":false,"template":"","format":"standard","meta":{"_acf_changed":false,"_jetpack_memberships_contains_paid_content":false,"footnotes":""},"categories":[111,112,152],"tags":[],"class_list":["post-6855","post","type-post","status-publish","format-standard","has-post-thumbnail","hentry","category-activity","category-conference","category-study-visits","entry"],"acf":[],"yoast_head":"<!-- This site is optimized with the Yoast SEO plugin v22.8 - https:\/\/yoast.com\/wordpress\/plugins\/seo\/ -->\n<title>Winter Democracy Academy: A Week-long event Focused on Youth Participation for Stronger Local Democracies - DYPALL Network<\/title>\n<meta name=\"robots\" content=\"index, follow, max-snippet:-1, max-image-preview:large, max-video-preview:-1\" \/>\n<link rel=\"canonical\" href=\"https:\/\/dypall.com\/pl\/activity\/winter-democracy-academy-a-week-long-focus-on-youth-participation-for-stronger-local-democracies\/\" \/>\n<meta property=\"og:locale\" content=\"pl_PL\" \/>\n<meta property=\"og:type\" content=\"article\" \/>\n<meta property=\"og:title\" content=\"Winter Democracy Academy: A Week-long event Focused on Youth Participation for Stronger Local Democracies - DYPALL Network\" \/>\n<meta property=\"og:description\" content=\"The first edition of Winter Democracy Academy (WDA) took place from 10th-16th December 2023 in Lisbon, Portugal. It was organised by DYPALL Network and the Lisbon Youth Centre, cooperating with several institutions with important work on youth participation as one of the pillars of local democracy. The WDA strived to become an event of reference&hellip; Czytaj dalej Winter Democracy Academy: A Week-long event Focused on Youth Participation for Stronger Local Democracies\" \/>\n<meta property=\"og:url\" content=\"https:\/\/dypall.com\/pl\/activity\/winter-democracy-academy-a-week-long-focus-on-youth-participation-for-stronger-local-democracies\/\" \/>\n<meta property=\"og:site_name\" content=\"DYPALL Network\" \/>\n<meta property=\"article:published_time\" content=\"2024-01-09T14:29:53+00:00\" \/>\n<meta property=\"article:modified_time\" content=\"2024-10-31T09:57:17+00:00\" \/>\n<meta property=\"og:image\" content=\"https:\/\/dypall.com\/wp-content\/uploads\/2024\/01\/DYPALL_03.jpeg\" \/>\n\t<meta property=\"og:image:width\" content=\"2048\" \/>\n\t<meta property=\"og:image:height\" content=\"1365\" \/>\n\t<meta property=\"og:image:type\" content=\"image\/jpeg\" \/>\n<meta name=\"author\" content=\"DYPALL Network\" \/>\n<meta name=\"twitter:card\" content=\"summary_large_image\" \/>\n<meta name=\"twitter:label1\" content=\"Written by\" \/>\n\t<meta name=\"twitter:data1\" content=\"DYPALL Network\" \/>\n\t<meta name=\"twitter:label2\" content=\"Est. reading time\" \/>\n\t<meta name=\"twitter:data2\" content=\"5 minut\" \/>\n<script type=\"application\/ld+json\" class=\"yoast-schema-graph\">{\"@context\":\"https:\/\/schema.org\",\"@graph\":[{\"@type\":\"WebPage\",\"@id\":\"https:\/\/dypall.com\/activity\/winter-democracy-academy-a-week-long-focus-on-youth-participation-for-stronger-local-democracies\/\",\"url\":\"https:\/\/dypall.com\/activity\/winter-democracy-academy-a-week-long-focus-on-youth-participation-for-stronger-local-democracies\/\",\"name\":\"Winter Democracy Academy: A Week-long event Focused on Youth Participation for Stronger Local Democracies - DYPALL Network\",\"isPartOf\":{\"@id\":\"https:\/\/dypall.com\/#website\"},\"primaryImageOfPage\":{\"@id\":\"https:\/\/dypall.com\/activity\/winter-democracy-academy-a-week-long-focus-on-youth-participation-for-stronger-local-democracies\/#primaryimage\"},\"image\":{\"@id\":\"https:\/\/dypall.com\/activity\/winter-democracy-academy-a-week-long-focus-on-youth-participation-for-stronger-local-democracies\/#primaryimage\"},\"thumbnailUrl\":\"https:\/\/dypall.com\/wp-content\/uploads\/2024\/01\/DYPALL_03.jpeg\",\"datePublished\":\"2024-01-09T14:29:53+00:00\",\"dateModified\":\"2024-10-31T09:57:17+00:00\",\"author\":{\"@id\":\"https:\/\/dypall.com\/#\/schema\/person\/f92e08aa15c8ba711a9d153129f03377\"},\"breadcrumb\":{\"@id\":\"https:\/\/dypall.com\/activity\/winter-democracy-academy-a-week-long-focus-on-youth-participation-for-stronger-local-democracies\/#breadcrumb\"},\"inLanguage\":\"pl-PL\",\"potentialAction\":[{\"@type\":\"ReadAction\",\"target\":[\"https:\/\/dypall.com\/activity\/winter-democracy-academy-a-week-long-focus-on-youth-participation-for-stronger-local-democracies\/\"]}]},{\"@type\":\"ImageObject\",\"inLanguage\":\"pl-PL\",\"@id\":\"https:\/\/dypall.com\/activity\/winter-democracy-academy-a-week-long-focus-on-youth-participation-for-stronger-local-democracies\/#primaryimage\",\"url\":\"https:\/\/dypall.com\/wp-content\/uploads\/2024\/01\/DYPALL_03.jpeg\",\"contentUrl\":\"https:\/\/dypall.com\/wp-content\/uploads\/2024\/01\/DYPALL_03.jpeg\",\"width\":2048,\"height\":1365},{\"@type\":\"BreadcrumbList\",\"@id\":\"https:\/\/dypall.com\/activity\/winter-democracy-academy-a-week-long-focus-on-youth-participation-for-stronger-local-democracies\/#breadcrumb\",\"itemListElement\":[{\"@type\":\"ListItem\",\"position\":1,\"name\":\"Home\",\"item\":\"https:\/\/dypall.com\/\"},{\"@type\":\"ListItem\",\"position\":2,\"name\":\"Winter Democracy Academy: A Week-long event Focused on Youth Participation for Stronger Local Democracies\"}]},{\"@type\":\"WebSite\",\"@id\":\"https:\/\/dypall.com\/#website\",\"url\":\"https:\/\/dypall.com\/\",\"name\":\"DYPALL Network\",\"description\":\"We are a European network of civil society organisations, municipalities and research institutions dedicated to improving democracy through youth participation.\",\"potentialAction\":[{\"@type\":\"SearchAction\",\"target\":{\"@type\":\"EntryPoint\",\"urlTemplate\":\"https:\/\/dypall.com\/?s={search_term_string}\"},\"query-input\":\"required name=search_term_string\"}],\"inLanguage\":\"pl-PL\"},{\"@type\":\"Person\",\"@id\":\"https:\/\/dypall.com\/#\/schema\/person\/f92e08aa15c8ba711a9d153129f03377\",\"name\":\"DYPALL Network\",\"image\":{\"@type\":\"ImageObject\",\"inLanguage\":\"pl-PL\",\"@id\":\"https:\/\/dypall.com\/#\/schema\/person\/image\/\",\"url\":\"https:\/\/secure.gravatar.com\/avatar\/9c39e299279800c6d69c5e02cf613e7bab060889f373052a03d7ac399e8f0d3c?s=96&d=mm&r=g\",\"contentUrl\":\"https:\/\/secure.gravatar.com\/avatar\/9c39e299279800c6d69c5e02cf613e7bab060889f373052a03d7ac399e8f0d3c?s=96&d=mm&r=g\",\"caption\":\"DYPALL Network\"},\"sameAs\":[\"https:\/\/dypall.com\"],\"url\":\"https:\/\/dypall.com\/pl\/author\/dypall\/\"}]}<\/script>\n<!-- \/ Yoast SEO plugin. -->","yoast_head_json":{"title":"Winter Democracy Academy: A Week-long event Focused on Youth Participation for Stronger Local Democracies - DYPALL Network","robots":{"index":"index","follow":"follow","max-snippet":"max-snippet:-1","max-image-preview":"max-image-preview:large","max-video-preview":"max-video-preview:-1"},"canonical":"https:\/\/dypall.com\/pl\/activity\/winter-democracy-academy-a-week-long-focus-on-youth-participation-for-stronger-local-democracies\/","og_locale":"pl_PL","og_type":"article","og_title":"Winter Democracy Academy: A Week-long event Focused on Youth Participation for Stronger Local Democracies - DYPALL Network","og_description":"The first edition of Winter Democracy Academy (WDA) took place from 10th-16th December 2023 in Lisbon, Portugal. It was organised by DYPALL Network and the Lisbon Youth Centre, cooperating with several institutions with important work on youth participation as one of the pillars of local democracy. The WDA strived to become an event of reference&hellip; Czytaj dalej Winter Democracy Academy: A Week-long event Focused on Youth Participation for Stronger Local Democracies","og_url":"https:\/\/dypall.com\/pl\/activity\/winter-democracy-academy-a-week-long-focus-on-youth-participation-for-stronger-local-democracies\/","og_site_name":"DYPALL Network","article_published_time":"2024-01-09T14:29:53+00:00","article_modified_time":"2024-10-31T09:57:17+00:00","og_image":[{"width":2048,"height":1365,"url":"https:\/\/dypall.com\/wp-content\/uploads\/2024\/01\/DYPALL_03.jpeg","type":"image\/jpeg"}],"author":"DYPALL Network","twitter_card":"summary_large_image","twitter_misc":{"Written by":"DYPALL Network","Est. reading time":"5 minut"},"schema":{"@context":"https:\/\/schema.org","@graph":[{"@type":"WebPage","@id":"https:\/\/dypall.com\/activity\/winter-democracy-academy-a-week-long-focus-on-youth-participation-for-stronger-local-democracies\/","url":"https:\/\/dypall.com\/activity\/winter-democracy-academy-a-week-long-focus-on-youth-participation-for-stronger-local-democracies\/","name":"Winter Democracy Academy: A Week-long event Focused on Youth Participation for Stronger Local Democracies - DYPALL Network","isPartOf":{"@id":"https:\/\/dypall.com\/#website"},"primaryImageOfPage":{"@id":"https:\/\/dypall.com\/activity\/winter-democracy-academy-a-week-long-focus-on-youth-participation-for-stronger-local-democracies\/#primaryimage"},"image":{"@id":"https:\/\/dypall.com\/activity\/winter-democracy-academy-a-week-long-focus-on-youth-participation-for-stronger-local-democracies\/#primaryimage"},"thumbnailUrl":"https:\/\/dypall.com\/wp-content\/uploads\/2024\/01\/DYPALL_03.jpeg","datePublished":"2024-01-09T14:29:53+00:00","dateModified":"2024-10-31T09:57:17+00:00","author":{"@id":"https:\/\/dypall.com\/#\/schema\/person\/f92e08aa15c8ba711a9d153129f03377"},"breadcrumb":{"@id":"https:\/\/dypall.com\/activity\/winter-democracy-academy-a-week-long-focus-on-youth-participation-for-stronger-local-democracies\/#breadcrumb"},"inLanguage":"pl-PL","potentialAction":[{"@type":"ReadAction","target":["https:\/\/dypall.com\/activity\/winter-democracy-academy-a-week-long-focus-on-youth-participation-for-stronger-local-democracies\/"]}]},{"@type":"ImageObject","inLanguage":"pl-PL","@id":"https:\/\/dypall.com\/activity\/winter-democracy-academy-a-week-long-focus-on-youth-participation-for-stronger-local-democracies\/#primaryimage","url":"https:\/\/dypall.com\/wp-content\/uploads\/2024\/01\/DYPALL_03.jpeg","contentUrl":"https:\/\/dypall.com\/wp-content\/uploads\/2024\/01\/DYPALL_03.jpeg","width":2048,"height":1365},{"@type":"BreadcrumbList","@id":"https:\/\/dypall.com\/activity\/winter-democracy-academy-a-week-long-focus-on-youth-participation-for-stronger-local-democracies\/#breadcrumb","itemListElement":[{"@type":"ListItem","position":1,"name":"Home","item":"https:\/\/dypall.com\/"},{"@type":"ListItem","position":2,"name":"Winter Democracy Academy: A Week-long event Focused on Youth Participation for Stronger Local Democracies"}]},{"@type":"WebSite","@id":"https:\/\/dypall.com\/#website","url":"https:\/\/dypall.com\/","name":"DYPALL Network","description":"We are a European network of civil society organisations, municipalities and research institutions dedicated to improving democracy through youth participation.","potentialAction":[{"@type":"SearchAction","target":{"@type":"EntryPoint","urlTemplate":"https:\/\/dypall.com\/?s={search_term_string}"},"query-input":"required name=search_term_string"}],"inLanguage":"pl-PL"},{"@type":"Person","@id":"https:\/\/dypall.com\/#\/schema\/person\/f92e08aa15c8ba711a9d153129f03377","name":"DYPALL Network","image":{"@type":"ImageObject","inLanguage":"pl-PL","@id":"https:\/\/dypall.com\/#\/schema\/person\/image\/","url":"https:\/\/secure.gravatar.com\/avatar\/9c39e299279800c6d69c5e02cf613e7bab060889f373052a03d7ac399e8f0d3c?s=96&d=mm&r=g","contentUrl":"https:\/\/secure.gravatar.com\/avatar\/9c39e299279800c6d69c5e02cf613e7bab060889f373052a03d7ac399e8f0d3c?s=96&d=mm&r=g","caption":"DYPALL Network"},"sameAs":["https:\/\/dypall.com"],"url":"https:\/\/dypall.com\/pl\/author\/dypall\/"}]}},"jetpack_featured_media_url":"https:\/\/dypall.com\/wp-content\/uploads\/2024\/01\/DYPALL_03.jpeg","jetpack_sharing_enabled":true,"_links":{"self":[{"href":"https:\/\/dypall.com\/pl\/wp-json\/wp\/v2\/posts\/6855","targetHints":{"allow":["GET"]}}],"collection":[{"href":"https:\/\/dypall.com\/pl\/wp-json\/wp\/v2\/posts"}],"about":[{"href":"https:\/\/dypall.com\/pl\/wp-json\/wp\/v2\/types\/post"}],"author":[{"embeddable":true,"href":"https:\/\/dypall.com\/pl\/wp-json\/wp\/v2\/users\/1"}],"replies":[{"embeddable":true,"href":"https:\/\/dypall.com\/pl\/wp-json\/wp\/v2\/comments?post=6855"}],"version-history":[{"count":6,"href":"https:\/\/dypall.com\/pl\/wp-json\/wp\/v2\/posts\/6855\/revisions"}],"predecessor-version":[{"id":7988,"href":"https:\/\/dypall.com\/pl\/wp-json\/wp\/v2\/posts\/6855\/revisions\/7988"}],"wp:featuredmedia":[{"embeddable":true,"href":"https:\/\/dypall.com\/pl\/wp-json\/wp\/v2\/media\/7167"}],"wp:attachment":[{"href":"https:\/\/dypall.com\/pl\/wp-json\/wp\/v2\/media?parent=6855"}],"wp:term":[{"taxonomy":"category","embeddable":true,"href":"https:\/\/dypall.com\/pl\/wp-json\/wp\/v2\/categories?post=6855"},{"taxonomy":"post_tag","embeddable":true,"href":"https:\/\/dypall.com\/pl\/wp-json\/wp\/v2\/tags?post=6855"}],"curies":[{"name":"wp","href":"https:\/\/api.w.org\/{rel}","templated":true}]}}