{"id":6772,"date":"2023-12-04T16:49:10","date_gmt":"2023-12-04T16:49:10","guid":{"rendered":"https:\/\/dypall.com\/?p=6772"},"modified":"2024-06-06T10:05:29","modified_gmt":"2024-06-06T10:05:29","slug":"s-m-a-r-t-youth-center-third-and-last-transnational-project-meeting","status":"publish","type":"post","link":"https:\/\/dypall.com\/pl\/activity\/s-m-a-r-t-youth-center-third-and-last-transnational-project-meeting\/","title":{"rendered":"\u201eCentrum M\u0142odzie\u017cowe S.M.A.R.T.\u201d \u2013 trzecie i ostatnie mi\u0119dzynarodowe spotkanie projektowe"},"content":{"rendered":"<p>Sie\u0107 DYPALL uczestniczy\u0142a w <strong>Trzecie i ostatnie mi\u0119dzynarodowe spotkanie projektowe<\/strong> dla <strong>\u201eCentrum M\u0142odzie\u017cowe S.M.A.R.T.\u201d<\/strong> projekt w dniach 13\u201316 listopada 2023 r. w Cinisello Balsamo we W\u0142oszech. Wydarzenie zosta\u0142o zorganizowane przez IRTEA, a gospodarzem by\u0142a gmina Cinisello Balsamo.<\/p>\n<p>Projekt \u201eCentrum M\u0142odzie\u017cowe S.M.A.R.T.\u201d ma na celu wspieranie i wzmacnianie pozycji os\u00f3b pracuj\u0105cych z m\u0142odzie\u017c\u0105, rozwijanie umiej\u0119tno\u015bci cyfrowych uczestnik\u00f3w oraz opracowywanie i wdra\u017canie cyfrowych dzia\u0142a\u0144 m\u0142odzie\u017cowych, kt\u00f3re doprowadz\u0105 do rozwoju zawodowego uczestnik\u00f3w. Podsumowuj\u0105c, \u201eS.M.A.R.T.\u201d koncentruje si\u0119 na osi\u0105gni\u0119ciu potr\u00f3jnego wp\u0142ywu:<\/p>\n<ul>\n<li>Ma on na celu stworzenie mo\u017cliwo\u015bci innowacji dla organizacji, szkoleniowc\u00f3w i os\u00f3b pracuj\u0105cych z m\u0142odzie\u017c\u0105;<\/li>\n<li>ma na celu zwi\u0119kszenie wykorzystania otwartych zasob\u00f3w edukacyjnych, zapewniaj\u0105c, aby materia\u0142y edukacyjne produkowane z wykorzystaniem finansowania europejskiego lub publicznego by\u0142y bezp\u0142atne i dost\u0119pne dla wszystkich do wykorzystania lub ponownego wykorzystania;<\/li>\n<li>ma na celu popraw\u0119 infrastruktury ICT \u2013 technologii informacyjno-komunikacyjnych i \u0142\u0105czno\u015bci w o\u015brodkach m\u0142odzie\u017cowych.<\/li>\n<\/ul>\n<p>Podczas spotkania koordynatorzy projektu i przedstawiciele partner\u00f3w w ramach konsorcjum projektu spotkali si\u0119 po raz ostatni osobi\u015bcie, aby om\u00f3wi\u0107 aktualizacje projektu i zdecydowa\u0107 o ostatecznych krokach. G\u0142\u00f3wnym celem by\u0142o sfinalizowanie Rezultatu Projektu 4, <em><strong>\u201eDigital Toll Box for Educators and Youth Workers as a learning tank\u201d [Cyfrowa skrzynka poboru op\u0142at dla nauczycieli i os\u00f3b pracuj\u0105cych z m\u0142odzie\u017c\u0105 jako o\u015brodek edukacyjny]<\/strong><\/em>, a tak\u017ce om\u00f3wienie strategii rozpowszechniania na nadchodz\u0105ce miesi\u0105ce, kt\u00f3ra obejmuje wydarzenie upowszechniaj\u0105ce w celu przedstawienia wynik\u00f3w projektu lokalnym zainteresowanym stronom. Koordynatorzy projektu i przedstawiciele partner\u00f3w mieli r\u00f3wnie\u017c mo\u017cliwo\u015b\u0107 przy\u0142\u0105czenia si\u0119 do wydarzenia upowszechniaj\u0105cego organizowanego przez gmin\u0119 Cinisello Balsamo, wsp\u00f3\u0142pracuj\u0105c z lokaln\u0105 m\u0142odzie\u017c\u0105 i pomagaj\u0105c jej w tworzeniu strategii rozwi\u0105zywania lokalnych wyzwa\u0144.<\/p>\n<p>Projekt jest koordynowany przez <a href=\"http:\/\/www.irtea.gr\/?lang=el\">IRTEA \u2013 Institoyto Erevnas Kai Katartisis Evropaikon Thematon<\/a> (Grecja), we wsp\u00f3\u0142pracy z <a href=\"https:\/\/change-your-life-now.gr\/\">Zmie\u0144 swoje \u017cycie teraz \u2013 CYLN<\/a> (Grecja), <a href=\"https:\/\/www.boltvirtual.gr\/\">BOLT Virtual<\/a> (Grecja), Comune di Cinisello Balsamo (W\u0142ochy), DYPALL Network, <a href=\"https:\/\/www.keks.se\/\">KLUCZY STODFORENING<\/a> (Szwecja), Vsl \u201eAmicus Certus\u201d (Litwa) oraz <a href=\"https:\/\/www.mreza-mama.si\/\">Zavod Mladinska Mreza Mama<\/a> (S\u0142owenia).<\/p>\n\n\n<figure class=\"wp-block-image size-full\"><img loading=\"lazy\" decoding=\"async\" width=\"1280\" height=\"960\" src=\"https:\/\/dypall.com\/wp-content\/uploads\/2024\/06\/401830980_734478642049828_7961135142254483670_n.jpeg\" alt=\"\" class=\"wp-image-7183\" srcset=\"https:\/\/dypall.com\/wp-content\/uploads\/2024\/06\/401830980_734478642049828_7961135142254483670_n.jpeg 1280w, https:\/\/dypall.com\/wp-content\/uploads\/2024\/06\/401830980_734478642049828_7961135142254483670_n-768x576.jpeg 768w\" sizes=\"auto, (max-width: 1280px) 100vw, 1280px\" \/><\/figure>\n\n\n\n<figure class=\"wp-block-image size-full\"><img loading=\"lazy\" decoding=\"async\" width=\"768\" height=\"1024\" src=\"https:\/\/dypall.com\/wp-content\/uploads\/2024\/06\/401810155_734478622049830_6048947711252550131_n.jpeg\" alt=\"\" class=\"wp-image-7184\"\/><\/figure>","protected":false},"excerpt":{"rendered":"<p>Sie\u0107 DYPALL uczestniczy\u0142a w trzecim i ostatnim transnarodowym spotkaniu projektowym w ramach projektu \u201eCentrum M\u0142odzie\u017cowe S.M.A.R.T.\u201d w dniach 13\u201316 listopada 2023 r. w Cinisello Balsamo we W\u0142oszech. Wydarzenie zosta\u0142o zorganizowane przez IRTEA, a gospodarzem by\u0142a gmina Cinisello Balsamo. Projekt \u201eCentrum M\u0142odzie\u017cowe S.M.A.R.T.\u201d ma na celu wspieranie i wzmacnianie pozycji os\u00f3b pracuj\u0105cych z m\u0142odzie\u017c\u0105,... <a class=\"more-link\" href=\"https:\/\/dypall.com\/pl\/activity\/s-m-a-r-t-youth-center-third-and-last-transnational-project-meeting\/\">Czytaj dalej <span class=\"screen-reader-text\">\u201eCentrum M\u0142odzie\u017cowe S.M.A.R.T.\u201d \u2013 trzecie i ostatnie mi\u0119dzynarodowe spotkanie projektowe<\/span><\/a><\/p>","protected":false},"author":1,"featured_media":7184,"comment_status":"closed","ping_status":"open","sticky":false,"template":"","format":"standard","meta":{"_acf_changed":false,"_jetpack_memberships_contains_paid_content":false,"footnotes":""},"categories":[111],"tags":[],"class_list":["post-6772","post","type-post","status-publish","format-standard","has-post-thumbnail","hentry","category-activity","entry"],"acf":[],"yoast_head":"<!-- This site is optimized with the Yoast SEO plugin v22.8 - https:\/\/yoast.com\/wordpress\/plugins\/seo\/ -->\n<title>\u201cS.M.A.R.T. Youth Center\u201d third and last transnational project meeting - DYPALL Network<\/title>\n<meta name=\"robots\" content=\"index, follow, max-snippet:-1, max-image-preview:large, max-video-preview:-1\" \/>\n<link rel=\"canonical\" href=\"https:\/\/dypall.com\/pl\/activity\/s-m-a-r-t-youth-center-third-and-last-transnational-project-meeting\/\" \/>\n<meta property=\"og:locale\" content=\"pl_PL\" \/>\n<meta property=\"og:type\" content=\"article\" \/>\n<meta property=\"og:title\" content=\"\u201cS.M.A.R.T. Youth Center\u201d third and last transnational project meeting - DYPALL Network\" \/>\n<meta property=\"og:description\" content=\"DYPALL Network participated in the third and last transnational project meeting for the \u201cS.M.A.R.T. Youth Center\u201d project from 13th \u2013 16th November 2023, in Cinisello Balsamo, Italy. The event was organised by IRTEA and hosted by Comune di Cinisello Balsamo. The \u201cS.M.A.R.T. Youth Center\u201d project aims to support and empower youth workers, to develop the&hellip; Czytaj dalej \u201cS.M.A.R.T. Youth Center\u201d third and last transnational project meeting\" \/>\n<meta property=\"og:url\" content=\"https:\/\/dypall.com\/pl\/activity\/s-m-a-r-t-youth-center-third-and-last-transnational-project-meeting\/\" \/>\n<meta property=\"og:site_name\" content=\"DYPALL Network\" \/>\n<meta property=\"article:published_time\" content=\"2023-12-04T16:49:10+00:00\" \/>\n<meta property=\"article:modified_time\" content=\"2024-06-06T10:05:29+00:00\" \/>\n<meta property=\"og:image\" content=\"https:\/\/dypall.com\/wp-content\/uploads\/2024\/06\/401810155_734478622049830_6048947711252550131_n.jpeg\" \/>\n\t<meta property=\"og:image:width\" content=\"768\" \/>\n\t<meta property=\"og:image:height\" content=\"1024\" \/>\n\t<meta property=\"og:image:type\" content=\"image\/jpeg\" \/>\n<meta name=\"author\" content=\"DYPALL Network\" \/>\n<meta name=\"twitter:card\" content=\"summary_large_image\" \/>\n<meta name=\"twitter:label1\" content=\"Written by\" \/>\n\t<meta name=\"twitter:data1\" content=\"DYPALL Network\" \/>\n\t<meta name=\"twitter:label2\" content=\"Est. reading time\" \/>\n\t<meta name=\"twitter:data2\" content=\"2 minuty\" \/>\n<script type=\"application\/ld+json\" class=\"yoast-schema-graph\">{\"@context\":\"https:\/\/schema.org\",\"@graph\":[{\"@type\":\"WebPage\",\"@id\":\"https:\/\/dypall.com\/activity\/s-m-a-r-t-youth-center-third-and-last-transnational-project-meeting\/\",\"url\":\"https:\/\/dypall.com\/activity\/s-m-a-r-t-youth-center-third-and-last-transnational-project-meeting\/\",\"name\":\"\u201cS.M.A.R.T. Youth Center\u201d third and last transnational project meeting - DYPALL Network\",\"isPartOf\":{\"@id\":\"https:\/\/dypall.com\/#website\"},\"primaryImageOfPage\":{\"@id\":\"https:\/\/dypall.com\/activity\/s-m-a-r-t-youth-center-third-and-last-transnational-project-meeting\/#primaryimage\"},\"image\":{\"@id\":\"https:\/\/dypall.com\/activity\/s-m-a-r-t-youth-center-third-and-last-transnational-project-meeting\/#primaryimage\"},\"thumbnailUrl\":\"https:\/\/dypall.com\/wp-content\/uploads\/2024\/06\/401810155_734478622049830_6048947711252550131_n.jpeg\",\"datePublished\":\"2023-12-04T16:49:10+00:00\",\"dateModified\":\"2024-06-06T10:05:29+00:00\",\"author\":{\"@id\":\"https:\/\/dypall.com\/#\/schema\/person\/f92e08aa15c8ba711a9d153129f03377\"},\"breadcrumb\":{\"@id\":\"https:\/\/dypall.com\/activity\/s-m-a-r-t-youth-center-third-and-last-transnational-project-meeting\/#breadcrumb\"},\"inLanguage\":\"pl-PL\",\"potentialAction\":[{\"@type\":\"ReadAction\",\"target\":[\"https:\/\/dypall.com\/activity\/s-m-a-r-t-youth-center-third-and-last-transnational-project-meeting\/\"]}]},{\"@type\":\"ImageObject\",\"inLanguage\":\"pl-PL\",\"@id\":\"https:\/\/dypall.com\/activity\/s-m-a-r-t-youth-center-third-and-last-transnational-project-meeting\/#primaryimage\",\"url\":\"https:\/\/dypall.com\/wp-content\/uploads\/2024\/06\/401810155_734478622049830_6048947711252550131_n.jpeg\",\"contentUrl\":\"https:\/\/dypall.com\/wp-content\/uploads\/2024\/06\/401810155_734478622049830_6048947711252550131_n.jpeg\",\"width\":768,\"height\":1024},{\"@type\":\"BreadcrumbList\",\"@id\":\"https:\/\/dypall.com\/activity\/s-m-a-r-t-youth-center-third-and-last-transnational-project-meeting\/#breadcrumb\",\"itemListElement\":[{\"@type\":\"ListItem\",\"position\":1,\"name\":\"Home\",\"item\":\"https:\/\/dypall.com\/\"},{\"@type\":\"ListItem\",\"position\":2,\"name\":\"\u201cS.M.A.R.T. Youth Center\u201d third and last transnational project meeting\"}]},{\"@type\":\"WebSite\",\"@id\":\"https:\/\/dypall.com\/#website\",\"url\":\"https:\/\/dypall.com\/\",\"name\":\"DYPALL Network\",\"description\":\"We are a European network of civil society organisations, municipalities and research institutions dedicated to improving democracy through youth participation.\",\"potentialAction\":[{\"@type\":\"SearchAction\",\"target\":{\"@type\":\"EntryPoint\",\"urlTemplate\":\"https:\/\/dypall.com\/?s={search_term_string}\"},\"query-input\":\"required name=search_term_string\"}],\"inLanguage\":\"pl-PL\"},{\"@type\":\"Person\",\"@id\":\"https:\/\/dypall.com\/#\/schema\/person\/f92e08aa15c8ba711a9d153129f03377\",\"name\":\"DYPALL Network\",\"image\":{\"@type\":\"ImageObject\",\"inLanguage\":\"pl-PL\",\"@id\":\"https:\/\/dypall.com\/#\/schema\/person\/image\/\",\"url\":\"https:\/\/secure.gravatar.com\/avatar\/9c39e299279800c6d69c5e02cf613e7bab060889f373052a03d7ac399e8f0d3c?s=96&d=mm&r=g\",\"contentUrl\":\"https:\/\/secure.gravatar.com\/avatar\/9c39e299279800c6d69c5e02cf613e7bab060889f373052a03d7ac399e8f0d3c?s=96&d=mm&r=g\",\"caption\":\"DYPALL Network\"},\"sameAs\":[\"https:\/\/dypall.com\"],\"url\":\"https:\/\/dypall.com\/pl\/author\/dypall\/\"}]}<\/script>\n<!-- \/ Yoast SEO plugin. -->","yoast_head_json":{"title":"\u201cS.M.A.R.T. Youth Center\u201d third and last transnational project meeting - DYPALL Network","robots":{"index":"index","follow":"follow","max-snippet":"max-snippet:-1","max-image-preview":"max-image-preview:large","max-video-preview":"max-video-preview:-1"},"canonical":"https:\/\/dypall.com\/pl\/activity\/s-m-a-r-t-youth-center-third-and-last-transnational-project-meeting\/","og_locale":"pl_PL","og_type":"article","og_title":"\u201cS.M.A.R.T. Youth Center\u201d third and last transnational project meeting - DYPALL Network","og_description":"DYPALL Network participated in the third and last transnational project meeting for the \u201cS.M.A.R.T. Youth Center\u201d project from 13th \u2013 16th November 2023, in Cinisello Balsamo, Italy. The event was organised by IRTEA and hosted by Comune di Cinisello Balsamo. The \u201cS.M.A.R.T. Youth Center\u201d project aims to support and empower youth workers, to develop the&hellip; Czytaj dalej \u201cS.M.A.R.T. Youth Center\u201d third and last transnational project meeting","og_url":"https:\/\/dypall.com\/pl\/activity\/s-m-a-r-t-youth-center-third-and-last-transnational-project-meeting\/","og_site_name":"DYPALL Network","article_published_time":"2023-12-04T16:49:10+00:00","article_modified_time":"2024-06-06T10:05:29+00:00","og_image":[{"width":768,"height":1024,"url":"https:\/\/dypall.com\/wp-content\/uploads\/2024\/06\/401810155_734478622049830_6048947711252550131_n.jpeg","type":"image\/jpeg"}],"author":"DYPALL Network","twitter_card":"summary_large_image","twitter_misc":{"Written by":"DYPALL Network","Est. reading time":"2 minuty"},"schema":{"@context":"https:\/\/schema.org","@graph":[{"@type":"WebPage","@id":"https:\/\/dypall.com\/activity\/s-m-a-r-t-youth-center-third-and-last-transnational-project-meeting\/","url":"https:\/\/dypall.com\/activity\/s-m-a-r-t-youth-center-third-and-last-transnational-project-meeting\/","name":"\u201cS.M.A.R.T. Youth Center\u201d third and last transnational project meeting - DYPALL Network","isPartOf":{"@id":"https:\/\/dypall.com\/#website"},"primaryImageOfPage":{"@id":"https:\/\/dypall.com\/activity\/s-m-a-r-t-youth-center-third-and-last-transnational-project-meeting\/#primaryimage"},"image":{"@id":"https:\/\/dypall.com\/activity\/s-m-a-r-t-youth-center-third-and-last-transnational-project-meeting\/#primaryimage"},"thumbnailUrl":"https:\/\/dypall.com\/wp-content\/uploads\/2024\/06\/401810155_734478622049830_6048947711252550131_n.jpeg","datePublished":"2023-12-04T16:49:10+00:00","dateModified":"2024-06-06T10:05:29+00:00","author":{"@id":"https:\/\/dypall.com\/#\/schema\/person\/f92e08aa15c8ba711a9d153129f03377"},"breadcrumb":{"@id":"https:\/\/dypall.com\/activity\/s-m-a-r-t-youth-center-third-and-last-transnational-project-meeting\/#breadcrumb"},"inLanguage":"pl-PL","potentialAction":[{"@type":"ReadAction","target":["https:\/\/dypall.com\/activity\/s-m-a-r-t-youth-center-third-and-last-transnational-project-meeting\/"]}]},{"@type":"ImageObject","inLanguage":"pl-PL","@id":"https:\/\/dypall.com\/activity\/s-m-a-r-t-youth-center-third-and-last-transnational-project-meeting\/#primaryimage","url":"https:\/\/dypall.com\/wp-content\/uploads\/2024\/06\/401810155_734478622049830_6048947711252550131_n.jpeg","contentUrl":"https:\/\/dypall.com\/wp-content\/uploads\/2024\/06\/401810155_734478622049830_6048947711252550131_n.jpeg","width":768,"height":1024},{"@type":"BreadcrumbList","@id":"https:\/\/dypall.com\/activity\/s-m-a-r-t-youth-center-third-and-last-transnational-project-meeting\/#breadcrumb","itemListElement":[{"@type":"ListItem","position":1,"name":"Home","item":"https:\/\/dypall.com\/"},{"@type":"ListItem","position":2,"name":"\u201cS.M.A.R.T. Youth Center\u201d third and last transnational project meeting"}]},{"@type":"WebSite","@id":"https:\/\/dypall.com\/#website","url":"https:\/\/dypall.com\/","name":"DYPALL Network","description":"We are a European network of civil society organisations, municipalities and research institutions dedicated to improving democracy through youth participation.","potentialAction":[{"@type":"SearchAction","target":{"@type":"EntryPoint","urlTemplate":"https:\/\/dypall.com\/?s={search_term_string}"},"query-input":"required name=search_term_string"}],"inLanguage":"pl-PL"},{"@type":"Person","@id":"https:\/\/dypall.com\/#\/schema\/person\/f92e08aa15c8ba711a9d153129f03377","name":"DYPALL Network","image":{"@type":"ImageObject","inLanguage":"pl-PL","@id":"https:\/\/dypall.com\/#\/schema\/person\/image\/","url":"https:\/\/secure.gravatar.com\/avatar\/9c39e299279800c6d69c5e02cf613e7bab060889f373052a03d7ac399e8f0d3c?s=96&d=mm&r=g","contentUrl":"https:\/\/secure.gravatar.com\/avatar\/9c39e299279800c6d69c5e02cf613e7bab060889f373052a03d7ac399e8f0d3c?s=96&d=mm&r=g","caption":"DYPALL Network"},"sameAs":["https:\/\/dypall.com"],"url":"https:\/\/dypall.com\/pl\/author\/dypall\/"}]}},"jetpack_featured_media_url":"https:\/\/dypall.com\/wp-content\/uploads\/2024\/06\/401810155_734478622049830_6048947711252550131_n.jpeg","jetpack_sharing_enabled":true,"_links":{"self":[{"href":"https:\/\/dypall.com\/pl\/wp-json\/wp\/v2\/posts\/6772","targetHints":{"allow":["GET"]}}],"collection":[{"href":"https:\/\/dypall.com\/pl\/wp-json\/wp\/v2\/posts"}],"about":[{"href":"https:\/\/dypall.com\/pl\/wp-json\/wp\/v2\/types\/post"}],"author":[{"embeddable":true,"href":"https:\/\/dypall.com\/pl\/wp-json\/wp\/v2\/users\/1"}],"replies":[{"embeddable":true,"href":"https:\/\/dypall.com\/pl\/wp-json\/wp\/v2\/comments?post=6772"}],"version-history":[{"count":2,"href":"https:\/\/dypall.com\/pl\/wp-json\/wp\/v2\/posts\/6772\/revisions"}],"predecessor-version":[{"id":7186,"href":"https:\/\/dypall.com\/pl\/wp-json\/wp\/v2\/posts\/6772\/revisions\/7186"}],"wp:featuredmedia":[{"embeddable":true,"href":"https:\/\/dypall.com\/pl\/wp-json\/wp\/v2\/media\/7184"}],"wp:attachment":[{"href":"https:\/\/dypall.com\/pl\/wp-json\/wp\/v2\/media?parent=6772"}],"wp:term":[{"taxonomy":"category","embeddable":true,"href":"https:\/\/dypall.com\/pl\/wp-json\/wp\/v2\/categories?post=6772"},{"taxonomy":"post_tag","embeddable":true,"href":"https:\/\/dypall.com\/pl\/wp-json\/wp\/v2\/tags?post=6772"}],"curies":[{"name":"wp","href":"https:\/\/api.w.org\/{rel}","templated":true}]}}