{"id":6211,"date":"2022-12-22T15:33:23","date_gmt":"2022-12-22T15:33:23","guid":{"rendered":"https:\/\/dypall.com\/?p=6211"},"modified":"2022-12-22T15:33:23","modified_gmt":"2022-12-22T15:33:23","slug":"youth2europe-project-kick-off","status":"publish","type":"post","link":"https:\/\/dypall.com\/pl\/activity\/youth2europe-project-kick-off\/","title":{"rendered":"Rozpocz\u0119cie projektu \u201eYouth2EUrope\u201d"},"content":{"rendered":"<p><span style=\"font-weight: 400;\">Pierwsze spotkanie partner\u00f3w transnarodowych \u201e<strong>Youth2EUrope\u201d (Y2EU)<\/strong>\u00a0Projekt odby\u0142 si\u0119 od 7<\/span><span style=\"font-weight: 400;\">th<\/span><span style=\"font-weight: 400;\"> \u2013 10<\/span><span style=\"font-weight: 400;\">th<\/span><span style=\"font-weight: 400;\"> grudzie\u0144 2022 r. w Kownie na Litwie.<\/span><\/p>\n<p><span style=\"font-weight: 400;\">By\u0142o to spotkanie inauguracyjne, podczas kt\u00f3rego partnerzy mieli okazj\u0119 przedyskutowa\u0107 i zaplanowa\u0107 przewidywane dzia\u0142ania w ramach projektu, kt\u00f3ry b\u0119dzie realizowany w ci\u0105gu najbli\u017cszych dw\u00f3ch lat w celu zapoznania m\u0142odzie\u017cy z funkcjonowaniem instytucji europejskich, koncentruj\u0105c si\u0119 na Parlamencie Europejskim i przybli\u017caj\u0105c instytucje obywatelom, kt\u00f3rych reprezentuj\u0105 i dla kt\u00f3rych pracuj\u0105.<\/span><\/p>\n<p><span style=\"font-weight: 400;\">W przedmiocie <strong>g\u0142\u00f3wne<\/strong> <strong>cele<\/strong> Projekt obejmuje:<\/span><\/p>\n<ol>\n<li style=\"font-weight: 400;\" aria-level=\"1\"><span style=\"font-weight: 400;\">przyczynienie si\u0119 do powstania bardziej \u015bwiadomego politycznie i zaanga\u017cowanego politycznie pokolenia poprzez analiz\u0119 wiedzy m\u0142odzie\u017cy na temat Parlamentu Europejskiego i poziomu zaanga\u017cowania politycznego na terytoriach partner\u00f3w projektu;<\/span><\/li>\n<li style=\"font-weight: 400;\" aria-level=\"1\"><span style=\"font-weight: 400;\">zapewnienie m\u0142odzie\u017cy wiedzy i przestrzeni do dyskusji na temat demokracji, praw podstawowych i warto\u015bci europejskich oraz do wyra\u017cania swoich pogl\u0105d\u00f3w poprzez do\u015bwiadczanie procesu decyzyjnego za po\u015brednictwem symulacji Parlamentu Europejskiego.<\/span><\/li>\n<\/ol>\n<p><span style=\"font-weight: 400;\">Dodatkowym celem skupiaj\u0105cym si\u0119 na organizacjach m\u0142odzie\u017cowych i osobach pracuj\u0105cych z m\u0142odzie\u017c\u0105 jest zapewnienie narz\u0119dzi dla organizacji pracuj\u0105cych z rosn\u0105cym udzia\u0142em m\u0142odzie\u017cy, kt\u00f3re pomog\u0142yby kszta\u0142ci\u0107 i rozwija\u0107 spo\u0142eczno\u015b\u0107 m\u0142odzie\u017cow\u0105 zainteresowan\u0105 sprawami UE.<\/span><\/p>\n<p><span style=\"font-weight: 400;\">Konsorcjum sk\u0142adaj\u0105ce si\u0119 z czterech organizacji realizuje projekt Y2EU: <a href=\"https:\/\/manoeuropa.org\/\">Mano Europa<\/a> (Litwa), <a href=\"https:\/\/dkolektiv.hr\/public\/hr\">DKolektiv<\/a> (Chorwacja), <a href=\"https:\/\/www.glocalfactory.eu\/\">Glocal Factory<\/a> (W\u0142ochy) i DYPALL Network w ramach programu CERV.<\/span><\/p>\n<p><a href=\"https:\/\/dypall.com\/pl\/2022\/12\/22\/youth2europe-project-kick-off\/whatsapp-image-2022-12-22-at-15-14-38\/#main\" rel=\"attachment wp-att-6214\"><img loading=\"lazy\" decoding=\"async\" class=\"alignnone size-full wp-image-6214\" src=\"https:\/\/dypall.com\/wp-content\/uploads\/2022\/12\/WhatsApp-Image-2022-12-22-at-15.14.38.jpeg\" alt=\"\" width=\"2048\" height=\"1536\" \/><\/a><\/p>\n<p><a href=\"https:\/\/dypall.com\/pl\/2022\/12\/22\/youth2europe-project-kick-off\/whatsapp-image-2022-12-22-at-15-14-38-1\/#main\" rel=\"attachment wp-att-6213\"><img loading=\"lazy\" decoding=\"async\" class=\"alignnone size-full wp-image-6213\" src=\"https:\/\/dypall.com\/wp-content\/uploads\/2022\/12\/WhatsApp-Image-2022-12-22-at-15.14.38-1.jpeg\" alt=\"\" width=\"1536\" height=\"2048\" \/><\/a><\/p>","protected":false},"excerpt":{"rendered":"<p>Pierwsze spotkanie partner\u00f3w transnarodowych projektu \u201eYouth2EUrope\u201d (Y2EU) odby\u0142o si\u0119 w dniach 7\u201310 grudnia 2022 r. w Kownie na Litwie. By\u0142o to spotkanie inauguracyjne, podczas kt\u00f3rego partnerzy mieli okazj\u0119 przedyskutowa\u0107 i zaplanowa\u0107 przewidywane dzia\u0142ania projektu, kt\u00f3re b\u0119d\u0105 realizowane w ci\u0105gu najbli\u017cszych dw\u00f3ch lat w celu zapoznania m\u0142odzie\u017cy z funkcjonowaniem... <a class=\"more-link\" href=\"https:\/\/dypall.com\/pl\/activity\/youth2europe-project-kick-off\/\">Czytaj dalej <span class=\"screen-reader-text\">Rozpocz\u0119cie projektu \u201eYouth2EUrope\u201d<\/span><\/a><\/p>","protected":false},"author":1,"featured_media":6212,"comment_status":"closed","ping_status":"open","sticky":false,"template":"","format":"standard","meta":{"_acf_changed":false,"_jetpack_memberships_contains_paid_content":false,"footnotes":""},"categories":[111],"tags":[],"class_list":["post-6211","post","type-post","status-publish","format-standard","has-post-thumbnail","hentry","category-activity","entry"],"acf":[],"yoast_head":"<!-- This site is optimized with the Yoast SEO plugin v22.8 - https:\/\/yoast.com\/wordpress\/plugins\/seo\/ -->\n<title>&quot;Youth2EUrope&quot; project kick-off - DYPALL Network<\/title>\n<meta name=\"robots\" content=\"index, follow, max-snippet:-1, max-image-preview:large, max-video-preview:-1\" \/>\n<link rel=\"canonical\" href=\"https:\/\/dypall.com\/pl\/activity\/youth2europe-project-kick-off\/\" \/>\n<meta property=\"og:locale\" content=\"pl_PL\" \/>\n<meta property=\"og:type\" content=\"article\" \/>\n<meta property=\"og:title\" content=\"&quot;Youth2EUrope&quot; project kick-off - DYPALL Network\" \/>\n<meta property=\"og:description\" content=\"The first Transnational partner\u2019s meeting of the &#8220;Youth2EUrope&#8221; (Y2EU)\u00a0project took place from 7th \u2013 10th December 2022 in Kaunas, Lithuania. This was a kick-off meeting where partners had an opportunity to discuss and plan the foreseen activities of the project that will be implemented in the next two years to familiarize youth with the workings&hellip; Czytaj dalej &#8220;Youth2EUrope&#8221; project kick-off\" \/>\n<meta property=\"og:url\" content=\"https:\/\/dypall.com\/pl\/activity\/youth2europe-project-kick-off\/\" \/>\n<meta property=\"og:site_name\" content=\"DYPALL Network\" \/>\n<meta property=\"article:published_time\" content=\"2022-12-22T15:33:23+00:00\" \/>\n<meta name=\"author\" content=\"DYPALL Network\" \/>\n<meta name=\"twitter:card\" content=\"summary_large_image\" \/>\n<meta name=\"twitter:label1\" content=\"Written by\" \/>\n\t<meta name=\"twitter:data1\" content=\"DYPALL Network\" \/>\n\t<meta name=\"twitter:label2\" content=\"Est. reading time\" \/>\n\t<meta name=\"twitter:data2\" content=\"1 minuta\" \/>\n<script type=\"application\/ld+json\" class=\"yoast-schema-graph\">{\"@context\":\"https:\/\/schema.org\",\"@graph\":[{\"@type\":\"WebPage\",\"@id\":\"https:\/\/dypall.com\/activity\/youth2europe-project-kick-off\/\",\"url\":\"https:\/\/dypall.com\/activity\/youth2europe-project-kick-off\/\",\"name\":\"\\\"Youth2EUrope\\\" project kick-off - DYPALL Network\",\"isPartOf\":{\"@id\":\"https:\/\/dypall.com\/#website\"},\"primaryImageOfPage\":{\"@id\":\"https:\/\/dypall.com\/activity\/youth2europe-project-kick-off\/#primaryimage\"},\"image\":{\"@id\":\"https:\/\/dypall.com\/activity\/youth2europe-project-kick-off\/#primaryimage\"},\"thumbnailUrl\":\"\",\"datePublished\":\"2022-12-22T15:33:23+00:00\",\"dateModified\":\"2022-12-22T15:33:23+00:00\",\"author\":{\"@id\":\"https:\/\/dypall.com\/#\/schema\/person\/f92e08aa15c8ba711a9d153129f03377\"},\"breadcrumb\":{\"@id\":\"https:\/\/dypall.com\/activity\/youth2europe-project-kick-off\/#breadcrumb\"},\"inLanguage\":\"pl-PL\",\"potentialAction\":[{\"@type\":\"ReadAction\",\"target\":[\"https:\/\/dypall.com\/activity\/youth2europe-project-kick-off\/\"]}]},{\"@type\":\"ImageObject\",\"inLanguage\":\"pl-PL\",\"@id\":\"https:\/\/dypall.com\/activity\/youth2europe-project-kick-off\/#primaryimage\",\"url\":\"\",\"contentUrl\":\"\"},{\"@type\":\"BreadcrumbList\",\"@id\":\"https:\/\/dypall.com\/activity\/youth2europe-project-kick-off\/#breadcrumb\",\"itemListElement\":[{\"@type\":\"ListItem\",\"position\":1,\"name\":\"Home\",\"item\":\"https:\/\/dypall.com\/\"},{\"@type\":\"ListItem\",\"position\":2,\"name\":\"&#8220;Youth2EUrope&#8221; project kick-off\"}]},{\"@type\":\"WebSite\",\"@id\":\"https:\/\/dypall.com\/#website\",\"url\":\"https:\/\/dypall.com\/\",\"name\":\"DYPALL Network\",\"description\":\"We are a European network of civil society organisations, municipalities and research institutions dedicated to improving democracy through youth participation.\",\"potentialAction\":[{\"@type\":\"SearchAction\",\"target\":{\"@type\":\"EntryPoint\",\"urlTemplate\":\"https:\/\/dypall.com\/?s={search_term_string}\"},\"query-input\":\"required name=search_term_string\"}],\"inLanguage\":\"pl-PL\"},{\"@type\":\"Person\",\"@id\":\"https:\/\/dypall.com\/#\/schema\/person\/f92e08aa15c8ba711a9d153129f03377\",\"name\":\"DYPALL Network\",\"image\":{\"@type\":\"ImageObject\",\"inLanguage\":\"pl-PL\",\"@id\":\"https:\/\/dypall.com\/#\/schema\/person\/image\/\",\"url\":\"https:\/\/secure.gravatar.com\/avatar\/9c39e299279800c6d69c5e02cf613e7bab060889f373052a03d7ac399e8f0d3c?s=96&d=mm&r=g\",\"contentUrl\":\"https:\/\/secure.gravatar.com\/avatar\/9c39e299279800c6d69c5e02cf613e7bab060889f373052a03d7ac399e8f0d3c?s=96&d=mm&r=g\",\"caption\":\"DYPALL Network\"},\"sameAs\":[\"https:\/\/dypall.com\"],\"url\":\"https:\/\/dypall.com\/pl\/author\/dypall\/\"}]}<\/script>\n<!-- \/ Yoast SEO plugin. -->","yoast_head_json":{"title":"\"Youth2EUrope\" project kick-off - DYPALL Network","robots":{"index":"index","follow":"follow","max-snippet":"max-snippet:-1","max-image-preview":"max-image-preview:large","max-video-preview":"max-video-preview:-1"},"canonical":"https:\/\/dypall.com\/pl\/activity\/youth2europe-project-kick-off\/","og_locale":"pl_PL","og_type":"article","og_title":"\"Youth2EUrope\" project kick-off - DYPALL Network","og_description":"The first Transnational partner\u2019s meeting of the &#8220;Youth2EUrope&#8221; (Y2EU)\u00a0project took place from 7th \u2013 10th December 2022 in Kaunas, Lithuania. This was a kick-off meeting where partners had an opportunity to discuss and plan the foreseen activities of the project that will be implemented in the next two years to familiarize youth with the workings&hellip; Czytaj dalej &#8220;Youth2EUrope&#8221; project kick-off","og_url":"https:\/\/dypall.com\/pl\/activity\/youth2europe-project-kick-off\/","og_site_name":"DYPALL Network","article_published_time":"2022-12-22T15:33:23+00:00","author":"DYPALL Network","twitter_card":"summary_large_image","twitter_misc":{"Written by":"DYPALL Network","Est. reading time":"1 minuta"},"schema":{"@context":"https:\/\/schema.org","@graph":[{"@type":"WebPage","@id":"https:\/\/dypall.com\/activity\/youth2europe-project-kick-off\/","url":"https:\/\/dypall.com\/activity\/youth2europe-project-kick-off\/","name":"\"Youth2EUrope\" project kick-off - DYPALL Network","isPartOf":{"@id":"https:\/\/dypall.com\/#website"},"primaryImageOfPage":{"@id":"https:\/\/dypall.com\/activity\/youth2europe-project-kick-off\/#primaryimage"},"image":{"@id":"https:\/\/dypall.com\/activity\/youth2europe-project-kick-off\/#primaryimage"},"thumbnailUrl":"","datePublished":"2022-12-22T15:33:23+00:00","dateModified":"2022-12-22T15:33:23+00:00","author":{"@id":"https:\/\/dypall.com\/#\/schema\/person\/f92e08aa15c8ba711a9d153129f03377"},"breadcrumb":{"@id":"https:\/\/dypall.com\/activity\/youth2europe-project-kick-off\/#breadcrumb"},"inLanguage":"pl-PL","potentialAction":[{"@type":"ReadAction","target":["https:\/\/dypall.com\/activity\/youth2europe-project-kick-off\/"]}]},{"@type":"ImageObject","inLanguage":"pl-PL","@id":"https:\/\/dypall.com\/activity\/youth2europe-project-kick-off\/#primaryimage","url":"","contentUrl":""},{"@type":"BreadcrumbList","@id":"https:\/\/dypall.com\/activity\/youth2europe-project-kick-off\/#breadcrumb","itemListElement":[{"@type":"ListItem","position":1,"name":"Home","item":"https:\/\/dypall.com\/"},{"@type":"ListItem","position":2,"name":"&#8220;Youth2EUrope&#8221; project kick-off"}]},{"@type":"WebSite","@id":"https:\/\/dypall.com\/#website","url":"https:\/\/dypall.com\/","name":"DYPALL Network","description":"We are a European network of civil society organisations, municipalities and research institutions dedicated to improving democracy through youth participation.","potentialAction":[{"@type":"SearchAction","target":{"@type":"EntryPoint","urlTemplate":"https:\/\/dypall.com\/?s={search_term_string}"},"query-input":"required name=search_term_string"}],"inLanguage":"pl-PL"},{"@type":"Person","@id":"https:\/\/dypall.com\/#\/schema\/person\/f92e08aa15c8ba711a9d153129f03377","name":"DYPALL Network","image":{"@type":"ImageObject","inLanguage":"pl-PL","@id":"https:\/\/dypall.com\/#\/schema\/person\/image\/","url":"https:\/\/secure.gravatar.com\/avatar\/9c39e299279800c6d69c5e02cf613e7bab060889f373052a03d7ac399e8f0d3c?s=96&d=mm&r=g","contentUrl":"https:\/\/secure.gravatar.com\/avatar\/9c39e299279800c6d69c5e02cf613e7bab060889f373052a03d7ac399e8f0d3c?s=96&d=mm&r=g","caption":"DYPALL Network"},"sameAs":["https:\/\/dypall.com"],"url":"https:\/\/dypall.com\/pl\/author\/dypall\/"}]}},"jetpack_featured_media_url":"","jetpack_sharing_enabled":true,"_links":{"self":[{"href":"https:\/\/dypall.com\/pl\/wp-json\/wp\/v2\/posts\/6211","targetHints":{"allow":["GET"]}}],"collection":[{"href":"https:\/\/dypall.com\/pl\/wp-json\/wp\/v2\/posts"}],"about":[{"href":"https:\/\/dypall.com\/pl\/wp-json\/wp\/v2\/types\/post"}],"author":[{"embeddable":true,"href":"https:\/\/dypall.com\/pl\/wp-json\/wp\/v2\/users\/1"}],"replies":[{"embeddable":true,"href":"https:\/\/dypall.com\/pl\/wp-json\/wp\/v2\/comments?post=6211"}],"version-history":[{"count":0,"href":"https:\/\/dypall.com\/pl\/wp-json\/wp\/v2\/posts\/6211\/revisions"}],"wp:featuredmedia":[{"embeddable":true,"href":"https:\/\/dypall.com\/pl\/wp-json\/"}],"wp:attachment":[{"href":"https:\/\/dypall.com\/pl\/wp-json\/wp\/v2\/media?parent=6211"}],"wp:term":[{"taxonomy":"category","embeddable":true,"href":"https:\/\/dypall.com\/pl\/wp-json\/wp\/v2\/categories?post=6211"},{"taxonomy":"post_tag","embeddable":true,"href":"https:\/\/dypall.com\/pl\/wp-json\/wp\/v2\/tags?post=6211"}],"curies":[{"name":"wp","href":"https:\/\/api.w.org\/{rel}","templated":true}]}}