{"id":6034,"date":"2022-10-26T15:12:29","date_gmt":"2022-10-26T14:12:29","guid":{"rendered":"https:\/\/dypall.com\/?p=6034"},"modified":"2022-10-26T15:12:29","modified_gmt":"2022-10-26T14:12:29","slug":"fostering-a-culture-of-participation-mainstreaming-local-youth-councils-in-europe-transnational-project-meeting","status":"publish","type":"post","link":"https:\/\/dypall.com\/pl\/activity\/fostering-a-culture-of-participation-mainstreaming-local-youth-councils-in-europe-transnational-project-meeting\/","title":{"rendered":"\u201eWspieranie kultury uczestnictwa: Mainstreaming Local Youth Councils in Europe\u201d [W\u0142\u0105czanie w g\u0142\u00f3wny nurt lokalnych rad m\u0142odzie\u017cowych w Europie] \u2013 ponadnarodowe spotkanie projektowe"},"content":{"rendered":"<p style=\"font-weight: 400;\">Drugie i ostatnie mi\u0119dzynarodowe spotkanie projektowe projektu <em><strong>\u201eWspieranie kultury uczestnictwa: Uwzgl\u0119dnianie lokalnych rad m\u0142odzie\u017cowych w Europie\u201d<\/strong><\/em> odby\u0142o si\u0119 w dniach 18\u201319 pa\u017adziernika 2022 r. w Namur (Belgia).<\/p>\n<p style=\"font-weight: 400;\">Spotkanie zosta\u0142o zorganizowane przez CRECCIDE i da\u0142o mo\u017cliwo\u015b\u0107 zapoznania si\u0119 z <strong>publikacja<\/strong> Wyprodukowane w trakcie realizacji projektu, oceniaj\u0105 <strong>r\u00f3\u017cne etapy<\/strong> oraz <strong>dzia\u0142alno\u015b\u0107<\/strong>, i zbada\u0107 <strong>przysz\u0142e mo\u017cliwo\u015bci wsp\u00f3\u0142pracy<\/strong>.<\/p>\n<p style=\"font-weight: 400;\">Publikacja \u201e<strong><a href=\"https:\/\/u.pcloud.link\/publink\/show?code=XZDXBfVZi9vDzl6qGpjYtK89AOtwH0DxjMUV\" data-saferedirecturl=\"https:\/\/www.google.com\/url?q=https:\/\/u.pcloud.link\/publink\/show?code%3DXZDXBfVZi9vDzl6qGpjYtK89AOtwH0DxjMUV&amp;source=gmail&amp;ust=1667655082973000&amp;usg=AOvVaw0UCToq28-V0hM-NxvmIgDv\">Lokalne rady m\u0142odzie\u017cowe \u2013 praktyki mapowania<\/a><\/strong>\u201d, zbi\u00f3r r\u00f3\u017cnych podej\u015b\u0107, umo\u017cliwi\u0142 pi\u0119ciu partnerom krajowym zastanowienie si\u0119 nad ich podej\u015bciami krajowymi, regionalnymi i lokalnymi oraz ustanowienie pomost\u00f3w z innymi odpowiednimi strukturami i podmiotami. Przedstawione praktyki maj\u0105 na celu zaprezentowanie r\u00f3\u017cnych mo\u017cliwo\u015bci, dostarczaj\u0105c praktycznych przyk\u0142ad\u00f3w zastosowania, mo\u017cliwo\u015bci przenoszenia i wdra\u017cania r\u00f3\u017cnych rozwi\u0105za\u0144 i wymiar\u00f3w, takich jak liczba zaanga\u017cowanych os\u00f3b, \u015brednia wieku, zwi\u0105zek mi\u0119dzy lokalnym zarz\u0105dzaniem, jego celami i dost\u0119pnymi zasobami. Chocia\u017c zebrane wewn\u0119trzne perspektywy nie s\u0105 wyczerpuj\u0105c\u0105 transkrypcj\u0105 wywiad\u00f3w, s\u0105 one bardzo wnikliwe w zrozumieniu r\u00f3\u017cnych percepcji i uczu\u0107 dotycz\u0105cych tej samej struktury partycypacyjnej.<\/p>\n<p style=\"font-weight: 400;\">W ramach projektu jednym z dzia\u0142a\u0144 by\u0142o:<strong><a href=\"https:\/\/u.pcloud.link\/publink\/show?code=XZzJsbVZnpevOT6SFdpzOrL0UVigTfDhLLzV\" data-saferedirecturl=\"https:\/\/www.google.com\/url?q=https:\/\/u.pcloud.link\/publink\/show?code%3DXZzJsbVZnpevOT6SFdpzOrL0UVigTfDhLLzV&amp;source=gmail&amp;ust=1667655082973000&amp;usg=AOvVaw1uhdKuGoAg8qFEYyd44dw8\">Zapewnienie jako\u015bci w lokalnych radach m\u0142odzie\u017cowych<\/a><\/strong>\u201eszkolenie, kt\u00f3re odby\u0142o si\u0119 w dniach 2\u20138 maja 2022 r. w Portim\u00e3o w Portugalii. Szkolenie by\u0142o okazj\u0105 do zaanga\u017cowania 23 uczestnik\u00f3w z czterech kraj\u00f3w partnerskich i stworzy\u0142o godn\u0105 przestrze\u0144, w kt\u00f3rej ponad 50 os\u00f3b, m\u0142odych ludzi, os\u00f3b pracuj\u0105cych z m\u0142odzie\u017c\u0105 i decydent\u00f3w podzieli\u0142o si\u0119 swoj\u0105 wiedz\u0105 fachow\u0105 i spostrze\u017ceniami.<\/p>\n<p style=\"font-weight: 400;\">Ostatniego dnia konsorcjum nadal mia\u0142o mo\u017cliwo\u015b\u0107 bardziej szczeg\u00f3\u0142owego zapoznania si\u0119 ze wsparciem udzielanym przez CRECCIDE belgijskim gminom oraz z narz\u0119dziami, podej\u015bciami i mechanizmami uczestnictwa dzieci i m\u0142odzie\u017cy.<\/p>\n<p style=\"font-weight: 400;\">Projekt zosta\u0142 zrealizowany przez DYPALL Network we wsp\u00f3\u0142pracy z <a href=\"http:\/\/www.creccide.be\/\">CRECCIDE<\/a><a href=\"http:\/\/www.creccide.be\/\" data-saferedirecturl=\"https:\/\/www.google.com\/url?q=http:\/\/www.creccide.be\/&amp;source=gmail&amp;ust=1667655082973000&amp;usg=AOvVaw2dcLKTBKnwp7JrehkKGSkJ\">\u00a0<\/a>(Belgia),\u00a0<a href=\"https:\/\/www.comune.collegno.gov.it\/home\" data-saferedirecturl=\"https:\/\/www.google.com\/url?q=https:\/\/www.comune.collegno.gov.it\/home&amp;source=gmail&amp;ust=1667655082973000&amp;usg=AOvVaw2Kl24KRgn799zsYVqL-yAn\">Citt\u00e0 di Collegno<\/a>\u00a0(W\u0142ochy),\u00a0<a href=\"https:\/\/www.kzz.hr\/\" data-saferedirecturl=\"https:\/\/www.google.com\/url?q=https:\/\/www.kzz.hr\/&amp;source=gmail&amp;ust=1667655082973000&amp;usg=AOvVaw2sKWU2vh7sZL1T8WDqTUPh\">KRAPINSKO-ZAGORSKA ZUPANIJA<\/a>\u00a0(Chorwacja) oraz\u00a0<a href=\"https:\/\/msa.si\/\" data-saferedirecturl=\"https:\/\/www.google.com\/url?q=https:\/\/msa.si\/&amp;source=gmail&amp;ust=1667655082973000&amp;usg=AOvVaw3zr9G6oDK_Tk4HSbCmsbwv\">Mladinski svet Ajdov\u0161\u010dina<\/a> (S\u0142owenia). Jest on finansowany w ramach programu wymiany dobrych praktyk Erasmus+ KA2 przez\u00a0<a href=\"https:\/\/www.lebij.be\/\" data-saferedirecturl=\"https:\/\/www.google.com\/url?q=https:\/\/www.lebij.be\/&amp;source=gmail&amp;ust=1667655082973000&amp;usg=AOvVaw1Tmus7HGOoQxW0wCq2sUap\">BIJ \u2013 Biuro Mi\u0119dzynarodowe w Jaunesse<\/a>\u00a0Agencja narodowa.<\/p>\n<p>&nbsp;<\/p>\n<p><a href=\"https:\/\/dypall.com\/pl\/2022\/11\/04\/fostering-a-culture-of-participation-mainstreaming-local-youth-councils-in-europe-transnational-project-meeting\/311607478_6768349466513747_133668428425177337_n\/#main\" rel=\"attachment wp-att-6037\"><img loading=\"lazy\" decoding=\"async\" class=\"alignnone size-full wp-image-6037\" src=\"https:\/\/dypall.com\/wp-content\/uploads\/2022\/11\/311607478_6768349466513747_133668428425177337_n.jpeg\" alt=\"\" width=\"1920\" height=\"1440\" \/><\/a><\/p>\n<p><a href=\"https:\/\/dypall.com\/pl\/2022\/11\/04\/fostering-a-culture-of-participation-mainstreaming-local-youth-councils-in-europe-transnational-project-meeting\/312090431_6768349366513757_4395357973962703445_n\/#main\" rel=\"attachment wp-att-6036\"><img loading=\"lazy\" decoding=\"async\" class=\"alignnone size-full wp-image-6036\" src=\"https:\/\/dypall.com\/wp-content\/uploads\/2022\/11\/312090431_6768349366513757_4395357973962703445_n.jpeg\" alt=\"\" width=\"1024\" height=\"768\" \/><\/a><\/p>\n<p><a href=\"https:\/\/dypall.com\/pl\/2022\/11\/04\/fostering-a-culture-of-participation-mainstreaming-local-youth-councils-in-europe-transnational-project-meeting\/311610525_6768349489847078_3205972627485120589_n\/#main\" rel=\"attachment wp-att-6035\"><img loading=\"lazy\" decoding=\"async\" class=\"alignnone size-full wp-image-6035\" src=\"https:\/\/dypall.com\/wp-content\/uploads\/2022\/11\/311610525_6768349489847078_3205972627485120589_n.jpeg\" alt=\"\" width=\"2048\" height=\"1536\" \/><\/a><\/p>","protected":false},"excerpt":{"rendered":"<p>Drugie i ostatnie mi\u0119dzynarodowe spotkanie projektowe projektu \u201eWspieranie kultury uczestnictwa: Mainstreaming Local Youth Councils in Europe\u201d odby\u0142o si\u0119 w dniach 18\u201319 pa\u017adziernika 2022 r. w Namur (Belgia). Spotkanie zosta\u0142o zorganizowane przez CRECCIDE i da\u0142o mo\u017cliwo\u015b\u0107 zapoznania si\u0119 z publikacj\u0105 powsta\u0142\u0105 podczas projektu, oceny r\u00f3\u017cnych faz i... <a class=\"more-link\" href=\"https:\/\/dypall.com\/pl\/activity\/fostering-a-culture-of-participation-mainstreaming-local-youth-councils-in-europe-transnational-project-meeting\/\">Czytaj dalej <span class=\"screen-reader-text\">\u201eWspieranie kultury uczestnictwa: Mainstreaming Local Youth Councils in Europe\u201d [W\u0142\u0105czanie w g\u0142\u00f3wny nurt lokalnych rad m\u0142odzie\u017cowych w Europie] \u2013 ponadnarodowe spotkanie projektowe<\/span><\/a><\/p>","protected":false},"author":1,"featured_media":6037,"comment_status":"closed","ping_status":"open","sticky":false,"template":"","format":"standard","meta":{"_acf_changed":false,"_jetpack_memberships_contains_paid_content":false,"footnotes":""},"categories":[111],"tags":[],"class_list":["post-6034","post","type-post","status-publish","format-standard","has-post-thumbnail","hentry","category-activity","entry"],"acf":[],"yoast_head":"<!-- This site is optimized with the Yoast SEO plugin v22.8 - https:\/\/yoast.com\/wordpress\/plugins\/seo\/ -->\n<title>&quot;Fostering a Culture of Participation: Mainstreaming Local Youth Councils in Europe&quot; Transnational Project Meeting - DYPALL Network<\/title>\n<meta name=\"robots\" content=\"index, follow, max-snippet:-1, max-image-preview:large, max-video-preview:-1\" \/>\n<link rel=\"canonical\" href=\"https:\/\/dypall.com\/pl\/activity\/fostering-a-culture-of-participation-mainstreaming-local-youth-councils-in-europe-transnational-project-meeting\/\" \/>\n<meta property=\"og:locale\" content=\"pl_PL\" \/>\n<meta property=\"og:type\" content=\"article\" \/>\n<meta property=\"og:title\" content=\"&quot;Fostering a Culture of Participation: Mainstreaming Local Youth Councils in Europe&quot; Transnational Project Meeting - DYPALL Network\" \/>\n<meta property=\"og:description\" content=\"The 2nd and last Transnational Project Meeting of the project &#8220;Fostering a Culture of Participation: Mainstreaming Local Youth Councils in Europe&#8221; took place from 18th &#8211; 19th October 2022 in Namur, Belgium. The meeting was hosted by CRECCIDE and gave the opportunity to explore the publication produced during the project, evaluate the different phases and&hellip; Czytaj dalej &#8220;Fostering a Culture of Participation: Mainstreaming Local Youth Councils in Europe&#8221; Transnational Project Meeting\" \/>\n<meta property=\"og:url\" content=\"https:\/\/dypall.com\/pl\/activity\/fostering-a-culture-of-participation-mainstreaming-local-youth-councils-in-europe-transnational-project-meeting\/\" \/>\n<meta property=\"og:site_name\" content=\"DYPALL Network\" \/>\n<meta property=\"article:published_time\" content=\"2022-10-26T14:12:29+00:00\" \/>\n<meta name=\"author\" content=\"DYPALL Network\" \/>\n<meta name=\"twitter:card\" content=\"summary_large_image\" \/>\n<meta name=\"twitter:label1\" content=\"Written by\" \/>\n\t<meta name=\"twitter:data1\" content=\"DYPALL Network\" \/>\n\t<meta name=\"twitter:label2\" content=\"Est. reading time\" \/>\n\t<meta name=\"twitter:data2\" content=\"2 minuty\" \/>\n<script type=\"application\/ld+json\" class=\"yoast-schema-graph\">{\"@context\":\"https:\/\/schema.org\",\"@graph\":[{\"@type\":\"WebPage\",\"@id\":\"https:\/\/dypall.com\/activity\/fostering-a-culture-of-participation-mainstreaming-local-youth-councils-in-europe-transnational-project-meeting\/\",\"url\":\"https:\/\/dypall.com\/activity\/fostering-a-culture-of-participation-mainstreaming-local-youth-councils-in-europe-transnational-project-meeting\/\",\"name\":\"\\\"Fostering a Culture of Participation: Mainstreaming Local Youth Councils in Europe\\\" Transnational Project Meeting - DYPALL Network\",\"isPartOf\":{\"@id\":\"https:\/\/dypall.com\/#website\"},\"primaryImageOfPage\":{\"@id\":\"https:\/\/dypall.com\/activity\/fostering-a-culture-of-participation-mainstreaming-local-youth-councils-in-europe-transnational-project-meeting\/#primaryimage\"},\"image\":{\"@id\":\"https:\/\/dypall.com\/activity\/fostering-a-culture-of-participation-mainstreaming-local-youth-councils-in-europe-transnational-project-meeting\/#primaryimage\"},\"thumbnailUrl\":\"\",\"datePublished\":\"2022-10-26T14:12:29+00:00\",\"dateModified\":\"2022-10-26T14:12:29+00:00\",\"author\":{\"@id\":\"https:\/\/dypall.com\/#\/schema\/person\/f92e08aa15c8ba711a9d153129f03377\"},\"breadcrumb\":{\"@id\":\"https:\/\/dypall.com\/activity\/fostering-a-culture-of-participation-mainstreaming-local-youth-councils-in-europe-transnational-project-meeting\/#breadcrumb\"},\"inLanguage\":\"pl-PL\",\"potentialAction\":[{\"@type\":\"ReadAction\",\"target\":[\"https:\/\/dypall.com\/activity\/fostering-a-culture-of-participation-mainstreaming-local-youth-councils-in-europe-transnational-project-meeting\/\"]}]},{\"@type\":\"ImageObject\",\"inLanguage\":\"pl-PL\",\"@id\":\"https:\/\/dypall.com\/activity\/fostering-a-culture-of-participation-mainstreaming-local-youth-councils-in-europe-transnational-project-meeting\/#primaryimage\",\"url\":\"\",\"contentUrl\":\"\"},{\"@type\":\"BreadcrumbList\",\"@id\":\"https:\/\/dypall.com\/activity\/fostering-a-culture-of-participation-mainstreaming-local-youth-councils-in-europe-transnational-project-meeting\/#breadcrumb\",\"itemListElement\":[{\"@type\":\"ListItem\",\"position\":1,\"name\":\"Home\",\"item\":\"https:\/\/dypall.com\/\"},{\"@type\":\"ListItem\",\"position\":2,\"name\":\"&#8220;Fostering a Culture of Participation: Mainstreaming Local Youth Councils in Europe&#8221; Transnational Project Meeting\"}]},{\"@type\":\"WebSite\",\"@id\":\"https:\/\/dypall.com\/#website\",\"url\":\"https:\/\/dypall.com\/\",\"name\":\"DYPALL Network\",\"description\":\"We are a European network of civil society organisations, municipalities and research institutions dedicated to improving democracy through youth participation.\",\"potentialAction\":[{\"@type\":\"SearchAction\",\"target\":{\"@type\":\"EntryPoint\",\"urlTemplate\":\"https:\/\/dypall.com\/?s={search_term_string}\"},\"query-input\":\"required name=search_term_string\"}],\"inLanguage\":\"pl-PL\"},{\"@type\":\"Person\",\"@id\":\"https:\/\/dypall.com\/#\/schema\/person\/f92e08aa15c8ba711a9d153129f03377\",\"name\":\"DYPALL Network\",\"image\":{\"@type\":\"ImageObject\",\"inLanguage\":\"pl-PL\",\"@id\":\"https:\/\/dypall.com\/#\/schema\/person\/image\/\",\"url\":\"https:\/\/secure.gravatar.com\/avatar\/9c39e299279800c6d69c5e02cf613e7bab060889f373052a03d7ac399e8f0d3c?s=96&d=mm&r=g\",\"contentUrl\":\"https:\/\/secure.gravatar.com\/avatar\/9c39e299279800c6d69c5e02cf613e7bab060889f373052a03d7ac399e8f0d3c?s=96&d=mm&r=g\",\"caption\":\"DYPALL Network\"},\"sameAs\":[\"https:\/\/dypall.com\"],\"url\":\"https:\/\/dypall.com\/pl\/author\/dypall\/\"}]}<\/script>\n<!-- \/ Yoast SEO plugin. -->","yoast_head_json":{"title":"\"Fostering a Culture of Participation: Mainstreaming Local Youth Councils in Europe\" Transnational Project Meeting - DYPALL Network","robots":{"index":"index","follow":"follow","max-snippet":"max-snippet:-1","max-image-preview":"max-image-preview:large","max-video-preview":"max-video-preview:-1"},"canonical":"https:\/\/dypall.com\/pl\/activity\/fostering-a-culture-of-participation-mainstreaming-local-youth-councils-in-europe-transnational-project-meeting\/","og_locale":"pl_PL","og_type":"article","og_title":"\"Fostering a Culture of Participation: Mainstreaming Local Youth Councils in Europe\" Transnational Project Meeting - DYPALL Network","og_description":"The 2nd and last Transnational Project Meeting of the project &#8220;Fostering a Culture of Participation: Mainstreaming Local Youth Councils in Europe&#8221; took place from 18th &#8211; 19th October 2022 in Namur, Belgium. The meeting was hosted by CRECCIDE and gave the opportunity to explore the publication produced during the project, evaluate the different phases and&hellip; Czytaj dalej &#8220;Fostering a Culture of Participation: Mainstreaming Local Youth Councils in Europe&#8221; Transnational Project Meeting","og_url":"https:\/\/dypall.com\/pl\/activity\/fostering-a-culture-of-participation-mainstreaming-local-youth-councils-in-europe-transnational-project-meeting\/","og_site_name":"DYPALL Network","article_published_time":"2022-10-26T14:12:29+00:00","author":"DYPALL Network","twitter_card":"summary_large_image","twitter_misc":{"Written by":"DYPALL Network","Est. reading time":"2 minuty"},"schema":{"@context":"https:\/\/schema.org","@graph":[{"@type":"WebPage","@id":"https:\/\/dypall.com\/activity\/fostering-a-culture-of-participation-mainstreaming-local-youth-councils-in-europe-transnational-project-meeting\/","url":"https:\/\/dypall.com\/activity\/fostering-a-culture-of-participation-mainstreaming-local-youth-councils-in-europe-transnational-project-meeting\/","name":"\"Fostering a Culture of Participation: Mainstreaming Local Youth Councils in Europe\" Transnational Project Meeting - DYPALL Network","isPartOf":{"@id":"https:\/\/dypall.com\/#website"},"primaryImageOfPage":{"@id":"https:\/\/dypall.com\/activity\/fostering-a-culture-of-participation-mainstreaming-local-youth-councils-in-europe-transnational-project-meeting\/#primaryimage"},"image":{"@id":"https:\/\/dypall.com\/activity\/fostering-a-culture-of-participation-mainstreaming-local-youth-councils-in-europe-transnational-project-meeting\/#primaryimage"},"thumbnailUrl":"","datePublished":"2022-10-26T14:12:29+00:00","dateModified":"2022-10-26T14:12:29+00:00","author":{"@id":"https:\/\/dypall.com\/#\/schema\/person\/f92e08aa15c8ba711a9d153129f03377"},"breadcrumb":{"@id":"https:\/\/dypall.com\/activity\/fostering-a-culture-of-participation-mainstreaming-local-youth-councils-in-europe-transnational-project-meeting\/#breadcrumb"},"inLanguage":"pl-PL","potentialAction":[{"@type":"ReadAction","target":["https:\/\/dypall.com\/activity\/fostering-a-culture-of-participation-mainstreaming-local-youth-councils-in-europe-transnational-project-meeting\/"]}]},{"@type":"ImageObject","inLanguage":"pl-PL","@id":"https:\/\/dypall.com\/activity\/fostering-a-culture-of-participation-mainstreaming-local-youth-councils-in-europe-transnational-project-meeting\/#primaryimage","url":"","contentUrl":""},{"@type":"BreadcrumbList","@id":"https:\/\/dypall.com\/activity\/fostering-a-culture-of-participation-mainstreaming-local-youth-councils-in-europe-transnational-project-meeting\/#breadcrumb","itemListElement":[{"@type":"ListItem","position":1,"name":"Home","item":"https:\/\/dypall.com\/"},{"@type":"ListItem","position":2,"name":"&#8220;Fostering a Culture of Participation: Mainstreaming Local Youth Councils in Europe&#8221; Transnational Project Meeting"}]},{"@type":"WebSite","@id":"https:\/\/dypall.com\/#website","url":"https:\/\/dypall.com\/","name":"DYPALL Network","description":"We are a European network of civil society organisations, municipalities and research institutions dedicated to improving democracy through youth participation.","potentialAction":[{"@type":"SearchAction","target":{"@type":"EntryPoint","urlTemplate":"https:\/\/dypall.com\/?s={search_term_string}"},"query-input":"required name=search_term_string"}],"inLanguage":"pl-PL"},{"@type":"Person","@id":"https:\/\/dypall.com\/#\/schema\/person\/f92e08aa15c8ba711a9d153129f03377","name":"DYPALL Network","image":{"@type":"ImageObject","inLanguage":"pl-PL","@id":"https:\/\/dypall.com\/#\/schema\/person\/image\/","url":"https:\/\/secure.gravatar.com\/avatar\/9c39e299279800c6d69c5e02cf613e7bab060889f373052a03d7ac399e8f0d3c?s=96&d=mm&r=g","contentUrl":"https:\/\/secure.gravatar.com\/avatar\/9c39e299279800c6d69c5e02cf613e7bab060889f373052a03d7ac399e8f0d3c?s=96&d=mm&r=g","caption":"DYPALL Network"},"sameAs":["https:\/\/dypall.com"],"url":"https:\/\/dypall.com\/pl\/author\/dypall\/"}]}},"jetpack_featured_media_url":"","jetpack_sharing_enabled":true,"_links":{"self":[{"href":"https:\/\/dypall.com\/pl\/wp-json\/wp\/v2\/posts\/6034","targetHints":{"allow":["GET"]}}],"collection":[{"href":"https:\/\/dypall.com\/pl\/wp-json\/wp\/v2\/posts"}],"about":[{"href":"https:\/\/dypall.com\/pl\/wp-json\/wp\/v2\/types\/post"}],"author":[{"embeddable":true,"href":"https:\/\/dypall.com\/pl\/wp-json\/wp\/v2\/users\/1"}],"replies":[{"embeddable":true,"href":"https:\/\/dypall.com\/pl\/wp-json\/wp\/v2\/comments?post=6034"}],"version-history":[{"count":0,"href":"https:\/\/dypall.com\/pl\/wp-json\/wp\/v2\/posts\/6034\/revisions"}],"wp:featuredmedia":[{"embeddable":true,"href":"https:\/\/dypall.com\/pl\/wp-json\/"}],"wp:attachment":[{"href":"https:\/\/dypall.com\/pl\/wp-json\/wp\/v2\/media?parent=6034"}],"wp:term":[{"taxonomy":"category","embeddable":true,"href":"https:\/\/dypall.com\/pl\/wp-json\/wp\/v2\/categories?post=6034"},{"taxonomy":"post_tag","embeddable":true,"href":"https:\/\/dypall.com\/pl\/wp-json\/wp\/v2\/tags?post=6034"}],"curies":[{"name":"wp","href":"https:\/\/api.w.org\/{rel}","templated":true}]}}