{"id":5656,"date":"2022-06-15T17:56:02","date_gmt":"2022-06-15T16:56:02","guid":{"rendered":"https:\/\/dypall.com\/?p=5558"},"modified":"2022-06-15T17:56:02","modified_gmt":"2022-06-15T16:56:02","slug":"conference-digital-participation-tools-for-youth-engagement-in-local-governance","status":"publish","type":"post","link":"https:\/\/dypall.com\/pl\/activity\/conference-digital-participation-tools-for-youth-engagement-in-local-governance\/","title":{"rendered":"Konferencja \u201eNarz\u0119dzia uczestnictwa cyfrowego na rzecz zaanga\u017cowania m\u0142odzie\u017cy w sprawowanie rz\u0105d\u00f3w na szczeblu lokalnym\u201d"},"content":{"rendered":"<div class=\"kvgmc6g5 cxmmr5t8 oygrvhab hcukyx3x c1et5uql ii04i59q\">\n<p dir=\"auto\">Podczas mi\u0119dzynarodowej konferencji 2 czerwca 2022 r. w Antwerpii (Belgia) sie\u0107 DYPALL zainicjowa\u0142a badanie pt. \u201eDigital Participation Tools for Youth Engagement in Local Governance\u201d.<\/p>\n<\/div>\n<p dir=\"auto\">\n<p dir=\"auto\">\n<div dir=\"auto\">Badanie to jest zbiorem narz\u0119dzi i praktyk cyfrowych s\u0142u\u017c\u0105cych lokalnemu uczestnictwu m\u0142odzie\u017cy w procesach decyzyjnych z Belgii, S\u0142owenii, Portugalii, W\u0142och i ca\u0142ej Europy.\u00a0 Konferencja by\u0142a okazj\u0105 do zaprezentowania niekt\u00f3rych narz\u0119dzi z badania przedstawicielom gmin, kt\u00f3rzy zaanga\u017cowali si\u0119 r\u00f3wnie\u017c w dyskusj\u0119 na temat wyzwa\u0144, mo\u017cliwo\u015bci i wp\u0142ywu narz\u0119dzi cyfrowych na lokaln\u0105 polityk\u0119 m\u0142odzie\u017cow\u0105.<\/div>\n<p dir=\"auto\">\n<p dir=\"auto\">\n<p dir=\"auto\">Umo\u017cliwienie uczestnictwa m\u0142odzie\u017cy za pomoc\u0105 narz\u0119dzi cyfrowych jest wymienione jako jedna z innowacyjnych praktyk w pracy z m\u0142odzie\u017c\u0105 w publikacji Komisji Europejskiej (<em>Rozw\u00f3j cyfrowej pracy z m\u0142odzie\u017c\u0105 \u2013 zalecenia polityczne, potrzeby szkoleniowe i przyk\u0142ady dobrych praktyk dla os\u00f3b pracuj\u0105cych z m\u0142odzie\u017c\u0105 i decydent\u00f3w: grupa ekspert\u00f3w powo\u0142ana w ramach planu prac Unii Europejskiej na rzecz m\u0142odzie\u017cy na lata 2016\u20132018<\/em>). Narz\u0119dzia cyfrowe mog\u0105 by\u0107 wykorzystywane do wspierania ju\u017c istniej\u0105cych struktur i proces\u00f3w uczestnictwa m\u0142odzie\u017cy lub do zach\u0119cania do e-uczestnictwa w \u015brodowiskach internetowych lub do po\u0142\u0105czenia obu tych element\u00f3w, kt\u00f3re mog\u0105 si\u0119 wzajemnie uzupe\u0142nia\u0107.<\/p>\n<p dir=\"auto\">\n<p dir=\"auto\">\n<p dir=\"auto\">Chocia\u017c wykonano ju\u017c pewne prace nad analiz\u0105 cyfrowej pracy z m\u0142odzie\u017c\u0105 w Europie i og\u00f3lnie e-uczestnictwa, nadal nie ma wystarczaj\u0105cych usystematyzowanych informacji na temat narz\u0119dzi cyfrowych s\u0142u\u017c\u0105cych w szczeg\u00f3lno\u015bci uczestnictwu m\u0142odzie\u017cy w procesach decyzyjnych. W zwi\u0105zku z tym europejskie konsorcjum pod przewodnictwem sieci DYPALL postanowi\u0142o przeprowadzi\u0107 niniejsze badanie na temat cyfrowych narz\u0119dzi uczestnictwa na rzecz zaanga\u017cowania m\u0142odzie\u017cy w lokalne zarz\u0105dzanie w celu zebrania praktycznych przyk\u0142ad\u00f3w narz\u0119dzi cyfrowych, kt\u00f3re zwi\u0119kszaj\u0105 uczestnictwo m\u0142odzie\u017cy w procesach decyzyjnych na szczeblu lokalnym. Te narz\u0119dzia i praktyki zosta\u0142y zebrane z ca\u0142ej Europy, ze szczeg\u00f3lnym uwzgl\u0119dnieniem kraj\u00f3w konsorcjum projektu, Belgii, W\u0142och, Portugalii i S\u0142owenii, i maj\u0105 s\u0142u\u017cy\u0107 jako zasoby dla os\u00f3b pracuj\u0105cych z m\u0142odzie\u017c\u0105, organizacji i gmin w ich pracach nad wspieraniem lokalnego uczestnictwa m\u0142odzie\u017cy.<\/p>\n<p dir=\"auto\">\n<p dir=\"auto\">\n<div dir=\"auto\">By\u0142o to ostatnie wydarzenie projektu Erasmus + KA2 \u201eDigital Participation Tools for Youth Engagement in Local Governance\u201d realizowanego przez sie\u0107 DYPALL we wsp\u00f3\u0142pracy z przedsi\u0119biorstwem Tree (Belgia), ARS for Progress of People (W\u0142ochy), In\u0161titut za elektronsko participacijo \u2013 INePA (S\u0142owenia) i GIShub I GIScience for Humanity (W\u0142ochy) przy wsparciu portugalskiej agencji krajowej.<\/div>\n<p dir=\"auto\">\n<p dir=\"auto\">\n<div dir=\"auto\">\n<div class=\"cxmmr5t8 oygrvhab hcukyx3x c1et5uql o9v6fnle ii04i59q\">\n<div dir=\"auto\">Badanie jest dost\u0119pne do pobrania pod tym linkiem: <a class=\"oajrlxb2 g5ia77u1 qu0x051f esr5mh6w e9989ue4 r7d6kgcz rq0escxv nhd2j8a9 nc684nl6 p7hjln8o kvgmc6g5 cxmmr5t8 oygrvhab hcukyx3x jb3vyjys rz4wbd8a qt6c0cv9 a8nywdso i1ao9s8h esuyzwwr f1sip0of lzcic4wl gpro0wi8 py34i1dx\" tabindex=\"0\" role=\"link\" href=\"https:\/\/tinyurl.com\/StudyDigitalTools?fbclid=IwAR0llwtGaR49lv5Wpton6C30Es0lKmWB0GTwGCtjMxK9-loIp3jA2_z6NRQ\" target=\"_blank\" rel=\"nofollow noopener\">https:\/\/tinyurl.com\/StudyDigitalTools<\/a>.<\/div>\n<div dir=\"auto\"><\/div>\n<\/div>\n<\/div>\n<div dir=\"auto\"><\/div>\n<div dir=\"auto\"><\/div>\n<div dir=\"auto\" data-wp-editing=\"1\"><a href=\"https:\/\/dypall.com\/pl\/2022\/06\/15\/conference-digital-participation-tools-for-youth-engagement-in-local-governance\/img-20220602-wa0026\/#main\" rel=\"attachment wp-att-5562\"><img loading=\"lazy\" decoding=\"async\" class=\"alignleft size-large wp-image-5562\" src=\"https:\/\/dypall.com\/wp-content\/uploads\/2022\/06\/IMG-20220602-WA0026-1024x768.jpg\" alt=\"\" width=\"1024\" height=\"768\" \/><\/a> <a href=\"https:\/\/dypall.com\/pl\/2022\/06\/15\/conference-digital-participation-tools-for-youth-engagement-in-local-governance\/img-20220602-wa0022\/#main\" rel=\"attachment wp-att-5561\"><img loading=\"lazy\" decoding=\"async\" class=\"alignleft size-large wp-image-5561\" src=\"https:\/\/dypall.com\/wp-content\/uploads\/2022\/06\/IMG-20220602-WA0022-1024x768.jpg\" alt=\"\" width=\"1024\" height=\"768\" \/><\/a> <a href=\"https:\/\/dypall.com\/pl\/2022\/06\/15\/conference-digital-participation-tools-for-youth-engagement-in-local-governance\/img-20220602-wa0011\/#main\" rel=\"attachment wp-att-5560\"><img loading=\"lazy\" decoding=\"async\" class=\"alignleft size-large wp-image-5560\" src=\"https:\/\/dypall.com\/wp-content\/uploads\/2022\/06\/IMG-20220602-WA0011-1024x768.jpg\" alt=\"\" width=\"1024\" height=\"768\" \/><\/a> <a href=\"https:\/\/dypall.com\/pl\/2022\/06\/15\/conference-digital-participation-tools-for-youth-engagement-in-local-governance\/img-20220602-wa0010\/#main\" rel=\"attachment wp-att-5559\"><img loading=\"lazy\" decoding=\"async\" class=\"alignleft size-large wp-image-5559\" src=\"https:\/\/dypall.com\/wp-content\/uploads\/2022\/06\/IMG-20220602-WA0010-1024x768.jpg\" alt=\"\" width=\"1024\" height=\"768\" \/><\/a><\/div>\n<p dir=\"auto\" data-wp-editing=\"1\"><a href=\"https:\/\/dypall.com\/pl\/2022\/06\/15\/conference-digital-participation-tools-for-youth-engagement-in-local-governance\/img-20220602-wa0052\/#main\" rel=\"attachment wp-att-5564\"><img loading=\"lazy\" decoding=\"async\" class=\"alignleft size-large wp-image-5564\" src=\"https:\/\/dypall.com\/wp-content\/uploads\/2022\/06\/IMG-20220602-WA0052-1024x768.jpg\" alt=\"\" width=\"1024\" height=\"768\" \/><\/a><\/p>\n<p dir=\"auto\" data-wp-editing=\"1\"><a href=\"https:\/\/dypall.com\/pl\/2022\/06\/15\/conference-digital-participation-tools-for-youth-engagement-in-local-governance\/img-20220602-wa0032\/#main\" rel=\"attachment wp-att-5563\"><img loading=\"lazy\" decoding=\"async\" class=\"alignleft size-large wp-image-5563\" src=\"https:\/\/dypall.com\/wp-content\/uploads\/2022\/06\/IMG-20220602-WA0032-1024x768.jpg\" alt=\"\" width=\"1024\" height=\"768\" \/><\/a><\/p>","protected":false},"excerpt":{"rendered":"<p>Podczas mi\u0119dzynarodowej konferencji 2 czerwca 2022 r. w Antwerpii (Belgia) sie\u0107 DYPALL zainicjowa\u0142a badanie pt. \u201eDigital Participation Tools for Youth Engagement in Local Governance\u201d. Badanie to jest zbiorem narz\u0119dzi i praktyk cyfrowych s\u0142u\u017c\u0105cych lokalnemu uczestnictwu m\u0142odzie\u017cy w procesach decyzyjnych z Belgii, S\u0142owenii, Portugalii, W\u0142och i ca\u0142ej Europy.\u00a0 Konferencja by\u0142a przestrzeni\u0105... <a class=\"more-link\" href=\"https:\/\/dypall.com\/pl\/activity\/conference-digital-participation-tools-for-youth-engagement-in-local-governance\/\">Czytaj dalej <span class=\"screen-reader-text\">Konferencja \u201eNarz\u0119dzia uczestnictwa cyfrowego na rzecz zaanga\u017cowania m\u0142odzie\u017cy w sprawowanie rz\u0105d\u00f3w na szczeblu lokalnym\u201d<\/span><\/a><\/p>","protected":false},"author":2,"featured_media":5562,"comment_status":"closed","ping_status":"open","sticky":false,"template":"","format":"standard","meta":{"_acf_changed":false,"_jetpack_memberships_contains_paid_content":false,"footnotes":""},"categories":[111,112],"tags":[],"class_list":["post-5656","post","type-post","status-publish","format-standard","has-post-thumbnail","hentry","category-activity","category-conference","entry"],"acf":[],"yoast_head":"<!-- This site is optimized with the Yoast SEO plugin v22.8 - https:\/\/yoast.com\/wordpress\/plugins\/seo\/ -->\n<title>Conference &quot;Digital Participation Tools for Youth Engagement in Local Governance&quot; - DYPALL Network<\/title>\n<meta name=\"robots\" content=\"index, follow, max-snippet:-1, max-image-preview:large, max-video-preview:-1\" \/>\n<link rel=\"canonical\" href=\"https:\/\/dypall.com\/pl\/activity\/conference-digital-participation-tools-for-youth-engagement-in-local-governance\/\" \/>\n<meta property=\"og:locale\" content=\"pl_PL\" \/>\n<meta property=\"og:type\" content=\"article\" \/>\n<meta property=\"og:title\" content=\"Conference &quot;Digital Participation Tools for Youth Engagement in Local Governance&quot; - DYPALL Network\" \/>\n<meta property=\"og:description\" content=\"DYPALL Network launched the Study &#8220;Digital Participation Tools for Youth Engagement in Local Governance&#8221; at the international conference on 2nd June 2022 in Antwerp, Belgium. The Study is a collection of digital tools and practices for local youth participation in decision-making processes from Belgium, Slovenia, Portugal, Italy and around Europe.\u00a0 The Conference was a space&hellip; Czytaj dalej Conference &#8220;Digital Participation Tools for Youth Engagement in Local Governance&#8221;\" \/>\n<meta property=\"og:url\" content=\"https:\/\/dypall.com\/pl\/activity\/conference-digital-participation-tools-for-youth-engagement-in-local-governance\/\" \/>\n<meta property=\"og:site_name\" content=\"DYPALL Network\" \/>\n<meta property=\"article:published_time\" content=\"2022-06-15T16:56:02+00:00\" \/>\n<meta name=\"author\" content=\"dypall\" \/>\n<meta name=\"twitter:card\" content=\"summary_large_image\" \/>\n<meta name=\"twitter:label1\" content=\"Written by\" \/>\n\t<meta name=\"twitter:data1\" content=\"dypall\" \/>\n\t<meta name=\"twitter:label2\" content=\"Est. reading time\" \/>\n\t<meta name=\"twitter:data2\" content=\"2 minuty\" \/>\n<script type=\"application\/ld+json\" class=\"yoast-schema-graph\">{\"@context\":\"https:\/\/schema.org\",\"@graph\":[{\"@type\":\"WebPage\",\"@id\":\"https:\/\/dypall.com\/activity\/conference-digital-participation-tools-for-youth-engagement-in-local-governance\/\",\"url\":\"https:\/\/dypall.com\/activity\/conference-digital-participation-tools-for-youth-engagement-in-local-governance\/\",\"name\":\"Conference \\\"Digital Participation Tools for Youth Engagement in Local Governance\\\" - DYPALL Network\",\"isPartOf\":{\"@id\":\"https:\/\/dypall.com\/#website\"},\"primaryImageOfPage\":{\"@id\":\"https:\/\/dypall.com\/activity\/conference-digital-participation-tools-for-youth-engagement-in-local-governance\/#primaryimage\"},\"image\":{\"@id\":\"https:\/\/dypall.com\/activity\/conference-digital-participation-tools-for-youth-engagement-in-local-governance\/#primaryimage\"},\"thumbnailUrl\":\"\",\"datePublished\":\"2022-06-15T16:56:02+00:00\",\"dateModified\":\"2022-06-15T16:56:02+00:00\",\"author\":{\"@id\":\"https:\/\/dypall.com\/#\/schema\/person\/206350efe851997fcdedef75d118766b\"},\"breadcrumb\":{\"@id\":\"https:\/\/dypall.com\/activity\/conference-digital-participation-tools-for-youth-engagement-in-local-governance\/#breadcrumb\"},\"inLanguage\":\"pl-PL\",\"potentialAction\":[{\"@type\":\"ReadAction\",\"target\":[\"https:\/\/dypall.com\/activity\/conference-digital-participation-tools-for-youth-engagement-in-local-governance\/\"]}]},{\"@type\":\"ImageObject\",\"inLanguage\":\"pl-PL\",\"@id\":\"https:\/\/dypall.com\/activity\/conference-digital-participation-tools-for-youth-engagement-in-local-governance\/#primaryimage\",\"url\":\"\",\"contentUrl\":\"\"},{\"@type\":\"BreadcrumbList\",\"@id\":\"https:\/\/dypall.com\/activity\/conference-digital-participation-tools-for-youth-engagement-in-local-governance\/#breadcrumb\",\"itemListElement\":[{\"@type\":\"ListItem\",\"position\":1,\"name\":\"Home\",\"item\":\"https:\/\/dypall.com\/\"},{\"@type\":\"ListItem\",\"position\":2,\"name\":\"Conference &#8220;Digital Participation Tools for Youth Engagement in Local Governance&#8221;\"}]},{\"@type\":\"WebSite\",\"@id\":\"https:\/\/dypall.com\/#website\",\"url\":\"https:\/\/dypall.com\/\",\"name\":\"DYPALL Network\",\"description\":\"We are a European network of civil society organisations, municipalities and research institutions dedicated to improving democracy through youth participation.\",\"potentialAction\":[{\"@type\":\"SearchAction\",\"target\":{\"@type\":\"EntryPoint\",\"urlTemplate\":\"https:\/\/dypall.com\/?s={search_term_string}\"},\"query-input\":\"required name=search_term_string\"}],\"inLanguage\":\"pl-PL\"},{\"@type\":\"Person\",\"@id\":\"https:\/\/dypall.com\/#\/schema\/person\/206350efe851997fcdedef75d118766b\",\"name\":\"dypall\",\"image\":{\"@type\":\"ImageObject\",\"inLanguage\":\"pl-PL\",\"@id\":\"https:\/\/dypall.com\/#\/schema\/person\/image\/\",\"url\":\"https:\/\/secure.gravatar.com\/avatar\/14e8d3d8841cd0bdf69915120bcf9fcfac1567f1dc7035664907322ac47efe29?s=96&d=mm&r=g\",\"contentUrl\":\"https:\/\/secure.gravatar.com\/avatar\/14e8d3d8841cd0bdf69915120bcf9fcfac1567f1dc7035664907322ac47efe29?s=96&d=mm&r=g\",\"caption\":\"dypall\"},\"url\":\"https:\/\/dypall.com\/pl\/author\/dypall_info\/\"}]}<\/script>\n<!-- \/ Yoast SEO plugin. -->","yoast_head_json":{"title":"Conference \"Digital Participation Tools for Youth Engagement in Local Governance\" - DYPALL Network","robots":{"index":"index","follow":"follow","max-snippet":"max-snippet:-1","max-image-preview":"max-image-preview:large","max-video-preview":"max-video-preview:-1"},"canonical":"https:\/\/dypall.com\/pl\/activity\/conference-digital-participation-tools-for-youth-engagement-in-local-governance\/","og_locale":"pl_PL","og_type":"article","og_title":"Conference \"Digital Participation Tools for Youth Engagement in Local Governance\" - DYPALL Network","og_description":"DYPALL Network launched the Study &#8220;Digital Participation Tools for Youth Engagement in Local Governance&#8221; at the international conference on 2nd June 2022 in Antwerp, Belgium. The Study is a collection of digital tools and practices for local youth participation in decision-making processes from Belgium, Slovenia, Portugal, Italy and around Europe.\u00a0 The Conference was a space&hellip; Czytaj dalej Conference &#8220;Digital Participation Tools for Youth Engagement in Local Governance&#8221;","og_url":"https:\/\/dypall.com\/pl\/activity\/conference-digital-participation-tools-for-youth-engagement-in-local-governance\/","og_site_name":"DYPALL Network","article_published_time":"2022-06-15T16:56:02+00:00","author":"dypall","twitter_card":"summary_large_image","twitter_misc":{"Written by":"dypall","Est. reading time":"2 minuty"},"schema":{"@context":"https:\/\/schema.org","@graph":[{"@type":"WebPage","@id":"https:\/\/dypall.com\/activity\/conference-digital-participation-tools-for-youth-engagement-in-local-governance\/","url":"https:\/\/dypall.com\/activity\/conference-digital-participation-tools-for-youth-engagement-in-local-governance\/","name":"Conference \"Digital Participation Tools for Youth Engagement in Local Governance\" - DYPALL Network","isPartOf":{"@id":"https:\/\/dypall.com\/#website"},"primaryImageOfPage":{"@id":"https:\/\/dypall.com\/activity\/conference-digital-participation-tools-for-youth-engagement-in-local-governance\/#primaryimage"},"image":{"@id":"https:\/\/dypall.com\/activity\/conference-digital-participation-tools-for-youth-engagement-in-local-governance\/#primaryimage"},"thumbnailUrl":"","datePublished":"2022-06-15T16:56:02+00:00","dateModified":"2022-06-15T16:56:02+00:00","author":{"@id":"https:\/\/dypall.com\/#\/schema\/person\/206350efe851997fcdedef75d118766b"},"breadcrumb":{"@id":"https:\/\/dypall.com\/activity\/conference-digital-participation-tools-for-youth-engagement-in-local-governance\/#breadcrumb"},"inLanguage":"pl-PL","potentialAction":[{"@type":"ReadAction","target":["https:\/\/dypall.com\/activity\/conference-digital-participation-tools-for-youth-engagement-in-local-governance\/"]}]},{"@type":"ImageObject","inLanguage":"pl-PL","@id":"https:\/\/dypall.com\/activity\/conference-digital-participation-tools-for-youth-engagement-in-local-governance\/#primaryimage","url":"","contentUrl":""},{"@type":"BreadcrumbList","@id":"https:\/\/dypall.com\/activity\/conference-digital-participation-tools-for-youth-engagement-in-local-governance\/#breadcrumb","itemListElement":[{"@type":"ListItem","position":1,"name":"Home","item":"https:\/\/dypall.com\/"},{"@type":"ListItem","position":2,"name":"Conference &#8220;Digital Participation Tools for Youth Engagement in Local Governance&#8221;"}]},{"@type":"WebSite","@id":"https:\/\/dypall.com\/#website","url":"https:\/\/dypall.com\/","name":"DYPALL Network","description":"We are a European network of civil society organisations, municipalities and research institutions dedicated to improving democracy through youth participation.","potentialAction":[{"@type":"SearchAction","target":{"@type":"EntryPoint","urlTemplate":"https:\/\/dypall.com\/?s={search_term_string}"},"query-input":"required name=search_term_string"}],"inLanguage":"pl-PL"},{"@type":"Person","@id":"https:\/\/dypall.com\/#\/schema\/person\/206350efe851997fcdedef75d118766b","name":"dypall","image":{"@type":"ImageObject","inLanguage":"pl-PL","@id":"https:\/\/dypall.com\/#\/schema\/person\/image\/","url":"https:\/\/secure.gravatar.com\/avatar\/14e8d3d8841cd0bdf69915120bcf9fcfac1567f1dc7035664907322ac47efe29?s=96&d=mm&r=g","contentUrl":"https:\/\/secure.gravatar.com\/avatar\/14e8d3d8841cd0bdf69915120bcf9fcfac1567f1dc7035664907322ac47efe29?s=96&d=mm&r=g","caption":"dypall"},"url":"https:\/\/dypall.com\/pl\/author\/dypall_info\/"}]}},"jetpack_featured_media_url":"","jetpack_sharing_enabled":true,"_links":{"self":[{"href":"https:\/\/dypall.com\/pl\/wp-json\/wp\/v2\/posts\/5656","targetHints":{"allow":["GET"]}}],"collection":[{"href":"https:\/\/dypall.com\/pl\/wp-json\/wp\/v2\/posts"}],"about":[{"href":"https:\/\/dypall.com\/pl\/wp-json\/wp\/v2\/types\/post"}],"author":[{"embeddable":true,"href":"https:\/\/dypall.com\/pl\/wp-json\/wp\/v2\/users\/2"}],"replies":[{"embeddable":true,"href":"https:\/\/dypall.com\/pl\/wp-json\/wp\/v2\/comments?post=5656"}],"version-history":[{"count":0,"href":"https:\/\/dypall.com\/pl\/wp-json\/wp\/v2\/posts\/5656\/revisions"}],"wp:featuredmedia":[{"embeddable":true,"href":"https:\/\/dypall.com\/pl\/wp-json\/wp\/v2\/posts\/5562"}],"wp:attachment":[{"href":"https:\/\/dypall.com\/pl\/wp-json\/wp\/v2\/media?parent=5656"}],"wp:term":[{"taxonomy":"category","embeddable":true,"href":"https:\/\/dypall.com\/pl\/wp-json\/wp\/v2\/categories?post=5656"},{"taxonomy":"post_tag","embeddable":true,"href":"https:\/\/dypall.com\/pl\/wp-json\/wp\/v2\/tags?post=5656"}],"curies":[{"name":"wp","href":"https:\/\/api.w.org\/{rel}","templated":true}]}}