{"id":5608,"date":"2022-06-22T16:36:23","date_gmt":"2022-06-22T15:36:23","guid":{"rendered":"https:\/\/dypall.com\/?p=5608"},"modified":"2022-06-22T16:36:23","modified_gmt":"2022-06-22T15:36:23","slug":"online-conference-migrant-children-and-communities-in-transforming-europe","status":"publish","type":"post","link":"https:\/\/dypall.com\/pl\/activity\/online-conference-migrant-children-and-communities-in-transforming-europe\/","title":{"rendered":"Konferencja online pt. \u201eDzieci i spo\u0142eczno\u015bci migruj\u0105ce w przekszta\u0142caniu Europy\u201d"},"content":{"rendered":"<p>22 czerwca sie\u0107 DYPALL zorganizowa\u0142a konferencj\u0119 online. <span class=\"fontstyle0\">Migrant Children and Communities in a Transforming Europe\u201d [Dzieci i spo\u0142eczno\u015bci migrant\u00f3w w przekszta\u0142caj\u0105cej si\u0119 Europie], kt\u00f3re by\u0142o ostatnim mi\u0119dzynarodowym dzia\u0142aniem upowszechniaj\u0105cym projekt pod tym samym tytu\u0142em (akronim: MiCreate (ang.).\u00a0<\/span><\/p>\n<p>Chocia\u017c pocz\u0105tkowo w ramach projektu nie zaplanowano internetowego mi\u0119dzynarodowego wydarzenia upowszechniaj\u0105cego, znaj\u0105c znaczenie tematu w\u0142\u0105czenia dzieci migrant\u00f3w, sie\u0107 DYPALL zaproponowa\u0142a stworzenie spo\u0142eczno\u015bci mi\u0119dzynarodowej z ca\u0142ego \u015bwiata mo\u017cliwo\u015bci wzi\u0119cia udzia\u0142u i poznania wynik\u00f3w projektu. Ponad 900 rejestracji z 48 kraj\u00f3w z ca\u0142ego \u015bwiata i ponad 260 uczestnik\u00f3w w szczytowych momentach potwierdzi\u0142o, \u017ce dzia\u0142anie upowszechniaj\u0105ce online mo\u017ce stworzy\u0107 wielk\u0105 warto\u015b\u0107 dodan\u0105 do zwyk\u0142ej, osobistej strategii rozpowszechniania.<\/p>\n<p>Konferencj\u0119 otworzy\u0142 Ant\u00f3nio Palma z <a href=\"https:\/\/www.taipa-desenvolvimento.pt\/\">TAIPA Odemira,<\/a> kt\u00f3ry przedstawi\u0142 prac\u0119 swojej organizacji dzieciom migrant\u00f3w, a tak\u017ce wyzwania i mo\u017cliwo\u015bci, jakie pojawiaj\u0105 si\u0119 w szko\u0142ach w Odemira w Portugalii. Nast\u0119pnie Vincent Catot z Dzia\u0142u Legalnych \u015acie\u017cek i Integracji DG ds. Migracji i Spraw Wewn\u0119trznych przedstawi\u0142 plan dzia\u0142ania UE na rzecz integracji i w\u0142\u0105czenia spo\u0142ecznego. To wprowadzenie stanowi\u0142o doskona\u0142e t\u0142o dla p\u00f3\u017aniejszego wprowadzenia do projektu i kluczowych wynik\u00f3w projektu przez dr Matej\u0119 Sedmak, koordynatora akademickiego projektu MiCreate.<\/p>\n<p>Nast\u0119pnie uczestnicy mogli wybra\u0107 mi\u0119dzy bardziej praktycznymi, r\u00f3wnoleg\u0142ymi warsztatami:<\/p>\n<ul>\n<li><span class=\"fontstyle0\">WARSZTATY DLA NAUCZYCIELI, podczas kt\u00f3rych dr Nektaria Palaiologou i Victoria Prekate dzielili si\u0119 dobrymi praktykami<span class=\"fontstyle2\"> w kszta\u0142ceniu uchod\u017ac\u00f3w: przypadek obozu dla uchod\u017ac\u00f3w Skaramagas, a uczestnicy mogli dowiedzie\u0107 si\u0119 o <a href=\"https:\/\/www.micreate.eu\/index.php\/integration-lab\/\">Podr\u0119cznik dla nauczycieli: \u017bycie w wielokulturowych szko\u0142ach<\/a>, kt\u00f3ry jest jednym z kluczowych i najbardziej praktycznych wynik\u00f3w projektu. Sk\u0142ada si\u0119 z dziesi\u0105tek dobrych praktyk w r\u00f3\u017cnych obszarach integracji dzieci migrant\u00f3w w \u015brodowisku szkolnym oraz praktycznych narz\u0119dzi cyfrowych, kt\u00f3re u\u0142atwiaj\u0105 te procesy.<\/span><\/span><\/li>\n<li>WARSZTAT DLA PRACOWNIK\u00d3W, podczas kt\u00f3rego dzielili\u015bmy si\u0119 <a href=\"https:\/\/www.micreate.eu\/index.php\/policy-lab\/\">kluczowe zalecenia polityczne dotycz\u0105ce promowania ukierunkowanej na dzieci integracji dzieci migrant\u00f3w w szko\u0142ach.<\/a><span class=\"fontstyle0\"> P\u00f3\u017aniej, dr <\/span><span class=\"fontstyle2\">Adam Bulandra (Polska) i Ieva Johansson (\u0141otwa) podzielili si\u0119 swoimi do\u015bwiadczeniami w zakresie wp\u0142ywu konfliktu ukrai\u0144skiego na edukacj\u0119 szkoln\u0105 w swoich krajach oraz lokalnych i krajowych strategii oceny tego kryzysu.<\/span><\/li>\n<\/ul>\n<p><span class=\"fontstyle0\">Og\u00f3lnym celem projektu MiCreate by\u0142o stymulowanie integracji r\u00f3\u017cnych grup migruj\u0105cych dzieci poprzez przyj\u0119cie skoncentrowanego na dziecku podej\u015bcia do integracji migruj\u0105cych dzieci na poziomie edukacyjnym i politycznym. Wychodz\u0105c od potrzeby ponownego przeanalizowania istniej\u0105cych polityk integracyjnych, projekt badawczy mia\u0142 na celu kompleksow\u0105 analiz\u0119 wsp\u00f3\u0142czesnych proces\u00f3w integracyjnych dzieci migrant\u00f3w w celu wzmocnienia ich pozycji. Zesp\u00f3\u0142 badawczy MiCREATE prowadzi\u0142 dzia\u0142ania badawcze z nowo przyby\u0142ymi, d\u0142ugoterminowymi migrantami i lokalnymi dzie\u0107mi w S\u0142owenii, Danii, Hiszpanii, Wielkiej Brytanii, Austrii i Polsce. W badaniu wielometodowym, kt\u00f3re trwa\u0142o od wrze\u015bnia 2019 r. do wrze\u015bnia 2021 r., uczestniczy\u0142o ponad 6 000 dzieci. <\/span><span class=\"fontstyle0\">Zw\u0142aszcza teraz nauczyciele i decydenci stoj\u0105 przed powa\u017cnymi wyzwaniami zwi\u0105zanymi z integracj\u0105 dzieci migrant\u00f3w ze spo\u0142eczno\u015bciami lokalnymi i szko\u0142ami ze wzgl\u0119du na brak skutecznych materia\u0142\u00f3w i wysokiej jako\u015bci informacji. Jako cz\u0142onek konsorcjum projektowego kierowanego przez Centrum Naukowo-Badawcze Koper (S\u0142owenia), sie\u0107 DYPALL by\u0142a odpowiedzialna za realizacj\u0119 dzia\u0142a\u0144 upowszechniaj\u0105cych w Portugalii, na \u0141otwie, w Macedonii P\u00f3\u0142nocnej i Holandii.<\/span><\/p>\n<p>Dowiedz si\u0119 wi\u0119cej o projekcie i jego wynikach <a href=\"http:\/\/micreate.eu\">tej stronie internetowej<\/a> lub wideo poni\u017cej.<\/p>\n<p><iframe loading=\"lazy\" title=\"Prezentacja MiCREATE\" width=\"750\" height=\"422\" src=\"https:\/\/www.youtube.com\/embed\/b_K0Pj7gh8w?feature=oembed\" frameborder=\"0\" allow=\"accelerometer; autoplay; clipboard-write; encrypted-media; gyroscope; picture-in-picture; web-share\" referrerpolicy=\"strict-origin-when-cross-origin\" allowfullscreen><\/iframe><\/p>\n<p><a href=\"https:\/\/dypall.com\/pl\/2022\/06\/27\/online-conference-migrant-children-and-communities-in-transforming-europe\/2-23\/#main\" rel=\"attachment wp-att-5609\"><img loading=\"lazy\" decoding=\"async\" class=\"alignleft size-large wp-image-5609\" src=\"https:\/\/dypall.com\/wp-content\/uploads\/2022\/06\/2-1-1024x576.jpeg\" alt=\"\" width=\"1024\" height=\"576\" \/><\/a> <a href=\"https:\/\/dypall.com\/pl\/2022\/06\/27\/online-conference-migrant-children-and-communities-in-transforming-europe\/3-19\/#main\" rel=\"attachment wp-att-5610\"><img loading=\"lazy\" decoding=\"async\" class=\"alignleft size-large wp-image-5610\" src=\"https:\/\/dypall.com\/wp-content\/uploads\/2022\/06\/3-1-1024x576.jpeg\" alt=\"\" width=\"1024\" height=\"576\" \/><\/a> <a href=\"https:\/\/dypall.com\/pl\/2022\/06\/27\/online-conference-migrant-children-and-communities-in-transforming-europe\/3-20\/#main\" rel=\"attachment wp-att-5611\"><img loading=\"lazy\" decoding=\"async\" class=\"alignleft size-large wp-image-5611\" src=\"https:\/\/dypall.com\/wp-content\/uploads\/2022\/06\/3-1024x576.png\" alt=\"\" width=\"1024\" height=\"576\" \/><\/a> <a href=\"https:\/\/dypall.com\/pl\/2022\/06\/27\/online-conference-migrant-children-and-communities-in-transforming-europe\/whatsapp-image-2022-06-24-at-15-10-59\/#main\" rel=\"attachment wp-att-5612\"><img loading=\"lazy\" decoding=\"async\" class=\"alignleft size-large wp-image-5612\" src=\"https:\/\/dypall.com\/wp-content\/uploads\/2022\/06\/WhatsApp-Image-2022-06-24-at-15.10.59-1024x576.jpeg\" alt=\"\" width=\"1024\" height=\"576\" \/><\/a><\/p>","protected":false},"excerpt":{"rendered":"<p>22 czerwca sie\u0107 DYPALL zorganizowa\u0142a konferencj\u0119 online pt. \u201eMigrant Children and Communities in a Transforming Europe\u201d [Dzieci i spo\u0142eczno\u015bci migrant\u00f3w w przekszta\u0142caj\u0105cej si\u0119 Europie], kt\u00f3ra by\u0142a ostatnim mi\u0119dzynarodowym dzia\u0142aniem upowszechniaj\u0105cym projekt pod tym samym tytu\u0142em (akronim: MiCreate (ang.).\u00a0 Chocia\u017c pocz\u0105tkowo nie planowano internetowego mi\u0119dzynarodowego wydarzenia upowszechniaj\u0105cego w ramach projektu, wiedz\u0105c o znaczeniu... <a class=\"more-link\" href=\"https:\/\/dypall.com\/pl\/activity\/online-conference-migrant-children-and-communities-in-transforming-europe\/\">Czytaj dalej <span class=\"screen-reader-text\">Konferencja online pt. \u201eDzieci i spo\u0142eczno\u015bci migruj\u0105ce w przekszta\u0142caniu Europy\u201d<\/span><\/a><\/p>","protected":false},"author":2,"featured_media":5614,"comment_status":"closed","ping_status":"open","sticky":false,"template":"","format":"standard","meta":{"_acf_changed":false,"_jetpack_memberships_contains_paid_content":false,"footnotes":""},"categories":[111,112],"tags":[],"class_list":["post-5608","post","type-post","status-publish","format-standard","has-post-thumbnail","hentry","category-activity","category-conference","entry"],"acf":[],"yoast_head":"<!-- This site is optimized with the Yoast SEO plugin v22.8 - https:\/\/yoast.com\/wordpress\/plugins\/seo\/ -->\n<title>Online conference &quot;Migrant Children and Communities in Transforming Europe&quot; - DYPALL Network<\/title>\n<meta name=\"robots\" content=\"index, follow, max-snippet:-1, max-image-preview:large, max-video-preview:-1\" \/>\n<link rel=\"canonical\" href=\"https:\/\/dypall.com\/pl\/activity\/online-conference-migrant-children-and-communities-in-transforming-europe\/\" \/>\n<meta property=\"og:locale\" content=\"pl_PL\" \/>\n<meta property=\"og:type\" content=\"article\" \/>\n<meta property=\"og:title\" content=\"Online conference &quot;Migrant Children and Communities in Transforming Europe&quot; - DYPALL Network\" \/>\n<meta property=\"og:description\" content=\"On the 22nd of June, DYPALL Network hosted an online conference &#8221; Migrant Children and Communities in a Transforming Europe,&#8221; which was the final international dissemination activity of the project under the same title (acronym: MiCreate).\u00a0 Although an online international dissemination event was not initially planned as part of the project, knowing the importance of&hellip; Czytaj dalej Online conference &#8220;Migrant Children and Communities in Transforming Europe&#8221;\" \/>\n<meta property=\"og:url\" content=\"https:\/\/dypall.com\/pl\/activity\/online-conference-migrant-children-and-communities-in-transforming-europe\/\" \/>\n<meta property=\"og:site_name\" content=\"DYPALL Network\" \/>\n<meta property=\"article:published_time\" content=\"2022-06-22T15:36:23+00:00\" \/>\n<meta name=\"author\" content=\"dypall\" \/>\n<meta name=\"twitter:card\" content=\"summary_large_image\" \/>\n<meta name=\"twitter:label1\" content=\"Written by\" \/>\n\t<meta name=\"twitter:data1\" content=\"dypall\" \/>\n\t<meta name=\"twitter:label2\" content=\"Est. reading time\" \/>\n\t<meta name=\"twitter:data2\" content=\"3 minuty\" \/>\n<script type=\"application\/ld+json\" class=\"yoast-schema-graph\">{\"@context\":\"https:\/\/schema.org\",\"@graph\":[{\"@type\":\"WebPage\",\"@id\":\"https:\/\/dypall.com\/activity\/online-conference-migrant-children-and-communities-in-transforming-europe\/\",\"url\":\"https:\/\/dypall.com\/activity\/online-conference-migrant-children-and-communities-in-transforming-europe\/\",\"name\":\"Online conference \\\"Migrant Children and Communities in Transforming Europe\\\" - DYPALL Network\",\"isPartOf\":{\"@id\":\"https:\/\/dypall.com\/#website\"},\"primaryImageOfPage\":{\"@id\":\"https:\/\/dypall.com\/activity\/online-conference-migrant-children-and-communities-in-transforming-europe\/#primaryimage\"},\"image\":{\"@id\":\"https:\/\/dypall.com\/activity\/online-conference-migrant-children-and-communities-in-transforming-europe\/#primaryimage\"},\"thumbnailUrl\":\"\",\"datePublished\":\"2022-06-22T15:36:23+00:00\",\"dateModified\":\"2022-06-22T15:36:23+00:00\",\"author\":{\"@id\":\"https:\/\/dypall.com\/#\/schema\/person\/206350efe851997fcdedef75d118766b\"},\"breadcrumb\":{\"@id\":\"https:\/\/dypall.com\/activity\/online-conference-migrant-children-and-communities-in-transforming-europe\/#breadcrumb\"},\"inLanguage\":\"pl-PL\",\"potentialAction\":[{\"@type\":\"ReadAction\",\"target\":[\"https:\/\/dypall.com\/activity\/online-conference-migrant-children-and-communities-in-transforming-europe\/\"]}]},{\"@type\":\"ImageObject\",\"inLanguage\":\"pl-PL\",\"@id\":\"https:\/\/dypall.com\/activity\/online-conference-migrant-children-and-communities-in-transforming-europe\/#primaryimage\",\"url\":\"\",\"contentUrl\":\"\"},{\"@type\":\"BreadcrumbList\",\"@id\":\"https:\/\/dypall.com\/activity\/online-conference-migrant-children-and-communities-in-transforming-europe\/#breadcrumb\",\"itemListElement\":[{\"@type\":\"ListItem\",\"position\":1,\"name\":\"Home\",\"item\":\"https:\/\/dypall.com\/\"},{\"@type\":\"ListItem\",\"position\":2,\"name\":\"Online conference &#8220;Migrant Children and Communities in Transforming Europe&#8221;\"}]},{\"@type\":\"WebSite\",\"@id\":\"https:\/\/dypall.com\/#website\",\"url\":\"https:\/\/dypall.com\/\",\"name\":\"DYPALL Network\",\"description\":\"We are a European network of civil society organisations, municipalities and research institutions dedicated to improving democracy through youth participation.\",\"potentialAction\":[{\"@type\":\"SearchAction\",\"target\":{\"@type\":\"EntryPoint\",\"urlTemplate\":\"https:\/\/dypall.com\/?s={search_term_string}\"},\"query-input\":\"required name=search_term_string\"}],\"inLanguage\":\"pl-PL\"},{\"@type\":\"Person\",\"@id\":\"https:\/\/dypall.com\/#\/schema\/person\/206350efe851997fcdedef75d118766b\",\"name\":\"dypall\",\"image\":{\"@type\":\"ImageObject\",\"inLanguage\":\"pl-PL\",\"@id\":\"https:\/\/dypall.com\/#\/schema\/person\/image\/\",\"url\":\"https:\/\/secure.gravatar.com\/avatar\/14e8d3d8841cd0bdf69915120bcf9fcfac1567f1dc7035664907322ac47efe29?s=96&d=mm&r=g\",\"contentUrl\":\"https:\/\/secure.gravatar.com\/avatar\/14e8d3d8841cd0bdf69915120bcf9fcfac1567f1dc7035664907322ac47efe29?s=96&d=mm&r=g\",\"caption\":\"dypall\"},\"url\":\"https:\/\/dypall.com\/pl\/author\/dypall_info\/\"}]}<\/script>\n<!-- \/ Yoast SEO plugin. -->","yoast_head_json":{"title":"Online conference \"Migrant Children and Communities in Transforming Europe\" - DYPALL Network","robots":{"index":"index","follow":"follow","max-snippet":"max-snippet:-1","max-image-preview":"max-image-preview:large","max-video-preview":"max-video-preview:-1"},"canonical":"https:\/\/dypall.com\/pl\/activity\/online-conference-migrant-children-and-communities-in-transforming-europe\/","og_locale":"pl_PL","og_type":"article","og_title":"Online conference \"Migrant Children and Communities in Transforming Europe\" - DYPALL Network","og_description":"On the 22nd of June, DYPALL Network hosted an online conference &#8221; Migrant Children and Communities in a Transforming Europe,&#8221; which was the final international dissemination activity of the project under the same title (acronym: MiCreate).\u00a0 Although an online international dissemination event was not initially planned as part of the project, knowing the importance of&hellip; Czytaj dalej Online conference &#8220;Migrant Children and Communities in Transforming Europe&#8221;","og_url":"https:\/\/dypall.com\/pl\/activity\/online-conference-migrant-children-and-communities-in-transforming-europe\/","og_site_name":"DYPALL Network","article_published_time":"2022-06-22T15:36:23+00:00","author":"dypall","twitter_card":"summary_large_image","twitter_misc":{"Written by":"dypall","Est. reading time":"3 minuty"},"schema":{"@context":"https:\/\/schema.org","@graph":[{"@type":"WebPage","@id":"https:\/\/dypall.com\/activity\/online-conference-migrant-children-and-communities-in-transforming-europe\/","url":"https:\/\/dypall.com\/activity\/online-conference-migrant-children-and-communities-in-transforming-europe\/","name":"Online conference \"Migrant Children and Communities in Transforming Europe\" - DYPALL Network","isPartOf":{"@id":"https:\/\/dypall.com\/#website"},"primaryImageOfPage":{"@id":"https:\/\/dypall.com\/activity\/online-conference-migrant-children-and-communities-in-transforming-europe\/#primaryimage"},"image":{"@id":"https:\/\/dypall.com\/activity\/online-conference-migrant-children-and-communities-in-transforming-europe\/#primaryimage"},"thumbnailUrl":"","datePublished":"2022-06-22T15:36:23+00:00","dateModified":"2022-06-22T15:36:23+00:00","author":{"@id":"https:\/\/dypall.com\/#\/schema\/person\/206350efe851997fcdedef75d118766b"},"breadcrumb":{"@id":"https:\/\/dypall.com\/activity\/online-conference-migrant-children-and-communities-in-transforming-europe\/#breadcrumb"},"inLanguage":"pl-PL","potentialAction":[{"@type":"ReadAction","target":["https:\/\/dypall.com\/activity\/online-conference-migrant-children-and-communities-in-transforming-europe\/"]}]},{"@type":"ImageObject","inLanguage":"pl-PL","@id":"https:\/\/dypall.com\/activity\/online-conference-migrant-children-and-communities-in-transforming-europe\/#primaryimage","url":"","contentUrl":""},{"@type":"BreadcrumbList","@id":"https:\/\/dypall.com\/activity\/online-conference-migrant-children-and-communities-in-transforming-europe\/#breadcrumb","itemListElement":[{"@type":"ListItem","position":1,"name":"Home","item":"https:\/\/dypall.com\/"},{"@type":"ListItem","position":2,"name":"Online conference &#8220;Migrant Children and Communities in Transforming Europe&#8221;"}]},{"@type":"WebSite","@id":"https:\/\/dypall.com\/#website","url":"https:\/\/dypall.com\/","name":"DYPALL Network","description":"We are a European network of civil society organisations, municipalities and research institutions dedicated to improving democracy through youth participation.","potentialAction":[{"@type":"SearchAction","target":{"@type":"EntryPoint","urlTemplate":"https:\/\/dypall.com\/?s={search_term_string}"},"query-input":"required name=search_term_string"}],"inLanguage":"pl-PL"},{"@type":"Person","@id":"https:\/\/dypall.com\/#\/schema\/person\/206350efe851997fcdedef75d118766b","name":"dypall","image":{"@type":"ImageObject","inLanguage":"pl-PL","@id":"https:\/\/dypall.com\/#\/schema\/person\/image\/","url":"https:\/\/secure.gravatar.com\/avatar\/14e8d3d8841cd0bdf69915120bcf9fcfac1567f1dc7035664907322ac47efe29?s=96&d=mm&r=g","contentUrl":"https:\/\/secure.gravatar.com\/avatar\/14e8d3d8841cd0bdf69915120bcf9fcfac1567f1dc7035664907322ac47efe29?s=96&d=mm&r=g","caption":"dypall"},"url":"https:\/\/dypall.com\/pl\/author\/dypall_info\/"}]}},"jetpack_featured_media_url":"","jetpack_sharing_enabled":true,"_links":{"self":[{"href":"https:\/\/dypall.com\/pl\/wp-json\/wp\/v2\/posts\/5608","targetHints":{"allow":["GET"]}}],"collection":[{"href":"https:\/\/dypall.com\/pl\/wp-json\/wp\/v2\/posts"}],"about":[{"href":"https:\/\/dypall.com\/pl\/wp-json\/wp\/v2\/types\/post"}],"author":[{"embeddable":true,"href":"https:\/\/dypall.com\/pl\/wp-json\/wp\/v2\/users\/2"}],"replies":[{"embeddable":true,"href":"https:\/\/dypall.com\/pl\/wp-json\/wp\/v2\/comments?post=5608"}],"version-history":[{"count":0,"href":"https:\/\/dypall.com\/pl\/wp-json\/wp\/v2\/posts\/5608\/revisions"}],"wp:featuredmedia":[{"embeddable":true,"href":"https:\/\/dypall.com\/pl\/wp-json\/"}],"wp:attachment":[{"href":"https:\/\/dypall.com\/pl\/wp-json\/wp\/v2\/media?parent=5608"}],"wp:term":[{"taxonomy":"category","embeddable":true,"href":"https:\/\/dypall.com\/pl\/wp-json\/wp\/v2\/categories?post=5608"},{"taxonomy":"post_tag","embeddable":true,"href":"https:\/\/dypall.com\/pl\/wp-json\/wp\/v2\/tags?post=5608"}],"curies":[{"name":"wp","href":"https:\/\/api.w.org\/{rel}","templated":true}]}}