{"id":5593,"date":"2022-05-26T16:39:11","date_gmt":"2022-05-26T15:39:11","guid":{"rendered":"https:\/\/dypall.com\/?p=5593"},"modified":"2022-05-26T16:39:11","modified_gmt":"2022-05-26T15:39:11","slug":"final-conference-of-the-project-management-systems-of-coworking-spaces-for-social-innovation-athens","status":"publish","type":"post","link":"https:\/\/dypall.com\/pl\/conference\/final-conference-of-the-project-management-systems-of-coworking-spaces-for-social-innovation-athens\/","title":{"rendered":"Konferencja ko\u0144cowa projektu \u201eSystemy zarz\u0105dzania przestrzeniami coworkingowymi na rzecz innowacji spo\u0142ecznych\u201d"},"content":{"rendered":"<div>\n<div class=\"\" dir=\"auto\">\n<div id=\"jsc_c_rb\" class=\"ecm0bbzt hv4rvrfc ihqw7lf3 dati1w0a\" data-ad-comet-preview=\"message\" data-ad-preview=\"message\">\n<div class=\"j83agx80 cbu4d94t ew0dbk1b irj2b8pg\">\n<div class=\"qzhwtbm6 knvmm38d\">\n<div class=\"kvgmc6g5 cxmmr5t8 oygrvhab hcukyx3x c1et5uql ii04i59q\">\n<div dir=\"auto\">\n<p>W dniach 23-26.05 Sie\u0107 DYPALL wzi\u0119\u0142a udzia\u0142 w spotkaniu fina\u0142owym i konferencji <strong>projekt \u201eSystemy zarz\u0105dzania przestrzeniami coworkingowymi na rzecz innowacji spo\u0142ecznych\u201d<\/strong>.<\/p>\n<p>Podczas konferencji partnerzy projektu dzielili si\u0119 dobrymi praktykami i praktycznymi narz\u0119dziami zmapowanymi podczas projektu, w ramach nast\u0119puj\u0105cych temat\u00f3w:<\/p>\n<ul>\n<li>Zwi\u0119kszanie potencja\u0142u edukacyjnego przestrzeni coworkingowych<\/li>\n<li>M\u0142odzi ludzie i przestrzenie coworkingowe \u2013 Wszech\u015bwiat mo\u017cliwo\u015bci.<\/li>\n<li>Wp\u0142yw przestrzeni coworkingowych na spo\u0142eczno\u015bci lokalne<\/li>\n<\/ul>\n<p>Konferencja by\u0142a okazj\u0105 do podzielenia si\u0119 ko\u0144cowymi wynikami projektu \u2013 <strong>publikacja \u201eCoworking spaces for social innovation \u2013 Study on good practices\u201d [Przestrzenie coworkingowe na rzecz innowacji spo\u0142ecznych \u2013 badanie dobrych praktyk]<\/strong>. Przedstawiono w nim 19 starannie wybranych praktyk nakre\u015blonych w przestrzeniach coworkingowych z 9 kraj\u00f3w, z naciskiem na pobudzanie przedsi\u0119biorczo\u015bci spo\u0142ecznej i pozytywny wp\u0142yw na spo\u0142eczno\u015bci lokalne.<\/p>\n<\/div>\n<\/div>\n<div class=\"kvgmc6g5 cxmmr5t8 oygrvhab hcukyx3x c1et5uql ii04i59q\">\n<div dir=\"auto\">\n<p>Skoncentrowali\u015bmy nasze badania na praktykach, kt\u00f3re:<\/p>\n<ul>\n<li><strong>NAJWI\u0118KSZY POTENCJA\u0141 UCZENIA SI\u0118<\/strong> w\u015br\u00f3d cz\u0142onk\u00f3w przestrzeni coworkingowych<\/li>\n<li>s\u0105<strong> ORIENTOWANE DO M\u0141ODZIE\u017bY<\/strong> oraz wspieranie m\u0142odych ludzi za pomoc\u0105 specjalnych program\u00f3w<\/li>\n<li>Zwi\u0119ksz pozytywne <strong>WP\u0141YW SPO\u0141ECZNY LOKALNY<\/strong> przestrzeni coworkingowej<\/li>\n<li>Reprezentuj\u0105 ciekawe i cenne <strong>PROGRAMY WSPARCIA<\/strong>.<\/li>\n<\/ul>\n<p><strong>Publikacja dost\u0119pna jest tutaj<\/strong>: <a href=\"http:\/\/tiny.cc\/coworkingpublication\">http:\/\/tiny.cc\/coworkingpublication<\/a><\/p>\n<p>Publikacja jest ko\u0144cowym rezultatem projektu \u201e<strong>Systemy zarz\u0105dzania przestrzeniami coworkingowymi dla innowacji spo\u0142ecznych<\/strong>zarz\u0105dzana przez sie\u0107 DYPALL (Portugalia) we wsp\u00f3\u0142pracy z <a href=\"http:\/\/cris.org.pl\/\">Centrum Rozwoju Inicjatyw Spo\u0142ecznych CRIS<\/a>\u00a0(Polska),\u00a0<a href=\"http:\/\/sende.co\/\">Sende<\/a>\u00a0(Hiszpania),\u00a0<a href=\"https:\/\/www.socialcity.at\/\">Spo\u0142eczne miasto Wiede\u0144<\/a> (Austria),\u00a0<a href=\"https:\/\/higgs3.org\/en\/higgs\/\">WYSOKI<\/a> (Grecja), a mi\u0119dzynarodowa sie\u0107 przestrzeni coworkingowych <a href=\"https:\/\/impacthub.net\/\">Impact Hub<\/a>. Zosta\u0142 on sfinansowany w ramach programu wymiany dobrych praktyk Erasmus+ KA2 przez <a href=\"https:\/\/erasmusplus.org.pl\/\">Narodowa Agencja Programu Erasmus+<\/a>.<\/p>\n<\/div>\n<\/div>\n<\/div>\n<\/div>\n<\/div>\n<\/div>\n<\/div>\n<div>\n<div class=\"\" dir=\"auto\">\n<div id=\"jsc_c_rb\" class=\"ecm0bbzt hv4rvrfc ihqw7lf3 dati1w0a\" data-ad-comet-preview=\"message\" data-ad-preview=\"message\">\n<div class=\"j83agx80 cbu4d94t ew0dbk1b irj2b8pg\">\n<div class=\"qzhwtbm6 knvmm38d\">\n<div class=\"cxmmr5t8 oygrvhab hcukyx3x c1et5uql o9v6fnle ii04i59q\">\n<div dir=\"auto\"><\/div>\n<\/div>\n<\/div>\n<\/div>\n<\/div>\n<div dir=\"auto\"><a href=\"https:\/\/dypall.com\/pl\/2022\/05\/26\/final-conference-of-the-project-management-systems-of-coworking-spaces-for-social-innovation-athens\/1-21\/#main\" rel=\"attachment wp-att-5594\"><img loading=\"lazy\" decoding=\"async\" class=\"alignleft size-large wp-image-5594\" src=\"https:\/\/dypall.com\/wp-content\/uploads\/2022\/06\/1-1024x768.jpeg\" alt=\"\" width=\"1024\" height=\"768\" \/><\/a> <a href=\"https:\/\/dypall.com\/pl\/2022\/05\/26\/final-conference-of-the-project-management-systems-of-coworking-spaces-for-social-innovation-athens\/2-22\/#main\" rel=\"attachment wp-att-5595\"><img loading=\"lazy\" decoding=\"async\" class=\"alignleft size-large wp-image-5595\" src=\"https:\/\/dypall.com\/wp-content\/uploads\/2022\/06\/2-1024x768.jpeg\" alt=\"\" width=\"1024\" height=\"768\" \/><\/a> <a href=\"https:\/\/dypall.com\/pl\/2022\/05\/26\/final-conference-of-the-project-management-systems-of-coworking-spaces-for-social-innovation-athens\/3-18\/#main\" rel=\"attachment wp-att-5596\"><img loading=\"lazy\" decoding=\"async\" class=\"alignleft size-large wp-image-5596\" src=\"https:\/\/dypall.com\/wp-content\/uploads\/2022\/06\/3-1024x768.jpeg\" alt=\"\" width=\"1024\" height=\"768\" \/><\/a> <a href=\"https:\/\/dypall.com\/pl\/2022\/05\/26\/final-conference-of-the-project-management-systems-of-coworking-spaces-for-social-innovation-athens\/7-10\/#main\" rel=\"attachment wp-att-5597\"><img loading=\"lazy\" decoding=\"async\" class=\"alignleft size-large wp-image-5597\" src=\"https:\/\/dypall.com\/wp-content\/uploads\/2022\/06\/7-1024x768.jpeg\" alt=\"\" width=\"1024\" height=\"768\" \/><\/a><\/div>\n<\/div>\n<\/div>","protected":false},"excerpt":{"rendered":"<p>W dniach 23-26.05 Sie\u0107 DYPALL wzi\u0119\u0142a udzia\u0142 w spotkaniu ko\u0144cowym i konferencji projektu \u201eSystemy zarz\u0105dzania przestrzeniami coworkingowymi dla innowacji spo\u0142ecznych\u201d. Podczas konferencji partnerzy projektu dzielili si\u0119 dobrymi praktykami i praktycznymi narz\u0119dziami zmapowanymi podczas projektu, w ramach nast\u0119puj\u0105cych temat\u00f3w: Zwi\u0119kszanie potencja\u0142u edukacyjnego przestrzeni coworkingowych M\u0142odzi ludzie i przestrzenie coworkingowe \u2013... <a class=\"more-link\" href=\"https:\/\/dypall.com\/pl\/conference\/final-conference-of-the-project-management-systems-of-coworking-spaces-for-social-innovation-athens\/\">Czytaj dalej <span class=\"screen-reader-text\">Konferencja ko\u0144cowa projektu \u201eSystemy zarz\u0105dzania przestrzeniami coworkingowymi na rzecz innowacji spo\u0142ecznych\u201d<\/span><\/a><\/p>","protected":false},"author":2,"featured_media":5594,"comment_status":"closed","ping_status":"open","sticky":false,"template":"","format":"standard","meta":{"_acf_changed":false,"_jetpack_memberships_contains_paid_content":false,"footnotes":""},"categories":[112],"tags":[],"class_list":["post-5593","post","type-post","status-publish","format-standard","has-post-thumbnail","hentry","category-conference","entry"],"acf":[],"yoast_head":"<!-- This site is optimized with the Yoast SEO plugin v22.8 - https:\/\/yoast.com\/wordpress\/plugins\/seo\/ -->\n<title>Final conference of the project &quot;Management systems of coworking spaces for social innovation&quot; - DYPALL Network<\/title>\n<meta name=\"robots\" content=\"index, follow, max-snippet:-1, max-image-preview:large, max-video-preview:-1\" \/>\n<link rel=\"canonical\" href=\"https:\/\/dypall.com\/pl\/conference\/final-conference-of-the-project-management-systems-of-coworking-spaces-for-social-innovation-athens\/\" \/>\n<meta property=\"og:locale\" content=\"pl_PL\" \/>\n<meta property=\"og:type\" content=\"article\" \/>\n<meta property=\"og:title\" content=\"Final conference of the project &quot;Management systems of coworking spaces for social innovation&quot; - DYPALL Network\" \/>\n<meta property=\"og:description\" content=\"On the 23-26.05 DYPALL Network took part in the final meeting and conference of the project &#8220;Management Systems of Coworking Spaces for Social Innovation&#8221;. During the conference, project partners shared good practices and practical tools mapped during the project, under the following topics: Boosting learning potential of coworking spaces Young people and coworking spaces &#8211;&hellip; Czytaj dalej Final conference of the project &#8220;Management systems of coworking spaces for social innovation&#8221;\" \/>\n<meta property=\"og:url\" content=\"https:\/\/dypall.com\/pl\/conference\/final-conference-of-the-project-management-systems-of-coworking-spaces-for-social-innovation-athens\/\" \/>\n<meta property=\"og:site_name\" content=\"DYPALL Network\" \/>\n<meta property=\"article:published_time\" content=\"2022-05-26T15:39:11+00:00\" \/>\n<meta name=\"author\" content=\"dypall\" \/>\n<meta name=\"twitter:card\" content=\"summary_large_image\" \/>\n<meta name=\"twitter:label1\" content=\"Written by\" \/>\n\t<meta name=\"twitter:data1\" content=\"dypall\" \/>\n\t<meta name=\"twitter:label2\" content=\"Est. reading time\" \/>\n\t<meta name=\"twitter:data2\" content=\"1 minuta\" \/>\n<script type=\"application\/ld+json\" class=\"yoast-schema-graph\">{\"@context\":\"https:\/\/schema.org\",\"@graph\":[{\"@type\":\"WebPage\",\"@id\":\"https:\/\/dypall.com\/conference\/final-conference-of-the-project-management-systems-of-coworking-spaces-for-social-innovation-athens\/\",\"url\":\"https:\/\/dypall.com\/conference\/final-conference-of-the-project-management-systems-of-coworking-spaces-for-social-innovation-athens\/\",\"name\":\"Final conference of the project \\\"Management systems of coworking spaces for social innovation\\\" - DYPALL Network\",\"isPartOf\":{\"@id\":\"https:\/\/dypall.com\/#website\"},\"primaryImageOfPage\":{\"@id\":\"https:\/\/dypall.com\/conference\/final-conference-of-the-project-management-systems-of-coworking-spaces-for-social-innovation-athens\/#primaryimage\"},\"image\":{\"@id\":\"https:\/\/dypall.com\/conference\/final-conference-of-the-project-management-systems-of-coworking-spaces-for-social-innovation-athens\/#primaryimage\"},\"thumbnailUrl\":\"\",\"datePublished\":\"2022-05-26T15:39:11+00:00\",\"dateModified\":\"2022-05-26T15:39:11+00:00\",\"author\":{\"@id\":\"https:\/\/dypall.com\/#\/schema\/person\/206350efe851997fcdedef75d118766b\"},\"breadcrumb\":{\"@id\":\"https:\/\/dypall.com\/conference\/final-conference-of-the-project-management-systems-of-coworking-spaces-for-social-innovation-athens\/#breadcrumb\"},\"inLanguage\":\"pl-PL\",\"potentialAction\":[{\"@type\":\"ReadAction\",\"target\":[\"https:\/\/dypall.com\/conference\/final-conference-of-the-project-management-systems-of-coworking-spaces-for-social-innovation-athens\/\"]}]},{\"@type\":\"ImageObject\",\"inLanguage\":\"pl-PL\",\"@id\":\"https:\/\/dypall.com\/conference\/final-conference-of-the-project-management-systems-of-coworking-spaces-for-social-innovation-athens\/#primaryimage\",\"url\":\"\",\"contentUrl\":\"\"},{\"@type\":\"BreadcrumbList\",\"@id\":\"https:\/\/dypall.com\/conference\/final-conference-of-the-project-management-systems-of-coworking-spaces-for-social-innovation-athens\/#breadcrumb\",\"itemListElement\":[{\"@type\":\"ListItem\",\"position\":1,\"name\":\"Home\",\"item\":\"https:\/\/dypall.com\/\"},{\"@type\":\"ListItem\",\"position\":2,\"name\":\"Final conference of the project &#8220;Management systems of coworking spaces for social innovation&#8221;\"}]},{\"@type\":\"WebSite\",\"@id\":\"https:\/\/dypall.com\/#website\",\"url\":\"https:\/\/dypall.com\/\",\"name\":\"DYPALL Network\",\"description\":\"We are a European network of civil society organisations, municipalities and research institutions dedicated to improving democracy through youth participation.\",\"potentialAction\":[{\"@type\":\"SearchAction\",\"target\":{\"@type\":\"EntryPoint\",\"urlTemplate\":\"https:\/\/dypall.com\/?s={search_term_string}\"},\"query-input\":\"required name=search_term_string\"}],\"inLanguage\":\"pl-PL\"},{\"@type\":\"Person\",\"@id\":\"https:\/\/dypall.com\/#\/schema\/person\/206350efe851997fcdedef75d118766b\",\"name\":\"dypall\",\"image\":{\"@type\":\"ImageObject\",\"inLanguage\":\"pl-PL\",\"@id\":\"https:\/\/dypall.com\/#\/schema\/person\/image\/\",\"url\":\"https:\/\/secure.gravatar.com\/avatar\/14e8d3d8841cd0bdf69915120bcf9fcfac1567f1dc7035664907322ac47efe29?s=96&d=mm&r=g\",\"contentUrl\":\"https:\/\/secure.gravatar.com\/avatar\/14e8d3d8841cd0bdf69915120bcf9fcfac1567f1dc7035664907322ac47efe29?s=96&d=mm&r=g\",\"caption\":\"dypall\"},\"url\":\"https:\/\/dypall.com\/pl\/author\/dypall_info\/\"}]}<\/script>\n<!-- \/ Yoast SEO plugin. -->","yoast_head_json":{"title":"Final conference of the project \"Management systems of coworking spaces for social innovation\" - DYPALL Network","robots":{"index":"index","follow":"follow","max-snippet":"max-snippet:-1","max-image-preview":"max-image-preview:large","max-video-preview":"max-video-preview:-1"},"canonical":"https:\/\/dypall.com\/pl\/conference\/final-conference-of-the-project-management-systems-of-coworking-spaces-for-social-innovation-athens\/","og_locale":"pl_PL","og_type":"article","og_title":"Final conference of the project \"Management systems of coworking spaces for social innovation\" - DYPALL Network","og_description":"On the 23-26.05 DYPALL Network took part in the final meeting and conference of the project &#8220;Management Systems of Coworking Spaces for Social Innovation&#8221;. During the conference, project partners shared good practices and practical tools mapped during the project, under the following topics: Boosting learning potential of coworking spaces Young people and coworking spaces &#8211;&hellip; Czytaj dalej Final conference of the project &#8220;Management systems of coworking spaces for social innovation&#8221;","og_url":"https:\/\/dypall.com\/pl\/conference\/final-conference-of-the-project-management-systems-of-coworking-spaces-for-social-innovation-athens\/","og_site_name":"DYPALL Network","article_published_time":"2022-05-26T15:39:11+00:00","author":"dypall","twitter_card":"summary_large_image","twitter_misc":{"Written by":"dypall","Est. reading time":"1 minuta"},"schema":{"@context":"https:\/\/schema.org","@graph":[{"@type":"WebPage","@id":"https:\/\/dypall.com\/conference\/final-conference-of-the-project-management-systems-of-coworking-spaces-for-social-innovation-athens\/","url":"https:\/\/dypall.com\/conference\/final-conference-of-the-project-management-systems-of-coworking-spaces-for-social-innovation-athens\/","name":"Final conference of the project \"Management systems of coworking spaces for social innovation\" - DYPALL Network","isPartOf":{"@id":"https:\/\/dypall.com\/#website"},"primaryImageOfPage":{"@id":"https:\/\/dypall.com\/conference\/final-conference-of-the-project-management-systems-of-coworking-spaces-for-social-innovation-athens\/#primaryimage"},"image":{"@id":"https:\/\/dypall.com\/conference\/final-conference-of-the-project-management-systems-of-coworking-spaces-for-social-innovation-athens\/#primaryimage"},"thumbnailUrl":"","datePublished":"2022-05-26T15:39:11+00:00","dateModified":"2022-05-26T15:39:11+00:00","author":{"@id":"https:\/\/dypall.com\/#\/schema\/person\/206350efe851997fcdedef75d118766b"},"breadcrumb":{"@id":"https:\/\/dypall.com\/conference\/final-conference-of-the-project-management-systems-of-coworking-spaces-for-social-innovation-athens\/#breadcrumb"},"inLanguage":"pl-PL","potentialAction":[{"@type":"ReadAction","target":["https:\/\/dypall.com\/conference\/final-conference-of-the-project-management-systems-of-coworking-spaces-for-social-innovation-athens\/"]}]},{"@type":"ImageObject","inLanguage":"pl-PL","@id":"https:\/\/dypall.com\/conference\/final-conference-of-the-project-management-systems-of-coworking-spaces-for-social-innovation-athens\/#primaryimage","url":"","contentUrl":""},{"@type":"BreadcrumbList","@id":"https:\/\/dypall.com\/conference\/final-conference-of-the-project-management-systems-of-coworking-spaces-for-social-innovation-athens\/#breadcrumb","itemListElement":[{"@type":"ListItem","position":1,"name":"Home","item":"https:\/\/dypall.com\/"},{"@type":"ListItem","position":2,"name":"Final conference of the project &#8220;Management systems of coworking spaces for social innovation&#8221;"}]},{"@type":"WebSite","@id":"https:\/\/dypall.com\/#website","url":"https:\/\/dypall.com\/","name":"DYPALL Network","description":"We are a European network of civil society organisations, municipalities and research institutions dedicated to improving democracy through youth participation.","potentialAction":[{"@type":"SearchAction","target":{"@type":"EntryPoint","urlTemplate":"https:\/\/dypall.com\/?s={search_term_string}"},"query-input":"required name=search_term_string"}],"inLanguage":"pl-PL"},{"@type":"Person","@id":"https:\/\/dypall.com\/#\/schema\/person\/206350efe851997fcdedef75d118766b","name":"dypall","image":{"@type":"ImageObject","inLanguage":"pl-PL","@id":"https:\/\/dypall.com\/#\/schema\/person\/image\/","url":"https:\/\/secure.gravatar.com\/avatar\/14e8d3d8841cd0bdf69915120bcf9fcfac1567f1dc7035664907322ac47efe29?s=96&d=mm&r=g","contentUrl":"https:\/\/secure.gravatar.com\/avatar\/14e8d3d8841cd0bdf69915120bcf9fcfac1567f1dc7035664907322ac47efe29?s=96&d=mm&r=g","caption":"dypall"},"url":"https:\/\/dypall.com\/pl\/author\/dypall_info\/"}]}},"jetpack_featured_media_url":"","jetpack_sharing_enabled":true,"_links":{"self":[{"href":"https:\/\/dypall.com\/pl\/wp-json\/wp\/v2\/posts\/5593","targetHints":{"allow":["GET"]}}],"collection":[{"href":"https:\/\/dypall.com\/pl\/wp-json\/wp\/v2\/posts"}],"about":[{"href":"https:\/\/dypall.com\/pl\/wp-json\/wp\/v2\/types\/post"}],"author":[{"embeddable":true,"href":"https:\/\/dypall.com\/pl\/wp-json\/wp\/v2\/users\/2"}],"replies":[{"embeddable":true,"href":"https:\/\/dypall.com\/pl\/wp-json\/wp\/v2\/comments?post=5593"}],"version-history":[{"count":0,"href":"https:\/\/dypall.com\/pl\/wp-json\/wp\/v2\/posts\/5593\/revisions"}],"wp:featuredmedia":[{"embeddable":true,"href":"https:\/\/dypall.com\/pl\/wp-json\/"}],"wp:attachment":[{"href":"https:\/\/dypall.com\/pl\/wp-json\/wp\/v2\/media?parent=5593"}],"wp:term":[{"taxonomy":"category","embeddable":true,"href":"https:\/\/dypall.com\/pl\/wp-json\/wp\/v2\/categories?post=5593"},{"taxonomy":"post_tag","embeddable":true,"href":"https:\/\/dypall.com\/pl\/wp-json\/wp\/v2\/tags?post=5593"}],"curies":[{"name":"wp","href":"https:\/\/api.w.org\/{rel}","templated":true}]}}