{"id":4770,"date":"2021-02-19T16:57:40","date_gmt":"2021-02-19T16:57:40","guid":{"rendered":"https:\/\/dypall.com\/?p=4770"},"modified":"2021-02-19T16:57:40","modified_gmt":"2021-02-19T16:57:40","slug":"consultative-meeting-the-climate-crisis-young-people-and-democracy","status":"publish","type":"post","link":"https:\/\/dypall.com\/pl\/calls\/consultative-meeting-the-climate-crisis-young-people-and-democracy\/","title":{"rendered":"Spotkanie konsultacyjne pt. \u201eKryzys klimatyczny, m\u0142odzie\u017c i demokracja\u201d"},"content":{"rendered":"<p>Kryzys klimatyczny jest problemem, kt\u00f3ry dotyka wszystkich i wymaga szybkich reakcji na ca\u0142ym \u015bwiecie, ale to m\u0142odzi ludzie i przysz\u0142e pokolenia b\u0119d\u0105 najbardziej dotkni\u0119te, je\u015bli nie ocenimy tych problem\u00f3w. W tym tygodniu sie\u0107 DYPALL wzi\u0119\u0142a udzia\u0142 w spotkaniu konsultacyjnym \u201eKryzys klimatyczny, m\u0142odzie\u017c i demokracja\u201d, zorganizowanym przez Departament ds. M\u0142odzie\u017cy Rady Europy. Spotkanie odby\u0142o si\u0119 w dniach 16\u201318 lutego 2021 r. i zgromadzi\u0142o ponad 60 zainteresowanych stron i ekspert\u00f3w ds. m\u0142odzie\u017cy i kryzysu klimatycznego: aktywi\u015bci, osoby pracuj\u0105ce z m\u0142odzie\u017c\u0105 i liderzy, m\u0142odzi aktywi\u015bci, cz\u0142onkowie Wsp\u00f3lnej Rady ds. M\u0142odzie\u017cy, eksperci krajowi i badacze zajmuj\u0105cy si\u0119 zmian\u0105 klimatu, uczestnictwem m\u0142odzie\u017cy i demokracj\u0105.<\/p>\n<p style=\"font-weight: 400;\">Celem spotkania by\u0142o:<\/p>\n<ul style=\"font-weight: 400;\">\n<li>refleksja nad wp\u0142ywem zmiany klimatu na \u017cycie m\u0142odych ludzi w odniesieniu do prawa do zdrowego \u015brodowiska<\/li>\n<li>zaprezentowanie istniej\u0105cych praktyk i zbadanie wyzwa\u0144 zwi\u0105zanych z uczestnictwem m\u0142odzie\u017cy w celu wywarcia wp\u0142ywu na dzia\u0142ania polityczne w zwi\u0105zku z kryzysem klimatycznym<\/li>\n<li>zaj\u0119cie si\u0119 skrzy\u017cowaniami mi\u0119dzy kryzysem klimatycznym a innymi kwestiami, w tym prawami cz\u0142owieka, demokracj\u0105, migracj\u0105, zdrowiem itp.<\/li>\n<li>om\u00f3wienie i zbadanie reakcji polityki m\u0142odzie\u017cowej na kryzys klimatyczny<\/li>\n<li>omawianie podej\u015b\u0107 i dzia\u0142a\u0144 maj\u0105cych na celu uwzgl\u0119dnienie kwestii \u015brodowiskowych w polityce i programach na rzecz m\u0142odzie\u017cy;<\/li>\n<\/ul>\n<p>Wyniki posiedzenia przyczyni\u0105 si\u0119 do prac grupy zadaniowej Wsp\u00f3lnej Rady ds. M\u0142odzie\u017cy i po\u0142o\u017c\u0105 podwaliny pod przysz\u0142e dzia\u0142ania i prace Departamentu ds. M\u0142odzie\u017cy w tej dziedzinie. Wi\u0119cej informacji na temat tej inicjatywy mo\u017cna znale\u017a\u0107 <a href=\"https:\/\/www.coe.int\/en\/web\/youth\/cm-climate\">tutaj<\/a>.<\/p>\n<p style=\"font-weight: 400;\"><a href=\"https:\/\/dypall.com\/pl\/2021\/02\/19\/consultative-meeting-the-climate-crisis-young-people-and-democracy\/5-2-2\/#main\" rel=\"attachment wp-att-4772\"><img loading=\"lazy\" decoding=\"async\" class=\"aligncenter size-large wp-image-4772\" src=\"https:\/\/dypall.com\/wp-content\/uploads\/2021\/02\/5-2-1024x505.png\" alt=\"\" width=\"1024\" height=\"505\" \/><\/a><\/p>\n<p style=\"font-weight: 400;\"><a href=\"https:\/\/dypall.com\/pl\/2021\/02\/19\/consultative-meeting-the-climate-crisis-young-people-and-democracy\/4-9\/#main\" rel=\"attachment wp-att-4773\"><img loading=\"lazy\" decoding=\"async\" class=\"aligncenter size-large wp-image-4773\" src=\"https:\/\/dypall.com\/wp-content\/uploads\/2021\/02\/4-1024x576.png\" alt=\"\" width=\"1024\" height=\"576\" \/><\/a> <img loading=\"lazy\" decoding=\"async\" class=\"aligncenter size-large wp-image-4776\" src=\"https:\/\/dypall.com\/wp-content\/uploads\/2021\/02\/1-1024x502.png\" alt=\"\" width=\"1024\" height=\"502\" \/><\/p>\n<p style=\"font-weight: 400;\"><a href=\"https:\/\/dypall.com\/pl\/2021\/02\/19\/consultative-meeting-the-climate-crisis-young-people-and-democracy\/2-9\/#main\" rel=\"attachment wp-att-4774\"><img loading=\"lazy\" decoding=\"async\" class=\"aligncenter size-large wp-image-4774\" src=\"https:\/\/dypall.com\/wp-content\/uploads\/2021\/02\/2-1024x507.png\" alt=\"\" width=\"1024\" height=\"507\" \/><\/a><\/p>\n<p style=\"font-weight: 400;\"><a href=\"https:\/\/dypall.com\/pl\/2021\/02\/19\/consultative-meeting-the-climate-crisis-young-people-and-democracy\/3-2-2\/#main\" rel=\"attachment wp-att-4775\"><img loading=\"lazy\" decoding=\"async\" class=\"aligncenter size-large wp-image-4775\" src=\"https:\/\/dypall.com\/wp-content\/uploads\/2021\/02\/3-2-1024x505.png\" alt=\"\" width=\"1024\" height=\"505\" \/><\/a><\/p>","protected":false},"excerpt":{"rendered":"<p>Kryzys klimatyczny jest problemem, kt\u00f3ry dotyka wszystkich i wymaga szybkich reakcji na ca\u0142ym \u015bwiecie, ale to m\u0142odzi ludzie i przysz\u0142e pokolenia b\u0119d\u0105 najbardziej dotkni\u0119te, je\u015bli nie ocenimy tych problem\u00f3w. W tym tygodniu sie\u0107 DYPALL wzi\u0119\u0142a udzia\u0142 w spotkaniu konsultacyjnym \u201eKryzys klimatyczny, m\u0142odzie\u017c i demokracja\u201d, zorganizowanym przez... <a class=\"more-link\" href=\"https:\/\/dypall.com\/pl\/calls\/consultative-meeting-the-climate-crisis-young-people-and-democracy\/\">Czytaj dalej <span class=\"screen-reader-text\">Spotkanie konsultacyjne pt. \u201eKryzys klimatyczny, m\u0142odzie\u017c i demokracja\u201d<\/span><\/a><\/p>","protected":false},"author":2,"featured_media":4771,"comment_status":"closed","ping_status":"open","sticky":false,"template":"","format":"standard","meta":{"_acf_changed":false,"_jetpack_memberships_contains_paid_content":false,"footnotes":""},"categories":[1],"tags":[],"class_list":["post-4770","post","type-post","status-publish","format-standard","has-post-thumbnail","hentry","category-calls","entry"],"acf":[],"yoast_head":"<!-- This site is optimized with the Yoast SEO plugin v22.8 - https:\/\/yoast.com\/wordpress\/plugins\/seo\/ -->\n<title>Consultative meeting &quot;The climate crisis, young people and democracy&quot; - DYPALL Network<\/title>\n<meta name=\"robots\" content=\"index, follow, max-snippet:-1, max-image-preview:large, max-video-preview:-1\" \/>\n<link rel=\"canonical\" href=\"https:\/\/dypall.com\/pl\/calls\/consultative-meeting-the-climate-crisis-young-people-and-democracy\/\" \/>\n<meta property=\"og:locale\" content=\"pl_PL\" \/>\n<meta property=\"og:type\" content=\"article\" \/>\n<meta property=\"og:title\" content=\"Consultative meeting &quot;The climate crisis, young people and democracy&quot; - DYPALL Network\" \/>\n<meta property=\"og:description\" content=\"The climate crisis is an issue that affects everyone and needs rapid responses worldwide, but it is the young people and future generations, who will be impacted the most if we do not assess these problems. This week DYPALL Network took part in a consultative meeting \u201eThe climate crisis, young people and democracy,\u201d organised by&hellip; Czytaj dalej Consultative meeting &#8220;The climate crisis, young people and democracy&#8221;\" \/>\n<meta property=\"og:url\" content=\"https:\/\/dypall.com\/pl\/calls\/consultative-meeting-the-climate-crisis-young-people-and-democracy\/\" \/>\n<meta property=\"og:site_name\" content=\"DYPALL Network\" \/>\n<meta property=\"article:published_time\" content=\"2021-02-19T16:57:40+00:00\" \/>\n<meta name=\"author\" content=\"dypall\" \/>\n<meta name=\"twitter:card\" content=\"summary_large_image\" \/>\n<meta name=\"twitter:label1\" content=\"Written by\" \/>\n\t<meta name=\"twitter:data1\" content=\"dypall\" \/>\n\t<meta name=\"twitter:label2\" content=\"Est. reading time\" \/>\n\t<meta name=\"twitter:data2\" content=\"1 minuta\" \/>\n<script type=\"application\/ld+json\" class=\"yoast-schema-graph\">{\"@context\":\"https:\/\/schema.org\",\"@graph\":[{\"@type\":\"WebPage\",\"@id\":\"https:\/\/dypall.com\/calls\/consultative-meeting-the-climate-crisis-young-people-and-democracy\/\",\"url\":\"https:\/\/dypall.com\/calls\/consultative-meeting-the-climate-crisis-young-people-and-democracy\/\",\"name\":\"Consultative meeting \\\"The climate crisis, young people and democracy\\\" - DYPALL Network\",\"isPartOf\":{\"@id\":\"https:\/\/dypall.com\/#website\"},\"primaryImageOfPage\":{\"@id\":\"https:\/\/dypall.com\/calls\/consultative-meeting-the-climate-crisis-young-people-and-democracy\/#primaryimage\"},\"image\":{\"@id\":\"https:\/\/dypall.com\/calls\/consultative-meeting-the-climate-crisis-young-people-and-democracy\/#primaryimage\"},\"thumbnailUrl\":\"\",\"datePublished\":\"2021-02-19T16:57:40+00:00\",\"dateModified\":\"2021-02-19T16:57:40+00:00\",\"author\":{\"@id\":\"https:\/\/dypall.com\/#\/schema\/person\/206350efe851997fcdedef75d118766b\"},\"breadcrumb\":{\"@id\":\"https:\/\/dypall.com\/calls\/consultative-meeting-the-climate-crisis-young-people-and-democracy\/#breadcrumb\"},\"inLanguage\":\"pl-PL\",\"potentialAction\":[{\"@type\":\"ReadAction\",\"target\":[\"https:\/\/dypall.com\/calls\/consultative-meeting-the-climate-crisis-young-people-and-democracy\/\"]}]},{\"@type\":\"ImageObject\",\"inLanguage\":\"pl-PL\",\"@id\":\"https:\/\/dypall.com\/calls\/consultative-meeting-the-climate-crisis-young-people-and-democracy\/#primaryimage\",\"url\":\"\",\"contentUrl\":\"\"},{\"@type\":\"BreadcrumbList\",\"@id\":\"https:\/\/dypall.com\/calls\/consultative-meeting-the-climate-crisis-young-people-and-democracy\/#breadcrumb\",\"itemListElement\":[{\"@type\":\"ListItem\",\"position\":1,\"name\":\"Home\",\"item\":\"https:\/\/dypall.com\/\"},{\"@type\":\"ListItem\",\"position\":2,\"name\":\"Consultative meeting &#8220;The climate crisis, young people and democracy&#8221;\"}]},{\"@type\":\"WebSite\",\"@id\":\"https:\/\/dypall.com\/#website\",\"url\":\"https:\/\/dypall.com\/\",\"name\":\"DYPALL Network\",\"description\":\"We are a European network of civil society organisations, municipalities and research institutions dedicated to improving democracy through youth participation.\",\"potentialAction\":[{\"@type\":\"SearchAction\",\"target\":{\"@type\":\"EntryPoint\",\"urlTemplate\":\"https:\/\/dypall.com\/?s={search_term_string}\"},\"query-input\":\"required name=search_term_string\"}],\"inLanguage\":\"pl-PL\"},{\"@type\":\"Person\",\"@id\":\"https:\/\/dypall.com\/#\/schema\/person\/206350efe851997fcdedef75d118766b\",\"name\":\"dypall\",\"image\":{\"@type\":\"ImageObject\",\"inLanguage\":\"pl-PL\",\"@id\":\"https:\/\/dypall.com\/#\/schema\/person\/image\/\",\"url\":\"https:\/\/secure.gravatar.com\/avatar\/14e8d3d8841cd0bdf69915120bcf9fcfac1567f1dc7035664907322ac47efe29?s=96&d=mm&r=g\",\"contentUrl\":\"https:\/\/secure.gravatar.com\/avatar\/14e8d3d8841cd0bdf69915120bcf9fcfac1567f1dc7035664907322ac47efe29?s=96&d=mm&r=g\",\"caption\":\"dypall\"},\"url\":\"https:\/\/dypall.com\/pl\/author\/dypall_info\/\"}]}<\/script>\n<!-- \/ Yoast SEO plugin. -->","yoast_head_json":{"title":"Consultative meeting \"The climate crisis, young people and democracy\" - DYPALL Network","robots":{"index":"index","follow":"follow","max-snippet":"max-snippet:-1","max-image-preview":"max-image-preview:large","max-video-preview":"max-video-preview:-1"},"canonical":"https:\/\/dypall.com\/pl\/calls\/consultative-meeting-the-climate-crisis-young-people-and-democracy\/","og_locale":"pl_PL","og_type":"article","og_title":"Consultative meeting \"The climate crisis, young people and democracy\" - DYPALL Network","og_description":"The climate crisis is an issue that affects everyone and needs rapid responses worldwide, but it is the young people and future generations, who will be impacted the most if we do not assess these problems. This week DYPALL Network took part in a consultative meeting \u201eThe climate crisis, young people and democracy,\u201d organised by&hellip; Czytaj dalej Consultative meeting &#8220;The climate crisis, young people and democracy&#8221;","og_url":"https:\/\/dypall.com\/pl\/calls\/consultative-meeting-the-climate-crisis-young-people-and-democracy\/","og_site_name":"DYPALL Network","article_published_time":"2021-02-19T16:57:40+00:00","author":"dypall","twitter_card":"summary_large_image","twitter_misc":{"Written by":"dypall","Est. reading time":"1 minuta"},"schema":{"@context":"https:\/\/schema.org","@graph":[{"@type":"WebPage","@id":"https:\/\/dypall.com\/calls\/consultative-meeting-the-climate-crisis-young-people-and-democracy\/","url":"https:\/\/dypall.com\/calls\/consultative-meeting-the-climate-crisis-young-people-and-democracy\/","name":"Consultative meeting \"The climate crisis, young people and democracy\" - DYPALL Network","isPartOf":{"@id":"https:\/\/dypall.com\/#website"},"primaryImageOfPage":{"@id":"https:\/\/dypall.com\/calls\/consultative-meeting-the-climate-crisis-young-people-and-democracy\/#primaryimage"},"image":{"@id":"https:\/\/dypall.com\/calls\/consultative-meeting-the-climate-crisis-young-people-and-democracy\/#primaryimage"},"thumbnailUrl":"","datePublished":"2021-02-19T16:57:40+00:00","dateModified":"2021-02-19T16:57:40+00:00","author":{"@id":"https:\/\/dypall.com\/#\/schema\/person\/206350efe851997fcdedef75d118766b"},"breadcrumb":{"@id":"https:\/\/dypall.com\/calls\/consultative-meeting-the-climate-crisis-young-people-and-democracy\/#breadcrumb"},"inLanguage":"pl-PL","potentialAction":[{"@type":"ReadAction","target":["https:\/\/dypall.com\/calls\/consultative-meeting-the-climate-crisis-young-people-and-democracy\/"]}]},{"@type":"ImageObject","inLanguage":"pl-PL","@id":"https:\/\/dypall.com\/calls\/consultative-meeting-the-climate-crisis-young-people-and-democracy\/#primaryimage","url":"","contentUrl":""},{"@type":"BreadcrumbList","@id":"https:\/\/dypall.com\/calls\/consultative-meeting-the-climate-crisis-young-people-and-democracy\/#breadcrumb","itemListElement":[{"@type":"ListItem","position":1,"name":"Home","item":"https:\/\/dypall.com\/"},{"@type":"ListItem","position":2,"name":"Consultative meeting &#8220;The climate crisis, young people and democracy&#8221;"}]},{"@type":"WebSite","@id":"https:\/\/dypall.com\/#website","url":"https:\/\/dypall.com\/","name":"DYPALL Network","description":"We are a European network of civil society organisations, municipalities and research institutions dedicated to improving democracy through youth participation.","potentialAction":[{"@type":"SearchAction","target":{"@type":"EntryPoint","urlTemplate":"https:\/\/dypall.com\/?s={search_term_string}"},"query-input":"required name=search_term_string"}],"inLanguage":"pl-PL"},{"@type":"Person","@id":"https:\/\/dypall.com\/#\/schema\/person\/206350efe851997fcdedef75d118766b","name":"dypall","image":{"@type":"ImageObject","inLanguage":"pl-PL","@id":"https:\/\/dypall.com\/#\/schema\/person\/image\/","url":"https:\/\/secure.gravatar.com\/avatar\/14e8d3d8841cd0bdf69915120bcf9fcfac1567f1dc7035664907322ac47efe29?s=96&d=mm&r=g","contentUrl":"https:\/\/secure.gravatar.com\/avatar\/14e8d3d8841cd0bdf69915120bcf9fcfac1567f1dc7035664907322ac47efe29?s=96&d=mm&r=g","caption":"dypall"},"url":"https:\/\/dypall.com\/pl\/author\/dypall_info\/"}]}},"jetpack_featured_media_url":"","jetpack_sharing_enabled":true,"_links":{"self":[{"href":"https:\/\/dypall.com\/pl\/wp-json\/wp\/v2\/posts\/4770","targetHints":{"allow":["GET"]}}],"collection":[{"href":"https:\/\/dypall.com\/pl\/wp-json\/wp\/v2\/posts"}],"about":[{"href":"https:\/\/dypall.com\/pl\/wp-json\/wp\/v2\/types\/post"}],"author":[{"embeddable":true,"href":"https:\/\/dypall.com\/pl\/wp-json\/wp\/v2\/users\/2"}],"replies":[{"embeddable":true,"href":"https:\/\/dypall.com\/pl\/wp-json\/wp\/v2\/comments?post=4770"}],"version-history":[{"count":0,"href":"https:\/\/dypall.com\/pl\/wp-json\/wp\/v2\/posts\/4770\/revisions"}],"wp:featuredmedia":[{"embeddable":true,"href":"https:\/\/dypall.com\/pl\/wp-json\/"}],"wp:attachment":[{"href":"https:\/\/dypall.com\/pl\/wp-json\/wp\/v2\/media?parent=4770"}],"wp:term":[{"taxonomy":"category","embeddable":true,"href":"https:\/\/dypall.com\/pl\/wp-json\/wp\/v2\/categories?post=4770"},{"taxonomy":"post_tag","embeddable":true,"href":"https:\/\/dypall.com\/pl\/wp-json\/wp\/v2\/tags?post=4770"}],"curies":[{"name":"wp","href":"https:\/\/api.w.org\/{rel}","templated":true}]}}