{"id":3375,"date":"2019-02-20T17:47:10","date_gmt":"2019-02-20T16:47:10","guid":{"rendered":"http:\/\/dypall.com\/?p=3375"},"modified":"2019-02-20T17:47:10","modified_gmt":"2019-02-20T16:47:10","slug":"youth-democracy-academy-training-for-multipliers","status":"publish","type":"post","link":"https:\/\/dypall.com\/pl\/activity\/youth-democracy-academy-training-for-multipliers\/","title":{"rendered":"M\u0142odzie\u017cowa Akademia Demokracji - Mi\u0119dzynarodowe szkolenie dla \u015brodowisk opiniotw\u00f3rczych"},"content":{"rendered":"<p>Szkolenie dla \u015brodowisk opiniotw\u00f3rczych w ramach projektu M\u0142odzie\u017cowa Akademia Demokracji (YDA) odby\u0142o si\u0119 w Portim\u00e3o (Portugalia) od 8.<sup>th<\/sup>-14<sup>th<\/sup> z lutego 2019 r. i zaanga\u017cowa\u0142a m\u0142odych ludzi z 12 pa\u0144stw UE, kt\u00f3rzy po raz pierwszy zag\u0142osuj\u0105 w nadchodz\u0105cych wyborach europejskich w maju 2019 r.<\/p>\n<p>Uczestnicy otrzymali przestrze\u0144 do dyskusji na takie tematy jak demokracja uczestnicz\u0105ca i instytucje UE, a tak\u017ce wskaz\u00f3wki i strategie dotycz\u0105ce sposob\u00f3w promowania i rozwijania zrozumienia procesu demokratycznego przez m\u0142odych wyborc\u00f3w oraz jego wp\u0142ywu na ich codzienne \u017cycie. Szkolenie zapewni\u0142o im umiej\u0119tno\u015bci dzia\u0142ania w charakterze edukator\u00f3w r\u00f3wie\u015bnik\u00f3w i przekazywania wiedzy swoim r\u00f3wie\u015bnikom, poniewa\u017c po szkoleniu poprowadz\u0105 lokalne zespo\u0142y realizuj\u0105ce kampani\u0119 GOTV skierowan\u0105 do wyborc\u00f3w po raz pierwszy.<\/p>\n<p>W zwi\u0105zku z tym celem tej cz\u0119\u015bci projektu M\u0142odzie\u017cowa Akademia Demokracji by\u0142o podnoszenie \u015bwiadomo\u015bci i promowanie zaanga\u017cowania wyborc\u00f3w g\u0142osuj\u0105cych po raz pierwszy w europejski proces demokratyczny, w szczeg\u00f3lno\u015bci w nadchodz\u0105ce wybory europejskie.<\/p>\n<p>Celem tego projektu jest wzmocnienie pozycji m\u0142odych ludzi i zapewnienie im narz\u0119dzi do prowadzenia kampanii prowadzonej przez nich i ich r\u00f3wie\u015bnik\u00f3w. Celem tego projektu jest pobudzenie debaty w\u015br\u00f3d m\u0142odych obywateli i przysz\u0142ych podmiot\u00f3w podejmuj\u0105cych decyzje na szczeblu europejskim.<\/p>\n<p>Uczestnicy mieli r\u00f3wnie\u017c mo\u017cliwo\u015b\u0107 zrozumienia r\u00f3\u017cnych \u015brodowisk kulturowych i przekona\u0144 politycznych poprzez poznanie innych uczestnik\u00f3w handluj\u0105cych wra\u017ceniami i warto\u015bciami, znalezienie wsp\u00f3lnych podstaw dla ich poczucia obywatelstwa europejskiego.<\/p>\n<p>M\u0142odzie\u017cowa Akademia Demokracji jest realizowana przez sie\u0107 DYPALL we wsp\u00f3\u0142pracy z Krajowym Stowarzyszeniem Kart M\u0142odzie\u017cowych (Bu\u0142garia), gmin\u0105 Karditsa (Grecja), Federacj\u0105 Rad Miejskich Dzieci i M\u0142odzie\u017cy (W\u0119gry), Eurodemos (W\u0142ochy), gmin\u0105 Rezekne (\u0141otwa), Domami Spo\u0142ecznymi (Rumunia), Asociaci\u00f3n Las Ni\u00f1as del Tul (Hiszpania), Politicus (Francja), Detsk\u00e1 organiz\u00e1cia F\u00c9NIX,o.z (S\u0142owacja), African Empowerement Center (Szwecja) i Migrafrica (Niemcy).<\/p>\n<p>Projekt ten jest wsp\u00f3\u0142finansowany w ramach programu Unii Europejskiej Erasmus+ i uzyska\u0142 lokalne wsparcie ze strony gminy Portim\u00e3o.<\/p>\n<p>&nbsp;<\/p>\n<p><img loading=\"lazy\" decoding=\"async\" class=\"aligncenter size-full wp-image-3381\" src=\"http:\/\/dypall.com\/wp-content\/uploads\/2019\/02\/IMG_1894.jpg\" alt=\"\" width=\"992\" height=\"661\" \/><\/p>\n<p><img loading=\"lazy\" decoding=\"async\" class=\"aligncenter size-full wp-image-3379\" src=\"http:\/\/dypall.com\/wp-content\/uploads\/2019\/02\/DSC_2611.jpg\" alt=\"\" width=\"900\" height=\"600\" \/><\/p>\n<p><img loading=\"lazy\" decoding=\"async\" class=\"aligncenter size-full wp-image-3382\" src=\"http:\/\/dypall.com\/wp-content\/uploads\/2019\/02\/IMG_8446.jpg\" alt=\"\" width=\"800\" height=\"533\" \/><\/p>\n<p><img loading=\"lazy\" decoding=\"async\" class=\"aligncenter size-full wp-image-3383\" src=\"http:\/\/dypall.com\/wp-content\/uploads\/2019\/02\/IMG_8468.jpg\" alt=\"\" width=\"843\" height=\"562\" \/><\/p>\n<p><img loading=\"lazy\" decoding=\"async\" class=\"aligncenter size-large wp-image-3384\" src=\"http:\/\/dypall.com\/wp-content\/uploads\/2019\/02\/IMG_8539-1024x683.jpg\" alt=\"\" width=\"960\" height=\"640\" \/><\/p>\n<p><img loading=\"lazy\" decoding=\"async\" class=\"aligncenter size-full wp-image-3385\" src=\"http:\/\/dypall.com\/wp-content\/uploads\/2019\/02\/IMG_8558.jpg\" alt=\"\" width=\"843\" height=\"562\" \/><\/p>\n<p><img loading=\"lazy\" decoding=\"async\" class=\"aligncenter size-full wp-image-3386\" src=\"http:\/\/dypall.com\/wp-content\/uploads\/2019\/02\/IMG_8600.jpg\" alt=\"\" width=\"843\" height=\"562\" \/><\/p>\n<p><img loading=\"lazy\" decoding=\"async\" class=\"aligncenter size-full wp-image-3387\" src=\"http:\/\/dypall.com\/wp-content\/uploads\/2019\/02\/IMG_8626.jpg\" alt=\"\" width=\"843\" height=\"562\" \/><\/p>\n<p><img loading=\"lazy\" decoding=\"async\" class=\"aligncenter size-full wp-image-3388\" src=\"http:\/\/dypall.com\/wp-content\/uploads\/2019\/02\/IMG_9973.jpg\" alt=\"\" width=\"778\" height=\"519\" \/><\/p>\n<p><img loading=\"lazy\" decoding=\"async\" class=\"aligncenter size-full wp-image-3389\" src=\"http:\/\/dypall.com\/wp-content\/uploads\/2019\/02\/DSC_2644-1.jpg\" alt=\"\" width=\"900\" height=\"600\" \/><\/p>\n<p><img loading=\"lazy\" decoding=\"async\" class=\"aligncenter size-full wp-image-3390\" src=\"http:\/\/dypall.com\/wp-content\/uploads\/2019\/02\/DSC_2577-1.jpg\" alt=\"\" width=\"900\" height=\"600\" \/><\/p>\n<p>&nbsp;<\/p>\n<p>&nbsp;<\/p>","protected":false},"excerpt":{"rendered":"<p>Szkolenie dla \u015brodowisk opiniotw\u00f3rczych w ramach projektu M\u0142odzie\u017cowa Akademia Demokracji (YDA) odby\u0142o si\u0119 w Portim\u00e3o (Portugalia) w dniach 8\u201314 lutego 2019 r. i obj\u0119\u0142o m\u0142odych ludzi z 12 kraj\u00f3w UE, kt\u00f3rzy po raz pierwszy zag\u0142osuj\u0105 w nadchodz\u0105cych wyborach europejskich w maju 2019 r. Uczestnicy otrzymali przestrze\u0144 do dyskusji na tematy takie jak... <a class=\"more-link\" href=\"https:\/\/dypall.com\/pl\/activity\/youth-democracy-academy-training-for-multipliers\/\">Czytaj dalej <span class=\"screen-reader-text\">M\u0142odzie\u017cowa Akademia Demokracji - Mi\u0119dzynarodowe szkolenie dla \u015brodowisk opiniotw\u00f3rczych<\/span><\/a><\/p>","protected":false},"author":1,"featured_media":3417,"comment_status":"closed","ping_status":"open","sticky":false,"template":"","format":"standard","meta":{"_acf_changed":false,"_jetpack_memberships_contains_paid_content":false,"footnotes":""},"categories":[111],"tags":[136],"class_list":["post-3375","post","type-post","status-publish","format-standard","has-post-thumbnail","hentry","category-activity","tag-training-course","entry"],"acf":[],"yoast_head":"<!-- This site is optimized with the Yoast SEO plugin v22.8 - https:\/\/yoast.com\/wordpress\/plugins\/seo\/ -->\n<title>Youth Democracy Academy- International Training for Multipliers - DYPALL Network<\/title>\n<meta name=\"robots\" content=\"index, follow, max-snippet:-1, max-image-preview:large, max-video-preview:-1\" \/>\n<link rel=\"canonical\" href=\"https:\/\/dypall.com\/pl\/activity\/youth-democracy-academy-training-for-multipliers\/\" \/>\n<meta property=\"og:locale\" content=\"pl_PL\" \/>\n<meta property=\"og:type\" content=\"article\" \/>\n<meta property=\"og:title\" content=\"Youth Democracy Academy- International Training for Multipliers - DYPALL Network\" \/>\n<meta property=\"og:description\" content=\"The training for multipliers within the Youth Democracy Academy (YDA) project, took place in Portim\u00e3o (Portugal), from 8th-14th of February 2019, and it involved young people from 12 EU countries that will vote for the first time in the upcoming European elections in May 2019. The participants were given the space to debate topics such&hellip; Czytaj dalej Youth Democracy Academy- International Training for Multipliers\" \/>\n<meta property=\"og:url\" content=\"https:\/\/dypall.com\/pl\/activity\/youth-democracy-academy-training-for-multipliers\/\" \/>\n<meta property=\"og:site_name\" content=\"DYPALL Network\" \/>\n<meta property=\"article:published_time\" content=\"2019-02-20T16:47:10+00:00\" \/>\n<meta name=\"author\" content=\"DYPALL Network\" \/>\n<meta name=\"twitter:card\" content=\"summary_large_image\" \/>\n<meta name=\"twitter:label1\" content=\"Written by\" \/>\n\t<meta name=\"twitter:data1\" content=\"DYPALL Network\" \/>\n\t<meta name=\"twitter:label2\" content=\"Est. reading time\" \/>\n\t<meta name=\"twitter:data2\" content=\"2 minuty\" \/>\n<script type=\"application\/ld+json\" class=\"yoast-schema-graph\">{\"@context\":\"https:\/\/schema.org\",\"@graph\":[{\"@type\":\"WebPage\",\"@id\":\"https:\/\/dypall.com\/activity\/youth-democracy-academy-training-for-multipliers\/\",\"url\":\"https:\/\/dypall.com\/activity\/youth-democracy-academy-training-for-multipliers\/\",\"name\":\"Youth Democracy Academy- International Training for Multipliers - DYPALL Network\",\"isPartOf\":{\"@id\":\"https:\/\/dypall.com\/#website\"},\"primaryImageOfPage\":{\"@id\":\"https:\/\/dypall.com\/activity\/youth-democracy-academy-training-for-multipliers\/#primaryimage\"},\"image\":{\"@id\":\"https:\/\/dypall.com\/activity\/youth-democracy-academy-training-for-multipliers\/#primaryimage\"},\"thumbnailUrl\":\"\",\"datePublished\":\"2019-02-20T16:47:10+00:00\",\"dateModified\":\"2019-02-20T16:47:10+00:00\",\"author\":{\"@id\":\"https:\/\/dypall.com\/#\/schema\/person\/f92e08aa15c8ba711a9d153129f03377\"},\"breadcrumb\":{\"@id\":\"https:\/\/dypall.com\/activity\/youth-democracy-academy-training-for-multipliers\/#breadcrumb\"},\"inLanguage\":\"pl-PL\",\"potentialAction\":[{\"@type\":\"ReadAction\",\"target\":[\"https:\/\/dypall.com\/activity\/youth-democracy-academy-training-for-multipliers\/\"]}]},{\"@type\":\"ImageObject\",\"inLanguage\":\"pl-PL\",\"@id\":\"https:\/\/dypall.com\/activity\/youth-democracy-academy-training-for-multipliers\/#primaryimage\",\"url\":\"\",\"contentUrl\":\"\"},{\"@type\":\"BreadcrumbList\",\"@id\":\"https:\/\/dypall.com\/activity\/youth-democracy-academy-training-for-multipliers\/#breadcrumb\",\"itemListElement\":[{\"@type\":\"ListItem\",\"position\":1,\"name\":\"Home\",\"item\":\"https:\/\/dypall.com\/\"},{\"@type\":\"ListItem\",\"position\":2,\"name\":\"Youth Democracy Academy- International Training for Multipliers\"}]},{\"@type\":\"WebSite\",\"@id\":\"https:\/\/dypall.com\/#website\",\"url\":\"https:\/\/dypall.com\/\",\"name\":\"DYPALL Network\",\"description\":\"We are a European network of civil society organisations, municipalities and research institutions dedicated to improving democracy through youth participation.\",\"potentialAction\":[{\"@type\":\"SearchAction\",\"target\":{\"@type\":\"EntryPoint\",\"urlTemplate\":\"https:\/\/dypall.com\/?s={search_term_string}\"},\"query-input\":\"required name=search_term_string\"}],\"inLanguage\":\"pl-PL\"},{\"@type\":\"Person\",\"@id\":\"https:\/\/dypall.com\/#\/schema\/person\/f92e08aa15c8ba711a9d153129f03377\",\"name\":\"DYPALL Network\",\"image\":{\"@type\":\"ImageObject\",\"inLanguage\":\"pl-PL\",\"@id\":\"https:\/\/dypall.com\/#\/schema\/person\/image\/\",\"url\":\"https:\/\/secure.gravatar.com\/avatar\/9c39e299279800c6d69c5e02cf613e7bab060889f373052a03d7ac399e8f0d3c?s=96&d=mm&r=g\",\"contentUrl\":\"https:\/\/secure.gravatar.com\/avatar\/9c39e299279800c6d69c5e02cf613e7bab060889f373052a03d7ac399e8f0d3c?s=96&d=mm&r=g\",\"caption\":\"DYPALL Network\"},\"sameAs\":[\"https:\/\/dypall.com\"],\"url\":\"https:\/\/dypall.com\/pl\/author\/dypall\/\"}]}<\/script>\n<!-- \/ Yoast SEO plugin. -->","yoast_head_json":{"title":"Youth Democracy Academy- International Training for Multipliers - DYPALL Network","robots":{"index":"index","follow":"follow","max-snippet":"max-snippet:-1","max-image-preview":"max-image-preview:large","max-video-preview":"max-video-preview:-1"},"canonical":"https:\/\/dypall.com\/pl\/activity\/youth-democracy-academy-training-for-multipliers\/","og_locale":"pl_PL","og_type":"article","og_title":"Youth Democracy Academy- International Training for Multipliers - DYPALL Network","og_description":"The training for multipliers within the Youth Democracy Academy (YDA) project, took place in Portim\u00e3o (Portugal), from 8th-14th of February 2019, and it involved young people from 12 EU countries that will vote for the first time in the upcoming European elections in May 2019. The participants were given the space to debate topics such&hellip; Czytaj dalej Youth Democracy Academy- International Training for Multipliers","og_url":"https:\/\/dypall.com\/pl\/activity\/youth-democracy-academy-training-for-multipliers\/","og_site_name":"DYPALL Network","article_published_time":"2019-02-20T16:47:10+00:00","author":"DYPALL Network","twitter_card":"summary_large_image","twitter_misc":{"Written by":"DYPALL Network","Est. reading time":"2 minuty"},"schema":{"@context":"https:\/\/schema.org","@graph":[{"@type":"WebPage","@id":"https:\/\/dypall.com\/activity\/youth-democracy-academy-training-for-multipliers\/","url":"https:\/\/dypall.com\/activity\/youth-democracy-academy-training-for-multipliers\/","name":"Youth Democracy Academy- International Training for Multipliers - DYPALL Network","isPartOf":{"@id":"https:\/\/dypall.com\/#website"},"primaryImageOfPage":{"@id":"https:\/\/dypall.com\/activity\/youth-democracy-academy-training-for-multipliers\/#primaryimage"},"image":{"@id":"https:\/\/dypall.com\/activity\/youth-democracy-academy-training-for-multipliers\/#primaryimage"},"thumbnailUrl":"","datePublished":"2019-02-20T16:47:10+00:00","dateModified":"2019-02-20T16:47:10+00:00","author":{"@id":"https:\/\/dypall.com\/#\/schema\/person\/f92e08aa15c8ba711a9d153129f03377"},"breadcrumb":{"@id":"https:\/\/dypall.com\/activity\/youth-democracy-academy-training-for-multipliers\/#breadcrumb"},"inLanguage":"pl-PL","potentialAction":[{"@type":"ReadAction","target":["https:\/\/dypall.com\/activity\/youth-democracy-academy-training-for-multipliers\/"]}]},{"@type":"ImageObject","inLanguage":"pl-PL","@id":"https:\/\/dypall.com\/activity\/youth-democracy-academy-training-for-multipliers\/#primaryimage","url":"","contentUrl":""},{"@type":"BreadcrumbList","@id":"https:\/\/dypall.com\/activity\/youth-democracy-academy-training-for-multipliers\/#breadcrumb","itemListElement":[{"@type":"ListItem","position":1,"name":"Home","item":"https:\/\/dypall.com\/"},{"@type":"ListItem","position":2,"name":"Youth Democracy Academy- International Training for Multipliers"}]},{"@type":"WebSite","@id":"https:\/\/dypall.com\/#website","url":"https:\/\/dypall.com\/","name":"DYPALL Network","description":"We are a European network of civil society organisations, municipalities and research institutions dedicated to improving democracy through youth participation.","potentialAction":[{"@type":"SearchAction","target":{"@type":"EntryPoint","urlTemplate":"https:\/\/dypall.com\/?s={search_term_string}"},"query-input":"required name=search_term_string"}],"inLanguage":"pl-PL"},{"@type":"Person","@id":"https:\/\/dypall.com\/#\/schema\/person\/f92e08aa15c8ba711a9d153129f03377","name":"DYPALL Network","image":{"@type":"ImageObject","inLanguage":"pl-PL","@id":"https:\/\/dypall.com\/#\/schema\/person\/image\/","url":"https:\/\/secure.gravatar.com\/avatar\/9c39e299279800c6d69c5e02cf613e7bab060889f373052a03d7ac399e8f0d3c?s=96&d=mm&r=g","contentUrl":"https:\/\/secure.gravatar.com\/avatar\/9c39e299279800c6d69c5e02cf613e7bab060889f373052a03d7ac399e8f0d3c?s=96&d=mm&r=g","caption":"DYPALL Network"},"sameAs":["https:\/\/dypall.com"],"url":"https:\/\/dypall.com\/pl\/author\/dypall\/"}]}},"jetpack_featured_media_url":"","jetpack_sharing_enabled":true,"_links":{"self":[{"href":"https:\/\/dypall.com\/pl\/wp-json\/wp\/v2\/posts\/3375","targetHints":{"allow":["GET"]}}],"collection":[{"href":"https:\/\/dypall.com\/pl\/wp-json\/wp\/v2\/posts"}],"about":[{"href":"https:\/\/dypall.com\/pl\/wp-json\/wp\/v2\/types\/post"}],"author":[{"embeddable":true,"href":"https:\/\/dypall.com\/pl\/wp-json\/wp\/v2\/users\/1"}],"replies":[{"embeddable":true,"href":"https:\/\/dypall.com\/pl\/wp-json\/wp\/v2\/comments?post=3375"}],"version-history":[{"count":0,"href":"https:\/\/dypall.com\/pl\/wp-json\/wp\/v2\/posts\/3375\/revisions"}],"wp:featuredmedia":[{"embeddable":true,"href":"https:\/\/dypall.com\/pl\/wp-json\/"}],"wp:attachment":[{"href":"https:\/\/dypall.com\/pl\/wp-json\/wp\/v2\/media?parent=3375"}],"wp:term":[{"taxonomy":"category","embeddable":true,"href":"https:\/\/dypall.com\/pl\/wp-json\/wp\/v2\/categories?post=3375"},{"taxonomy":"post_tag","embeddable":true,"href":"https:\/\/dypall.com\/pl\/wp-json\/wp\/v2\/tags?post=3375"}],"curies":[{"name":"wp","href":"https:\/\/api.w.org\/{rel}","templated":true}]}}