{"id":3162,"date":"2018-11-27T13:42:36","date_gmt":"2018-11-27T12:42:36","guid":{"rendered":"http:\/\/dypall.com\/?p=3162"},"modified":"2018-11-27T13:42:36","modified_gmt":"2018-11-27T12:42:36","slug":"ii-dypall-international-conference-youth-work-at-municipality-level","status":"publish","type":"post","link":"https:\/\/dypall.com\/pl\/activity\/ii-dypall-international-conference-youth-work-at-municipality-level\/","title":{"rendered":"II DYPALL Mi\u0119dzynarodowa konferencja pt. \u201ePraca m\u0142odzie\u017cy na szczeblu gminnym\u201d"},"content":{"rendered":"<p><img loading=\"lazy\" decoding=\"async\" class=\"aligncenter wp-image-3164 size-large\" src=\"http:\/\/dypall.com\/wp-content\/uploads\/2018\/11\/Poster_Conference-1024x724.png\" alt=\"\" width=\"960\" height=\"679\" \/><\/p>\n<p style=\"font-weight: 400;\"><a href=\"http:\/\/www.cascais2018.eu\/en\" data-saferedirecturl=\"https:\/\/www.google.com\/url?q=http:\/\/www.cascais2018.eu\/en&amp;source=gmail&amp;ust=1543407438998000&amp;usg=AFQjCNHnoUa-lm3HLvzw5Pr5XwmzesUrfA\"><strong>Cascais EYC2018\u00a0<\/strong><\/a><strong>\u00a0we wsp\u00f3\u0142pracy z\u00a0<\/strong><a href=\"https:\/\/dypall.com\/pl\/\" data-saferedirecturl=\"https:\/\/www.google.com\/url?q=http:\/\/dypall.com\/&amp;source=gmail&amp;ust=1543407438999000&amp;usg=AFQjCNGQIpnzD3SFaV07vjc-dCWKFIzhwg\"><strong>Sie\u0107 DYPALL<\/strong><\/a><strong>\u00a0organizuje<\/strong>\u00a0<strong>w<\/strong>\u00a0<strong>II<\/strong><strong>\u00a0<\/strong><strong>DYPALL<\/strong>\u00a0<strong>Mi\u0119dzynarodowa konferencja pt. \u201ePraca m\u0142odzie\u017cy na szczeblu gminnym\u201d<\/strong><strong>\u00a0w Cascais (Europejska Stolica M\u0142odzie\u017cy 2018)<\/strong>, koncentruj\u0105c si\u0119 na temacie \u201eTworzenie zr\u00f3wnowa\u017conej polityki m\u0142odzie\u017cowej na szczeblu lokalnym\u201d<strong>.<\/strong><\/p>\n<p style=\"font-weight: 400;\">II Mi\u0119dzynarodowa Konferencja DYPALL jest kontynuacj\u0105 kilku europejskich wytycznych, kt\u00f3re zosta\u0142y niedawno ustanowione.\u00a0<strong>podkre\u015blanie znaczenia w\u0142\u0105czania polityki m\u0142odzie\u017cowej do g\u0142\u00f3wnego nurtu polityki na szczeblu lokalnym i\u00a0<\/strong><strong>poziom regionalny<\/strong><strong>s.<\/strong><\/p>\n<p style=\"font-weight: 400;\">Aby jednak m\u00f3c znale\u017a\u0107 skuteczne drogi w tym kierunku oraz stale zwi\u0119ksza\u0107 wp\u0142yw i zasi\u0119g naszych dzia\u0142a\u0144, zainteresowane strony musz\u0105 si\u0119 spotyka\u0107, dyskutowa\u0107, zastanawia\u0107 si\u0119, wymienia\u0107 praktykami i rozwija\u0107 swoje kompetencje, aby wsp\u00f3lnie pracowa\u0107 nad takimi tematami.<\/p>\n<p style=\"font-weight: 400;\">Konferencja jest sztandarowym wydarzeniem\u00a0<strong>dla os\u00f3b pracuj\u0105cych z m\u0142odzie\u017c\u0105, lider\u00f3w m\u0142odzie\u017cowych, m\u0142odych ludzi i urz\u0119dnik\u00f3w publicznych z w\u0142adz lokalnych i regionalnych, kt\u00f3rzy pracuj\u0105 z m\u0142odzie\u017c\u0105 w swoich lokalnych realiach.<\/strong>\u00a0Przyjd\u0105\u00a0<strong>wsp\u00f3lnie przez 4 dni dzieli\u0107 si\u0119 debat\u0105 i dyskutowa\u0107 na temat kluczowych obszar\u00f3w polityki, aby znale\u017a\u0107 sposoby na popraw\u0119 pracy z m\u0142odzie\u017c\u0105<\/strong>\u00a0przy\u00a0<strong>na szczeblu gminnym oraz zwi\u0119kszenie udzia\u0142u m\u0142odzie\u017cy w kszta\u0142towaniu polityki na szczeblu lokalnym i regionalnym.<\/strong><\/p>\n<p>Aby zapozna\u0107 si\u0119 ze szczeg\u00f3\u0142owym programem, kliknij tutaj:\u00a0<a href=\"http:\/\/dypall.com\/wp-content\/uploads\/2018\/11\/Conference-Youth-Work-at-Municipality-Level.pdf\">Program Mi\u0119dzynarodowej Konferencji<\/a><\/p>","protected":false},"excerpt":{"rendered":"<p>Cascais EYC2018 we wsp\u00f3\u0142pracy z sieci\u0105 DYPALL organizuje II Mi\u0119dzynarodow\u0105 Konferencj\u0119 DYPALL \u201ePraca z m\u0142odzie\u017c\u0105 na szczeblu gminnym\u201d w Cascais (Europejska Stolica M\u0142odzie\u017cy 2018), koncentruj\u0105c si\u0119 na temacie \u201eTworzenie zr\u00f3wnowa\u017conej polityki m\u0142odzie\u017cowej na szczeblu lokalnym\u201d. II Mi\u0119dzynarodowa Konferencja DYPALL jest kontynuacj\u0105 kilku niedawno ustanowionych europejskich wytycznych podkre\u015blaj\u0105cych znaczenie w\u0142\u0105czania polityki m\u0142odzie\u017cowej do g\u0142\u00f3wnego nurtu polityki na rzecz m\u0142odzie\u017cy. <a class=\"more-link\" href=\"https:\/\/dypall.com\/pl\/activity\/ii-dypall-international-conference-youth-work-at-municipality-level\/\">Czytaj dalej <span class=\"screen-reader-text\">II DYPALL Mi\u0119dzynarodowa konferencja pt. \u201ePraca m\u0142odzie\u017cy na szczeblu gminnym\u201d<\/span><\/a><\/p>","protected":false},"author":1,"featured_media":3164,"comment_status":"closed","ping_status":"open","sticky":false,"template":"","format":"standard","meta":{"_acf_changed":false,"_jetpack_memberships_contains_paid_content":false,"footnotes":""},"categories":[111,112],"tags":[113,116],"class_list":["post-3162","post","type-post","status-publish","format-standard","has-post-thumbnail","hentry","category-activity","category-conference","tag-conference","tag-dypall-network","entry"],"acf":[],"yoast_head":"<!-- This site is optimized with the Yoast SEO plugin v22.8 - https:\/\/yoast.com\/wordpress\/plugins\/seo\/ -->\n<title>II\u00a0DYPALL\u00a0International Conference \u201cYouth Work at Municipality Level\u201d - DYPALL Network<\/title>\n<meta name=\"robots\" content=\"index, follow, max-snippet:-1, max-image-preview:large, max-video-preview:-1\" \/>\n<link rel=\"canonical\" href=\"https:\/\/dypall.com\/pl\/activity\/ii-dypall-international-conference-youth-work-at-municipality-level\/\" \/>\n<meta property=\"og:locale\" content=\"pl_PL\" \/>\n<meta property=\"og:type\" content=\"article\" \/>\n<meta property=\"og:title\" content=\"II\u00a0DYPALL\u00a0International Conference \u201cYouth Work at Municipality Level\u201d - DYPALL Network\" \/>\n<meta property=\"og:description\" content=\"Cascais EYC2018\u00a0\u00a0in cooperation with\u00a0DYPALL Network\u00a0is organizing\u00a0the\u00a0II\u00a0DYPALL\u00a0International Conference \u201cYouth Work at Municipality Level\u201d\u00a0in Cascais (European Youth Capital 2018), focusing on the theme of \u201cCreating Sustainable Youth Policies at Local Level\u201d. The II DYPALL International Conference comes in the follow up of several European guidelines that have been recently established\u00a0highlighting the importance to mainstream youth policy at&hellip; Czytaj dalej II\u00a0DYPALL\u00a0International Conference \u201cYouth Work at Municipality Level\u201d\" \/>\n<meta property=\"og:url\" content=\"https:\/\/dypall.com\/pl\/activity\/ii-dypall-international-conference-youth-work-at-municipality-level\/\" \/>\n<meta property=\"og:site_name\" content=\"DYPALL Network\" \/>\n<meta property=\"article:published_time\" content=\"2018-11-27T12:42:36+00:00\" \/>\n<meta name=\"author\" content=\"DYPALL Network\" \/>\n<meta name=\"twitter:card\" content=\"summary_large_image\" \/>\n<meta name=\"twitter:label1\" content=\"Written by\" \/>\n\t<meta name=\"twitter:data1\" content=\"DYPALL Network\" \/>\n\t<meta name=\"twitter:label2\" content=\"Est. reading time\" \/>\n\t<meta name=\"twitter:data2\" content=\"1 minuta\" \/>\n<script type=\"application\/ld+json\" class=\"yoast-schema-graph\">{\"@context\":\"https:\/\/schema.org\",\"@graph\":[{\"@type\":\"WebPage\",\"@id\":\"https:\/\/dypall.com\/activity\/ii-dypall-international-conference-youth-work-at-municipality-level\/\",\"url\":\"https:\/\/dypall.com\/activity\/ii-dypall-international-conference-youth-work-at-municipality-level\/\",\"name\":\"II\u00a0DYPALL\u00a0International Conference \u201cYouth Work at Municipality Level\u201d - DYPALL Network\",\"isPartOf\":{\"@id\":\"https:\/\/dypall.com\/#website\"},\"primaryImageOfPage\":{\"@id\":\"https:\/\/dypall.com\/activity\/ii-dypall-international-conference-youth-work-at-municipality-level\/#primaryimage\"},\"image\":{\"@id\":\"https:\/\/dypall.com\/activity\/ii-dypall-international-conference-youth-work-at-municipality-level\/#primaryimage\"},\"thumbnailUrl\":\"\",\"datePublished\":\"2018-11-27T12:42:36+00:00\",\"dateModified\":\"2018-11-27T12:42:36+00:00\",\"author\":{\"@id\":\"https:\/\/dypall.com\/#\/schema\/person\/f92e08aa15c8ba711a9d153129f03377\"},\"breadcrumb\":{\"@id\":\"https:\/\/dypall.com\/activity\/ii-dypall-international-conference-youth-work-at-municipality-level\/#breadcrumb\"},\"inLanguage\":\"pl-PL\",\"potentialAction\":[{\"@type\":\"ReadAction\",\"target\":[\"https:\/\/dypall.com\/activity\/ii-dypall-international-conference-youth-work-at-municipality-level\/\"]}]},{\"@type\":\"ImageObject\",\"inLanguage\":\"pl-PL\",\"@id\":\"https:\/\/dypall.com\/activity\/ii-dypall-international-conference-youth-work-at-municipality-level\/#primaryimage\",\"url\":\"\",\"contentUrl\":\"\"},{\"@type\":\"BreadcrumbList\",\"@id\":\"https:\/\/dypall.com\/activity\/ii-dypall-international-conference-youth-work-at-municipality-level\/#breadcrumb\",\"itemListElement\":[{\"@type\":\"ListItem\",\"position\":1,\"name\":\"Home\",\"item\":\"https:\/\/dypall.com\/\"},{\"@type\":\"ListItem\",\"position\":2,\"name\":\"II\u00a0DYPALL\u00a0International Conference \u201cYouth Work at Municipality Level\u201d\"}]},{\"@type\":\"WebSite\",\"@id\":\"https:\/\/dypall.com\/#website\",\"url\":\"https:\/\/dypall.com\/\",\"name\":\"DYPALL Network\",\"description\":\"We are a European network of civil society organisations, municipalities and research institutions dedicated to improving democracy through youth participation.\",\"potentialAction\":[{\"@type\":\"SearchAction\",\"target\":{\"@type\":\"EntryPoint\",\"urlTemplate\":\"https:\/\/dypall.com\/?s={search_term_string}\"},\"query-input\":\"required name=search_term_string\"}],\"inLanguage\":\"pl-PL\"},{\"@type\":\"Person\",\"@id\":\"https:\/\/dypall.com\/#\/schema\/person\/f92e08aa15c8ba711a9d153129f03377\",\"name\":\"DYPALL Network\",\"image\":{\"@type\":\"ImageObject\",\"inLanguage\":\"pl-PL\",\"@id\":\"https:\/\/dypall.com\/#\/schema\/person\/image\/\",\"url\":\"https:\/\/secure.gravatar.com\/avatar\/9c39e299279800c6d69c5e02cf613e7bab060889f373052a03d7ac399e8f0d3c?s=96&d=mm&r=g\",\"contentUrl\":\"https:\/\/secure.gravatar.com\/avatar\/9c39e299279800c6d69c5e02cf613e7bab060889f373052a03d7ac399e8f0d3c?s=96&d=mm&r=g\",\"caption\":\"DYPALL Network\"},\"sameAs\":[\"https:\/\/dypall.com\"],\"url\":\"https:\/\/dypall.com\/pl\/author\/dypall\/\"}]}<\/script>\n<!-- \/ Yoast SEO plugin. -->","yoast_head_json":{"title":"II\u00a0DYPALL\u00a0International Conference \u201cYouth Work at Municipality Level\u201d - DYPALL Network","robots":{"index":"index","follow":"follow","max-snippet":"max-snippet:-1","max-image-preview":"max-image-preview:large","max-video-preview":"max-video-preview:-1"},"canonical":"https:\/\/dypall.com\/pl\/activity\/ii-dypall-international-conference-youth-work-at-municipality-level\/","og_locale":"pl_PL","og_type":"article","og_title":"II\u00a0DYPALL\u00a0International Conference \u201cYouth Work at Municipality Level\u201d - DYPALL Network","og_description":"Cascais EYC2018\u00a0\u00a0in cooperation with\u00a0DYPALL Network\u00a0is organizing\u00a0the\u00a0II\u00a0DYPALL\u00a0International Conference \u201cYouth Work at Municipality Level\u201d\u00a0in Cascais (European Youth Capital 2018), focusing on the theme of \u201cCreating Sustainable Youth Policies at Local Level\u201d. The II DYPALL International Conference comes in the follow up of several European guidelines that have been recently established\u00a0highlighting the importance to mainstream youth policy at&hellip; Czytaj dalej II\u00a0DYPALL\u00a0International Conference \u201cYouth Work at Municipality Level\u201d","og_url":"https:\/\/dypall.com\/pl\/activity\/ii-dypall-international-conference-youth-work-at-municipality-level\/","og_site_name":"DYPALL Network","article_published_time":"2018-11-27T12:42:36+00:00","author":"DYPALL Network","twitter_card":"summary_large_image","twitter_misc":{"Written by":"DYPALL Network","Est. reading time":"1 minuta"},"schema":{"@context":"https:\/\/schema.org","@graph":[{"@type":"WebPage","@id":"https:\/\/dypall.com\/activity\/ii-dypall-international-conference-youth-work-at-municipality-level\/","url":"https:\/\/dypall.com\/activity\/ii-dypall-international-conference-youth-work-at-municipality-level\/","name":"II\u00a0DYPALL\u00a0International Conference \u201cYouth Work at Municipality Level\u201d - DYPALL Network","isPartOf":{"@id":"https:\/\/dypall.com\/#website"},"primaryImageOfPage":{"@id":"https:\/\/dypall.com\/activity\/ii-dypall-international-conference-youth-work-at-municipality-level\/#primaryimage"},"image":{"@id":"https:\/\/dypall.com\/activity\/ii-dypall-international-conference-youth-work-at-municipality-level\/#primaryimage"},"thumbnailUrl":"","datePublished":"2018-11-27T12:42:36+00:00","dateModified":"2018-11-27T12:42:36+00:00","author":{"@id":"https:\/\/dypall.com\/#\/schema\/person\/f92e08aa15c8ba711a9d153129f03377"},"breadcrumb":{"@id":"https:\/\/dypall.com\/activity\/ii-dypall-international-conference-youth-work-at-municipality-level\/#breadcrumb"},"inLanguage":"pl-PL","potentialAction":[{"@type":"ReadAction","target":["https:\/\/dypall.com\/activity\/ii-dypall-international-conference-youth-work-at-municipality-level\/"]}]},{"@type":"ImageObject","inLanguage":"pl-PL","@id":"https:\/\/dypall.com\/activity\/ii-dypall-international-conference-youth-work-at-municipality-level\/#primaryimage","url":"","contentUrl":""},{"@type":"BreadcrumbList","@id":"https:\/\/dypall.com\/activity\/ii-dypall-international-conference-youth-work-at-municipality-level\/#breadcrumb","itemListElement":[{"@type":"ListItem","position":1,"name":"Home","item":"https:\/\/dypall.com\/"},{"@type":"ListItem","position":2,"name":"II\u00a0DYPALL\u00a0International Conference \u201cYouth Work at Municipality Level\u201d"}]},{"@type":"WebSite","@id":"https:\/\/dypall.com\/#website","url":"https:\/\/dypall.com\/","name":"DYPALL Network","description":"We are a European network of civil society organisations, municipalities and research institutions dedicated to improving democracy through youth participation.","potentialAction":[{"@type":"SearchAction","target":{"@type":"EntryPoint","urlTemplate":"https:\/\/dypall.com\/?s={search_term_string}"},"query-input":"required name=search_term_string"}],"inLanguage":"pl-PL"},{"@type":"Person","@id":"https:\/\/dypall.com\/#\/schema\/person\/f92e08aa15c8ba711a9d153129f03377","name":"DYPALL Network","image":{"@type":"ImageObject","inLanguage":"pl-PL","@id":"https:\/\/dypall.com\/#\/schema\/person\/image\/","url":"https:\/\/secure.gravatar.com\/avatar\/9c39e299279800c6d69c5e02cf613e7bab060889f373052a03d7ac399e8f0d3c?s=96&d=mm&r=g","contentUrl":"https:\/\/secure.gravatar.com\/avatar\/9c39e299279800c6d69c5e02cf613e7bab060889f373052a03d7ac399e8f0d3c?s=96&d=mm&r=g","caption":"DYPALL Network"},"sameAs":["https:\/\/dypall.com"],"url":"https:\/\/dypall.com\/pl\/author\/dypall\/"}]}},"jetpack_featured_media_url":"","jetpack_sharing_enabled":true,"_links":{"self":[{"href":"https:\/\/dypall.com\/pl\/wp-json\/wp\/v2\/posts\/3162","targetHints":{"allow":["GET"]}}],"collection":[{"href":"https:\/\/dypall.com\/pl\/wp-json\/wp\/v2\/posts"}],"about":[{"href":"https:\/\/dypall.com\/pl\/wp-json\/wp\/v2\/types\/post"}],"author":[{"embeddable":true,"href":"https:\/\/dypall.com\/pl\/wp-json\/wp\/v2\/users\/1"}],"replies":[{"embeddable":true,"href":"https:\/\/dypall.com\/pl\/wp-json\/wp\/v2\/comments?post=3162"}],"version-history":[{"count":0,"href":"https:\/\/dypall.com\/pl\/wp-json\/wp\/v2\/posts\/3162\/revisions"}],"wp:featuredmedia":[{"embeddable":true,"href":"https:\/\/dypall.com\/pl\/wp-json\/"}],"wp:attachment":[{"href":"https:\/\/dypall.com\/pl\/wp-json\/wp\/v2\/media?parent=3162"}],"wp:term":[{"taxonomy":"category","embeddable":true,"href":"https:\/\/dypall.com\/pl\/wp-json\/wp\/v2\/categories?post=3162"},{"taxonomy":"post_tag","embeddable":true,"href":"https:\/\/dypall.com\/pl\/wp-json\/wp\/v2\/tags?post=3162"}],"curies":[{"name":"wp","href":"https:\/\/api.w.org\/{rel}","templated":true}]}}