{"id":2972,"date":"2018-05-10T13:44:29","date_gmt":"2018-05-10T11:44:29","guid":{"rendered":"http:\/\/dypall.com\/?p=2972"},"modified":"2018-05-10T13:44:29","modified_gmt":"2018-05-10T11:44:29","slug":"connect-empowerment-for-the-political-and-civic-participation-of-young-migrants","status":"publish","type":"post","link":"https:\/\/dypall.com\/pl\/activity\/connect-empowerment-for-the-political-and-civic-participation-of-young-migrants\/","title":{"rendered":"Konferencja pt. \u201ePraca z m\u0142odzie\u017c\u0105 na szczeblu lokalnym na rzecz wzmocnienia pozycji spo\u0142eczno\u015bci\u201d"},"content":{"rendered":"<p>W dniach 2\u20136 maja 2018 r. w Lizbonie (Portugalia) odby\u0142a si\u0119 konferencja pt. \u201ePraca z m\u0142odzie\u017c\u0105 na szczeblu lokalnym na rzecz wzmocnienia pozycji spo\u0142eczno\u015bci\u201d. Wzi\u0119\u0142y w nim udzia\u0142 osoby pracuj\u0105ce z m\u0142odzie\u017c\u0105 i aktywi\u015bci ze Szwecji, Finlandii, Hiszpanii, Portugalii, Grecji, Republiki Zielonego Przyl\u0105dka, Gujny Bissau, Mozambiku oraz Wysp \u015awi\u0119tego Tomasza i Ksi\u0105\u017c\u0119cej na ostatnim wydarzeniu w ramach d\u0142ugoterminowego projektu \u201eCONNECT: Empowerment for the political and civic participation of young migrants\u201d [Wzmocnienie pozycji na rzecz politycznego i obywatelskiego uczestnictwa m\u0142odych migrant\u00f3w], kt\u00f3ra koncentruje si\u0119 na znaczeniu w\u0142\u0105czenia i uczestnictwa m\u0142odzie\u017cy migruj\u0105cej dla rozwoju spo\u0142eczno\u015bci.<\/p>\n<p>Program konferencji obejmowa\u0142 m.in. prezentacje bada\u0144 CONNECT, badania Erasmus+ \u201eBecoming a part of Europe\u201d, prezentacj\u0119 Aid Global \u201eWalking together without borders\u201d, a tak\u017ce wizyt\u0119 w Wysokiej Komisji ds. Migracji i portugalskiej Krajowej Radzie M\u0142odzie\u017cy (CNJ). Uczestnicy mieli r\u00f3wnie\u017c okazj\u0119 przedyskutowa\u0107 rol\u0119 m\u0142odzie\u017cy migruj\u0105cej w rozwoju spo\u0142eczno\u015bci i opracowa\u0107 plany przysz\u0142ej wsp\u00f3\u0142pracy w tym zakresie.<\/p>\n<p>Konferencja zosta\u0142a zorganizowana przez African Empowerment Centre jako g\u0142\u00f3wnego partnera projektu przy wsparciu DYPALL Network, Providers of Social Responses to Development oraz Lisbon Youth Centre.<\/p>\n<p><img loading=\"lazy\" decoding=\"async\" class=\"alignnone size-full wp-image-2979\" src=\"http:\/\/dypall.com\/wp-content\/uploads\/2018\/07\/32191771_2219757044706368_7583792143035006976_o.jpg\" alt=\"\" width=\"2048\" height=\"1365\" \/><\/p>\n<p><img loading=\"lazy\" decoding=\"async\" class=\"alignnone size-full wp-image-2978\" src=\"http:\/\/dypall.com\/wp-content\/uploads\/2018\/07\/32169421_2219757438039662_4747862444787892224_o.jpg\" alt=\"\" width=\"2048\" height=\"1365\" \/><\/p>\n<p><img loading=\"lazy\" decoding=\"async\" class=\"alignnone size-full wp-image-2977\" src=\"http:\/\/dypall.com\/wp-content\/uploads\/2018\/07\/32104728_2219757764706296_4722954215746437120_o.jpg\" alt=\"\" width=\"2048\" height=\"1365\" \/><\/p>\n<p><img loading=\"lazy\" decoding=\"async\" class=\"alignnone size-full wp-image-2976\" src=\"http:\/\/dypall.com\/wp-content\/uploads\/2018\/07\/31963910_2219756808039725_1672310894689779712_o.jpg\" alt=\"\" width=\"2048\" height=\"1365\" \/><\/p>\n<p><img loading=\"lazy\" decoding=\"async\" class=\"alignnone size-full wp-image-2975\" src=\"http:\/\/dypall.com\/wp-content\/uploads\/2018\/07\/31961670_2219756404706432_4239738199871586304_o.jpg\" alt=\"\" width=\"2048\" height=\"1365\" \/><\/p>\n<p><img loading=\"lazy\" decoding=\"async\" class=\"alignnone size-full wp-image-2974\" src=\"http:\/\/dypall.com\/wp-content\/uploads\/2018\/07\/31960094_2219756631373076_7977186919438090240_o.jpg\" alt=\"\" width=\"2048\" height=\"1365\" \/><\/p>\n<p><img loading=\"lazy\" decoding=\"async\" class=\"alignnone size-full wp-image-2973\" src=\"http:\/\/dypall.com\/wp-content\/uploads\/2018\/07\/31956523_2219756614706411_628137549700792320_o.jpg\" alt=\"\" width=\"2048\" height=\"1365\" \/><\/p>","protected":false},"excerpt":{"rendered":"<p>W dniach 2\u20136 maja 2018 r. w Lizbonie (Portugalia) odby\u0142a si\u0119 konferencja pt. \u201ePraca z m\u0142odzie\u017c\u0105 na szczeblu lokalnym na rzecz wzmocnienia pozycji spo\u0142eczno\u015bci\u201d. Wzi\u0119\u0142y w nim udzia\u0142 osoby pracuj\u0105ce z m\u0142odzie\u017c\u0105 i aktywi\u015bci ze Szwecji, Finlandii, Hiszpanii, Portugalii, Grecji, Republiki Zielonego Przyl\u0105dka, Gujny Bissau, Mozambiku oraz Wysp \u015awi\u0119tego Tomasza i Ksi\u0105\u017c\u0119cej na ostatnim wydarzeniu w ramach d\u0142ugoterminowego projektu \u201eCONNECT: Wzmocnienie pozycji politycznej... <a class=\"more-link\" href=\"https:\/\/dypall.com\/pl\/activity\/connect-empowerment-for-the-political-and-civic-participation-of-young-migrants\/\">Czytaj dalej <span class=\"screen-reader-text\">Konferencja pt. \u201ePraca z m\u0142odzie\u017c\u0105 na szczeblu lokalnym na rzecz wzmocnienia pozycji spo\u0142eczno\u015bci\u201d<\/span><\/a><\/p>","protected":false},"author":1,"featured_media":2978,"comment_status":"closed","ping_status":"open","sticky":false,"template":"","format":"standard","meta":{"_acf_changed":false,"_jetpack_memberships_contains_paid_content":false,"footnotes":""},"categories":[111,112],"tags":[113],"class_list":["post-2972","post","type-post","status-publish","format-standard","has-post-thumbnail","hentry","category-activity","category-conference","tag-conference","entry"],"acf":[],"yoast_head":"<!-- This site is optimized with the Yoast SEO plugin v22.8 - https:\/\/yoast.com\/wordpress\/plugins\/seo\/ -->\n<title>Conference \u201cYouth work at local level for community empowerment\u201d - DYPALL Network<\/title>\n<meta name=\"robots\" content=\"index, follow, max-snippet:-1, max-image-preview:large, max-video-preview:-1\" \/>\n<link rel=\"canonical\" href=\"https:\/\/dypall.com\/pl\/activity\/connect-empowerment-for-the-political-and-civic-participation-of-young-migrants\/\" \/>\n<meta property=\"og:locale\" content=\"pl_PL\" \/>\n<meta property=\"og:type\" content=\"article\" \/>\n<meta property=\"og:title\" content=\"Conference \u201cYouth work at local level for community empowerment\u201d - DYPALL Network\" \/>\n<meta property=\"og:description\" content=\"Conference \u201cYouth work at local level for community empowerment\u201d took place from 2nd &#8211; 6th May 2018 in Lisbon, Portugal. It brought together youth workers and activists from Sweden, Finland, Spain, Portugal, Greece, Cape Verde, Guine-Bissau, Mozambique and Sao Tome and Principe for the final event of a long-term project \u201cCONNECT: Empowerment for the political&hellip; Czytaj dalej Conference \u201cYouth work at local level for community empowerment\u201d\" \/>\n<meta property=\"og:url\" content=\"https:\/\/dypall.com\/pl\/activity\/connect-empowerment-for-the-political-and-civic-participation-of-young-migrants\/\" \/>\n<meta property=\"og:site_name\" content=\"DYPALL Network\" \/>\n<meta property=\"article:published_time\" content=\"2018-05-10T11:44:29+00:00\" \/>\n<meta name=\"author\" content=\"DYPALL Network\" \/>\n<meta name=\"twitter:card\" content=\"summary_large_image\" \/>\n<meta name=\"twitter:label1\" content=\"Written by\" \/>\n\t<meta name=\"twitter:data1\" content=\"DYPALL Network\" \/>\n\t<meta name=\"twitter:label2\" content=\"Est. reading time\" \/>\n\t<meta name=\"twitter:data2\" content=\"1 minuta\" \/>\n<script type=\"application\/ld+json\" class=\"yoast-schema-graph\">{\"@context\":\"https:\/\/schema.org\",\"@graph\":[{\"@type\":\"WebPage\",\"@id\":\"https:\/\/dypall.com\/activity\/connect-empowerment-for-the-political-and-civic-participation-of-young-migrants\/\",\"url\":\"https:\/\/dypall.com\/activity\/connect-empowerment-for-the-political-and-civic-participation-of-young-migrants\/\",\"name\":\"Conference \u201cYouth work at local level for community empowerment\u201d - DYPALL Network\",\"isPartOf\":{\"@id\":\"https:\/\/dypall.com\/#website\"},\"primaryImageOfPage\":{\"@id\":\"https:\/\/dypall.com\/activity\/connect-empowerment-for-the-political-and-civic-participation-of-young-migrants\/#primaryimage\"},\"image\":{\"@id\":\"https:\/\/dypall.com\/activity\/connect-empowerment-for-the-political-and-civic-participation-of-young-migrants\/#primaryimage\"},\"thumbnailUrl\":\"\",\"datePublished\":\"2018-05-10T11:44:29+00:00\",\"dateModified\":\"2018-05-10T11:44:29+00:00\",\"author\":{\"@id\":\"https:\/\/dypall.com\/#\/schema\/person\/f92e08aa15c8ba711a9d153129f03377\"},\"breadcrumb\":{\"@id\":\"https:\/\/dypall.com\/activity\/connect-empowerment-for-the-political-and-civic-participation-of-young-migrants\/#breadcrumb\"},\"inLanguage\":\"pl-PL\",\"potentialAction\":[{\"@type\":\"ReadAction\",\"target\":[\"https:\/\/dypall.com\/activity\/connect-empowerment-for-the-political-and-civic-participation-of-young-migrants\/\"]}]},{\"@type\":\"ImageObject\",\"inLanguage\":\"pl-PL\",\"@id\":\"https:\/\/dypall.com\/activity\/connect-empowerment-for-the-political-and-civic-participation-of-young-migrants\/#primaryimage\",\"url\":\"\",\"contentUrl\":\"\"},{\"@type\":\"BreadcrumbList\",\"@id\":\"https:\/\/dypall.com\/activity\/connect-empowerment-for-the-political-and-civic-participation-of-young-migrants\/#breadcrumb\",\"itemListElement\":[{\"@type\":\"ListItem\",\"position\":1,\"name\":\"Home\",\"item\":\"https:\/\/dypall.com\/\"},{\"@type\":\"ListItem\",\"position\":2,\"name\":\"Conference \u201cYouth work at local level for community empowerment\u201d\"}]},{\"@type\":\"WebSite\",\"@id\":\"https:\/\/dypall.com\/#website\",\"url\":\"https:\/\/dypall.com\/\",\"name\":\"DYPALL Network\",\"description\":\"We are a European network of civil society organisations, municipalities and research institutions dedicated to improving democracy through youth participation.\",\"potentialAction\":[{\"@type\":\"SearchAction\",\"target\":{\"@type\":\"EntryPoint\",\"urlTemplate\":\"https:\/\/dypall.com\/?s={search_term_string}\"},\"query-input\":\"required name=search_term_string\"}],\"inLanguage\":\"pl-PL\"},{\"@type\":\"Person\",\"@id\":\"https:\/\/dypall.com\/#\/schema\/person\/f92e08aa15c8ba711a9d153129f03377\",\"name\":\"DYPALL Network\",\"image\":{\"@type\":\"ImageObject\",\"inLanguage\":\"pl-PL\",\"@id\":\"https:\/\/dypall.com\/#\/schema\/person\/image\/\",\"url\":\"https:\/\/secure.gravatar.com\/avatar\/9c39e299279800c6d69c5e02cf613e7bab060889f373052a03d7ac399e8f0d3c?s=96&d=mm&r=g\",\"contentUrl\":\"https:\/\/secure.gravatar.com\/avatar\/9c39e299279800c6d69c5e02cf613e7bab060889f373052a03d7ac399e8f0d3c?s=96&d=mm&r=g\",\"caption\":\"DYPALL Network\"},\"sameAs\":[\"https:\/\/dypall.com\"],\"url\":\"https:\/\/dypall.com\/pl\/author\/dypall\/\"}]}<\/script>\n<!-- \/ Yoast SEO plugin. -->","yoast_head_json":{"title":"Conference \u201cYouth work at local level for community empowerment\u201d - DYPALL Network","robots":{"index":"index","follow":"follow","max-snippet":"max-snippet:-1","max-image-preview":"max-image-preview:large","max-video-preview":"max-video-preview:-1"},"canonical":"https:\/\/dypall.com\/pl\/activity\/connect-empowerment-for-the-political-and-civic-participation-of-young-migrants\/","og_locale":"pl_PL","og_type":"article","og_title":"Conference \u201cYouth work at local level for community empowerment\u201d - DYPALL Network","og_description":"Conference \u201cYouth work at local level for community empowerment\u201d took place from 2nd &#8211; 6th May 2018 in Lisbon, Portugal. It brought together youth workers and activists from Sweden, Finland, Spain, Portugal, Greece, Cape Verde, Guine-Bissau, Mozambique and Sao Tome and Principe for the final event of a long-term project \u201cCONNECT: Empowerment for the political&hellip; Czytaj dalej Conference \u201cYouth work at local level for community empowerment\u201d","og_url":"https:\/\/dypall.com\/pl\/activity\/connect-empowerment-for-the-political-and-civic-participation-of-young-migrants\/","og_site_name":"DYPALL Network","article_published_time":"2018-05-10T11:44:29+00:00","author":"DYPALL Network","twitter_card":"summary_large_image","twitter_misc":{"Written by":"DYPALL Network","Est. reading time":"1 minuta"},"schema":{"@context":"https:\/\/schema.org","@graph":[{"@type":"WebPage","@id":"https:\/\/dypall.com\/activity\/connect-empowerment-for-the-political-and-civic-participation-of-young-migrants\/","url":"https:\/\/dypall.com\/activity\/connect-empowerment-for-the-political-and-civic-participation-of-young-migrants\/","name":"Conference \u201cYouth work at local level for community empowerment\u201d - DYPALL Network","isPartOf":{"@id":"https:\/\/dypall.com\/#website"},"primaryImageOfPage":{"@id":"https:\/\/dypall.com\/activity\/connect-empowerment-for-the-political-and-civic-participation-of-young-migrants\/#primaryimage"},"image":{"@id":"https:\/\/dypall.com\/activity\/connect-empowerment-for-the-political-and-civic-participation-of-young-migrants\/#primaryimage"},"thumbnailUrl":"","datePublished":"2018-05-10T11:44:29+00:00","dateModified":"2018-05-10T11:44:29+00:00","author":{"@id":"https:\/\/dypall.com\/#\/schema\/person\/f92e08aa15c8ba711a9d153129f03377"},"breadcrumb":{"@id":"https:\/\/dypall.com\/activity\/connect-empowerment-for-the-political-and-civic-participation-of-young-migrants\/#breadcrumb"},"inLanguage":"pl-PL","potentialAction":[{"@type":"ReadAction","target":["https:\/\/dypall.com\/activity\/connect-empowerment-for-the-political-and-civic-participation-of-young-migrants\/"]}]},{"@type":"ImageObject","inLanguage":"pl-PL","@id":"https:\/\/dypall.com\/activity\/connect-empowerment-for-the-political-and-civic-participation-of-young-migrants\/#primaryimage","url":"","contentUrl":""},{"@type":"BreadcrumbList","@id":"https:\/\/dypall.com\/activity\/connect-empowerment-for-the-political-and-civic-participation-of-young-migrants\/#breadcrumb","itemListElement":[{"@type":"ListItem","position":1,"name":"Home","item":"https:\/\/dypall.com\/"},{"@type":"ListItem","position":2,"name":"Conference \u201cYouth work at local level for community empowerment\u201d"}]},{"@type":"WebSite","@id":"https:\/\/dypall.com\/#website","url":"https:\/\/dypall.com\/","name":"DYPALL Network","description":"We are a European network of civil society organisations, municipalities and research institutions dedicated to improving democracy through youth participation.","potentialAction":[{"@type":"SearchAction","target":{"@type":"EntryPoint","urlTemplate":"https:\/\/dypall.com\/?s={search_term_string}"},"query-input":"required name=search_term_string"}],"inLanguage":"pl-PL"},{"@type":"Person","@id":"https:\/\/dypall.com\/#\/schema\/person\/f92e08aa15c8ba711a9d153129f03377","name":"DYPALL Network","image":{"@type":"ImageObject","inLanguage":"pl-PL","@id":"https:\/\/dypall.com\/#\/schema\/person\/image\/","url":"https:\/\/secure.gravatar.com\/avatar\/9c39e299279800c6d69c5e02cf613e7bab060889f373052a03d7ac399e8f0d3c?s=96&d=mm&r=g","contentUrl":"https:\/\/secure.gravatar.com\/avatar\/9c39e299279800c6d69c5e02cf613e7bab060889f373052a03d7ac399e8f0d3c?s=96&d=mm&r=g","caption":"DYPALL Network"},"sameAs":["https:\/\/dypall.com"],"url":"https:\/\/dypall.com\/pl\/author\/dypall\/"}]}},"jetpack_featured_media_url":"","jetpack_sharing_enabled":true,"_links":{"self":[{"href":"https:\/\/dypall.com\/pl\/wp-json\/wp\/v2\/posts\/2972","targetHints":{"allow":["GET"]}}],"collection":[{"href":"https:\/\/dypall.com\/pl\/wp-json\/wp\/v2\/posts"}],"about":[{"href":"https:\/\/dypall.com\/pl\/wp-json\/wp\/v2\/types\/post"}],"author":[{"embeddable":true,"href":"https:\/\/dypall.com\/pl\/wp-json\/wp\/v2\/users\/1"}],"replies":[{"embeddable":true,"href":"https:\/\/dypall.com\/pl\/wp-json\/wp\/v2\/comments?post=2972"}],"version-history":[{"count":0,"href":"https:\/\/dypall.com\/pl\/wp-json\/wp\/v2\/posts\/2972\/revisions"}],"wp:featuredmedia":[{"embeddable":true,"href":"https:\/\/dypall.com\/pl\/wp-json\/"}],"wp:attachment":[{"href":"https:\/\/dypall.com\/pl\/wp-json\/wp\/v2\/media?parent=2972"}],"wp:term":[{"taxonomy":"category","embeddable":true,"href":"https:\/\/dypall.com\/pl\/wp-json\/wp\/v2\/categories?post=2972"},{"taxonomy":"post_tag","embeddable":true,"href":"https:\/\/dypall.com\/pl\/wp-json\/wp\/v2\/tags?post=2972"}],"curies":[{"name":"wp","href":"https:\/\/api.w.org\/{rel}","templated":true}]}}